{"id":100189,"date":"2023-09-28T14:53:56","date_gmt":"2023-09-28T20:53:56","guid":{"rendered":"https:\/\/www.yucatanencorto.com\/noticias\/?p=100189"},"modified":"2023-09-28T14:53:56","modified_gmt":"2023-09-28T20:53:56","slug":"profeco-retirara-del-mercado-estas-marcas-de-mole-en-pasta","status":"publish","type":"post","link":"https:\/\/www.yucatanencorto.com\/noticias\/profeco-retirara-del-mercado-estas-marcas-de-mole-en-pasta\/","title":{"rendered":"Profeco retirar\u00e1 del mercado estas marcas de mole en pasta"},"content":{"rendered":"<p data-t=\"{&quot;n&quot;:&quot;blueLinks&quot;}\"><img loading=\"lazy\" decoding=\"async\" class=\"alignnone size-full wp-image-100190\" src=\"https:\/\/www.yucatanencorto.com\/noticias\/wp-content\/uploads\/2023\/09\/maxresdefault-scaled.jpg\" alt=\"\" width=\"768\" height=\"432\" srcset=\"https:\/\/www.yucatanencorto.com\/noticias\/wp-content\/uploads\/2023\/09\/maxresdefault-scaled.jpg 768w, https:\/\/www.yucatanencorto.com\/noticias\/wp-content\/uploads\/2023\/09\/maxresdefault-696x392.jpg 696w, https:\/\/www.yucatanencorto.com\/noticias\/wp-content\/uploads\/2023\/09\/maxresdefault-1068x601.jpg 1068w, https:\/\/www.yucatanencorto.com\/noticias\/wp-content\/uploads\/2023\/09\/maxresdefault-747x420.jpg 747w\" sizes=\"auto, (max-width: 768px) 100vw, 768px\" \/><\/p>\n<p data-t=\"{&quot;n&quot;:&quot;blueLinks&quot;}\">La Procuradur\u00eda Federal del Consumidor (Profeco) retirar\u00e1 del mercado seis marcas de mole en pasta que incumplen las normas en materia de etiquetado o presentan informaci\u00f3n enga\u00f1osa.<\/p>\n<p data-t=\"{&quot;n&quot;:&quot;blueLinks&quot;}\">El laboratorio de calidad de la instituci\u00f3n\u00a0realiz\u00f3 el an\u00e1lisis de 33 moles en pasta\u00a0que se comercializan en las tiendas y encontr\u00f3 que seis moles de almendras no indican cu\u00e1nta almendra contienen, siendo el\u00a0az\u00facar y el aceite sus principales ingredientes.<\/p>\n<p data-t=\"{&quot;n&quot;:&quot;blueLinks&quot;}\">Por lo tanto, la Profeco\u00a0determin\u00f3 que dichos productos salgan del mercado,\u00a0en tanto no cumplan con lo que indica la norma.<\/p>\n<p data-t=\"{&quot;n&quot;:&quot;blueLinks&quot;}\">1. Amores y Sabores<\/p>\n<p data-t=\"{&quot;n&quot;:&quot;blueLinks&quot;}\">2. Cocina Mestiza M\u00e9xico<\/p>\n<p data-t=\"{&quot;n&quot;:&quot;blueLinks&quot;}\">3. Don Pacho<\/p>\n<p data-t=\"{&quot;n&quot;:&quot;blueLinks&quot;}\">4. Origen Sano<\/p>\n<p data-t=\"{&quot;n&quot;:&quot;blueLinks&quot;}\">5. Golden Hills<\/p>\n<p data-t=\"{&quot;n&quot;:&quot;blueLinks&quot;}\">6. Gurrumina<\/p>\n<p data-t=\"{&quot;n&quot;:&quot;blueLinks&quot;}\">Adem\u00e1s,\u00a0se retirar\u00e1 del mercado el mole con camar\u00f3n de la marca \u2018Cocina Mestiza\u2019,\u00a0pues no indica la cantidad de crust\u00e1ceos que contiene.<\/p>\n<p data-t=\"{&quot;n&quot;:&quot;blueLinks&quot;}\">Otros seis productos incumplen la norma en lo que se refiere a las\u00a0instrucciones de preparaci\u00f3n,\u00a0que deben estar especificadas en la etiqueta, para que los consumidores sepan si hay que hacerlos con agua, caldo de res, caldo de pollo u otro tipo de l\u00edquido.<\/p>\n<p data-t=\"{&quot;n&quot;:&quot;blueLinks&quot;}\">1. Amores y sabores<\/p>\n<p data-t=\"{&quot;n&quot;:&quot;blueLinks&quot;}\">2. Origen Sano, almendrado y negro<\/p>\n<p class=\"continue-read-break\" data-t=\"{&quot;n&quot;:&quot;blueLinks&quot;}\">3. De Mane artesan\u00eda gourmet<\/p>\n<p data-t=\"{&quot;n&quot;:&quot;blueLinks&quot;}\">4. San Pedro<\/p>\n<p data-t=\"{&quot;n&quot;:&quot;blueLinks&quot;}\">5. Don Rey<\/p>\n<p data-t=\"{&quot;n&quot;:&quot;blueLinks&quot;}\">El producto\u00a0\u2018De Mane artesan\u00eda gourmet\u2019,\u00a0tampoco cumple con la cantidad que ofrece, pues su etiqueta indica 420 mililitros y tras la verificaci\u00f3n se comprob\u00f3 que solo tiene 380 mililitros. Por esta raz\u00f3n, podr\u00eda ya no volver al mercado.<\/p>\n<div class=\"wp-caption alignleft\">\n<div class=\"article-image-slot image-slot-placeholder\" data-image-href=\"https:\/\/www.msn.com\/es-mx\/noticias\/other\/profeco-retirar%C3%A1-del-mercado-estas-marcas-de-mole-en-pasta\/ar-AA1ho4Bn?ocid=hpmsn&amp;cvid=8c1124e5d1114eba9fa33197b569258d&amp;ei=57&amp;fullscreen=true#image=2\" data-doc-id=\"cms\/api\/amp\/image\/AA1ho9fl\" data-reset-char-count=\"true\">\n<div class=\"article-image-container \">\n<div class=\"wp-caption aligncenter\">\n<p class=\"wp-caption-text\" data-t=\"{&quot;n&quot;:&quot;blueLinks&quot;}\">En la imagen, Ricardo Sheffield, titular de la Profeco. Foto: Archivo Cuartoscuro<\/p>\n<\/div>\n<p data-t=\"{&quot;n&quot;:&quot;blueLinks&quot;}\">Finalmente, otras cinco marcas\u00a0incumplen con las proporciones de la informaci\u00f3n nutrimental,\u00a0pues se basan en el contenido en pasta, cuando deben indicar los porcentajes del producto ya preparado.<\/p>\n<p data-t=\"{&quot;n&quot;:&quot;blueLinks&quot;}\">1. La Comandanta<\/p>\n<p data-t=\"{&quot;n&quot;:&quot;blueLinks&quot;}\">2. Origen Sano, almendrado y negro<\/p>\n<p data-t=\"{&quot;n&quot;:&quot;blueLinks&quot;}\">3. Gurrumina<\/p>\n<p data-t=\"{&quot;n&quot;:&quot;blueLinks&quot;}\">4. El Sabor de Oaxaca, negro y coloradito<\/p>\n<p data-t=\"{&quot;n&quot;:&quot;blueLinks&quot;}\">5. San Pedro Gourmet<\/p>\n<p data-t=\"{&quot;n&quot;:&quot;blueLinks&quot;}\">El estudio completo de moles se podr\u00e1 consultar\u00a0en la edici\u00f3n de octubre\u00a0de la Revista del Consumidor.<\/p>\n<\/div>\n<\/div>\n<\/div>\n","protected":false},"excerpt":{"rendered":"<p>La Procuradur\u00eda Federal del Consumidor (Profeco) retirar\u00e1 del mercado seis marcas de mole en pasta que incumplen las normas en materia de etiquetado o presentan informaci\u00f3n enga\u00f1osa. El laboratorio de calidad de la instituci\u00f3n\u00a0realiz\u00f3 el an\u00e1lisis de 33 moles en pasta\u00a0que se comercializan en las tiendas y encontr\u00f3 que seis moles de almendras no indican [&hellip;]<\/p>\n","protected":false},"author":3,"featured_media":100190,"comment_status":"closed","ping_status":"closed","sticky":false,"template":"","format":"standard","meta":{"footnotes":""},"categories":[10],"tags":[],"class_list":{"0":"post-100189","1":"post","2":"type-post","3":"status-publish","4":"format-standard","5":"has-post-thumbnail","7":"category-bienestar"},"yoast_head":"<!-- This site is optimized with the Yoast SEO plugin v27.5 - https:\/\/yoast.com\/product\/yoast-seo-wordpress\/ -->\n<title>Profeco retirar\u00e1 del mercado estas marcas de mole en pasta - Yucat\u00e1n en corto<\/title>\n<meta name=\"robots\" content=\"index, follow, max-snippet:-1, max-image-preview:large, max-video-preview:-1\" \/>\n<link rel=\"canonical\" href=\"https:\/\/www.yucatanencorto.com\/noticias\/profeco-retirara-del-mercado-estas-marcas-de-mole-en-pasta\/\" \/>\n<meta property=\"og:locale\" content=\"es_ES\" \/>\n<meta property=\"og:type\" content=\"article\" \/>\n<meta property=\"og:title\" content=\"Profeco retirar\u00e1 del mercado estas marcas de mole en pasta - Yucat\u00e1n en corto\" \/>\n<meta property=\"og:description\" content=\"La Procuradur\u00eda Federal del Consumidor (Profeco) retirar\u00e1 del mercado seis marcas de mole en pasta que incumplen las normas en materia de etiquetado o presentan informaci\u00f3n enga\u00f1osa. El laboratorio de calidad de la instituci\u00f3n\u00a0realiz\u00f3 el an\u00e1lisis de 33 moles en pasta\u00a0que se comercializan en las tiendas y encontr\u00f3 que seis moles de almendras no indican [&hellip;]\" \/>\n<meta property=\"og:url\" content=\"https:\/\/www.yucatanencorto.com\/noticias\/profeco-retirara-del-mercado-estas-marcas-de-mole-en-pasta\/\" \/>\n<meta property=\"og:site_name\" content=\"Yucat\u00e1n en corto\" \/>\n<meta property=\"article:publisher\" content=\"http:\/\/www.facebook.com\/yucatanencorto\" \/>\n<meta property=\"article:published_time\" content=\"2023-09-28T20:53:56+00:00\" \/>\n<meta property=\"og:image\" content=\"https:\/\/www.yucatanencorto.com\/noticias\/wp-content\/uploads\/2023\/09\/maxresdefault-scaled.jpg\" \/>\n\t<meta property=\"og:image:width\" content=\"768\" \/>\n\t<meta property=\"og:image:height\" content=\"432\" \/>\n\t<meta property=\"og:image:type\" content=\"image\/jpeg\" \/>\n<meta name=\"author\" content=\"Redes\" \/>\n<meta name=\"twitter:card\" content=\"summary_large_image\" \/>\n<meta name=\"twitter:creator\" content=\"@yucatanencorto\" \/>\n<meta name=\"twitter:site\" content=\"@yucatanencorto\" \/>\n<meta name=\"twitter:label1\" content=\"Escrito por\" \/>\n\t<meta name=\"twitter:data1\" content=\"Redes\" \/>\n\t<meta name=\"twitter:label2\" content=\"Tiempo de lectura\" \/>\n\t<meta name=\"twitter:data2\" content=\"2 minutos\" \/>\n<script type=\"application\/ld+json\" class=\"yoast-schema-graph\">{\"@context\":\"https:\\\/\\\/schema.org\",\"@graph\":[{\"@type\":\"Article\",\"@id\":\"https:\\\/\\\/www.yucatanencorto.com\\\/noticias\\\/profeco-retirara-del-mercado-estas-marcas-de-mole-en-pasta\\\/#article\",\"isPartOf\":{\"@id\":\"https:\\\/\\\/www.yucatanencorto.com\\\/noticias\\\/profeco-retirara-del-mercado-estas-marcas-de-mole-en-pasta\\\/\"},\"author\":{\"name\":\"Redes\",\"@id\":\"https:\\\/\\\/www.yucatanencorto.com\\\/noticias\\\/#\\\/schema\\\/person\\\/e2fbdfaf30a07014a43940ce989f3119\"},\"headline\":\"Profeco retirar\u00e1 del mercado estas marcas de mole en pasta\",\"datePublished\":\"2023-09-28T20:53:56+00:00\",\"mainEntityOfPage\":{\"@id\":\"https:\\\/\\\/www.yucatanencorto.com\\\/noticias\\\/profeco-retirara-del-mercado-estas-marcas-de-mole-en-pasta\\\/\"},\"wordCount\":331,\"image\":{\"@id\":\"https:\\\/\\\/www.yucatanencorto.com\\\/noticias\\\/profeco-retirara-del-mercado-estas-marcas-de-mole-en-pasta\\\/#primaryimage\"},\"thumbnailUrl\":\"https:\\\/\\\/www.yucatanencorto.com\\\/noticias\\\/wp-content\\\/uploads\\\/2023\\\/09\\\/maxresdefault-scaled.jpg\",\"articleSection\":[\"Bienestar\"],\"inLanguage\":\"es\"},{\"@type\":\"WebPage\",\"@id\":\"https:\\\/\\\/www.yucatanencorto.com\\\/noticias\\\/profeco-retirara-del-mercado-estas-marcas-de-mole-en-pasta\\\/\",\"url\":\"https:\\\/\\\/www.yucatanencorto.com\\\/noticias\\\/profeco-retirara-del-mercado-estas-marcas-de-mole-en-pasta\\\/\",\"name\":\"Profeco retirar\u00e1 del mercado estas marcas de mole en pasta - Yucat\u00e1n en corto\",\"isPartOf\":{\"@id\":\"https:\\\/\\\/www.yucatanencorto.com\\\/noticias\\\/#website\"},\"primaryImageOfPage\":{\"@id\":\"https:\\\/\\\/www.yucatanencorto.com\\\/noticias\\\/profeco-retirara-del-mercado-estas-marcas-de-mole-en-pasta\\\/#primaryimage\"},\"image\":{\"@id\":\"https:\\\/\\\/www.yucatanencorto.com\\\/noticias\\\/profeco-retirara-del-mercado-estas-marcas-de-mole-en-pasta\\\/#primaryimage\"},\"thumbnailUrl\":\"https:\\\/\\\/www.yucatanencorto.com\\\/noticias\\\/wp-content\\\/uploads\\\/2023\\\/09\\\/maxresdefault-scaled.jpg\",\"datePublished\":\"2023-09-28T20:53:56+00:00\",\"author\":{\"@id\":\"https:\\\/\\\/www.yucatanencorto.com\\\/noticias\\\/#\\\/schema\\\/person\\\/e2fbdfaf30a07014a43940ce989f3119\"},\"breadcrumb\":{\"@id\":\"https:\\\/\\\/www.yucatanencorto.com\\\/noticias\\\/profeco-retirara-del-mercado-estas-marcas-de-mole-en-pasta\\\/#breadcrumb\"},\"inLanguage\":\"es\",\"potentialAction\":[{\"@type\":\"ReadAction\",\"target\":[\"https:\\\/\\\/www.yucatanencorto.com\\\/noticias\\\/profeco-retirara-del-mercado-estas-marcas-de-mole-en-pasta\\\/\"]}]},{\"@type\":\"ImageObject\",\"inLanguage\":\"es\",\"@id\":\"https:\\\/\\\/www.yucatanencorto.com\\\/noticias\\\/profeco-retirara-del-mercado-estas-marcas-de-mole-en-pasta\\\/#primaryimage\",\"url\":\"https:\\\/\\\/www.yucatanencorto.com\\\/noticias\\\/wp-content\\\/uploads\\\/2023\\\/09\\\/maxresdefault-scaled.jpg\",\"contentUrl\":\"https:\\\/\\\/www.yucatanencorto.com\\\/noticias\\\/wp-content\\\/uploads\\\/2023\\\/09\\\/maxresdefault-scaled.jpg\",\"width\":768,\"height\":432},{\"@type\":\"BreadcrumbList\",\"@id\":\"https:\\\/\\\/www.yucatanencorto.com\\\/noticias\\\/profeco-retirara-del-mercado-estas-marcas-de-mole-en-pasta\\\/#breadcrumb\",\"itemListElement\":[{\"@type\":\"ListItem\",\"position\":1,\"name\":\"Portada\",\"item\":\"https:\\\/\\\/www.yucatanencorto.com\\\/noticias\\\/\"},{\"@type\":\"ListItem\",\"position\":2,\"name\":\"Profeco retirar\u00e1 del mercado estas marcas de mole en pasta\"}]},{\"@type\":\"WebSite\",\"@id\":\"https:\\\/\\\/www.yucatanencorto.com\\\/noticias\\\/#website\",\"url\":\"https:\\\/\\\/www.yucatanencorto.com\\\/noticias\\\/\",\"name\":\"Yucat\u00e1n en corto\",\"description\":\"Noticias\",\"potentialAction\":[{\"@type\":\"SearchAction\",\"target\":{\"@type\":\"EntryPoint\",\"urlTemplate\":\"https:\\\/\\\/www.yucatanencorto.com\\\/noticias\\\/?s={search_term_string}\"},\"query-input\":{\"@type\":\"PropertyValueSpecification\",\"valueRequired\":true,\"valueName\":\"search_term_string\"}}],\"inLanguage\":\"es\"},{\"@type\":\"Person\",\"@id\":\"https:\\\/\\\/www.yucatanencorto.com\\\/noticias\\\/#\\\/schema\\\/person\\\/e2fbdfaf30a07014a43940ce989f3119\",\"name\":\"Redes\",\"image\":{\"@type\":\"ImageObject\",\"inLanguage\":\"es\",\"@id\":\"https:\\\/\\\/secure.gravatar.com\\\/avatar\\\/5931a2d21dd7cc834f44c8c34fe56d90ed6d536ef452cbf870c7485b524dddd7?s=96&d=mm&r=g\",\"url\":\"https:\\\/\\\/secure.gravatar.com\\\/avatar\\\/5931a2d21dd7cc834f44c8c34fe56d90ed6d536ef452cbf870c7485b524dddd7?s=96&d=mm&r=g\",\"contentUrl\":\"https:\\\/\\\/secure.gravatar.com\\\/avatar\\\/5931a2d21dd7cc834f44c8c34fe56d90ed6d536ef452cbf870c7485b524dddd7?s=96&d=mm&r=g\",\"caption\":\"Redes\"},\"url\":\"https:\\\/\\\/www.yucatanencorto.com\\\/noticias\\\/author\\\/redes\\\/\"}]}<\/script>\n<!-- \/ Yoast SEO plugin. -->","yoast_head_json":{"title":"Profeco retirar\u00e1 del mercado estas marcas de mole en pasta - Yucat\u00e1n en corto","robots":{"index":"index","follow":"follow","max-snippet":"max-snippet:-1","max-image-preview":"max-image-preview:large","max-video-preview":"max-video-preview:-1"},"canonical":"https:\/\/www.yucatanencorto.com\/noticias\/profeco-retirara-del-mercado-estas-marcas-de-mole-en-pasta\/","og_locale":"es_ES","og_type":"article","og_title":"Profeco retirar\u00e1 del mercado estas marcas de mole en pasta - Yucat\u00e1n en corto","og_description":"La Procuradur\u00eda Federal del Consumidor (Profeco) retirar\u00e1 del mercado seis marcas de mole en pasta que incumplen las normas en materia de etiquetado o presentan informaci\u00f3n enga\u00f1osa. El laboratorio de calidad de la instituci\u00f3n\u00a0realiz\u00f3 el an\u00e1lisis de 33 moles en pasta\u00a0que se comercializan en las tiendas y encontr\u00f3 que seis moles de almendras no indican [&hellip;]","og_url":"https:\/\/www.yucatanencorto.com\/noticias\/profeco-retirara-del-mercado-estas-marcas-de-mole-en-pasta\/","og_site_name":"Yucat\u00e1n en corto","article_publisher":"http:\/\/www.facebook.com\/yucatanencorto","article_published_time":"2023-09-28T20:53:56+00:00","og_image":[{"width":768,"height":432,"url":"https:\/\/www.yucatanencorto.com\/noticias\/wp-content\/uploads\/2023\/09\/maxresdefault-scaled.jpg","type":"image\/jpeg"}],"author":"Redes","twitter_card":"summary_large_image","twitter_creator":"@yucatanencorto","twitter_site":"@yucatanencorto","twitter_misc":{"Escrito por":"Redes","Tiempo de lectura":"2 minutos"},"schema":{"@context":"https:\/\/schema.org","@graph":[{"@type":"Article","@id":"https:\/\/www.yucatanencorto.com\/noticias\/profeco-retirara-del-mercado-estas-marcas-de-mole-en-pasta\/#article","isPartOf":{"@id":"https:\/\/www.yucatanencorto.com\/noticias\/profeco-retirara-del-mercado-estas-marcas-de-mole-en-pasta\/"},"author":{"name":"Redes","@id":"https:\/\/www.yucatanencorto.com\/noticias\/#\/schema\/person\/e2fbdfaf30a07014a43940ce989f3119"},"headline":"Profeco retirar\u00e1 del mercado estas marcas de mole en pasta","datePublished":"2023-09-28T20:53:56+00:00","mainEntityOfPage":{"@id":"https:\/\/www.yucatanencorto.com\/noticias\/profeco-retirara-del-mercado-estas-marcas-de-mole-en-pasta\/"},"wordCount":331,"image":{"@id":"https:\/\/www.yucatanencorto.com\/noticias\/profeco-retirara-del-mercado-estas-marcas-de-mole-en-pasta\/#primaryimage"},"thumbnailUrl":"https:\/\/www.yucatanencorto.com\/noticias\/wp-content\/uploads\/2023\/09\/maxresdefault-scaled.jpg","articleSection":["Bienestar"],"inLanguage":"es"},{"@type":"WebPage","@id":"https:\/\/www.yucatanencorto.com\/noticias\/profeco-retirara-del-mercado-estas-marcas-de-mole-en-pasta\/","url":"https:\/\/www.yucatanencorto.com\/noticias\/profeco-retirara-del-mercado-estas-marcas-de-mole-en-pasta\/","name":"Profeco retirar\u00e1 del mercado estas marcas de mole en pasta - Yucat\u00e1n en corto","isPartOf":{"@id":"https:\/\/www.yucatanencorto.com\/noticias\/#website"},"primaryImageOfPage":{"@id":"https:\/\/www.yucatanencorto.com\/noticias\/profeco-retirara-del-mercado-estas-marcas-de-mole-en-pasta\/#primaryimage"},"image":{"@id":"https:\/\/www.yucatanencorto.com\/noticias\/profeco-retirara-del-mercado-estas-marcas-de-mole-en-pasta\/#primaryimage"},"thumbnailUrl":"https:\/\/www.yucatanencorto.com\/noticias\/wp-content\/uploads\/2023\/09\/maxresdefault-scaled.jpg","datePublished":"2023-09-28T20:53:56+00:00","author":{"@id":"https:\/\/www.yucatanencorto.com\/noticias\/#\/schema\/person\/e2fbdfaf30a07014a43940ce989f3119"},"breadcrumb":{"@id":"https:\/\/www.yucatanencorto.com\/noticias\/profeco-retirara-del-mercado-estas-marcas-de-mole-en-pasta\/#breadcrumb"},"inLanguage":"es","potentialAction":[{"@type":"ReadAction","target":["https:\/\/www.yucatanencorto.com\/noticias\/profeco-retirara-del-mercado-estas-marcas-de-mole-en-pasta\/"]}]},{"@type":"ImageObject","inLanguage":"es","@id":"https:\/\/www.yucatanencorto.com\/noticias\/profeco-retirara-del-mercado-estas-marcas-de-mole-en-pasta\/#primaryimage","url":"https:\/\/www.yucatanencorto.com\/noticias\/wp-content\/uploads\/2023\/09\/maxresdefault-scaled.jpg","contentUrl":"https:\/\/www.yucatanencorto.com\/noticias\/wp-content\/uploads\/2023\/09\/maxresdefault-scaled.jpg","width":768,"height":432},{"@type":"BreadcrumbList","@id":"https:\/\/www.yucatanencorto.com\/noticias\/profeco-retirara-del-mercado-estas-marcas-de-mole-en-pasta\/#breadcrumb","itemListElement":[{"@type":"ListItem","position":1,"name":"Portada","item":"https:\/\/www.yucatanencorto.com\/noticias\/"},{"@type":"ListItem","position":2,"name":"Profeco retirar\u00e1 del mercado estas marcas de mole en pasta"}]},{"@type":"WebSite","@id":"https:\/\/www.yucatanencorto.com\/noticias\/#website","url":"https:\/\/www.yucatanencorto.com\/noticias\/","name":"Yucat\u00e1n en corto","description":"Noticias","potentialAction":[{"@type":"SearchAction","target":{"@type":"EntryPoint","urlTemplate":"https:\/\/www.yucatanencorto.com\/noticias\/?s={search_term_string}"},"query-input":{"@type":"PropertyValueSpecification","valueRequired":true,"valueName":"search_term_string"}}],"inLanguage":"es"},{"@type":"Person","@id":"https:\/\/www.yucatanencorto.com\/noticias\/#\/schema\/person\/e2fbdfaf30a07014a43940ce989f3119","name":"Redes","image":{"@type":"ImageObject","inLanguage":"es","@id":"https:\/\/secure.gravatar.com\/avatar\/5931a2d21dd7cc834f44c8c34fe56d90ed6d536ef452cbf870c7485b524dddd7?s=96&d=mm&r=g","url":"https:\/\/secure.gravatar.com\/avatar\/5931a2d21dd7cc834f44c8c34fe56d90ed6d536ef452cbf870c7485b524dddd7?s=96&d=mm&r=g","contentUrl":"https:\/\/secure.gravatar.com\/avatar\/5931a2d21dd7cc834f44c8c34fe56d90ed6d536ef452cbf870c7485b524dddd7?s=96&d=mm&r=g","caption":"Redes"},"url":"https:\/\/www.yucatanencorto.com\/noticias\/author\/redes\/"}]}},"_links":{"self":[{"href":"https:\/\/www.yucatanencorto.com\/noticias\/wp-json\/wp\/v2\/posts\/100189","targetHints":{"allow":["GET"]}}],"collection":[{"href":"https:\/\/www.yucatanencorto.com\/noticias\/wp-json\/wp\/v2\/posts"}],"about":[{"href":"https:\/\/www.yucatanencorto.com\/noticias\/wp-json\/wp\/v2\/types\/post"}],"author":[{"embeddable":true,"href":"https:\/\/www.yucatanencorto.com\/noticias\/wp-json\/wp\/v2\/users\/3"}],"replies":[{"embeddable":true,"href":"https:\/\/www.yucatanencorto.com\/noticias\/wp-json\/wp\/v2\/comments?post=100189"}],"version-history":[{"count":0,"href":"https:\/\/www.yucatanencorto.com\/noticias\/wp-json\/wp\/v2\/posts\/100189\/revisions"}],"wp:featuredmedia":[{"embeddable":true,"href":"https:\/\/www.yucatanencorto.com\/noticias\/wp-json\/wp\/v2\/media\/100190"}],"wp:attachment":[{"href":"https:\/\/www.yucatanencorto.com\/noticias\/wp-json\/wp\/v2\/media?parent=100189"}],"wp:term":[{"taxonomy":"category","embeddable":true,"href":"https:\/\/www.yucatanencorto.com\/noticias\/wp-json\/wp\/v2\/categories?post=100189"},{"taxonomy":"post_tag","embeddable":true,"href":"https:\/\/www.yucatanencorto.com\/noticias\/wp-json\/wp\/v2\/tags?post=100189"}],"curies":[{"name":"wp","href":"https:\/\/api.w.org\/{rel}","templated":true}]}}