{"id":100192,"date":"2023-09-28T15:04:25","date_gmt":"2023-09-28T21:04:25","guid":{"rendered":"https:\/\/www.yucatanencorto.com\/noticias\/?p=100192"},"modified":"2023-09-28T15:04:25","modified_gmt":"2023-09-28T21:04:25","slug":"se-esperan-lluvias-muy-fuertes-en-el-oriente-y-sur-del-estado-podrian-ser-mayores-a-los-40-mm","status":"publish","type":"post","link":"https:\/\/www.yucatanencorto.com\/noticias\/se-esperan-lluvias-muy-fuertes-en-el-oriente-y-sur-del-estado-podrian-ser-mayores-a-los-40-mm\/","title":{"rendered":"Se esperan lluvias muy fuertes en el oriente y sur del estado; podr\u00edan ser mayores a los 40 mm"},"content":{"rendered":"<p><img loading=\"lazy\" decoding=\"async\" class=\"alignnone size-full wp-image-100193\" src=\"https:\/\/www.yucatanencorto.com\/noticias\/wp-content\/uploads\/2023\/09\/image-2.png\" alt=\"\" width=\"768\" height=\"576\" srcset=\"https:\/\/www.yucatanencorto.com\/noticias\/wp-content\/uploads\/2023\/09\/image-2.png 768w, https:\/\/www.yucatanencorto.com\/noticias\/wp-content\/uploads\/2023\/09\/image-2-696x522.png 696w, https:\/\/www.yucatanencorto.com\/noticias\/wp-content\/uploads\/2023\/09\/image-2-560x420.png 560w, https:\/\/www.yucatanencorto.com\/noticias\/wp-content\/uploads\/2023\/09\/image-2-80x60.png 80w, https:\/\/www.yucatanencorto.com\/noticias\/wp-content\/uploads\/2023\/09\/image-2-265x198.png 265w\" sizes=\"auto, (max-width: 768px) 100vw, 768px\" \/><\/p>\n<p>M\u00e9rida, 28 de septiembre de 2023.- Por efectos de la onda tropical No. 28 localizada frente a las costas de Belice, asociada a una vaguada proveniente del Golfo de M\u00e9xico, para este jueves en la tarde se esperan lluvias muy fuertes que podr\u00edan extenderse hasta el s\u00e1bado, principalmente en el oriente y sur del estado, inform\u00f3 la Coordinaci\u00f3n Estatal de Protecci\u00f3n Civil.<\/p>\n<p>La dependencia que encabeza Enrique Alcocer Basto emiti\u00f3 este aviso de manera preventiva con el fin de informar a la poblaci\u00f3n de esas regiones conforme instrucciones del gobernador Mauricio Vila Dosal con el fin de que adopten las medidas de precauci\u00f3n necesarias, es decir, se protejan ante la intensidad de las precipitaciones asociadas a fuertes vientos.<\/p>\n<p>El Sistema Estatal de Monitoreo y Alertamiento (SEMA) de Procivy inform\u00f3 haber detectado inestabilidad atmosf\u00e9rica con dicha vaguada, por lo que habr\u00eda precipitaciones de intensidad puntualmente fuerte mayores a 40 mm\u00a0desde las 15:00 horas en los municipios de Tizim\u00edn, Valladolid, Tekax y alrededores.<\/p>\n<p>Con datos tambi\u00e9n del Servicio Meteorol\u00f3gico Nacional de la Comisi\u00f3n Nacional del Agua (Conagua) sobre los efectos de la referida onda tropical, las precipitaciones continuar\u00e1n el viernes en los municipios de Motul, Izamal, Santa Elena, Oxkutzcab, Tizim\u00edn, Valladolid, Tekax y alrededores.<\/p>\n<p>Esta influencia de humedad se podr\u00eda extender hasta el s\u00e1bado en Peto, Tekax, Oxkutzcab, Maxcan\u00fa, as\u00ed como en Celest\u00fan y alrededores.<\/p>\n<p>Conforme a los pron\u00f3sticos del SMN de Conagua, se esperan este jueves rachas de viento de 40 km\/h y oleajes de hasta dos metros, por lo que este aviso preventivo se extiende a la navegaci\u00f3n costera.<\/p>\n<p>La cantidad de lluvia podr\u00eda variar de 50 a 75 mm del 28 al 30, sin embargo, existe la posibilidad de que sea mayor en \u00e1reas con registros de precipitaciones puntualmente muy fuertes.<\/p>\n<p>El titular de Procivy recomend\u00f3 a la poblaci\u00f3n de las comunidades del oriente y sur del estado a resguardarse en sus casas ante las lluvias y nubes con descargas el\u00e9ctricas, antes asegurar techos, ventanas y otros objetos que pudieran caer y provocar da\u00f1os o lesiones.<\/p>\n<p>Reiter\u00f3 la disponibilidad del tel\u00e9fono gratuito 9-1-1 para reportar y asistir en caso necesario a la poblaci\u00f3n que lo requiera, toda vez que los cuerpos de seguridad y asistencia del Sistema Estatal de Protecci\u00f3n Civil est\u00e1n en permanente estado de alerta.<\/p>\n<p>Procivy confirm\u00f3 para la temporada invernal un incremento en el n\u00famero de frentes fr\u00edos que ingresar\u00e1n al pa\u00eds, que suman 56 los pronosticados por CONAGUA, aumento que est\u00e1 relacionado al fen\u00f3meno de \u201cEl Ni\u00f1o\u201d y a la interacci\u00f3n con otras condiciones atmosf\u00e9ricas de escala global.<\/p>\n<p>Para la pen\u00ednsula de Yucat\u00e1n se espera la influencia de 29 sistemas frontales, incluidos aquellos con caracter\u00edsticas de frentes estacionarios que, aunque no de manera directa afectar\u00e1n a Yucat\u00e1n, pero su cercan\u00eda e interacci\u00f3n con aire h\u00famedo y c\u00e1lido del Mar Caribe mantendr\u00e1n el potencial de lluvia.<\/p>\n<p>Este ingreso de un n\u00famero mayor de frentes fr\u00edos al Golfo de M\u00e9xico y su trayectoria hacia la pen\u00ednsula de Yucat\u00e1n, vinculado al empuje del aire mar\u00edtimo tropical procedente del Caribe con alto contenido de humedad, podr\u00eda propiciar un ligero aumento en la cantidad de lluvia en los meses de diciembre, enero y febrero.<\/p>\n","protected":false},"excerpt":{"rendered":"<p>M\u00e9rida, 28 de septiembre de 2023.- Por efectos de la onda tropical No. 28 localizada frente a las costas de Belice, asociada a una vaguada proveniente del Golfo de M\u00e9xico, para este jueves en la tarde se esperan lluvias muy fuertes que podr\u00edan extenderse hasta el s\u00e1bado, principalmente en el oriente y sur del estado, [&hellip;]<\/p>\n","protected":false},"author":3,"featured_media":100193,"comment_status":"closed","ping_status":"closed","sticky":false,"template":"","format":"standard","meta":{"footnotes":""},"categories":[3],"tags":[],"class_list":{"0":"post-100192","1":"post","2":"type-post","3":"status-publish","4":"format-standard","5":"has-post-thumbnail","7":"category-yucatan"},"yoast_head":"<!-- This site is optimized with the Yoast SEO plugin v27.5 - https:\/\/yoast.com\/product\/yoast-seo-wordpress\/ -->\n<title>Se esperan lluvias muy fuertes en el oriente y sur del estado; podr\u00edan ser mayores a los 40 mm - Yucat\u00e1n en corto<\/title>\n<meta name=\"robots\" content=\"index, follow, max-snippet:-1, max-image-preview:large, max-video-preview:-1\" \/>\n<link rel=\"canonical\" href=\"https:\/\/www.yucatanencorto.com\/noticias\/se-esperan-lluvias-muy-fuertes-en-el-oriente-y-sur-del-estado-podrian-ser-mayores-a-los-40-mm\/\" \/>\n<meta property=\"og:locale\" content=\"es_ES\" \/>\n<meta property=\"og:type\" content=\"article\" \/>\n<meta property=\"og:title\" content=\"Se esperan lluvias muy fuertes en el oriente y sur del estado; podr\u00edan ser mayores a los 40 mm - Yucat\u00e1n en corto\" \/>\n<meta property=\"og:description\" content=\"M\u00e9rida, 28 de septiembre de 2023.- Por efectos de la onda tropical No. 28 localizada frente a las costas de Belice, asociada a una vaguada proveniente del Golfo de M\u00e9xico, para este jueves en la tarde se esperan lluvias muy fuertes que podr\u00edan extenderse hasta el s\u00e1bado, principalmente en el oriente y sur del estado, [&hellip;]\" \/>\n<meta property=\"og:url\" content=\"https:\/\/www.yucatanencorto.com\/noticias\/se-esperan-lluvias-muy-fuertes-en-el-oriente-y-sur-del-estado-podrian-ser-mayores-a-los-40-mm\/\" \/>\n<meta property=\"og:site_name\" content=\"Yucat\u00e1n en corto\" \/>\n<meta property=\"article:publisher\" content=\"http:\/\/www.facebook.com\/yucatanencorto\" \/>\n<meta property=\"article:published_time\" content=\"2023-09-28T21:04:25+00:00\" \/>\n<meta property=\"og:image\" content=\"https:\/\/www.yucatanencorto.com\/noticias\/wp-content\/uploads\/2023\/09\/image-2.png\" \/>\n\t<meta property=\"og:image:width\" content=\"768\" \/>\n\t<meta property=\"og:image:height\" content=\"576\" \/>\n\t<meta property=\"og:image:type\" content=\"image\/png\" \/>\n<meta name=\"author\" content=\"Redes\" \/>\n<meta name=\"twitter:card\" content=\"summary_large_image\" \/>\n<meta name=\"twitter:creator\" content=\"@yucatanencorto\" \/>\n<meta name=\"twitter:site\" content=\"@yucatanencorto\" \/>\n<meta name=\"twitter:label1\" content=\"Escrito por\" \/>\n\t<meta name=\"twitter:data1\" content=\"Redes\" \/>\n\t<meta name=\"twitter:label2\" content=\"Tiempo de lectura\" \/>\n\t<meta name=\"twitter:data2\" content=\"3 minutos\" \/>\n<script type=\"application\/ld+json\" class=\"yoast-schema-graph\">{\"@context\":\"https:\\\/\\\/schema.org\",\"@graph\":[{\"@type\":\"Article\",\"@id\":\"https:\\\/\\\/www.yucatanencorto.com\\\/noticias\\\/se-esperan-lluvias-muy-fuertes-en-el-oriente-y-sur-del-estado-podrian-ser-mayores-a-los-40-mm\\\/#article\",\"isPartOf\":{\"@id\":\"https:\\\/\\\/www.yucatanencorto.com\\\/noticias\\\/se-esperan-lluvias-muy-fuertes-en-el-oriente-y-sur-del-estado-podrian-ser-mayores-a-los-40-mm\\\/\"},\"author\":{\"name\":\"Redes\",\"@id\":\"https:\\\/\\\/www.yucatanencorto.com\\\/noticias\\\/#\\\/schema\\\/person\\\/e2fbdfaf30a07014a43940ce989f3119\"},\"headline\":\"Se esperan lluvias muy fuertes en el oriente y sur del estado; podr\u00edan ser mayores a los 40 mm\",\"datePublished\":\"2023-09-28T21:04:25+00:00\",\"mainEntityOfPage\":{\"@id\":\"https:\\\/\\\/www.yucatanencorto.com\\\/noticias\\\/se-esperan-lluvias-muy-fuertes-en-el-oriente-y-sur-del-estado-podrian-ser-mayores-a-los-40-mm\\\/\"},\"wordCount\":589,\"image\":{\"@id\":\"https:\\\/\\\/www.yucatanencorto.com\\\/noticias\\\/se-esperan-lluvias-muy-fuertes-en-el-oriente-y-sur-del-estado-podrian-ser-mayores-a-los-40-mm\\\/#primaryimage\"},\"thumbnailUrl\":\"https:\\\/\\\/www.yucatanencorto.com\\\/noticias\\\/wp-content\\\/uploads\\\/2023\\\/09\\\/image-2.png\",\"articleSection\":[\"Yucat\u00e1n\"],\"inLanguage\":\"es\"},{\"@type\":\"WebPage\",\"@id\":\"https:\\\/\\\/www.yucatanencorto.com\\\/noticias\\\/se-esperan-lluvias-muy-fuertes-en-el-oriente-y-sur-del-estado-podrian-ser-mayores-a-los-40-mm\\\/\",\"url\":\"https:\\\/\\\/www.yucatanencorto.com\\\/noticias\\\/se-esperan-lluvias-muy-fuertes-en-el-oriente-y-sur-del-estado-podrian-ser-mayores-a-los-40-mm\\\/\",\"name\":\"Se esperan lluvias muy fuertes en el oriente y sur del estado; podr\u00edan ser mayores a los 40 mm - Yucat\u00e1n en corto\",\"isPartOf\":{\"@id\":\"https:\\\/\\\/www.yucatanencorto.com\\\/noticias\\\/#website\"},\"primaryImageOfPage\":{\"@id\":\"https:\\\/\\\/www.yucatanencorto.com\\\/noticias\\\/se-esperan-lluvias-muy-fuertes-en-el-oriente-y-sur-del-estado-podrian-ser-mayores-a-los-40-mm\\\/#primaryimage\"},\"image\":{\"@id\":\"https:\\\/\\\/www.yucatanencorto.com\\\/noticias\\\/se-esperan-lluvias-muy-fuertes-en-el-oriente-y-sur-del-estado-podrian-ser-mayores-a-los-40-mm\\\/#primaryimage\"},\"thumbnailUrl\":\"https:\\\/\\\/www.yucatanencorto.com\\\/noticias\\\/wp-content\\\/uploads\\\/2023\\\/09\\\/image-2.png\",\"datePublished\":\"2023-09-28T21:04:25+00:00\",\"author\":{\"@id\":\"https:\\\/\\\/www.yucatanencorto.com\\\/noticias\\\/#\\\/schema\\\/person\\\/e2fbdfaf30a07014a43940ce989f3119\"},\"breadcrumb\":{\"@id\":\"https:\\\/\\\/www.yucatanencorto.com\\\/noticias\\\/se-esperan-lluvias-muy-fuertes-en-el-oriente-y-sur-del-estado-podrian-ser-mayores-a-los-40-mm\\\/#breadcrumb\"},\"inLanguage\":\"es\",\"potentialAction\":[{\"@type\":\"ReadAction\",\"target\":[\"https:\\\/\\\/www.yucatanencorto.com\\\/noticias\\\/se-esperan-lluvias-muy-fuertes-en-el-oriente-y-sur-del-estado-podrian-ser-mayores-a-los-40-mm\\\/\"]}]},{\"@type\":\"ImageObject\",\"inLanguage\":\"es\",\"@id\":\"https:\\\/\\\/www.yucatanencorto.com\\\/noticias\\\/se-esperan-lluvias-muy-fuertes-en-el-oriente-y-sur-del-estado-podrian-ser-mayores-a-los-40-mm\\\/#primaryimage\",\"url\":\"https:\\\/\\\/www.yucatanencorto.com\\\/noticias\\\/wp-content\\\/uploads\\\/2023\\\/09\\\/image-2.png\",\"contentUrl\":\"https:\\\/\\\/www.yucatanencorto.com\\\/noticias\\\/wp-content\\\/uploads\\\/2023\\\/09\\\/image-2.png\",\"width\":768,\"height\":576},{\"@type\":\"BreadcrumbList\",\"@id\":\"https:\\\/\\\/www.yucatanencorto.com\\\/noticias\\\/se-esperan-lluvias-muy-fuertes-en-el-oriente-y-sur-del-estado-podrian-ser-mayores-a-los-40-mm\\\/#breadcrumb\",\"itemListElement\":[{\"@type\":\"ListItem\",\"position\":1,\"name\":\"Portada\",\"item\":\"https:\\\/\\\/www.yucatanencorto.com\\\/noticias\\\/\"},{\"@type\":\"ListItem\",\"position\":2,\"name\":\"Se esperan lluvias muy fuertes en el oriente y sur del estado; podr\u00edan ser mayores a los 40 mm\"}]},{\"@type\":\"WebSite\",\"@id\":\"https:\\\/\\\/www.yucatanencorto.com\\\/noticias\\\/#website\",\"url\":\"https:\\\/\\\/www.yucatanencorto.com\\\/noticias\\\/\",\"name\":\"Yucat\u00e1n en corto\",\"description\":\"Noticias\",\"potentialAction\":[{\"@type\":\"SearchAction\",\"target\":{\"@type\":\"EntryPoint\",\"urlTemplate\":\"https:\\\/\\\/www.yucatanencorto.com\\\/noticias\\\/?s={search_term_string}\"},\"query-input\":{\"@type\":\"PropertyValueSpecification\",\"valueRequired\":true,\"valueName\":\"search_term_string\"}}],\"inLanguage\":\"es\"},{\"@type\":\"Person\",\"@id\":\"https:\\\/\\\/www.yucatanencorto.com\\\/noticias\\\/#\\\/schema\\\/person\\\/e2fbdfaf30a07014a43940ce989f3119\",\"name\":\"Redes\",\"image\":{\"@type\":\"ImageObject\",\"inLanguage\":\"es\",\"@id\":\"https:\\\/\\\/secure.gravatar.com\\\/avatar\\\/5931a2d21dd7cc834f44c8c34fe56d90ed6d536ef452cbf870c7485b524dddd7?s=96&d=mm&r=g\",\"url\":\"https:\\\/\\\/secure.gravatar.com\\\/avatar\\\/5931a2d21dd7cc834f44c8c34fe56d90ed6d536ef452cbf870c7485b524dddd7?s=96&d=mm&r=g\",\"contentUrl\":\"https:\\\/\\\/secure.gravatar.com\\\/avatar\\\/5931a2d21dd7cc834f44c8c34fe56d90ed6d536ef452cbf870c7485b524dddd7?s=96&d=mm&r=g\",\"caption\":\"Redes\"},\"url\":\"https:\\\/\\\/www.yucatanencorto.com\\\/noticias\\\/author\\\/redes\\\/\"}]}<\/script>\n<!-- \/ Yoast SEO plugin. -->","yoast_head_json":{"title":"Se esperan lluvias muy fuertes en el oriente y sur del estado; podr\u00edan ser mayores a los 40 mm - Yucat\u00e1n en corto","robots":{"index":"index","follow":"follow","max-snippet":"max-snippet:-1","max-image-preview":"max-image-preview:large","max-video-preview":"max-video-preview:-1"},"canonical":"https:\/\/www.yucatanencorto.com\/noticias\/se-esperan-lluvias-muy-fuertes-en-el-oriente-y-sur-del-estado-podrian-ser-mayores-a-los-40-mm\/","og_locale":"es_ES","og_type":"article","og_title":"Se esperan lluvias muy fuertes en el oriente y sur del estado; podr\u00edan ser mayores a los 40 mm - Yucat\u00e1n en corto","og_description":"M\u00e9rida, 28 de septiembre de 2023.- Por efectos de la onda tropical No. 28 localizada frente a las costas de Belice, asociada a una vaguada proveniente del Golfo de M\u00e9xico, para este jueves en la tarde se esperan lluvias muy fuertes que podr\u00edan extenderse hasta el s\u00e1bado, principalmente en el oriente y sur del estado, [&hellip;]","og_url":"https:\/\/www.yucatanencorto.com\/noticias\/se-esperan-lluvias-muy-fuertes-en-el-oriente-y-sur-del-estado-podrian-ser-mayores-a-los-40-mm\/","og_site_name":"Yucat\u00e1n en corto","article_publisher":"http:\/\/www.facebook.com\/yucatanencorto","article_published_time":"2023-09-28T21:04:25+00:00","og_image":[{"width":768,"height":576,"url":"https:\/\/www.yucatanencorto.com\/noticias\/wp-content\/uploads\/2023\/09\/image-2.png","type":"image\/png"}],"author":"Redes","twitter_card":"summary_large_image","twitter_creator":"@yucatanencorto","twitter_site":"@yucatanencorto","twitter_misc":{"Escrito por":"Redes","Tiempo de lectura":"3 minutos"},"schema":{"@context":"https:\/\/schema.org","@graph":[{"@type":"Article","@id":"https:\/\/www.yucatanencorto.com\/noticias\/se-esperan-lluvias-muy-fuertes-en-el-oriente-y-sur-del-estado-podrian-ser-mayores-a-los-40-mm\/#article","isPartOf":{"@id":"https:\/\/www.yucatanencorto.com\/noticias\/se-esperan-lluvias-muy-fuertes-en-el-oriente-y-sur-del-estado-podrian-ser-mayores-a-los-40-mm\/"},"author":{"name":"Redes","@id":"https:\/\/www.yucatanencorto.com\/noticias\/#\/schema\/person\/e2fbdfaf30a07014a43940ce989f3119"},"headline":"Se esperan lluvias muy fuertes en el oriente y sur del estado; podr\u00edan ser mayores a los 40 mm","datePublished":"2023-09-28T21:04:25+00:00","mainEntityOfPage":{"@id":"https:\/\/www.yucatanencorto.com\/noticias\/se-esperan-lluvias-muy-fuertes-en-el-oriente-y-sur-del-estado-podrian-ser-mayores-a-los-40-mm\/"},"wordCount":589,"image":{"@id":"https:\/\/www.yucatanencorto.com\/noticias\/se-esperan-lluvias-muy-fuertes-en-el-oriente-y-sur-del-estado-podrian-ser-mayores-a-los-40-mm\/#primaryimage"},"thumbnailUrl":"https:\/\/www.yucatanencorto.com\/noticias\/wp-content\/uploads\/2023\/09\/image-2.png","articleSection":["Yucat\u00e1n"],"inLanguage":"es"},{"@type":"WebPage","@id":"https:\/\/www.yucatanencorto.com\/noticias\/se-esperan-lluvias-muy-fuertes-en-el-oriente-y-sur-del-estado-podrian-ser-mayores-a-los-40-mm\/","url":"https:\/\/www.yucatanencorto.com\/noticias\/se-esperan-lluvias-muy-fuertes-en-el-oriente-y-sur-del-estado-podrian-ser-mayores-a-los-40-mm\/","name":"Se esperan lluvias muy fuertes en el oriente y sur del estado; podr\u00edan ser mayores a los 40 mm - Yucat\u00e1n en corto","isPartOf":{"@id":"https:\/\/www.yucatanencorto.com\/noticias\/#website"},"primaryImageOfPage":{"@id":"https:\/\/www.yucatanencorto.com\/noticias\/se-esperan-lluvias-muy-fuertes-en-el-oriente-y-sur-del-estado-podrian-ser-mayores-a-los-40-mm\/#primaryimage"},"image":{"@id":"https:\/\/www.yucatanencorto.com\/noticias\/se-esperan-lluvias-muy-fuertes-en-el-oriente-y-sur-del-estado-podrian-ser-mayores-a-los-40-mm\/#primaryimage"},"thumbnailUrl":"https:\/\/www.yucatanencorto.com\/noticias\/wp-content\/uploads\/2023\/09\/image-2.png","datePublished":"2023-09-28T21:04:25+00:00","author":{"@id":"https:\/\/www.yucatanencorto.com\/noticias\/#\/schema\/person\/e2fbdfaf30a07014a43940ce989f3119"},"breadcrumb":{"@id":"https:\/\/www.yucatanencorto.com\/noticias\/se-esperan-lluvias-muy-fuertes-en-el-oriente-y-sur-del-estado-podrian-ser-mayores-a-los-40-mm\/#breadcrumb"},"inLanguage":"es","potentialAction":[{"@type":"ReadAction","target":["https:\/\/www.yucatanencorto.com\/noticias\/se-esperan-lluvias-muy-fuertes-en-el-oriente-y-sur-del-estado-podrian-ser-mayores-a-los-40-mm\/"]}]},{"@type":"ImageObject","inLanguage":"es","@id":"https:\/\/www.yucatanencorto.com\/noticias\/se-esperan-lluvias-muy-fuertes-en-el-oriente-y-sur-del-estado-podrian-ser-mayores-a-los-40-mm\/#primaryimage","url":"https:\/\/www.yucatanencorto.com\/noticias\/wp-content\/uploads\/2023\/09\/image-2.png","contentUrl":"https:\/\/www.yucatanencorto.com\/noticias\/wp-content\/uploads\/2023\/09\/image-2.png","width":768,"height":576},{"@type":"BreadcrumbList","@id":"https:\/\/www.yucatanencorto.com\/noticias\/se-esperan-lluvias-muy-fuertes-en-el-oriente-y-sur-del-estado-podrian-ser-mayores-a-los-40-mm\/#breadcrumb","itemListElement":[{"@type":"ListItem","position":1,"name":"Portada","item":"https:\/\/www.yucatanencorto.com\/noticias\/"},{"@type":"ListItem","position":2,"name":"Se esperan lluvias muy fuertes en el oriente y sur del estado; podr\u00edan ser mayores a los 40 mm"}]},{"@type":"WebSite","@id":"https:\/\/www.yucatanencorto.com\/noticias\/#website","url":"https:\/\/www.yucatanencorto.com\/noticias\/","name":"Yucat\u00e1n en corto","description":"Noticias","potentialAction":[{"@type":"SearchAction","target":{"@type":"EntryPoint","urlTemplate":"https:\/\/www.yucatanencorto.com\/noticias\/?s={search_term_string}"},"query-input":{"@type":"PropertyValueSpecification","valueRequired":true,"valueName":"search_term_string"}}],"inLanguage":"es"},{"@type":"Person","@id":"https:\/\/www.yucatanencorto.com\/noticias\/#\/schema\/person\/e2fbdfaf30a07014a43940ce989f3119","name":"Redes","image":{"@type":"ImageObject","inLanguage":"es","@id":"https:\/\/secure.gravatar.com\/avatar\/5931a2d21dd7cc834f44c8c34fe56d90ed6d536ef452cbf870c7485b524dddd7?s=96&d=mm&r=g","url":"https:\/\/secure.gravatar.com\/avatar\/5931a2d21dd7cc834f44c8c34fe56d90ed6d536ef452cbf870c7485b524dddd7?s=96&d=mm&r=g","contentUrl":"https:\/\/secure.gravatar.com\/avatar\/5931a2d21dd7cc834f44c8c34fe56d90ed6d536ef452cbf870c7485b524dddd7?s=96&d=mm&r=g","caption":"Redes"},"url":"https:\/\/www.yucatanencorto.com\/noticias\/author\/redes\/"}]}},"_links":{"self":[{"href":"https:\/\/www.yucatanencorto.com\/noticias\/wp-json\/wp\/v2\/posts\/100192","targetHints":{"allow":["GET"]}}],"collection":[{"href":"https:\/\/www.yucatanencorto.com\/noticias\/wp-json\/wp\/v2\/posts"}],"about":[{"href":"https:\/\/www.yucatanencorto.com\/noticias\/wp-json\/wp\/v2\/types\/post"}],"author":[{"embeddable":true,"href":"https:\/\/www.yucatanencorto.com\/noticias\/wp-json\/wp\/v2\/users\/3"}],"replies":[{"embeddable":true,"href":"https:\/\/www.yucatanencorto.com\/noticias\/wp-json\/wp\/v2\/comments?post=100192"}],"version-history":[{"count":0,"href":"https:\/\/www.yucatanencorto.com\/noticias\/wp-json\/wp\/v2\/posts\/100192\/revisions"}],"wp:featuredmedia":[{"embeddable":true,"href":"https:\/\/www.yucatanencorto.com\/noticias\/wp-json\/wp\/v2\/media\/100193"}],"wp:attachment":[{"href":"https:\/\/www.yucatanencorto.com\/noticias\/wp-json\/wp\/v2\/media?parent=100192"}],"wp:term":[{"taxonomy":"category","embeddable":true,"href":"https:\/\/www.yucatanencorto.com\/noticias\/wp-json\/wp\/v2\/categories?post=100192"},{"taxonomy":"post_tag","embeddable":true,"href":"https:\/\/www.yucatanencorto.com\/noticias\/wp-json\/wp\/v2\/tags?post=100192"}],"curies":[{"name":"wp","href":"https:\/\/api.w.org\/{rel}","templated":true}]}}