{"id":100195,"date":"2023-09-28T16:33:03","date_gmt":"2023-09-28T22:33:03","guid":{"rendered":"https:\/\/www.yucatanencorto.com\/noticias\/?p=100195"},"modified":"2023-09-28T16:33:03","modified_gmt":"2023-09-28T22:33:03","slug":"entregan-apoyos-a-ninos-de-kanasin","status":"publish","type":"post","link":"https:\/\/www.yucatanencorto.com\/noticias\/entregan-apoyos-a-ninos-de-kanasin\/","title":{"rendered":"Entregan apoyos a ni\u00f1os de Kanas\u00edn"},"content":{"rendered":"<p><img loading=\"lazy\" decoding=\"async\" class=\"alignnone size-full wp-image-100196\" src=\"https:\/\/www.yucatanencorto.com\/noticias\/wp-content\/uploads\/2023\/09\/WhatsApp-Image-2023-09-28-at-16.07.42-1-scaled.jpeg\" alt=\"\" width=\"768\" height=\"512\" srcset=\"https:\/\/www.yucatanencorto.com\/noticias\/wp-content\/uploads\/2023\/09\/WhatsApp-Image-2023-09-28-at-16.07.42-1-scaled.jpeg 768w, https:\/\/www.yucatanencorto.com\/noticias\/wp-content\/uploads\/2023\/09\/WhatsApp-Image-2023-09-28-at-16.07.42-1-696x464.jpeg 696w, https:\/\/www.yucatanencorto.com\/noticias\/wp-content\/uploads\/2023\/09\/WhatsApp-Image-2023-09-28-at-16.07.42-1-1068x712.jpeg 1068w, https:\/\/www.yucatanencorto.com\/noticias\/wp-content\/uploads\/2023\/09\/WhatsApp-Image-2023-09-28-at-16.07.42-1-630x420.jpeg 630w\" sizes=\"auto, (max-width: 768px) 100vw, 768px\" \/><\/p>\n<p>KANAS\u00cdN, Yucat\u00e1n a 28 de septiembre 2023- La ma\u00f1ana de este jueves representantes de la Segey, Sesedol y autoridades escolares y del municipio de Kanas\u00edn estuvieron presentes en la escuela \u00ab18 de marzo\u00bb de Mulchech\u00e9n para la entrega de \u00fatiles escolares y uniformes del programa \u00abImpulso Escolar\u00bb.<\/p>\n<p>El programa, seg\u00fan dijo la maestra Adlemi Arjona Crespo, representante del titular de la segey, Liborio Vidal Aguilar, benefici\u00f3 a<br \/>\n401 ni\u00f1os del municipio.<\/p>\n<p>Adem\u00e1s, permiti\u00f3 a cada familia ahorrarse $2,995 por cada ni\u00f1o, ya que los \u00fatiles, las camisas y zapatos que recibieron les servir\u00e1 para todo el ciclo escolar.<\/p>\n<p>En su intervenci\u00f3n, Aar\u00f3n Sol\u00eds Herrera, quien llev\u00f3 la representaci\u00f3n del alcalde Edwin Boj\u00f3rquez Ram\u00edrez, destac\u00f3 que<br \/>\nKanas\u00edn vive sus mejores momentos en materia educativa y muestra de ello es que estos apoyos llegan a todos los alumnos del municipio.<\/p>\n<p>El tambi\u00e9n regidor de educaci\u00f3n se\u00f1al\u00f3 que en Kanas\u00edn existen 56 escuelas, de las cuales 29 son primarias, 24 preescolares, ocho secundarias y un Colegio de Bachilleres (Cobay), planteles con los que se ha estado trabajando.<\/p>\n<p>\u00abS\u00f3lo nos resta agradecerles a los padres de familia y a los maestros que despu\u00e9s de una pandemia vienen con todo el \u00e1nimo de trabajar por todos los alumnos y en Kanas\u00edn existen poco m\u00e1s de 25 mil alumnos matriculados. Es importante que como autoridades estemos siempre cercanos a nuestros ni\u00f1os y conocer sus necesidades\u201d, se\u00f1al\u00f3.<\/p>\n<p>Mand\u00f3 a los presentes un saludo afectuosos de parte del alcalde Edwin Boj\u00f3rquez Ram\u00edrez, quien es el principal promotor de la educaci\u00f3n en el municipio, y quien siempre estar\u00e1 cercano a todos.<\/p>\n<p>Cada alumno, seg\u00fan dijo Diego Card\u00f3s, quien llev\u00f3 la representaci\u00f3n del gobernador Mauricio Vila Dosal, recibi\u00f3 dos camisas escolares un par de zapatos, una mochila, \u00e9sto por parte de Sedesol y por parte de Segey un paquete de \u00fatiles escolares.<\/p>\n<p>Card\u00f3s, quien tambi\u00e9n es director del Colegio de Bachilleres (Cobay), plantel Kanas\u00edn se\u00f1al\u00f3 que el material que recibi\u00f3 este plantel es el mismo que la Segey y Sedesol entregar\u00e1n en las 1,578 escuelas, incluyendo secundarias ind\u00edgenas y telesecundarias con una inversi\u00f3n de 50 millones 39 mil pesos.<\/p>\n<p>En la entrega simb\u00f3lica participaron las alumnas, Sof\u00eda Dzum Sol\u00eds, Yaremi Hoil y M\u00eda Gonz\u00e1lez May, quienes recibieron zapatos, blusas y \u00fatiles escolares.<\/p>\n<p>Al evento tambi\u00e9n asisti\u00f3 Marco Pasos Tec, director del COBAY; C\u00e9sar Tinal Moo, supervisor de la zona 38 y representante del director Pedro Hern\u00e1ndez Dzul; Fernando May de Jes\u00fas, representante del director de Impulso Escolar; Lizbeth May Koh, presidenta de padres de familia y la ni\u00f1a M\u00eda Gonz\u00e1lez May, representante de los alumnos de la primaria, entre otros invitados.<\/p>\n","protected":false},"excerpt":{"rendered":"<p>KANAS\u00cdN, Yucat\u00e1n a 28 de septiembre 2023- La ma\u00f1ana de este jueves representantes de la Segey, Sesedol y autoridades escolares y del municipio de Kanas\u00edn estuvieron presentes en la escuela \u00ab18 de marzo\u00bb de Mulchech\u00e9n para la entrega de \u00fatiles escolares y uniformes del programa \u00abImpulso Escolar\u00bb. El programa, seg\u00fan dijo la maestra Adlemi Arjona [&hellip;]<\/p>\n","protected":false},"author":3,"featured_media":100196,"comment_status":"closed","ping_status":"closed","sticky":false,"template":"","format":"standard","meta":{"footnotes":""},"categories":[3],"tags":[],"class_list":{"0":"post-100195","1":"post","2":"type-post","3":"status-publish","4":"format-standard","5":"has-post-thumbnail","7":"category-yucatan"},"yoast_head":"<!-- This site is optimized with the Yoast SEO plugin v27.5 - https:\/\/yoast.com\/product\/yoast-seo-wordpress\/ -->\n<title>Entregan apoyos a ni\u00f1os de Kanas\u00edn - Yucat\u00e1n en corto<\/title>\n<meta name=\"robots\" content=\"index, follow, max-snippet:-1, max-image-preview:large, max-video-preview:-1\" \/>\n<link rel=\"canonical\" href=\"https:\/\/www.yucatanencorto.com\/noticias\/entregan-apoyos-a-ninos-de-kanasin\/\" \/>\n<meta property=\"og:locale\" content=\"es_ES\" \/>\n<meta property=\"og:type\" content=\"article\" \/>\n<meta property=\"og:title\" content=\"Entregan apoyos a ni\u00f1os de Kanas\u00edn - Yucat\u00e1n en corto\" \/>\n<meta property=\"og:description\" content=\"KANAS\u00cdN, Yucat\u00e1n a 28 de septiembre 2023- La ma\u00f1ana de este jueves representantes de la Segey, Sesedol y autoridades escolares y del municipio de Kanas\u00edn estuvieron presentes en la escuela \u00ab18 de marzo\u00bb de Mulchech\u00e9n para la entrega de \u00fatiles escolares y uniformes del programa \u00abImpulso Escolar\u00bb. El programa, seg\u00fan dijo la maestra Adlemi Arjona [&hellip;]\" \/>\n<meta property=\"og:url\" content=\"https:\/\/www.yucatanencorto.com\/noticias\/entregan-apoyos-a-ninos-de-kanasin\/\" \/>\n<meta property=\"og:site_name\" content=\"Yucat\u00e1n en corto\" \/>\n<meta property=\"article:publisher\" content=\"http:\/\/www.facebook.com\/yucatanencorto\" \/>\n<meta property=\"article:published_time\" content=\"2023-09-28T22:33:03+00:00\" \/>\n<meta property=\"og:image\" content=\"https:\/\/www.yucatanencorto.com\/noticias\/wp-content\/uploads\/2023\/09\/WhatsApp-Image-2023-09-28-at-16.07.42-1-scaled.jpeg\" \/>\n\t<meta property=\"og:image:width\" content=\"768\" \/>\n\t<meta property=\"og:image:height\" content=\"512\" \/>\n\t<meta property=\"og:image:type\" content=\"image\/jpeg\" \/>\n<meta name=\"author\" content=\"Redes\" \/>\n<meta name=\"twitter:card\" content=\"summary_large_image\" \/>\n<meta name=\"twitter:creator\" content=\"@yucatanencorto\" \/>\n<meta name=\"twitter:site\" content=\"@yucatanencorto\" \/>\n<meta name=\"twitter:label1\" content=\"Escrito por\" \/>\n\t<meta name=\"twitter:data1\" content=\"Redes\" \/>\n\t<meta name=\"twitter:label2\" content=\"Tiempo de lectura\" \/>\n\t<meta name=\"twitter:data2\" content=\"3 minutos\" \/>\n<script type=\"application\/ld+json\" class=\"yoast-schema-graph\">{\"@context\":\"https:\\\/\\\/schema.org\",\"@graph\":[{\"@type\":\"Article\",\"@id\":\"https:\\\/\\\/www.yucatanencorto.com\\\/noticias\\\/entregan-apoyos-a-ninos-de-kanasin\\\/#article\",\"isPartOf\":{\"@id\":\"https:\\\/\\\/www.yucatanencorto.com\\\/noticias\\\/entregan-apoyos-a-ninos-de-kanasin\\\/\"},\"author\":{\"name\":\"Redes\",\"@id\":\"https:\\\/\\\/www.yucatanencorto.com\\\/noticias\\\/#\\\/schema\\\/person\\\/e2fbdfaf30a07014a43940ce989f3119\"},\"headline\":\"Entregan apoyos a ni\u00f1os de Kanas\u00edn\",\"datePublished\":\"2023-09-28T22:33:03+00:00\",\"mainEntityOfPage\":{\"@id\":\"https:\\\/\\\/www.yucatanencorto.com\\\/noticias\\\/entregan-apoyos-a-ninos-de-kanasin\\\/\"},\"wordCount\":478,\"image\":{\"@id\":\"https:\\\/\\\/www.yucatanencorto.com\\\/noticias\\\/entregan-apoyos-a-ninos-de-kanasin\\\/#primaryimage\"},\"thumbnailUrl\":\"https:\\\/\\\/www.yucatanencorto.com\\\/noticias\\\/wp-content\\\/uploads\\\/2023\\\/09\\\/WhatsApp-Image-2023-09-28-at-16.07.42-1-scaled.jpeg\",\"articleSection\":[\"Yucat\u00e1n\"],\"inLanguage\":\"es\"},{\"@type\":\"WebPage\",\"@id\":\"https:\\\/\\\/www.yucatanencorto.com\\\/noticias\\\/entregan-apoyos-a-ninos-de-kanasin\\\/\",\"url\":\"https:\\\/\\\/www.yucatanencorto.com\\\/noticias\\\/entregan-apoyos-a-ninos-de-kanasin\\\/\",\"name\":\"Entregan apoyos a ni\u00f1os de Kanas\u00edn - Yucat\u00e1n en corto\",\"isPartOf\":{\"@id\":\"https:\\\/\\\/www.yucatanencorto.com\\\/noticias\\\/#website\"},\"primaryImageOfPage\":{\"@id\":\"https:\\\/\\\/www.yucatanencorto.com\\\/noticias\\\/entregan-apoyos-a-ninos-de-kanasin\\\/#primaryimage\"},\"image\":{\"@id\":\"https:\\\/\\\/www.yucatanencorto.com\\\/noticias\\\/entregan-apoyos-a-ninos-de-kanasin\\\/#primaryimage\"},\"thumbnailUrl\":\"https:\\\/\\\/www.yucatanencorto.com\\\/noticias\\\/wp-content\\\/uploads\\\/2023\\\/09\\\/WhatsApp-Image-2023-09-28-at-16.07.42-1-scaled.jpeg\",\"datePublished\":\"2023-09-28T22:33:03+00:00\",\"author\":{\"@id\":\"https:\\\/\\\/www.yucatanencorto.com\\\/noticias\\\/#\\\/schema\\\/person\\\/e2fbdfaf30a07014a43940ce989f3119\"},\"breadcrumb\":{\"@id\":\"https:\\\/\\\/www.yucatanencorto.com\\\/noticias\\\/entregan-apoyos-a-ninos-de-kanasin\\\/#breadcrumb\"},\"inLanguage\":\"es\",\"potentialAction\":[{\"@type\":\"ReadAction\",\"target\":[\"https:\\\/\\\/www.yucatanencorto.com\\\/noticias\\\/entregan-apoyos-a-ninos-de-kanasin\\\/\"]}]},{\"@type\":\"ImageObject\",\"inLanguage\":\"es\",\"@id\":\"https:\\\/\\\/www.yucatanencorto.com\\\/noticias\\\/entregan-apoyos-a-ninos-de-kanasin\\\/#primaryimage\",\"url\":\"https:\\\/\\\/www.yucatanencorto.com\\\/noticias\\\/wp-content\\\/uploads\\\/2023\\\/09\\\/WhatsApp-Image-2023-09-28-at-16.07.42-1-scaled.jpeg\",\"contentUrl\":\"https:\\\/\\\/www.yucatanencorto.com\\\/noticias\\\/wp-content\\\/uploads\\\/2023\\\/09\\\/WhatsApp-Image-2023-09-28-at-16.07.42-1-scaled.jpeg\",\"width\":768,\"height\":512},{\"@type\":\"BreadcrumbList\",\"@id\":\"https:\\\/\\\/www.yucatanencorto.com\\\/noticias\\\/entregan-apoyos-a-ninos-de-kanasin\\\/#breadcrumb\",\"itemListElement\":[{\"@type\":\"ListItem\",\"position\":1,\"name\":\"Portada\",\"item\":\"https:\\\/\\\/www.yucatanencorto.com\\\/noticias\\\/\"},{\"@type\":\"ListItem\",\"position\":2,\"name\":\"Entregan apoyos a ni\u00f1os de Kanas\u00edn\"}]},{\"@type\":\"WebSite\",\"@id\":\"https:\\\/\\\/www.yucatanencorto.com\\\/noticias\\\/#website\",\"url\":\"https:\\\/\\\/www.yucatanencorto.com\\\/noticias\\\/\",\"name\":\"Yucat\u00e1n en corto\",\"description\":\"Noticias\",\"potentialAction\":[{\"@type\":\"SearchAction\",\"target\":{\"@type\":\"EntryPoint\",\"urlTemplate\":\"https:\\\/\\\/www.yucatanencorto.com\\\/noticias\\\/?s={search_term_string}\"},\"query-input\":{\"@type\":\"PropertyValueSpecification\",\"valueRequired\":true,\"valueName\":\"search_term_string\"}}],\"inLanguage\":\"es\"},{\"@type\":\"Person\",\"@id\":\"https:\\\/\\\/www.yucatanencorto.com\\\/noticias\\\/#\\\/schema\\\/person\\\/e2fbdfaf30a07014a43940ce989f3119\",\"name\":\"Redes\",\"image\":{\"@type\":\"ImageObject\",\"inLanguage\":\"es\",\"@id\":\"https:\\\/\\\/secure.gravatar.com\\\/avatar\\\/5931a2d21dd7cc834f44c8c34fe56d90ed6d536ef452cbf870c7485b524dddd7?s=96&d=mm&r=g\",\"url\":\"https:\\\/\\\/secure.gravatar.com\\\/avatar\\\/5931a2d21dd7cc834f44c8c34fe56d90ed6d536ef452cbf870c7485b524dddd7?s=96&d=mm&r=g\",\"contentUrl\":\"https:\\\/\\\/secure.gravatar.com\\\/avatar\\\/5931a2d21dd7cc834f44c8c34fe56d90ed6d536ef452cbf870c7485b524dddd7?s=96&d=mm&r=g\",\"caption\":\"Redes\"},\"url\":\"https:\\\/\\\/www.yucatanencorto.com\\\/noticias\\\/author\\\/redes\\\/\"}]}<\/script>\n<!-- \/ Yoast SEO plugin. -->","yoast_head_json":{"title":"Entregan apoyos a ni\u00f1os de Kanas\u00edn - Yucat\u00e1n en corto","robots":{"index":"index","follow":"follow","max-snippet":"max-snippet:-1","max-image-preview":"max-image-preview:large","max-video-preview":"max-video-preview:-1"},"canonical":"https:\/\/www.yucatanencorto.com\/noticias\/entregan-apoyos-a-ninos-de-kanasin\/","og_locale":"es_ES","og_type":"article","og_title":"Entregan apoyos a ni\u00f1os de Kanas\u00edn - Yucat\u00e1n en corto","og_description":"KANAS\u00cdN, Yucat\u00e1n a 28 de septiembre 2023- La ma\u00f1ana de este jueves representantes de la Segey, Sesedol y autoridades escolares y del municipio de Kanas\u00edn estuvieron presentes en la escuela \u00ab18 de marzo\u00bb de Mulchech\u00e9n para la entrega de \u00fatiles escolares y uniformes del programa \u00abImpulso Escolar\u00bb. El programa, seg\u00fan dijo la maestra Adlemi Arjona [&hellip;]","og_url":"https:\/\/www.yucatanencorto.com\/noticias\/entregan-apoyos-a-ninos-de-kanasin\/","og_site_name":"Yucat\u00e1n en corto","article_publisher":"http:\/\/www.facebook.com\/yucatanencorto","article_published_time":"2023-09-28T22:33:03+00:00","og_image":[{"width":768,"height":512,"url":"https:\/\/www.yucatanencorto.com\/noticias\/wp-content\/uploads\/2023\/09\/WhatsApp-Image-2023-09-28-at-16.07.42-1-scaled.jpeg","type":"image\/jpeg"}],"author":"Redes","twitter_card":"summary_large_image","twitter_creator":"@yucatanencorto","twitter_site":"@yucatanencorto","twitter_misc":{"Escrito por":"Redes","Tiempo de lectura":"3 minutos"},"schema":{"@context":"https:\/\/schema.org","@graph":[{"@type":"Article","@id":"https:\/\/www.yucatanencorto.com\/noticias\/entregan-apoyos-a-ninos-de-kanasin\/#article","isPartOf":{"@id":"https:\/\/www.yucatanencorto.com\/noticias\/entregan-apoyos-a-ninos-de-kanasin\/"},"author":{"name":"Redes","@id":"https:\/\/www.yucatanencorto.com\/noticias\/#\/schema\/person\/e2fbdfaf30a07014a43940ce989f3119"},"headline":"Entregan apoyos a ni\u00f1os de Kanas\u00edn","datePublished":"2023-09-28T22:33:03+00:00","mainEntityOfPage":{"@id":"https:\/\/www.yucatanencorto.com\/noticias\/entregan-apoyos-a-ninos-de-kanasin\/"},"wordCount":478,"image":{"@id":"https:\/\/www.yucatanencorto.com\/noticias\/entregan-apoyos-a-ninos-de-kanasin\/#primaryimage"},"thumbnailUrl":"https:\/\/www.yucatanencorto.com\/noticias\/wp-content\/uploads\/2023\/09\/WhatsApp-Image-2023-09-28-at-16.07.42-1-scaled.jpeg","articleSection":["Yucat\u00e1n"],"inLanguage":"es"},{"@type":"WebPage","@id":"https:\/\/www.yucatanencorto.com\/noticias\/entregan-apoyos-a-ninos-de-kanasin\/","url":"https:\/\/www.yucatanencorto.com\/noticias\/entregan-apoyos-a-ninos-de-kanasin\/","name":"Entregan apoyos a ni\u00f1os de Kanas\u00edn - Yucat\u00e1n en corto","isPartOf":{"@id":"https:\/\/www.yucatanencorto.com\/noticias\/#website"},"primaryImageOfPage":{"@id":"https:\/\/www.yucatanencorto.com\/noticias\/entregan-apoyos-a-ninos-de-kanasin\/#primaryimage"},"image":{"@id":"https:\/\/www.yucatanencorto.com\/noticias\/entregan-apoyos-a-ninos-de-kanasin\/#primaryimage"},"thumbnailUrl":"https:\/\/www.yucatanencorto.com\/noticias\/wp-content\/uploads\/2023\/09\/WhatsApp-Image-2023-09-28-at-16.07.42-1-scaled.jpeg","datePublished":"2023-09-28T22:33:03+00:00","author":{"@id":"https:\/\/www.yucatanencorto.com\/noticias\/#\/schema\/person\/e2fbdfaf30a07014a43940ce989f3119"},"breadcrumb":{"@id":"https:\/\/www.yucatanencorto.com\/noticias\/entregan-apoyos-a-ninos-de-kanasin\/#breadcrumb"},"inLanguage":"es","potentialAction":[{"@type":"ReadAction","target":["https:\/\/www.yucatanencorto.com\/noticias\/entregan-apoyos-a-ninos-de-kanasin\/"]}]},{"@type":"ImageObject","inLanguage":"es","@id":"https:\/\/www.yucatanencorto.com\/noticias\/entregan-apoyos-a-ninos-de-kanasin\/#primaryimage","url":"https:\/\/www.yucatanencorto.com\/noticias\/wp-content\/uploads\/2023\/09\/WhatsApp-Image-2023-09-28-at-16.07.42-1-scaled.jpeg","contentUrl":"https:\/\/www.yucatanencorto.com\/noticias\/wp-content\/uploads\/2023\/09\/WhatsApp-Image-2023-09-28-at-16.07.42-1-scaled.jpeg","width":768,"height":512},{"@type":"BreadcrumbList","@id":"https:\/\/www.yucatanencorto.com\/noticias\/entregan-apoyos-a-ninos-de-kanasin\/#breadcrumb","itemListElement":[{"@type":"ListItem","position":1,"name":"Portada","item":"https:\/\/www.yucatanencorto.com\/noticias\/"},{"@type":"ListItem","position":2,"name":"Entregan apoyos a ni\u00f1os de Kanas\u00edn"}]},{"@type":"WebSite","@id":"https:\/\/www.yucatanencorto.com\/noticias\/#website","url":"https:\/\/www.yucatanencorto.com\/noticias\/","name":"Yucat\u00e1n en corto","description":"Noticias","potentialAction":[{"@type":"SearchAction","target":{"@type":"EntryPoint","urlTemplate":"https:\/\/www.yucatanencorto.com\/noticias\/?s={search_term_string}"},"query-input":{"@type":"PropertyValueSpecification","valueRequired":true,"valueName":"search_term_string"}}],"inLanguage":"es"},{"@type":"Person","@id":"https:\/\/www.yucatanencorto.com\/noticias\/#\/schema\/person\/e2fbdfaf30a07014a43940ce989f3119","name":"Redes","image":{"@type":"ImageObject","inLanguage":"es","@id":"https:\/\/secure.gravatar.com\/avatar\/5931a2d21dd7cc834f44c8c34fe56d90ed6d536ef452cbf870c7485b524dddd7?s=96&d=mm&r=g","url":"https:\/\/secure.gravatar.com\/avatar\/5931a2d21dd7cc834f44c8c34fe56d90ed6d536ef452cbf870c7485b524dddd7?s=96&d=mm&r=g","contentUrl":"https:\/\/secure.gravatar.com\/avatar\/5931a2d21dd7cc834f44c8c34fe56d90ed6d536ef452cbf870c7485b524dddd7?s=96&d=mm&r=g","caption":"Redes"},"url":"https:\/\/www.yucatanencorto.com\/noticias\/author\/redes\/"}]}},"_links":{"self":[{"href":"https:\/\/www.yucatanencorto.com\/noticias\/wp-json\/wp\/v2\/posts\/100195","targetHints":{"allow":["GET"]}}],"collection":[{"href":"https:\/\/www.yucatanencorto.com\/noticias\/wp-json\/wp\/v2\/posts"}],"about":[{"href":"https:\/\/www.yucatanencorto.com\/noticias\/wp-json\/wp\/v2\/types\/post"}],"author":[{"embeddable":true,"href":"https:\/\/www.yucatanencorto.com\/noticias\/wp-json\/wp\/v2\/users\/3"}],"replies":[{"embeddable":true,"href":"https:\/\/www.yucatanencorto.com\/noticias\/wp-json\/wp\/v2\/comments?post=100195"}],"version-history":[{"count":0,"href":"https:\/\/www.yucatanencorto.com\/noticias\/wp-json\/wp\/v2\/posts\/100195\/revisions"}],"wp:featuredmedia":[{"embeddable":true,"href":"https:\/\/www.yucatanencorto.com\/noticias\/wp-json\/wp\/v2\/media\/100196"}],"wp:attachment":[{"href":"https:\/\/www.yucatanencorto.com\/noticias\/wp-json\/wp\/v2\/media?parent=100195"}],"wp:term":[{"taxonomy":"category","embeddable":true,"href":"https:\/\/www.yucatanencorto.com\/noticias\/wp-json\/wp\/v2\/categories?post=100195"},{"taxonomy":"post_tag","embeddable":true,"href":"https:\/\/www.yucatanencorto.com\/noticias\/wp-json\/wp\/v2\/tags?post=100195"}],"curies":[{"name":"wp","href":"https:\/\/api.w.org\/{rel}","templated":true}]}}