{"id":100198,"date":"2023-09-28T17:49:32","date_gmt":"2023-09-28T23:49:32","guid":{"rendered":"https:\/\/www.yucatanencorto.com\/noticias\/?p=100198"},"modified":"2023-09-28T17:49:32","modified_gmt":"2023-09-28T23:49:32","slug":"merida-es-una-ciudad-moderna-y-digital","status":"publish","type":"post","link":"https:\/\/www.yucatanencorto.com\/noticias\/merida-es-una-ciudad-moderna-y-digital\/","title":{"rendered":"M\u00e9rida es una ciudad moderna y digital"},"content":{"rendered":"<p><img loading=\"lazy\" decoding=\"async\" class=\"alignnone size-full wp-image-100199\" src=\"https:\/\/www.yucatanencorto.com\/noticias\/wp-content\/uploads\/2023\/09\/WhatsApp-Image-2023-09-28-at-17.45.05-scaled.jpeg\" alt=\"\" width=\"768\" height=\"556\" srcset=\"https:\/\/www.yucatanencorto.com\/noticias\/wp-content\/uploads\/2023\/09\/WhatsApp-Image-2023-09-28-at-17.45.05-scaled.jpeg 768w, https:\/\/www.yucatanencorto.com\/noticias\/wp-content\/uploads\/2023\/09\/WhatsApp-Image-2023-09-28-at-17.45.05-696x504.jpeg 696w, https:\/\/www.yucatanencorto.com\/noticias\/wp-content\/uploads\/2023\/09\/WhatsApp-Image-2023-09-28-at-17.45.05-1068x773.jpeg 1068w, https:\/\/www.yucatanencorto.com\/noticias\/wp-content\/uploads\/2023\/09\/WhatsApp-Image-2023-09-28-at-17.45.05-580x420.jpeg 580w, https:\/\/www.yucatanencorto.com\/noticias\/wp-content\/uploads\/2023\/09\/WhatsApp-Image-2023-09-28-at-17.45.05-324x235.jpeg 324w\" sizes=\"auto, (max-width: 768px) 100vw, 768px\" \/><br \/>\nM\u00e9rida, Yucat\u00e1n a 28 de septiembre de 2023.- En diez a\u00f1os hemos construido una M\u00e9rida con mayor modernidad y altamente digitalizada, donde le ofrecemos a la poblaci\u00f3n m\u00e1s servicios y tr\u00e1mites en l\u00ednea mediante plataformas y aplicaciones sencillas de utilizar desde una computadora o tel\u00e9fono celular, inform\u00f3 el Alcalde Ren\u00e1n Barrera Concha.<br \/>\nDurante su participaci\u00f3n en la conferencia magistral \u201cTransformaci\u00f3n Digital Colaborativa\u201d, que se realiz\u00f3 en el marco del Congreso Yucat\u00e1n i6 2023, el Presidente Municipal anunci\u00f3 que para que M\u00e9rida se mantenga a la vanguardia se pondr\u00e1 en marcha el programa Ciencia de Datos e Inteligencia Artificial (IA) para ser m\u00e1s eficientes, tomar decisiones informadas y mejorar los servicios p\u00fablicos.<br \/>\n\u00abA trav\u00e9s de esta AI, el gobierno municipal brindar\u00e1 m\u00e1s y mejores servicios a las y los habitantes del Municipio en los rubros de Atenci\u00f3n Ciudadana Automatizada, An\u00e1lisis de Datos, Predicci\u00f3n y Prevenci\u00f3n, Gesti\u00f3n de Recursos, Personalizaci\u00f3n de Servicios y Ciberseguridad\u00bb, present\u00f3.<br \/>\nAnte la presencia de Antonio Gonz\u00e1lez Blanco, director general del Instituto Yucateco de Emprendedores (IYEM), as\u00ed como de alumnas y los alumnos de los Institutos Tecnol\u00f3gicos de Tizim\u00edn, de Tekax, de Progreso y de Motul, Universidad Polit\u00e9cnica de Yucat\u00e1n e Integrantes del programa J\u00f3venes por M\u00e9rida, el Alcalde mencion\u00f3 que la cultura digital, iniciada hace diez a\u00f1os, ha permitido la simplificaci\u00f3n de los tr\u00e1mites municipales en l\u00ednea pasando de 15 mil, a 150 mil anuales \u201ccomo ejemplo podemos decir que del 3% de los predios que pagaban predial en l\u00ednea, ahora son casi el 50%, que representan m\u00e1s del 49% de la recaudaci\u00f3n\u201d.<br \/>\nDestac\u00f3 que estas acciones permiten el buen uso y aprovechamiento de las tecnolog\u00edas de informaci\u00f3n y comunicaciones con las que cuenta el Ayuntamiento para seguir impulsando los esfuerzos que permitan mantener la calidad de vida de las familias.<br \/>\n\u201cLa acci\u00f3n conjunta que tenemos con todas las instancias, desde sus \u00e1mbitos p\u00fablicos y particulares, coadyuvan a mantener el bienestar de la ciudadan\u00eda, a promover la competitividad y productividad y, de forma muy especial, la participaci\u00f3n ciudadana\u201d, expuso.<br \/>\nEn ese contexto, Barrera Concha coment\u00f3 que con la Secretar\u00eda de Participaci\u00f3n Ciudadana se trabaja de manera conjunta con los diferentes sectores de la sociedad para crear una agenda de fortalecimiento com\u00fan, en colaboraci\u00f3n con m\u00e1s de 90 aliados de la sociedad civil entre los que se encuentran empresas, universidades, organizaciones de la sociedad civil, entre otros.<br \/>\n\u201cContamos con diferentes herramientas y programas donde integramos a toda la sociedad. Entre ellos destacan Decide M\u00e9rida, M\u00e9rida Nos Une, Dise\u00f1o Participativo de Espacios P\u00fablicos, Mecanismos de Participaci\u00f3n Ciudadana, Nuevo Reglamento de participaci\u00f3n Ciudadana y Presupuesto Participativo, los cuales han tenido un gran \u00e9xito entre la poblaci\u00f3n que ha participado\u201d, mencion\u00f3.<br \/>\nDestac\u00f3 entre los logros basados en la cultura digital, los 208 sitios con Internet gratuito y 47 comisar\u00edas conectadas al Internet teniendo un registro de 1.5 millones de conexiones mensuales.<br \/>\nA\u00f1adi\u00f3 que para la recepci\u00f3n de reportes existen distintos medios como call center, p\u00e1gina web, aplicaci\u00f3n m\u00f3vil y redes sociales, a trav\u00e9s del cual se procesa en una base de datos y se ingresa en una geolocalizaci\u00f3n a fin de garantizar una pronta atenci\u00f3n.<br \/>\nSe\u00f1al\u00f3 que con M\u00e9rida M\u00f3vil se trabaja de la mano con las y los ciudadanos, ya que durante sus traslados en el municipio pueden ayudar a trav\u00e9s de su celular a detectar las zonas con necesidades de atenci\u00f3n al generar sus reportes de atenci\u00f3n a baches, luminarias y limpieza de parques y jardines.<br \/>\nOtro medio es Reporte Expr\u00e9s, abund\u00f3, mediante el cual las y los operadores de taxis reportan, en tiempo real y desde sus unidades, lo que identifican en sus recorridos. Los datos se procesan y son geo-referenciados en el Geoportal de M\u00e9rida. La informaci\u00f3n se integra al Sistema de Atenci\u00f3n Ciudadana.<\/p>\n","protected":false},"excerpt":{"rendered":"<p>M\u00e9rida, Yucat\u00e1n a 28 de septiembre de 2023.- En diez a\u00f1os hemos construido una M\u00e9rida con mayor modernidad y altamente digitalizada, donde le ofrecemos a la poblaci\u00f3n m\u00e1s servicios y tr\u00e1mites en l\u00ednea mediante plataformas y aplicaciones sencillas de utilizar desde una computadora o tel\u00e9fono celular, inform\u00f3 el Alcalde Ren\u00e1n Barrera Concha. Durante su participaci\u00f3n [&hellip;]<\/p>\n","protected":false},"author":3,"featured_media":100199,"comment_status":"closed","ping_status":"closed","sticky":false,"template":"","format":"standard","meta":{"footnotes":""},"categories":[2],"tags":[],"class_list":{"0":"post-100198","1":"post","2":"type-post","3":"status-publish","4":"format-standard","5":"has-post-thumbnail","7":"category-merida"},"yoast_head":"<!-- This site is optimized with the Yoast SEO plugin v27.5 - https:\/\/yoast.com\/product\/yoast-seo-wordpress\/ -->\n<title>M\u00e9rida es una ciudad moderna y digital - Yucat\u00e1n en corto<\/title>\n<meta name=\"robots\" content=\"index, follow, max-snippet:-1, max-image-preview:large, max-video-preview:-1\" \/>\n<link rel=\"canonical\" href=\"https:\/\/www.yucatanencorto.com\/noticias\/merida-es-una-ciudad-moderna-y-digital\/\" \/>\n<meta property=\"og:locale\" content=\"es_ES\" \/>\n<meta property=\"og:type\" content=\"article\" \/>\n<meta property=\"og:title\" content=\"M\u00e9rida es una ciudad moderna y digital - Yucat\u00e1n en corto\" \/>\n<meta property=\"og:description\" content=\"M\u00e9rida, Yucat\u00e1n a 28 de septiembre de 2023.- En diez a\u00f1os hemos construido una M\u00e9rida con mayor modernidad y altamente digitalizada, donde le ofrecemos a la poblaci\u00f3n m\u00e1s servicios y tr\u00e1mites en l\u00ednea mediante plataformas y aplicaciones sencillas de utilizar desde una computadora o tel\u00e9fono celular, inform\u00f3 el Alcalde Ren\u00e1n Barrera Concha. Durante su participaci\u00f3n [&hellip;]\" \/>\n<meta property=\"og:url\" content=\"https:\/\/www.yucatanencorto.com\/noticias\/merida-es-una-ciudad-moderna-y-digital\/\" \/>\n<meta property=\"og:site_name\" content=\"Yucat\u00e1n en corto\" \/>\n<meta property=\"article:publisher\" content=\"http:\/\/www.facebook.com\/yucatanencorto\" \/>\n<meta property=\"article:published_time\" content=\"2023-09-28T23:49:32+00:00\" \/>\n<meta property=\"og:image\" content=\"https:\/\/www.yucatanencorto.com\/noticias\/wp-content\/uploads\/2023\/09\/WhatsApp-Image-2023-09-28-at-17.45.05-scaled.jpeg\" \/>\n\t<meta property=\"og:image:width\" content=\"768\" \/>\n\t<meta property=\"og:image:height\" content=\"556\" \/>\n\t<meta property=\"og:image:type\" content=\"image\/jpeg\" \/>\n<meta name=\"author\" content=\"Redes\" \/>\n<meta name=\"twitter:card\" content=\"summary_large_image\" \/>\n<meta name=\"twitter:creator\" content=\"@yucatanencorto\" \/>\n<meta name=\"twitter:site\" content=\"@yucatanencorto\" \/>\n<meta name=\"twitter:label1\" content=\"Escrito por\" \/>\n\t<meta name=\"twitter:data1\" content=\"Redes\" \/>\n\t<meta name=\"twitter:label2\" content=\"Tiempo de lectura\" \/>\n\t<meta name=\"twitter:data2\" content=\"4 minutos\" \/>\n<script type=\"application\/ld+json\" class=\"yoast-schema-graph\">{\"@context\":\"https:\\\/\\\/schema.org\",\"@graph\":[{\"@type\":\"Article\",\"@id\":\"https:\\\/\\\/www.yucatanencorto.com\\\/noticias\\\/merida-es-una-ciudad-moderna-y-digital\\\/#article\",\"isPartOf\":{\"@id\":\"https:\\\/\\\/www.yucatanencorto.com\\\/noticias\\\/merida-es-una-ciudad-moderna-y-digital\\\/\"},\"author\":{\"name\":\"Redes\",\"@id\":\"https:\\\/\\\/www.yucatanencorto.com\\\/noticias\\\/#\\\/schema\\\/person\\\/e2fbdfaf30a07014a43940ce989f3119\"},\"headline\":\"M\u00e9rida es una ciudad moderna y digital\",\"datePublished\":\"2023-09-28T23:49:32+00:00\",\"mainEntityOfPage\":{\"@id\":\"https:\\\/\\\/www.yucatanencorto.com\\\/noticias\\\/merida-es-una-ciudad-moderna-y-digital\\\/\"},\"wordCount\":689,\"image\":{\"@id\":\"https:\\\/\\\/www.yucatanencorto.com\\\/noticias\\\/merida-es-una-ciudad-moderna-y-digital\\\/#primaryimage\"},\"thumbnailUrl\":\"https:\\\/\\\/www.yucatanencorto.com\\\/noticias\\\/wp-content\\\/uploads\\\/2023\\\/09\\\/WhatsApp-Image-2023-09-28-at-17.45.05-scaled.jpeg\",\"articleSection\":[\"M\u00e9rida\"],\"inLanguage\":\"es\"},{\"@type\":\"WebPage\",\"@id\":\"https:\\\/\\\/www.yucatanencorto.com\\\/noticias\\\/merida-es-una-ciudad-moderna-y-digital\\\/\",\"url\":\"https:\\\/\\\/www.yucatanencorto.com\\\/noticias\\\/merida-es-una-ciudad-moderna-y-digital\\\/\",\"name\":\"M\u00e9rida es una ciudad moderna y digital - Yucat\u00e1n en corto\",\"isPartOf\":{\"@id\":\"https:\\\/\\\/www.yucatanencorto.com\\\/noticias\\\/#website\"},\"primaryImageOfPage\":{\"@id\":\"https:\\\/\\\/www.yucatanencorto.com\\\/noticias\\\/merida-es-una-ciudad-moderna-y-digital\\\/#primaryimage\"},\"image\":{\"@id\":\"https:\\\/\\\/www.yucatanencorto.com\\\/noticias\\\/merida-es-una-ciudad-moderna-y-digital\\\/#primaryimage\"},\"thumbnailUrl\":\"https:\\\/\\\/www.yucatanencorto.com\\\/noticias\\\/wp-content\\\/uploads\\\/2023\\\/09\\\/WhatsApp-Image-2023-09-28-at-17.45.05-scaled.jpeg\",\"datePublished\":\"2023-09-28T23:49:32+00:00\",\"author\":{\"@id\":\"https:\\\/\\\/www.yucatanencorto.com\\\/noticias\\\/#\\\/schema\\\/person\\\/e2fbdfaf30a07014a43940ce989f3119\"},\"breadcrumb\":{\"@id\":\"https:\\\/\\\/www.yucatanencorto.com\\\/noticias\\\/merida-es-una-ciudad-moderna-y-digital\\\/#breadcrumb\"},\"inLanguage\":\"es\",\"potentialAction\":[{\"@type\":\"ReadAction\",\"target\":[\"https:\\\/\\\/www.yucatanencorto.com\\\/noticias\\\/merida-es-una-ciudad-moderna-y-digital\\\/\"]}]},{\"@type\":\"ImageObject\",\"inLanguage\":\"es\",\"@id\":\"https:\\\/\\\/www.yucatanencorto.com\\\/noticias\\\/merida-es-una-ciudad-moderna-y-digital\\\/#primaryimage\",\"url\":\"https:\\\/\\\/www.yucatanencorto.com\\\/noticias\\\/wp-content\\\/uploads\\\/2023\\\/09\\\/WhatsApp-Image-2023-09-28-at-17.45.05-scaled.jpeg\",\"contentUrl\":\"https:\\\/\\\/www.yucatanencorto.com\\\/noticias\\\/wp-content\\\/uploads\\\/2023\\\/09\\\/WhatsApp-Image-2023-09-28-at-17.45.05-scaled.jpeg\",\"width\":768,\"height\":556},{\"@type\":\"BreadcrumbList\",\"@id\":\"https:\\\/\\\/www.yucatanencorto.com\\\/noticias\\\/merida-es-una-ciudad-moderna-y-digital\\\/#breadcrumb\",\"itemListElement\":[{\"@type\":\"ListItem\",\"position\":1,\"name\":\"Portada\",\"item\":\"https:\\\/\\\/www.yucatanencorto.com\\\/noticias\\\/\"},{\"@type\":\"ListItem\",\"position\":2,\"name\":\"M\u00e9rida es una ciudad moderna y digital\"}]},{\"@type\":\"WebSite\",\"@id\":\"https:\\\/\\\/www.yucatanencorto.com\\\/noticias\\\/#website\",\"url\":\"https:\\\/\\\/www.yucatanencorto.com\\\/noticias\\\/\",\"name\":\"Yucat\u00e1n en corto\",\"description\":\"Noticias\",\"potentialAction\":[{\"@type\":\"SearchAction\",\"target\":{\"@type\":\"EntryPoint\",\"urlTemplate\":\"https:\\\/\\\/www.yucatanencorto.com\\\/noticias\\\/?s={search_term_string}\"},\"query-input\":{\"@type\":\"PropertyValueSpecification\",\"valueRequired\":true,\"valueName\":\"search_term_string\"}}],\"inLanguage\":\"es\"},{\"@type\":\"Person\",\"@id\":\"https:\\\/\\\/www.yucatanencorto.com\\\/noticias\\\/#\\\/schema\\\/person\\\/e2fbdfaf30a07014a43940ce989f3119\",\"name\":\"Redes\",\"image\":{\"@type\":\"ImageObject\",\"inLanguage\":\"es\",\"@id\":\"https:\\\/\\\/secure.gravatar.com\\\/avatar\\\/5931a2d21dd7cc834f44c8c34fe56d90ed6d536ef452cbf870c7485b524dddd7?s=96&d=mm&r=g\",\"url\":\"https:\\\/\\\/secure.gravatar.com\\\/avatar\\\/5931a2d21dd7cc834f44c8c34fe56d90ed6d536ef452cbf870c7485b524dddd7?s=96&d=mm&r=g\",\"contentUrl\":\"https:\\\/\\\/secure.gravatar.com\\\/avatar\\\/5931a2d21dd7cc834f44c8c34fe56d90ed6d536ef452cbf870c7485b524dddd7?s=96&d=mm&r=g\",\"caption\":\"Redes\"},\"url\":\"https:\\\/\\\/www.yucatanencorto.com\\\/noticias\\\/author\\\/redes\\\/\"}]}<\/script>\n<!-- \/ Yoast SEO plugin. -->","yoast_head_json":{"title":"M\u00e9rida es una ciudad moderna y digital - Yucat\u00e1n en corto","robots":{"index":"index","follow":"follow","max-snippet":"max-snippet:-1","max-image-preview":"max-image-preview:large","max-video-preview":"max-video-preview:-1"},"canonical":"https:\/\/www.yucatanencorto.com\/noticias\/merida-es-una-ciudad-moderna-y-digital\/","og_locale":"es_ES","og_type":"article","og_title":"M\u00e9rida es una ciudad moderna y digital - Yucat\u00e1n en corto","og_description":"M\u00e9rida, Yucat\u00e1n a 28 de septiembre de 2023.- En diez a\u00f1os hemos construido una M\u00e9rida con mayor modernidad y altamente digitalizada, donde le ofrecemos a la poblaci\u00f3n m\u00e1s servicios y tr\u00e1mites en l\u00ednea mediante plataformas y aplicaciones sencillas de utilizar desde una computadora o tel\u00e9fono celular, inform\u00f3 el Alcalde Ren\u00e1n Barrera Concha. Durante su participaci\u00f3n [&hellip;]","og_url":"https:\/\/www.yucatanencorto.com\/noticias\/merida-es-una-ciudad-moderna-y-digital\/","og_site_name":"Yucat\u00e1n en corto","article_publisher":"http:\/\/www.facebook.com\/yucatanencorto","article_published_time":"2023-09-28T23:49:32+00:00","og_image":[{"width":768,"height":556,"url":"https:\/\/www.yucatanencorto.com\/noticias\/wp-content\/uploads\/2023\/09\/WhatsApp-Image-2023-09-28-at-17.45.05-scaled.jpeg","type":"image\/jpeg"}],"author":"Redes","twitter_card":"summary_large_image","twitter_creator":"@yucatanencorto","twitter_site":"@yucatanencorto","twitter_misc":{"Escrito por":"Redes","Tiempo de lectura":"4 minutos"},"schema":{"@context":"https:\/\/schema.org","@graph":[{"@type":"Article","@id":"https:\/\/www.yucatanencorto.com\/noticias\/merida-es-una-ciudad-moderna-y-digital\/#article","isPartOf":{"@id":"https:\/\/www.yucatanencorto.com\/noticias\/merida-es-una-ciudad-moderna-y-digital\/"},"author":{"name":"Redes","@id":"https:\/\/www.yucatanencorto.com\/noticias\/#\/schema\/person\/e2fbdfaf30a07014a43940ce989f3119"},"headline":"M\u00e9rida es una ciudad moderna y digital","datePublished":"2023-09-28T23:49:32+00:00","mainEntityOfPage":{"@id":"https:\/\/www.yucatanencorto.com\/noticias\/merida-es-una-ciudad-moderna-y-digital\/"},"wordCount":689,"image":{"@id":"https:\/\/www.yucatanencorto.com\/noticias\/merida-es-una-ciudad-moderna-y-digital\/#primaryimage"},"thumbnailUrl":"https:\/\/www.yucatanencorto.com\/noticias\/wp-content\/uploads\/2023\/09\/WhatsApp-Image-2023-09-28-at-17.45.05-scaled.jpeg","articleSection":["M\u00e9rida"],"inLanguage":"es"},{"@type":"WebPage","@id":"https:\/\/www.yucatanencorto.com\/noticias\/merida-es-una-ciudad-moderna-y-digital\/","url":"https:\/\/www.yucatanencorto.com\/noticias\/merida-es-una-ciudad-moderna-y-digital\/","name":"M\u00e9rida es una ciudad moderna y digital - Yucat\u00e1n en corto","isPartOf":{"@id":"https:\/\/www.yucatanencorto.com\/noticias\/#website"},"primaryImageOfPage":{"@id":"https:\/\/www.yucatanencorto.com\/noticias\/merida-es-una-ciudad-moderna-y-digital\/#primaryimage"},"image":{"@id":"https:\/\/www.yucatanencorto.com\/noticias\/merida-es-una-ciudad-moderna-y-digital\/#primaryimage"},"thumbnailUrl":"https:\/\/www.yucatanencorto.com\/noticias\/wp-content\/uploads\/2023\/09\/WhatsApp-Image-2023-09-28-at-17.45.05-scaled.jpeg","datePublished":"2023-09-28T23:49:32+00:00","author":{"@id":"https:\/\/www.yucatanencorto.com\/noticias\/#\/schema\/person\/e2fbdfaf30a07014a43940ce989f3119"},"breadcrumb":{"@id":"https:\/\/www.yucatanencorto.com\/noticias\/merida-es-una-ciudad-moderna-y-digital\/#breadcrumb"},"inLanguage":"es","potentialAction":[{"@type":"ReadAction","target":["https:\/\/www.yucatanencorto.com\/noticias\/merida-es-una-ciudad-moderna-y-digital\/"]}]},{"@type":"ImageObject","inLanguage":"es","@id":"https:\/\/www.yucatanencorto.com\/noticias\/merida-es-una-ciudad-moderna-y-digital\/#primaryimage","url":"https:\/\/www.yucatanencorto.com\/noticias\/wp-content\/uploads\/2023\/09\/WhatsApp-Image-2023-09-28-at-17.45.05-scaled.jpeg","contentUrl":"https:\/\/www.yucatanencorto.com\/noticias\/wp-content\/uploads\/2023\/09\/WhatsApp-Image-2023-09-28-at-17.45.05-scaled.jpeg","width":768,"height":556},{"@type":"BreadcrumbList","@id":"https:\/\/www.yucatanencorto.com\/noticias\/merida-es-una-ciudad-moderna-y-digital\/#breadcrumb","itemListElement":[{"@type":"ListItem","position":1,"name":"Portada","item":"https:\/\/www.yucatanencorto.com\/noticias\/"},{"@type":"ListItem","position":2,"name":"M\u00e9rida es una ciudad moderna y digital"}]},{"@type":"WebSite","@id":"https:\/\/www.yucatanencorto.com\/noticias\/#website","url":"https:\/\/www.yucatanencorto.com\/noticias\/","name":"Yucat\u00e1n en corto","description":"Noticias","potentialAction":[{"@type":"SearchAction","target":{"@type":"EntryPoint","urlTemplate":"https:\/\/www.yucatanencorto.com\/noticias\/?s={search_term_string}"},"query-input":{"@type":"PropertyValueSpecification","valueRequired":true,"valueName":"search_term_string"}}],"inLanguage":"es"},{"@type":"Person","@id":"https:\/\/www.yucatanencorto.com\/noticias\/#\/schema\/person\/e2fbdfaf30a07014a43940ce989f3119","name":"Redes","image":{"@type":"ImageObject","inLanguage":"es","@id":"https:\/\/secure.gravatar.com\/avatar\/5931a2d21dd7cc834f44c8c34fe56d90ed6d536ef452cbf870c7485b524dddd7?s=96&d=mm&r=g","url":"https:\/\/secure.gravatar.com\/avatar\/5931a2d21dd7cc834f44c8c34fe56d90ed6d536ef452cbf870c7485b524dddd7?s=96&d=mm&r=g","contentUrl":"https:\/\/secure.gravatar.com\/avatar\/5931a2d21dd7cc834f44c8c34fe56d90ed6d536ef452cbf870c7485b524dddd7?s=96&d=mm&r=g","caption":"Redes"},"url":"https:\/\/www.yucatanencorto.com\/noticias\/author\/redes\/"}]}},"_links":{"self":[{"href":"https:\/\/www.yucatanencorto.com\/noticias\/wp-json\/wp\/v2\/posts\/100198","targetHints":{"allow":["GET"]}}],"collection":[{"href":"https:\/\/www.yucatanencorto.com\/noticias\/wp-json\/wp\/v2\/posts"}],"about":[{"href":"https:\/\/www.yucatanencorto.com\/noticias\/wp-json\/wp\/v2\/types\/post"}],"author":[{"embeddable":true,"href":"https:\/\/www.yucatanencorto.com\/noticias\/wp-json\/wp\/v2\/users\/3"}],"replies":[{"embeddable":true,"href":"https:\/\/www.yucatanencorto.com\/noticias\/wp-json\/wp\/v2\/comments?post=100198"}],"version-history":[{"count":0,"href":"https:\/\/www.yucatanencorto.com\/noticias\/wp-json\/wp\/v2\/posts\/100198\/revisions"}],"wp:featuredmedia":[{"embeddable":true,"href":"https:\/\/www.yucatanencorto.com\/noticias\/wp-json\/wp\/v2\/media\/100199"}],"wp:attachment":[{"href":"https:\/\/www.yucatanencorto.com\/noticias\/wp-json\/wp\/v2\/media?parent=100198"}],"wp:term":[{"taxonomy":"category","embeddable":true,"href":"https:\/\/www.yucatanencorto.com\/noticias\/wp-json\/wp\/v2\/categories?post=100198"},{"taxonomy":"post_tag","embeddable":true,"href":"https:\/\/www.yucatanencorto.com\/noticias\/wp-json\/wp\/v2\/tags?post=100198"}],"curies":[{"name":"wp","href":"https:\/\/api.w.org\/{rel}","templated":true}]}}