{"id":100201,"date":"2023-09-28T20:31:23","date_gmt":"2023-09-29T02:31:23","guid":{"rendered":"https:\/\/www.yucatanencorto.com\/noticias\/?p=100201"},"modified":"2023-09-28T20:31:23","modified_gmt":"2023-09-29T02:31:23","slug":"en-sesion-ordinaria-de-cabildo-se-aprobaron-diversas-acciones-para-beneficio-de-las-familias","status":"publish","type":"post","link":"https:\/\/www.yucatanencorto.com\/noticias\/en-sesion-ordinaria-de-cabildo-se-aprobaron-diversas-acciones-para-beneficio-de-las-familias\/","title":{"rendered":"En Sesi\u00f3n Ordinaria de Cabildo se aprobaron diversas acciones para beneficio de las familias"},"content":{"rendered":"<p data-removefontsize=\"true\" data-originalcomputedfontsize=\"13.333333\"><img loading=\"lazy\" decoding=\"async\" class=\"alignnone size-full wp-image-100202\" src=\"https:\/\/www.yucatanencorto.com\/noticias\/wp-content\/uploads\/2023\/09\/IMG_5578-scaled.jpeg\" alt=\"\" width=\"768\" height=\"512\" srcset=\"https:\/\/www.yucatanencorto.com\/noticias\/wp-content\/uploads\/2023\/09\/IMG_5578-scaled.jpeg 768w, https:\/\/www.yucatanencorto.com\/noticias\/wp-content\/uploads\/2023\/09\/IMG_5578-696x464.jpeg 696w, https:\/\/www.yucatanencorto.com\/noticias\/wp-content\/uploads\/2023\/09\/IMG_5578-1068x712.jpeg 1068w, https:\/\/www.yucatanencorto.com\/noticias\/wp-content\/uploads\/2023\/09\/IMG_5578-630x420.jpeg 630w\" sizes=\"auto, (max-width: 768px) 100vw, 768px\" \/><br \/>\nM\u00e9rida, Yucat\u00e1n a 28 de septiembre de 2023.- Con la firma del convenio \u201cTest Data, Generador de Versiones P\u00fablicas\u201d que realizar\u00e1 el Ayuntamiento de M\u00e9rida con el Municipio de Guadalajara, se brindar\u00e1 una respuesta \u00e1gil y oportuna a las solicitudes de informaci\u00f3n que realice la ciudadan\u00eda v\u00eda la Unidad de Transparencia Municipal.<\/p>\n<p data-removefontsize=\"true\" data-originalcomputedfontsize=\"13.333333\">En la Sesi\u00f3n Ordinaria de Cabildo que se efectu\u00f3 en el Sal\u00f3n \u201cRosa Torre Gonz\u00e1lez\u201d, el Alcalde Ren\u00e1n Barrera Concha propuso la celebraci\u00f3n de un convenio con Guadalajara para establecer mecanismos que permitan responder en forma m\u00e1s \u00e1gil las solicitudes de informaci\u00f3n remitidas a las dependencias del Municipio.<\/p>\n<p data-removefontsize=\"true\" data-originalcomputedfontsize=\"13.333333\">\u201cNuestro compromiso es con la transparencia, por esa raz\u00f3n, al celebrar este convenio para implementar el uso del software Test Data, nos permitir\u00e1 estandarizar la generaci\u00f3n de versiones p\u00fablicas en las \u00e1reas administrativas logrando as\u00ed una mejora en los tiempos de respuestas para las solicitudes de la ciudadan\u00eda\u201d, expres\u00f3.<\/p>\n<p data-removefontsize=\"true\" data-originalcomputedfontsize=\"13.333333\">En la Sesi\u00f3n de Cabildo, se aprob\u00f3 la modificaci\u00f3n de la base tercera de la Convocatoria de la \u201cMedalla Silvio Zavala a la Cultura y las Artes\u201d, para incluir a la Escuela Superior de Artes de Yucat\u00e1n como integrante del Comit\u00e9 Dictaminador para elegir entre una terna de propuestas, a la o el recipiendario de esta presea.<\/p>\n<p data-removefontsize=\"true\" data-originalcomputedfontsize=\"13.333333\">As\u00ed, el Comit\u00e9 Dictaminador estar\u00e1 conformado por los rectores de la Universidad Modelo, la Universidad Aut\u00f3noma de Yucat\u00e1n y de la Universidad de las Artes de Yucat\u00e1n, quedando la presidencia a cargo del Rector de la Universidad Modelo, en atenci\u00f3n al origen acad\u00e9mico del ilustre yucateco.<\/p>\n<p data-removefontsize=\"true\" data-originalcomputedfontsize=\"13.333333\">En otros asuntos, el cuerpo edilicio autoriz\u00f3 celebrar dos convenios de Colaboraci\u00f3n: el primero con la Asociaci\u00f3n contra el C\u00e1ncer de Mama \u201cT\u00f3cate\u201d, con el objetivo de promover conjuntamente actividades que visibilicen y generen conciencia entre la poblaci\u00f3n sobre el c\u00e1ncer de mama, as\u00ed como su detecci\u00f3n oportuna y temprana que permita salvar vidas.<\/p>\n<p data-removefontsize=\"true\" data-originalcomputedfontsize=\"13.333333\">El segundo convenio, con el Poder Judicial del Estado de Yucat\u00e1n, el cual tendr\u00e1 por objeto concertar acciones rec\u00edprocas en materia de capacitaci\u00f3n, para continuar con la profesionalizaci\u00f3n de los servidores p\u00fablicos.<\/p>\n<p data-removefontsize=\"true\" data-originalcomputedfontsize=\"13.333333\">Tambi\u00e9n, las y los regidores aprobaron recibir la donaci\u00f3n de las obras art\u00edsticas propiedad de: Tania Ivonne Betancourt Guti\u00e9rrez, Rafael Alfonso P\u00e9rez y P\u00e9rez, Israel Brito L\u00f3pez y Felipe Daniel Mazzeo Caneda.<\/p>\n<p data-removefontsize=\"true\" data-originalcomputedfontsize=\"13.333333\">De igual manera, se aprob\u00f3 celebrar Convenios de Colaboraci\u00f3n para la Coedici\u00f3n de diez libros, con las personas morales denominadas \u00abTextofilia\u00bb, Sociedad Civil y \u201cFondo Blanco Ediciones\u201d, Sociedad por Acciones Simplificada de Capital Variable, as\u00ed como con la ciudadana Lilia Barajas Mart\u00ednez.<\/p>\n<p data-removefontsize=\"true\" data-originalcomputedfontsize=\"13.333333\">Las y los integrantes del Cabildo autorizaron recibir en donaci\u00f3n a t\u00edtulo gratuito dos cuatrimotos marca Italika cada una con valor de cincuenta y nueve mil novecientos noventa y nueve pesos, otorgados por la empresa \u201cBepensa Bebidas\u00bb, Sociedad An\u00f3nima de Capital Variable; celebrar un Contrato de Comodato con el Organismo P\u00fablico Descentralizado denominado \u201cInstituto de Movilidad y Desarrollo Urbano Territorial\u201d (IMDUT), mediante el cual se autoriza desincorporar una fracci\u00f3n del predio n\u00famero 105 de la calle 191 de la colonia Guadalupana.<\/p>\n<p data-removefontsize=\"true\" data-originalcomputedfontsize=\"13.333333\">Asimismo, aprobaron las Convocatorias 22 y 23, con las bases de las Licitaciones P\u00fablicas n\u00fameros AP23-FICON-6131-183, OC23-FICON-4414-184, OC23-FICON-4414-185, OC23-FICON-4414-186, OC23-FICON-4414-187, OC23-FICON-4414-188, VT23-FICON-6151-189, VT23-FICON-6141-190 y VT23-FICON-6142-191, que se realizar\u00e1n con Recursos del Fondo de Aportaciones para la Infraestructura Social Municipal y de las Demarcaciones Territoriales del Distrito Federal, relativas a la ampliaci\u00f3n de red de agua potable, construcci\u00f3n de cuartos de ba\u00f1os, cocina, dormitorios, techos y pisos firmes, tanques s\u00e9pticos para sanitarios, de calle, guarniciones, banquetas y de sistema de drenaje pluvial, en diversas colonias, fraccionamiento y comisar\u00edas de M\u00e9rida.<\/p>\n<p data-removefontsize=\"true\" data-originalcomputedfontsize=\"13.333333\">Asimismo, se aprobaron las Licitaciones P\u00fablicas n\u00fameros OC23-FPFCON-6121-192 y OC23-FPCON-6226-193, a ejecutarse con Recursos de Participaciones y Fiscales respectivamente, para la construcci\u00f3n de comedor y dormitorios en el edificio de la Polic\u00eda Municipal y la construcci\u00f3n de fosas en el Cementerio Xocl\u00e1n.<\/p>\n<p data-removefontsize=\"true\" data-originalcomputedfontsize=\"13.333333\">El Cabildo aprob\u00f3 contratar mediante el procedimiento de invitaci\u00f3n a cuando menos tres personas para realizar los trabajos de rehabilitaci\u00f3n de la cancha de tenis del fraccionamiento Los H\u00e9roes.<\/p>\n<p data-removefontsize=\"true\" data-originalcomputedfontsize=\"13.333333\">Finalmente, las y los regidores autorizaron las Convocatorias, bases y anexos de 5 Licitaciones P\u00fablicas, requeridas por las Direcciones de Servicios P\u00fablicos Municipales, Administraci\u00f3n y Unidad de Desarrollo Sustentable, por conducto de la Direcci\u00f3n de Administraci\u00f3n y Subdirecci\u00f3n de Administraci\u00f3n y de Proveedur\u00eda para adquirir recursos materiales necesarios para el funcionamiento de las tres dependencias.<\/p>\n","protected":false},"excerpt":{"rendered":"<p>M\u00e9rida, Yucat\u00e1n a 28 de septiembre de 2023.- Con la firma del convenio \u201cTest Data, Generador de Versiones P\u00fablicas\u201d que realizar\u00e1 el Ayuntamiento de M\u00e9rida con el Municipio de Guadalajara, se brindar\u00e1 una respuesta \u00e1gil y oportuna a las solicitudes de informaci\u00f3n que realice la ciudadan\u00eda v\u00eda la Unidad de Transparencia Municipal. En la Sesi\u00f3n [&hellip;]<\/p>\n","protected":false},"author":3,"featured_media":100202,"comment_status":"closed","ping_status":"closed","sticky":false,"template":"","format":"standard","meta":{"footnotes":""},"categories":[2],"tags":[],"class_list":{"0":"post-100201","1":"post","2":"type-post","3":"status-publish","4":"format-standard","5":"has-post-thumbnail","7":"category-merida"},"yoast_head":"<!-- This site is optimized with the Yoast SEO plugin v27.5 - https:\/\/yoast.com\/product\/yoast-seo-wordpress\/ -->\n<title>En Sesi\u00f3n Ordinaria de Cabildo se aprobaron diversas acciones para beneficio de las familias - Yucat\u00e1n en corto<\/title>\n<meta name=\"robots\" content=\"index, follow, max-snippet:-1, max-image-preview:large, max-video-preview:-1\" \/>\n<link rel=\"canonical\" href=\"https:\/\/www.yucatanencorto.com\/noticias\/en-sesion-ordinaria-de-cabildo-se-aprobaron-diversas-acciones-para-beneficio-de-las-familias\/\" \/>\n<meta property=\"og:locale\" content=\"es_ES\" \/>\n<meta property=\"og:type\" content=\"article\" \/>\n<meta property=\"og:title\" content=\"En Sesi\u00f3n Ordinaria de Cabildo se aprobaron diversas acciones para beneficio de las familias - Yucat\u00e1n en corto\" \/>\n<meta property=\"og:description\" content=\"M\u00e9rida, Yucat\u00e1n a 28 de septiembre de 2023.- Con la firma del convenio \u201cTest Data, Generador de Versiones P\u00fablicas\u201d que realizar\u00e1 el Ayuntamiento de M\u00e9rida con el Municipio de Guadalajara, se brindar\u00e1 una respuesta \u00e1gil y oportuna a las solicitudes de informaci\u00f3n que realice la ciudadan\u00eda v\u00eda la Unidad de Transparencia Municipal. En la Sesi\u00f3n [&hellip;]\" \/>\n<meta property=\"og:url\" content=\"https:\/\/www.yucatanencorto.com\/noticias\/en-sesion-ordinaria-de-cabildo-se-aprobaron-diversas-acciones-para-beneficio-de-las-familias\/\" \/>\n<meta property=\"og:site_name\" content=\"Yucat\u00e1n en corto\" \/>\n<meta property=\"article:publisher\" content=\"http:\/\/www.facebook.com\/yucatanencorto\" \/>\n<meta property=\"article:published_time\" content=\"2023-09-29T02:31:23+00:00\" \/>\n<meta property=\"og:image\" content=\"https:\/\/www.yucatanencorto.com\/noticias\/wp-content\/uploads\/2023\/09\/IMG_5578-scaled.jpeg\" \/>\n\t<meta property=\"og:image:width\" content=\"768\" \/>\n\t<meta property=\"og:image:height\" content=\"512\" \/>\n\t<meta property=\"og:image:type\" content=\"image\/jpeg\" \/>\n<meta name=\"author\" content=\"Redes\" \/>\n<meta name=\"twitter:card\" content=\"summary_large_image\" \/>\n<meta name=\"twitter:creator\" content=\"@yucatanencorto\" \/>\n<meta name=\"twitter:site\" content=\"@yucatanencorto\" \/>\n<meta name=\"twitter:label1\" content=\"Escrito por\" \/>\n\t<meta name=\"twitter:data1\" content=\"Redes\" \/>\n\t<meta name=\"twitter:label2\" content=\"Tiempo de lectura\" \/>\n\t<meta name=\"twitter:data2\" content=\"4 minutos\" \/>\n<script type=\"application\/ld+json\" class=\"yoast-schema-graph\">{\"@context\":\"https:\\\/\\\/schema.org\",\"@graph\":[{\"@type\":\"Article\",\"@id\":\"https:\\\/\\\/www.yucatanencorto.com\\\/noticias\\\/en-sesion-ordinaria-de-cabildo-se-aprobaron-diversas-acciones-para-beneficio-de-las-familias\\\/#article\",\"isPartOf\":{\"@id\":\"https:\\\/\\\/www.yucatanencorto.com\\\/noticias\\\/en-sesion-ordinaria-de-cabildo-se-aprobaron-diversas-acciones-para-beneficio-de-las-familias\\\/\"},\"author\":{\"name\":\"Redes\",\"@id\":\"https:\\\/\\\/www.yucatanencorto.com\\\/noticias\\\/#\\\/schema\\\/person\\\/e2fbdfaf30a07014a43940ce989f3119\"},\"headline\":\"En Sesi\u00f3n Ordinaria de Cabildo se aprobaron diversas acciones para beneficio de las familias\",\"datePublished\":\"2023-09-29T02:31:23+00:00\",\"mainEntityOfPage\":{\"@id\":\"https:\\\/\\\/www.yucatanencorto.com\\\/noticias\\\/en-sesion-ordinaria-de-cabildo-se-aprobaron-diversas-acciones-para-beneficio-de-las-familias\\\/\"},\"wordCount\":819,\"image\":{\"@id\":\"https:\\\/\\\/www.yucatanencorto.com\\\/noticias\\\/en-sesion-ordinaria-de-cabildo-se-aprobaron-diversas-acciones-para-beneficio-de-las-familias\\\/#primaryimage\"},\"thumbnailUrl\":\"https:\\\/\\\/www.yucatanencorto.com\\\/noticias\\\/wp-content\\\/uploads\\\/2023\\\/09\\\/IMG_5578-scaled.jpeg\",\"articleSection\":[\"M\u00e9rida\"],\"inLanguage\":\"es\"},{\"@type\":\"WebPage\",\"@id\":\"https:\\\/\\\/www.yucatanencorto.com\\\/noticias\\\/en-sesion-ordinaria-de-cabildo-se-aprobaron-diversas-acciones-para-beneficio-de-las-familias\\\/\",\"url\":\"https:\\\/\\\/www.yucatanencorto.com\\\/noticias\\\/en-sesion-ordinaria-de-cabildo-se-aprobaron-diversas-acciones-para-beneficio-de-las-familias\\\/\",\"name\":\"En Sesi\u00f3n Ordinaria de Cabildo se aprobaron diversas acciones para beneficio de las familias - Yucat\u00e1n en corto\",\"isPartOf\":{\"@id\":\"https:\\\/\\\/www.yucatanencorto.com\\\/noticias\\\/#website\"},\"primaryImageOfPage\":{\"@id\":\"https:\\\/\\\/www.yucatanencorto.com\\\/noticias\\\/en-sesion-ordinaria-de-cabildo-se-aprobaron-diversas-acciones-para-beneficio-de-las-familias\\\/#primaryimage\"},\"image\":{\"@id\":\"https:\\\/\\\/www.yucatanencorto.com\\\/noticias\\\/en-sesion-ordinaria-de-cabildo-se-aprobaron-diversas-acciones-para-beneficio-de-las-familias\\\/#primaryimage\"},\"thumbnailUrl\":\"https:\\\/\\\/www.yucatanencorto.com\\\/noticias\\\/wp-content\\\/uploads\\\/2023\\\/09\\\/IMG_5578-scaled.jpeg\",\"datePublished\":\"2023-09-29T02:31:23+00:00\",\"author\":{\"@id\":\"https:\\\/\\\/www.yucatanencorto.com\\\/noticias\\\/#\\\/schema\\\/person\\\/e2fbdfaf30a07014a43940ce989f3119\"},\"breadcrumb\":{\"@id\":\"https:\\\/\\\/www.yucatanencorto.com\\\/noticias\\\/en-sesion-ordinaria-de-cabildo-se-aprobaron-diversas-acciones-para-beneficio-de-las-familias\\\/#breadcrumb\"},\"inLanguage\":\"es\",\"potentialAction\":[{\"@type\":\"ReadAction\",\"target\":[\"https:\\\/\\\/www.yucatanencorto.com\\\/noticias\\\/en-sesion-ordinaria-de-cabildo-se-aprobaron-diversas-acciones-para-beneficio-de-las-familias\\\/\"]}]},{\"@type\":\"ImageObject\",\"inLanguage\":\"es\",\"@id\":\"https:\\\/\\\/www.yucatanencorto.com\\\/noticias\\\/en-sesion-ordinaria-de-cabildo-se-aprobaron-diversas-acciones-para-beneficio-de-las-familias\\\/#primaryimage\",\"url\":\"https:\\\/\\\/www.yucatanencorto.com\\\/noticias\\\/wp-content\\\/uploads\\\/2023\\\/09\\\/IMG_5578-scaled.jpeg\",\"contentUrl\":\"https:\\\/\\\/www.yucatanencorto.com\\\/noticias\\\/wp-content\\\/uploads\\\/2023\\\/09\\\/IMG_5578-scaled.jpeg\",\"width\":768,\"height\":512},{\"@type\":\"BreadcrumbList\",\"@id\":\"https:\\\/\\\/www.yucatanencorto.com\\\/noticias\\\/en-sesion-ordinaria-de-cabildo-se-aprobaron-diversas-acciones-para-beneficio-de-las-familias\\\/#breadcrumb\",\"itemListElement\":[{\"@type\":\"ListItem\",\"position\":1,\"name\":\"Portada\",\"item\":\"https:\\\/\\\/www.yucatanencorto.com\\\/noticias\\\/\"},{\"@type\":\"ListItem\",\"position\":2,\"name\":\"En Sesi\u00f3n Ordinaria de Cabildo se aprobaron diversas acciones para beneficio de las familias\"}]},{\"@type\":\"WebSite\",\"@id\":\"https:\\\/\\\/www.yucatanencorto.com\\\/noticias\\\/#website\",\"url\":\"https:\\\/\\\/www.yucatanencorto.com\\\/noticias\\\/\",\"name\":\"Yucat\u00e1n en corto\",\"description\":\"Noticias\",\"potentialAction\":[{\"@type\":\"SearchAction\",\"target\":{\"@type\":\"EntryPoint\",\"urlTemplate\":\"https:\\\/\\\/www.yucatanencorto.com\\\/noticias\\\/?s={search_term_string}\"},\"query-input\":{\"@type\":\"PropertyValueSpecification\",\"valueRequired\":true,\"valueName\":\"search_term_string\"}}],\"inLanguage\":\"es\"},{\"@type\":\"Person\",\"@id\":\"https:\\\/\\\/www.yucatanencorto.com\\\/noticias\\\/#\\\/schema\\\/person\\\/e2fbdfaf30a07014a43940ce989f3119\",\"name\":\"Redes\",\"image\":{\"@type\":\"ImageObject\",\"inLanguage\":\"es\",\"@id\":\"https:\\\/\\\/secure.gravatar.com\\\/avatar\\\/5931a2d21dd7cc834f44c8c34fe56d90ed6d536ef452cbf870c7485b524dddd7?s=96&d=mm&r=g\",\"url\":\"https:\\\/\\\/secure.gravatar.com\\\/avatar\\\/5931a2d21dd7cc834f44c8c34fe56d90ed6d536ef452cbf870c7485b524dddd7?s=96&d=mm&r=g\",\"contentUrl\":\"https:\\\/\\\/secure.gravatar.com\\\/avatar\\\/5931a2d21dd7cc834f44c8c34fe56d90ed6d536ef452cbf870c7485b524dddd7?s=96&d=mm&r=g\",\"caption\":\"Redes\"},\"url\":\"https:\\\/\\\/www.yucatanencorto.com\\\/noticias\\\/author\\\/redes\\\/\"}]}<\/script>\n<!-- \/ Yoast SEO plugin. -->","yoast_head_json":{"title":"En Sesi\u00f3n Ordinaria de Cabildo se aprobaron diversas acciones para beneficio de las familias - Yucat\u00e1n en corto","robots":{"index":"index","follow":"follow","max-snippet":"max-snippet:-1","max-image-preview":"max-image-preview:large","max-video-preview":"max-video-preview:-1"},"canonical":"https:\/\/www.yucatanencorto.com\/noticias\/en-sesion-ordinaria-de-cabildo-se-aprobaron-diversas-acciones-para-beneficio-de-las-familias\/","og_locale":"es_ES","og_type":"article","og_title":"En Sesi\u00f3n Ordinaria de Cabildo se aprobaron diversas acciones para beneficio de las familias - Yucat\u00e1n en corto","og_description":"M\u00e9rida, Yucat\u00e1n a 28 de septiembre de 2023.- Con la firma del convenio \u201cTest Data, Generador de Versiones P\u00fablicas\u201d que realizar\u00e1 el Ayuntamiento de M\u00e9rida con el Municipio de Guadalajara, se brindar\u00e1 una respuesta \u00e1gil y oportuna a las solicitudes de informaci\u00f3n que realice la ciudadan\u00eda v\u00eda la Unidad de Transparencia Municipal. En la Sesi\u00f3n [&hellip;]","og_url":"https:\/\/www.yucatanencorto.com\/noticias\/en-sesion-ordinaria-de-cabildo-se-aprobaron-diversas-acciones-para-beneficio-de-las-familias\/","og_site_name":"Yucat\u00e1n en corto","article_publisher":"http:\/\/www.facebook.com\/yucatanencorto","article_published_time":"2023-09-29T02:31:23+00:00","og_image":[{"width":768,"height":512,"url":"https:\/\/www.yucatanencorto.com\/noticias\/wp-content\/uploads\/2023\/09\/IMG_5578-scaled.jpeg","type":"image\/jpeg"}],"author":"Redes","twitter_card":"summary_large_image","twitter_creator":"@yucatanencorto","twitter_site":"@yucatanencorto","twitter_misc":{"Escrito por":"Redes","Tiempo de lectura":"4 minutos"},"schema":{"@context":"https:\/\/schema.org","@graph":[{"@type":"Article","@id":"https:\/\/www.yucatanencorto.com\/noticias\/en-sesion-ordinaria-de-cabildo-se-aprobaron-diversas-acciones-para-beneficio-de-las-familias\/#article","isPartOf":{"@id":"https:\/\/www.yucatanencorto.com\/noticias\/en-sesion-ordinaria-de-cabildo-se-aprobaron-diversas-acciones-para-beneficio-de-las-familias\/"},"author":{"name":"Redes","@id":"https:\/\/www.yucatanencorto.com\/noticias\/#\/schema\/person\/e2fbdfaf30a07014a43940ce989f3119"},"headline":"En Sesi\u00f3n Ordinaria de Cabildo se aprobaron diversas acciones para beneficio de las familias","datePublished":"2023-09-29T02:31:23+00:00","mainEntityOfPage":{"@id":"https:\/\/www.yucatanencorto.com\/noticias\/en-sesion-ordinaria-de-cabildo-se-aprobaron-diversas-acciones-para-beneficio-de-las-familias\/"},"wordCount":819,"image":{"@id":"https:\/\/www.yucatanencorto.com\/noticias\/en-sesion-ordinaria-de-cabildo-se-aprobaron-diversas-acciones-para-beneficio-de-las-familias\/#primaryimage"},"thumbnailUrl":"https:\/\/www.yucatanencorto.com\/noticias\/wp-content\/uploads\/2023\/09\/IMG_5578-scaled.jpeg","articleSection":["M\u00e9rida"],"inLanguage":"es"},{"@type":"WebPage","@id":"https:\/\/www.yucatanencorto.com\/noticias\/en-sesion-ordinaria-de-cabildo-se-aprobaron-diversas-acciones-para-beneficio-de-las-familias\/","url":"https:\/\/www.yucatanencorto.com\/noticias\/en-sesion-ordinaria-de-cabildo-se-aprobaron-diversas-acciones-para-beneficio-de-las-familias\/","name":"En Sesi\u00f3n Ordinaria de Cabildo se aprobaron diversas acciones para beneficio de las familias - Yucat\u00e1n en corto","isPartOf":{"@id":"https:\/\/www.yucatanencorto.com\/noticias\/#website"},"primaryImageOfPage":{"@id":"https:\/\/www.yucatanencorto.com\/noticias\/en-sesion-ordinaria-de-cabildo-se-aprobaron-diversas-acciones-para-beneficio-de-las-familias\/#primaryimage"},"image":{"@id":"https:\/\/www.yucatanencorto.com\/noticias\/en-sesion-ordinaria-de-cabildo-se-aprobaron-diversas-acciones-para-beneficio-de-las-familias\/#primaryimage"},"thumbnailUrl":"https:\/\/www.yucatanencorto.com\/noticias\/wp-content\/uploads\/2023\/09\/IMG_5578-scaled.jpeg","datePublished":"2023-09-29T02:31:23+00:00","author":{"@id":"https:\/\/www.yucatanencorto.com\/noticias\/#\/schema\/person\/e2fbdfaf30a07014a43940ce989f3119"},"breadcrumb":{"@id":"https:\/\/www.yucatanencorto.com\/noticias\/en-sesion-ordinaria-de-cabildo-se-aprobaron-diversas-acciones-para-beneficio-de-las-familias\/#breadcrumb"},"inLanguage":"es","potentialAction":[{"@type":"ReadAction","target":["https:\/\/www.yucatanencorto.com\/noticias\/en-sesion-ordinaria-de-cabildo-se-aprobaron-diversas-acciones-para-beneficio-de-las-familias\/"]}]},{"@type":"ImageObject","inLanguage":"es","@id":"https:\/\/www.yucatanencorto.com\/noticias\/en-sesion-ordinaria-de-cabildo-se-aprobaron-diversas-acciones-para-beneficio-de-las-familias\/#primaryimage","url":"https:\/\/www.yucatanencorto.com\/noticias\/wp-content\/uploads\/2023\/09\/IMG_5578-scaled.jpeg","contentUrl":"https:\/\/www.yucatanencorto.com\/noticias\/wp-content\/uploads\/2023\/09\/IMG_5578-scaled.jpeg","width":768,"height":512},{"@type":"BreadcrumbList","@id":"https:\/\/www.yucatanencorto.com\/noticias\/en-sesion-ordinaria-de-cabildo-se-aprobaron-diversas-acciones-para-beneficio-de-las-familias\/#breadcrumb","itemListElement":[{"@type":"ListItem","position":1,"name":"Portada","item":"https:\/\/www.yucatanencorto.com\/noticias\/"},{"@type":"ListItem","position":2,"name":"En Sesi\u00f3n Ordinaria de Cabildo se aprobaron diversas acciones para beneficio de las familias"}]},{"@type":"WebSite","@id":"https:\/\/www.yucatanencorto.com\/noticias\/#website","url":"https:\/\/www.yucatanencorto.com\/noticias\/","name":"Yucat\u00e1n en corto","description":"Noticias","potentialAction":[{"@type":"SearchAction","target":{"@type":"EntryPoint","urlTemplate":"https:\/\/www.yucatanencorto.com\/noticias\/?s={search_term_string}"},"query-input":{"@type":"PropertyValueSpecification","valueRequired":true,"valueName":"search_term_string"}}],"inLanguage":"es"},{"@type":"Person","@id":"https:\/\/www.yucatanencorto.com\/noticias\/#\/schema\/person\/e2fbdfaf30a07014a43940ce989f3119","name":"Redes","image":{"@type":"ImageObject","inLanguage":"es","@id":"https:\/\/secure.gravatar.com\/avatar\/5931a2d21dd7cc834f44c8c34fe56d90ed6d536ef452cbf870c7485b524dddd7?s=96&d=mm&r=g","url":"https:\/\/secure.gravatar.com\/avatar\/5931a2d21dd7cc834f44c8c34fe56d90ed6d536ef452cbf870c7485b524dddd7?s=96&d=mm&r=g","contentUrl":"https:\/\/secure.gravatar.com\/avatar\/5931a2d21dd7cc834f44c8c34fe56d90ed6d536ef452cbf870c7485b524dddd7?s=96&d=mm&r=g","caption":"Redes"},"url":"https:\/\/www.yucatanencorto.com\/noticias\/author\/redes\/"}]}},"_links":{"self":[{"href":"https:\/\/www.yucatanencorto.com\/noticias\/wp-json\/wp\/v2\/posts\/100201","targetHints":{"allow":["GET"]}}],"collection":[{"href":"https:\/\/www.yucatanencorto.com\/noticias\/wp-json\/wp\/v2\/posts"}],"about":[{"href":"https:\/\/www.yucatanencorto.com\/noticias\/wp-json\/wp\/v2\/types\/post"}],"author":[{"embeddable":true,"href":"https:\/\/www.yucatanencorto.com\/noticias\/wp-json\/wp\/v2\/users\/3"}],"replies":[{"embeddable":true,"href":"https:\/\/www.yucatanencorto.com\/noticias\/wp-json\/wp\/v2\/comments?post=100201"}],"version-history":[{"count":0,"href":"https:\/\/www.yucatanencorto.com\/noticias\/wp-json\/wp\/v2\/posts\/100201\/revisions"}],"wp:featuredmedia":[{"embeddable":true,"href":"https:\/\/www.yucatanencorto.com\/noticias\/wp-json\/wp\/v2\/media\/100202"}],"wp:attachment":[{"href":"https:\/\/www.yucatanencorto.com\/noticias\/wp-json\/wp\/v2\/media?parent=100201"}],"wp:term":[{"taxonomy":"category","embeddable":true,"href":"https:\/\/www.yucatanencorto.com\/noticias\/wp-json\/wp\/v2\/categories?post=100201"},{"taxonomy":"post_tag","embeddable":true,"href":"https:\/\/www.yucatanencorto.com\/noticias\/wp-json\/wp\/v2\/tags?post=100201"}],"curies":[{"name":"wp","href":"https:\/\/api.w.org\/{rel}","templated":true}]}}