{"id":100204,"date":"2023-09-28T20:45:58","date_gmt":"2023-09-29T02:45:58","guid":{"rendered":"https:\/\/www.yucatanencorto.com\/noticias\/?p=100204"},"modified":"2023-09-28T20:45:58","modified_gmt":"2023-09-29T02:45:58","slug":"aprueban-modificaciones-referentes-al-lenguaje-incluyente-y-no-sexista-para-nombrar-a-mujeres-y-hombres","status":"publish","type":"post","link":"https:\/\/www.yucatanencorto.com\/noticias\/aprueban-modificaciones-referentes-al-lenguaje-incluyente-y-no-sexista-para-nombrar-a-mujeres-y-hombres\/","title":{"rendered":"Aprueban modificaciones referentes al lenguaje incluyente y no sexista para nombrar a mujeres y hombres"},"content":{"rendered":"<p><img loading=\"lazy\" decoding=\"async\" class=\"alignnone size-full wp-image-100205\" src=\"https:\/\/www.yucatanencorto.com\/noticias\/wp-content\/uploads\/2023\/09\/9f35be1b-2ff8-4301-978e-a18e8c2de813-scaled.jpeg\" alt=\"\" width=\"768\" height=\"512\" srcset=\"https:\/\/www.yucatanencorto.com\/noticias\/wp-content\/uploads\/2023\/09\/9f35be1b-2ff8-4301-978e-a18e8c2de813-scaled.jpeg 768w, https:\/\/www.yucatanencorto.com\/noticias\/wp-content\/uploads\/2023\/09\/9f35be1b-2ff8-4301-978e-a18e8c2de813-696x464.jpeg 696w, https:\/\/www.yucatanencorto.com\/noticias\/wp-content\/uploads\/2023\/09\/9f35be1b-2ff8-4301-978e-a18e8c2de813-1068x712.jpeg 1068w, https:\/\/www.yucatanencorto.com\/noticias\/wp-content\/uploads\/2023\/09\/9f35be1b-2ff8-4301-978e-a18e8c2de813-630x420.jpeg 630w\" sizes=\"auto, (max-width: 768px) 100vw, 768px\" \/><\/p>\n<p>M\u00e9rida, Yucat\u00e1n a 28 de septiembre de 2023<\/p>\n<p>Por unanimidad las y los diputados de la LXIII Legislatura aprobaron el proyecto de dictamen de la comisi\u00f3n de Puntos Constitucionales y Gobernaci\u00f3n para modificar la Constituci\u00f3n Pol\u00edtica, la Ley de Gobierno del Poder Legislativo del Estado y su reglamento, el C\u00f3digo de la Administraci\u00f3n P\u00fablica y la Ley para la Igualdad entre Mujeres y Hombres referente al lenguaje incluyente y no sexista para nombrar a mujeres y hombres en el quehacer p\u00fablico competente.<\/p>\n<p>Al respecto, la diputada Dafne L\u00f3pez Osorio (PAN) expres\u00f3 que esta media aporta diferentes beneficios a la din\u00e1mica social, pues promueve la igualdad de oportunidades entre las personas, garantiza la representaci\u00f3n y respeto independientemente de su sexo o g\u00e9nero, desaf\u00eda los estereotipos de g\u00e9nero y evita las asignaciones de roles discriminatorios en sociedad, y alienta la participaci\u00f3n activa de las mujeres en la pol\u00edtica.<\/p>\n<p>\u201cEn conclusi\u00f3n, las reformas que ac\u00e1 se presentan son necesarias para avanzar hacia una sociedad m\u00e1s igualitaria. Al adoptar esta pr\u00e1ctica, demostramos nuestro compromiso con los derechos de todas las personas, sin importar su g\u00e9nero, y allanamos el camino para una sociedad m\u00e1s justa y equitativa\u201d, dijo.<\/p>\n<p>Como parte de los asuntos generales, la diputada Fabiola Loeza Novelo present\u00f3 una iniciativa para realizar cambios a la Ley local de los Derechos de las Ni\u00f1as, Ni\u00f1os y Adolescentes, para contemplar acciones de provisi\u00f3n que permita garantizar la sobrevivencia, bienestar y desarrollo pleno de \u00e9stos para dar satisfacci\u00f3n a sus derechos.<\/p>\n<p>\u201cSe contempla desde la subsistencia econ\u00f3mica hasta el m\u00e1ximo acceso integral a las pol\u00edticas p\u00fablicas para apoyar a quienes se encuentren en situaci\u00f3n de orfandad, as\u00ed, este tipo de acciones deber\u00e1n ejecutarse de manera urgente para salvaguardar la integridad del menor\u201d, agreg\u00f3.<\/p>\n<p>La diputada Vida G\u00f3mez Herrera, ante la M\u00e1xima Tribuna habl\u00f3 sobre la despenalizaci\u00f3n del aborto dictaminado el pasado 6 de septiembre por la Suprema Corte de Justicia de la Naci\u00f3n, en el marco de la conmemoraci\u00f3n del d\u00eda de acci\u00f3n global por el aborto legal, seguro y gratuito.<\/p>\n<p>\u201cHacemos un llamado a revisar nuestros pendientes, hoy no hay excusas para seguir postergando la discusi\u00f3n legislativa de la despenalizaci\u00f3n del aborto en Yucat\u00e1n\u201d, enfatiz\u00f3.<\/p>\n<p>En otro orden de ideas, el diputado Rafael Echazarreta Torres entreg\u00f3 al presidente de la Mesa Directiva su solicitud de licencia para separarse del cargo de diputado propietario.<\/p>\n<p>Como parte de los asuntos en cartera, se aprob\u00f3 el oficio enviado por el diputado con licencia Esteban Abraham Macari, donde solicita su reincorporaci\u00f3n como diputado de la LXIII Legislatura.<\/p>\n<p>A la comisi\u00f3n de Puntos Constitucionales y Gobernaci\u00f3n, se envi\u00f3 el oficio presentado por Carlos Alfonso Murillo K\u00fa por el que da conocimiento sobre su renuncia como consejero del Consejo de la Judicatura del Poder Judicial del Estado para contender por el cargo de titular de la Fiscal\u00eda Especializada de Combate a la Corrupci\u00f3n.<\/p>\n<p>En la plenaria, se dio lectura al oficio enviado por la C\u00e1mara de Diputados del Congreso de la Uni\u00f3n y el de Grettel Escalante Rendis, que informa su retiro para aspirar al cargo de magistrada del Tribunal de los Trabajadores del Estado y Municipios.<\/p>\n<p>Por \u00faltimo, se aprob\u00f3 la realizaci\u00f3n de la siguiente sesi\u00f3n para el mi\u00e9rcoles 4 de octubre a las 11 horas.<\/p>\n","protected":false},"excerpt":{"rendered":"<p>M\u00e9rida, Yucat\u00e1n a 28 de septiembre de 2023 Por unanimidad las y los diputados de la LXIII Legislatura aprobaron el proyecto de dictamen de la comisi\u00f3n de Puntos Constitucionales y Gobernaci\u00f3n para modificar la Constituci\u00f3n Pol\u00edtica, la Ley de Gobierno del Poder Legislativo del Estado y su reglamento, el C\u00f3digo de la Administraci\u00f3n P\u00fablica y [&hellip;]<\/p>\n","protected":false},"author":3,"featured_media":100205,"comment_status":"closed","ping_status":"closed","sticky":false,"template":"","format":"standard","meta":{"footnotes":""},"categories":[2],"tags":[],"class_list":{"0":"post-100204","1":"post","2":"type-post","3":"status-publish","4":"format-standard","5":"has-post-thumbnail","7":"category-merida"},"yoast_head":"<!-- This site is optimized with the Yoast SEO plugin v27.5 - https:\/\/yoast.com\/product\/yoast-seo-wordpress\/ -->\n<title>Aprueban modificaciones referentes al lenguaje incluyente y no sexista para nombrar a mujeres y hombres - Yucat\u00e1n en corto<\/title>\n<meta name=\"robots\" content=\"index, follow, max-snippet:-1, max-image-preview:large, max-video-preview:-1\" \/>\n<link rel=\"canonical\" href=\"https:\/\/www.yucatanencorto.com\/noticias\/aprueban-modificaciones-referentes-al-lenguaje-incluyente-y-no-sexista-para-nombrar-a-mujeres-y-hombres\/\" \/>\n<meta property=\"og:locale\" content=\"es_ES\" \/>\n<meta property=\"og:type\" content=\"article\" \/>\n<meta property=\"og:title\" content=\"Aprueban modificaciones referentes al lenguaje incluyente y no sexista para nombrar a mujeres y hombres - Yucat\u00e1n en corto\" \/>\n<meta property=\"og:description\" content=\"M\u00e9rida, Yucat\u00e1n a 28 de septiembre de 2023 Por unanimidad las y los diputados de la LXIII Legislatura aprobaron el proyecto de dictamen de la comisi\u00f3n de Puntos Constitucionales y Gobernaci\u00f3n para modificar la Constituci\u00f3n Pol\u00edtica, la Ley de Gobierno del Poder Legislativo del Estado y su reglamento, el C\u00f3digo de la Administraci\u00f3n P\u00fablica y [&hellip;]\" \/>\n<meta property=\"og:url\" content=\"https:\/\/www.yucatanencorto.com\/noticias\/aprueban-modificaciones-referentes-al-lenguaje-incluyente-y-no-sexista-para-nombrar-a-mujeres-y-hombres\/\" \/>\n<meta property=\"og:site_name\" content=\"Yucat\u00e1n en corto\" \/>\n<meta property=\"article:publisher\" content=\"http:\/\/www.facebook.com\/yucatanencorto\" \/>\n<meta property=\"article:published_time\" content=\"2023-09-29T02:45:58+00:00\" \/>\n<meta property=\"og:image\" content=\"https:\/\/www.yucatanencorto.com\/noticias\/wp-content\/uploads\/2023\/09\/9f35be1b-2ff8-4301-978e-a18e8c2de813-scaled.jpeg\" \/>\n\t<meta property=\"og:image:width\" content=\"768\" \/>\n\t<meta property=\"og:image:height\" content=\"512\" \/>\n\t<meta property=\"og:image:type\" content=\"image\/jpeg\" \/>\n<meta name=\"author\" content=\"Redes\" \/>\n<meta name=\"twitter:card\" content=\"summary_large_image\" \/>\n<meta name=\"twitter:creator\" content=\"@yucatanencorto\" \/>\n<meta name=\"twitter:site\" content=\"@yucatanencorto\" \/>\n<meta name=\"twitter:label1\" content=\"Escrito por\" \/>\n\t<meta name=\"twitter:data1\" content=\"Redes\" \/>\n\t<meta name=\"twitter:label2\" content=\"Tiempo de lectura\" \/>\n\t<meta name=\"twitter:data2\" content=\"3 minutos\" \/>\n<script type=\"application\/ld+json\" class=\"yoast-schema-graph\">{\"@context\":\"https:\\\/\\\/schema.org\",\"@graph\":[{\"@type\":\"Article\",\"@id\":\"https:\\\/\\\/www.yucatanencorto.com\\\/noticias\\\/aprueban-modificaciones-referentes-al-lenguaje-incluyente-y-no-sexista-para-nombrar-a-mujeres-y-hombres\\\/#article\",\"isPartOf\":{\"@id\":\"https:\\\/\\\/www.yucatanencorto.com\\\/noticias\\\/aprueban-modificaciones-referentes-al-lenguaje-incluyente-y-no-sexista-para-nombrar-a-mujeres-y-hombres\\\/\"},\"author\":{\"name\":\"Redes\",\"@id\":\"https:\\\/\\\/www.yucatanencorto.com\\\/noticias\\\/#\\\/schema\\\/person\\\/e2fbdfaf30a07014a43940ce989f3119\"},\"headline\":\"Aprueban modificaciones referentes al lenguaje incluyente y no sexista para nombrar a mujeres y hombres\",\"datePublished\":\"2023-09-29T02:45:58+00:00\",\"mainEntityOfPage\":{\"@id\":\"https:\\\/\\\/www.yucatanencorto.com\\\/noticias\\\/aprueban-modificaciones-referentes-al-lenguaje-incluyente-y-no-sexista-para-nombrar-a-mujeres-y-hombres\\\/\"},\"wordCount\":599,\"image\":{\"@id\":\"https:\\\/\\\/www.yucatanencorto.com\\\/noticias\\\/aprueban-modificaciones-referentes-al-lenguaje-incluyente-y-no-sexista-para-nombrar-a-mujeres-y-hombres\\\/#primaryimage\"},\"thumbnailUrl\":\"https:\\\/\\\/www.yucatanencorto.com\\\/noticias\\\/wp-content\\\/uploads\\\/2023\\\/09\\\/9f35be1b-2ff8-4301-978e-a18e8c2de813-scaled.jpeg\",\"articleSection\":[\"M\u00e9rida\"],\"inLanguage\":\"es\"},{\"@type\":\"WebPage\",\"@id\":\"https:\\\/\\\/www.yucatanencorto.com\\\/noticias\\\/aprueban-modificaciones-referentes-al-lenguaje-incluyente-y-no-sexista-para-nombrar-a-mujeres-y-hombres\\\/\",\"url\":\"https:\\\/\\\/www.yucatanencorto.com\\\/noticias\\\/aprueban-modificaciones-referentes-al-lenguaje-incluyente-y-no-sexista-para-nombrar-a-mujeres-y-hombres\\\/\",\"name\":\"Aprueban modificaciones referentes al lenguaje incluyente y no sexista para nombrar a mujeres y hombres - Yucat\u00e1n en corto\",\"isPartOf\":{\"@id\":\"https:\\\/\\\/www.yucatanencorto.com\\\/noticias\\\/#website\"},\"primaryImageOfPage\":{\"@id\":\"https:\\\/\\\/www.yucatanencorto.com\\\/noticias\\\/aprueban-modificaciones-referentes-al-lenguaje-incluyente-y-no-sexista-para-nombrar-a-mujeres-y-hombres\\\/#primaryimage\"},\"image\":{\"@id\":\"https:\\\/\\\/www.yucatanencorto.com\\\/noticias\\\/aprueban-modificaciones-referentes-al-lenguaje-incluyente-y-no-sexista-para-nombrar-a-mujeres-y-hombres\\\/#primaryimage\"},\"thumbnailUrl\":\"https:\\\/\\\/www.yucatanencorto.com\\\/noticias\\\/wp-content\\\/uploads\\\/2023\\\/09\\\/9f35be1b-2ff8-4301-978e-a18e8c2de813-scaled.jpeg\",\"datePublished\":\"2023-09-29T02:45:58+00:00\",\"author\":{\"@id\":\"https:\\\/\\\/www.yucatanencorto.com\\\/noticias\\\/#\\\/schema\\\/person\\\/e2fbdfaf30a07014a43940ce989f3119\"},\"breadcrumb\":{\"@id\":\"https:\\\/\\\/www.yucatanencorto.com\\\/noticias\\\/aprueban-modificaciones-referentes-al-lenguaje-incluyente-y-no-sexista-para-nombrar-a-mujeres-y-hombres\\\/#breadcrumb\"},\"inLanguage\":\"es\",\"potentialAction\":[{\"@type\":\"ReadAction\",\"target\":[\"https:\\\/\\\/www.yucatanencorto.com\\\/noticias\\\/aprueban-modificaciones-referentes-al-lenguaje-incluyente-y-no-sexista-para-nombrar-a-mujeres-y-hombres\\\/\"]}]},{\"@type\":\"ImageObject\",\"inLanguage\":\"es\",\"@id\":\"https:\\\/\\\/www.yucatanencorto.com\\\/noticias\\\/aprueban-modificaciones-referentes-al-lenguaje-incluyente-y-no-sexista-para-nombrar-a-mujeres-y-hombres\\\/#primaryimage\",\"url\":\"https:\\\/\\\/www.yucatanencorto.com\\\/noticias\\\/wp-content\\\/uploads\\\/2023\\\/09\\\/9f35be1b-2ff8-4301-978e-a18e8c2de813-scaled.jpeg\",\"contentUrl\":\"https:\\\/\\\/www.yucatanencorto.com\\\/noticias\\\/wp-content\\\/uploads\\\/2023\\\/09\\\/9f35be1b-2ff8-4301-978e-a18e8c2de813-scaled.jpeg\",\"width\":768,\"height\":512},{\"@type\":\"BreadcrumbList\",\"@id\":\"https:\\\/\\\/www.yucatanencorto.com\\\/noticias\\\/aprueban-modificaciones-referentes-al-lenguaje-incluyente-y-no-sexista-para-nombrar-a-mujeres-y-hombres\\\/#breadcrumb\",\"itemListElement\":[{\"@type\":\"ListItem\",\"position\":1,\"name\":\"Portada\",\"item\":\"https:\\\/\\\/www.yucatanencorto.com\\\/noticias\\\/\"},{\"@type\":\"ListItem\",\"position\":2,\"name\":\"Aprueban modificaciones referentes al lenguaje incluyente y no sexista para nombrar a mujeres y hombres\"}]},{\"@type\":\"WebSite\",\"@id\":\"https:\\\/\\\/www.yucatanencorto.com\\\/noticias\\\/#website\",\"url\":\"https:\\\/\\\/www.yucatanencorto.com\\\/noticias\\\/\",\"name\":\"Yucat\u00e1n en corto\",\"description\":\"Noticias\",\"potentialAction\":[{\"@type\":\"SearchAction\",\"target\":{\"@type\":\"EntryPoint\",\"urlTemplate\":\"https:\\\/\\\/www.yucatanencorto.com\\\/noticias\\\/?s={search_term_string}\"},\"query-input\":{\"@type\":\"PropertyValueSpecification\",\"valueRequired\":true,\"valueName\":\"search_term_string\"}}],\"inLanguage\":\"es\"},{\"@type\":\"Person\",\"@id\":\"https:\\\/\\\/www.yucatanencorto.com\\\/noticias\\\/#\\\/schema\\\/person\\\/e2fbdfaf30a07014a43940ce989f3119\",\"name\":\"Redes\",\"image\":{\"@type\":\"ImageObject\",\"inLanguage\":\"es\",\"@id\":\"https:\\\/\\\/secure.gravatar.com\\\/avatar\\\/5931a2d21dd7cc834f44c8c34fe56d90ed6d536ef452cbf870c7485b524dddd7?s=96&d=mm&r=g\",\"url\":\"https:\\\/\\\/secure.gravatar.com\\\/avatar\\\/5931a2d21dd7cc834f44c8c34fe56d90ed6d536ef452cbf870c7485b524dddd7?s=96&d=mm&r=g\",\"contentUrl\":\"https:\\\/\\\/secure.gravatar.com\\\/avatar\\\/5931a2d21dd7cc834f44c8c34fe56d90ed6d536ef452cbf870c7485b524dddd7?s=96&d=mm&r=g\",\"caption\":\"Redes\"},\"url\":\"https:\\\/\\\/www.yucatanencorto.com\\\/noticias\\\/author\\\/redes\\\/\"}]}<\/script>\n<!-- \/ Yoast SEO plugin. -->","yoast_head_json":{"title":"Aprueban modificaciones referentes al lenguaje incluyente y no sexista para nombrar a mujeres y hombres - Yucat\u00e1n en corto","robots":{"index":"index","follow":"follow","max-snippet":"max-snippet:-1","max-image-preview":"max-image-preview:large","max-video-preview":"max-video-preview:-1"},"canonical":"https:\/\/www.yucatanencorto.com\/noticias\/aprueban-modificaciones-referentes-al-lenguaje-incluyente-y-no-sexista-para-nombrar-a-mujeres-y-hombres\/","og_locale":"es_ES","og_type":"article","og_title":"Aprueban modificaciones referentes al lenguaje incluyente y no sexista para nombrar a mujeres y hombres - Yucat\u00e1n en corto","og_description":"M\u00e9rida, Yucat\u00e1n a 28 de septiembre de 2023 Por unanimidad las y los diputados de la LXIII Legislatura aprobaron el proyecto de dictamen de la comisi\u00f3n de Puntos Constitucionales y Gobernaci\u00f3n para modificar la Constituci\u00f3n Pol\u00edtica, la Ley de Gobierno del Poder Legislativo del Estado y su reglamento, el C\u00f3digo de la Administraci\u00f3n P\u00fablica y [&hellip;]","og_url":"https:\/\/www.yucatanencorto.com\/noticias\/aprueban-modificaciones-referentes-al-lenguaje-incluyente-y-no-sexista-para-nombrar-a-mujeres-y-hombres\/","og_site_name":"Yucat\u00e1n en corto","article_publisher":"http:\/\/www.facebook.com\/yucatanencorto","article_published_time":"2023-09-29T02:45:58+00:00","og_image":[{"width":768,"height":512,"url":"https:\/\/www.yucatanencorto.com\/noticias\/wp-content\/uploads\/2023\/09\/9f35be1b-2ff8-4301-978e-a18e8c2de813-scaled.jpeg","type":"image\/jpeg"}],"author":"Redes","twitter_card":"summary_large_image","twitter_creator":"@yucatanencorto","twitter_site":"@yucatanencorto","twitter_misc":{"Escrito por":"Redes","Tiempo de lectura":"3 minutos"},"schema":{"@context":"https:\/\/schema.org","@graph":[{"@type":"Article","@id":"https:\/\/www.yucatanencorto.com\/noticias\/aprueban-modificaciones-referentes-al-lenguaje-incluyente-y-no-sexista-para-nombrar-a-mujeres-y-hombres\/#article","isPartOf":{"@id":"https:\/\/www.yucatanencorto.com\/noticias\/aprueban-modificaciones-referentes-al-lenguaje-incluyente-y-no-sexista-para-nombrar-a-mujeres-y-hombres\/"},"author":{"name":"Redes","@id":"https:\/\/www.yucatanencorto.com\/noticias\/#\/schema\/person\/e2fbdfaf30a07014a43940ce989f3119"},"headline":"Aprueban modificaciones referentes al lenguaje incluyente y no sexista para nombrar a mujeres y hombres","datePublished":"2023-09-29T02:45:58+00:00","mainEntityOfPage":{"@id":"https:\/\/www.yucatanencorto.com\/noticias\/aprueban-modificaciones-referentes-al-lenguaje-incluyente-y-no-sexista-para-nombrar-a-mujeres-y-hombres\/"},"wordCount":599,"image":{"@id":"https:\/\/www.yucatanencorto.com\/noticias\/aprueban-modificaciones-referentes-al-lenguaje-incluyente-y-no-sexista-para-nombrar-a-mujeres-y-hombres\/#primaryimage"},"thumbnailUrl":"https:\/\/www.yucatanencorto.com\/noticias\/wp-content\/uploads\/2023\/09\/9f35be1b-2ff8-4301-978e-a18e8c2de813-scaled.jpeg","articleSection":["M\u00e9rida"],"inLanguage":"es"},{"@type":"WebPage","@id":"https:\/\/www.yucatanencorto.com\/noticias\/aprueban-modificaciones-referentes-al-lenguaje-incluyente-y-no-sexista-para-nombrar-a-mujeres-y-hombres\/","url":"https:\/\/www.yucatanencorto.com\/noticias\/aprueban-modificaciones-referentes-al-lenguaje-incluyente-y-no-sexista-para-nombrar-a-mujeres-y-hombres\/","name":"Aprueban modificaciones referentes al lenguaje incluyente y no sexista para nombrar a mujeres y hombres - Yucat\u00e1n en corto","isPartOf":{"@id":"https:\/\/www.yucatanencorto.com\/noticias\/#website"},"primaryImageOfPage":{"@id":"https:\/\/www.yucatanencorto.com\/noticias\/aprueban-modificaciones-referentes-al-lenguaje-incluyente-y-no-sexista-para-nombrar-a-mujeres-y-hombres\/#primaryimage"},"image":{"@id":"https:\/\/www.yucatanencorto.com\/noticias\/aprueban-modificaciones-referentes-al-lenguaje-incluyente-y-no-sexista-para-nombrar-a-mujeres-y-hombres\/#primaryimage"},"thumbnailUrl":"https:\/\/www.yucatanencorto.com\/noticias\/wp-content\/uploads\/2023\/09\/9f35be1b-2ff8-4301-978e-a18e8c2de813-scaled.jpeg","datePublished":"2023-09-29T02:45:58+00:00","author":{"@id":"https:\/\/www.yucatanencorto.com\/noticias\/#\/schema\/person\/e2fbdfaf30a07014a43940ce989f3119"},"breadcrumb":{"@id":"https:\/\/www.yucatanencorto.com\/noticias\/aprueban-modificaciones-referentes-al-lenguaje-incluyente-y-no-sexista-para-nombrar-a-mujeres-y-hombres\/#breadcrumb"},"inLanguage":"es","potentialAction":[{"@type":"ReadAction","target":["https:\/\/www.yucatanencorto.com\/noticias\/aprueban-modificaciones-referentes-al-lenguaje-incluyente-y-no-sexista-para-nombrar-a-mujeres-y-hombres\/"]}]},{"@type":"ImageObject","inLanguage":"es","@id":"https:\/\/www.yucatanencorto.com\/noticias\/aprueban-modificaciones-referentes-al-lenguaje-incluyente-y-no-sexista-para-nombrar-a-mujeres-y-hombres\/#primaryimage","url":"https:\/\/www.yucatanencorto.com\/noticias\/wp-content\/uploads\/2023\/09\/9f35be1b-2ff8-4301-978e-a18e8c2de813-scaled.jpeg","contentUrl":"https:\/\/www.yucatanencorto.com\/noticias\/wp-content\/uploads\/2023\/09\/9f35be1b-2ff8-4301-978e-a18e8c2de813-scaled.jpeg","width":768,"height":512},{"@type":"BreadcrumbList","@id":"https:\/\/www.yucatanencorto.com\/noticias\/aprueban-modificaciones-referentes-al-lenguaje-incluyente-y-no-sexista-para-nombrar-a-mujeres-y-hombres\/#breadcrumb","itemListElement":[{"@type":"ListItem","position":1,"name":"Portada","item":"https:\/\/www.yucatanencorto.com\/noticias\/"},{"@type":"ListItem","position":2,"name":"Aprueban modificaciones referentes al lenguaje incluyente y no sexista para nombrar a mujeres y hombres"}]},{"@type":"WebSite","@id":"https:\/\/www.yucatanencorto.com\/noticias\/#website","url":"https:\/\/www.yucatanencorto.com\/noticias\/","name":"Yucat\u00e1n en corto","description":"Noticias","potentialAction":[{"@type":"SearchAction","target":{"@type":"EntryPoint","urlTemplate":"https:\/\/www.yucatanencorto.com\/noticias\/?s={search_term_string}"},"query-input":{"@type":"PropertyValueSpecification","valueRequired":true,"valueName":"search_term_string"}}],"inLanguage":"es"},{"@type":"Person","@id":"https:\/\/www.yucatanencorto.com\/noticias\/#\/schema\/person\/e2fbdfaf30a07014a43940ce989f3119","name":"Redes","image":{"@type":"ImageObject","inLanguage":"es","@id":"https:\/\/secure.gravatar.com\/avatar\/5931a2d21dd7cc834f44c8c34fe56d90ed6d536ef452cbf870c7485b524dddd7?s=96&d=mm&r=g","url":"https:\/\/secure.gravatar.com\/avatar\/5931a2d21dd7cc834f44c8c34fe56d90ed6d536ef452cbf870c7485b524dddd7?s=96&d=mm&r=g","contentUrl":"https:\/\/secure.gravatar.com\/avatar\/5931a2d21dd7cc834f44c8c34fe56d90ed6d536ef452cbf870c7485b524dddd7?s=96&d=mm&r=g","caption":"Redes"},"url":"https:\/\/www.yucatanencorto.com\/noticias\/author\/redes\/"}]}},"_links":{"self":[{"href":"https:\/\/www.yucatanencorto.com\/noticias\/wp-json\/wp\/v2\/posts\/100204","targetHints":{"allow":["GET"]}}],"collection":[{"href":"https:\/\/www.yucatanencorto.com\/noticias\/wp-json\/wp\/v2\/posts"}],"about":[{"href":"https:\/\/www.yucatanencorto.com\/noticias\/wp-json\/wp\/v2\/types\/post"}],"author":[{"embeddable":true,"href":"https:\/\/www.yucatanencorto.com\/noticias\/wp-json\/wp\/v2\/users\/3"}],"replies":[{"embeddable":true,"href":"https:\/\/www.yucatanencorto.com\/noticias\/wp-json\/wp\/v2\/comments?post=100204"}],"version-history":[{"count":0,"href":"https:\/\/www.yucatanencorto.com\/noticias\/wp-json\/wp\/v2\/posts\/100204\/revisions"}],"wp:featuredmedia":[{"embeddable":true,"href":"https:\/\/www.yucatanencorto.com\/noticias\/wp-json\/wp\/v2\/media\/100205"}],"wp:attachment":[{"href":"https:\/\/www.yucatanencorto.com\/noticias\/wp-json\/wp\/v2\/media?parent=100204"}],"wp:term":[{"taxonomy":"category","embeddable":true,"href":"https:\/\/www.yucatanencorto.com\/noticias\/wp-json\/wp\/v2\/categories?post=100204"},{"taxonomy":"post_tag","embeddable":true,"href":"https:\/\/www.yucatanencorto.com\/noticias\/wp-json\/wp\/v2\/tags?post=100204"}],"curies":[{"name":"wp","href":"https:\/\/api.w.org\/{rel}","templated":true}]}}