{"id":100291,"date":"2023-10-05T16:14:09","date_gmt":"2023-10-05T22:14:09","guid":{"rendered":"https:\/\/www.yucatanencorto.com\/noticias\/?p=100291"},"modified":"2023-10-05T16:14:09","modified_gmt":"2023-10-05T22:14:09","slug":"aprueban-en-comision-las-modificaciones-a-la-ley-organica-del-poder-judicial","status":"publish","type":"post","link":"https:\/\/www.yucatanencorto.com\/noticias\/aprueban-en-comision-las-modificaciones-a-la-ley-organica-del-poder-judicial\/","title":{"rendered":"Aprueban en comisi\u00f3n las modificaciones a la Ley Org\u00e1nica del Poder Judicial"},"content":{"rendered":"<p><img loading=\"lazy\" decoding=\"async\" class=\"alignnone size-full wp-image-100292\" src=\"https:\/\/www.yucatanencorto.com\/noticias\/wp-content\/uploads\/2023\/10\/WhatsApp-Image-2023-10-05-at-15.19.18-scaled.jpeg\" alt=\"\" width=\"768\" height=\"512\" srcset=\"https:\/\/www.yucatanencorto.com\/noticias\/wp-content\/uploads\/2023\/10\/WhatsApp-Image-2023-10-05-at-15.19.18-scaled.jpeg 768w, https:\/\/www.yucatanencorto.com\/noticias\/wp-content\/uploads\/2023\/10\/WhatsApp-Image-2023-10-05-at-15.19.18-696x464.jpeg 696w, https:\/\/www.yucatanencorto.com\/noticias\/wp-content\/uploads\/2023\/10\/WhatsApp-Image-2023-10-05-at-15.19.18-1068x712.jpeg 1068w, https:\/\/www.yucatanencorto.com\/noticias\/wp-content\/uploads\/2023\/10\/WhatsApp-Image-2023-10-05-at-15.19.18-630x420.jpeg 630w\" sizes=\"auto, (max-width: 768px) 100vw, 768px\" \/><\/p>\n<p>M\u00e9rida, Yucat\u00e1n a 5 de octubre de 2023<\/p>\n<p>En sesi\u00f3n de la comisi\u00f3n de Justicia y Seguridad P\u00fablica, se aprob\u00f3 el proyecto de dictamen de la iniciativa para modificar la Ley Org\u00e1nica del Poder Judicial del Estado en materia de armonizaci\u00f3n, presentada por la magistrada Mar\u00eda Carolina Silvestre Canto Vald\u00e9s, presidenta del Tribunal Superior y el Consejo de la Judicatura del Poder Judicial.<\/p>\n<p>La aprobaci\u00f3n se realiz\u00f3 luego de que el diputado Gaspar Quintal Parra present\u00f3 las siguientes propuestas de modificaci\u00f3n para abonar a la iniciativa: que la fecha de presentaci\u00f3n del Presupuesto de Egresos de parte del Poder Judicial sea dentro de los cinco d\u00edas naturales siguientes a la fecha de presentaci\u00f3n del Presupuesto de Egresos del Gobierno del Estado, que la persona titular del Consejo de la Judicatura tenga a bien designar a dos consejeros para que comparezcan para rendir las aclaraciones o informes que se soliciten en relaci\u00f3n al presupuesto.<\/p>\n<p>Posteriormente, durante la continuaci\u00f3n del an\u00e1lisis de la iniciativa para adiciones y modificaciones a la Constituci\u00f3n Pol\u00edtica y el C\u00f3digo Penal ambas del estado; la expedici\u00f3n de la Ley de Protecci\u00f3n y Bienestar Animal y la abrogaci\u00f3n de la Ley de Protecci\u00f3n a la Fauna, se dio lectura a los comentarios de la comisi\u00f3n de Puntos Constitucionales.<\/p>\n<p>Previamente, en sesi\u00f3n de las comisiones unidas de Puntos Constitucionales y Gobernaci\u00f3n, y de Justicia y Seguridad P\u00fablica, se inform\u00f3 que el lunes 9 de octubre a las 10 horas se llevar\u00e1 a cabo la comparecencia de Ana Castillo Torres, quien aspira al cargo de magistrada del Tribunal de los Trabajadores al Servicio del Estado y de los Municipios del Poder Judicial del Estado.<\/p>\n<p>Para exponer los motivos por los cuales aspira al cargo, tendr\u00e1 hasta cinco minutos y el mismo tiempo para responder a los cuestionamientos que realicen las y los diputados.<\/p>\n<p>Cabe mencionar que la terna est\u00e1 conformada tambi\u00e9n por Guadalupe Sol\u00eds Rivera, Alejandro Herrera Lazo, quienes ya han comparecido previamente.<\/p>\n<p>Comisi\u00f3n de Educaci\u00f3n, Ciencia y Tecnolog\u00eda<\/p>\n<p>Durante la sesi\u00f3n de la comisi\u00f3n de Educaci\u00f3n, Ciencia y Tecnolog\u00eda, se aprob\u00f3 la elaboraci\u00f3n de un proyecto de convocatoria con el fin de llevar a cabo la consulta referente a la iniciativa por la que se crea la Ley de Educaci\u00f3n Superior del Estado y se reforma, deroga y adiciona contenido de diversos art\u00edculos de la Ley de Educaci\u00f3n del Estado.<\/p>\n<p>Se continu\u00f3 con el an\u00e1lisis de la iniciativa para adicionar una fracci\u00f3n al art\u00edculo 33 de la Ley de Educaci\u00f3n del Estado.<\/p>\n<p>Por \u00faltimo, se distribuyeron las iniciativas para adicionar un segundo p\u00e1rrafo al art\u00edculo 8 de la Ley de Educaci\u00f3n y se reforman art\u00edculos de esta, as\u00ed como de la Ley de Juventud, ambas del Estado.<\/p>\n<p>Comisi\u00f3n de Vigilancia de la Cuenta P\u00fablica, Transparencia y Anticorrupci\u00f3n<\/p>\n<p>Se solicit\u00f3 el proyecto de dictamen del oficio enviado por el auditor superior del Estado, Mario Can Mar\u00edn con el que remite la primera entrega de los informes individuales y un informe ejecutivo de los mismos; correspondientes a la revisi\u00f3n y fiscalizaci\u00f3n de la Cuenta P\u00fablica 2022.<\/p>\n<p>Comisi\u00f3n de Desarrollo Econ\u00f3mico y Fomento al Empleo<\/p>\n<p>Continuando con las actividades de la agenda legislativa, los diputados de la comisi\u00f3n de Desarrollo Econ\u00f3mico y Fomento al Empleo continuaron con el an\u00e1lisis de la iniciativa para modificar la Ley de Desarrollo Econ\u00f3mico y Fomento al Empleo en materia de actividad artesanal.<\/p>\n<p>Se distribuyeron las iniciativas referentes al emprendimiento con perspectiva de g\u00e9nero, a j\u00f3venes emprendedores y otra iniciativa para promover empresas respetuosas de derechos humanos en Yucat\u00e1n.<\/p>\n","protected":false},"excerpt":{"rendered":"<p>M\u00e9rida, Yucat\u00e1n a 5 de octubre de 2023 En sesi\u00f3n de la comisi\u00f3n de Justicia y Seguridad P\u00fablica, se aprob\u00f3 el proyecto de dictamen de la iniciativa para modificar la Ley Org\u00e1nica del Poder Judicial del Estado en materia de armonizaci\u00f3n, presentada por la magistrada Mar\u00eda Carolina Silvestre Canto Vald\u00e9s, presidenta del Tribunal Superior y [&hellip;]<\/p>\n","protected":false},"author":3,"featured_media":100292,"comment_status":"closed","ping_status":"closed","sticky":false,"template":"","format":"standard","meta":{"footnotes":""},"categories":[3],"tags":[],"class_list":{"0":"post-100291","1":"post","2":"type-post","3":"status-publish","4":"format-standard","5":"has-post-thumbnail","7":"category-yucatan"},"yoast_head":"<!-- This site is optimized with the Yoast SEO plugin v27.5 - https:\/\/yoast.com\/product\/yoast-seo-wordpress\/ -->\n<title>Aprueban en comisi\u00f3n las modificaciones a la Ley Org\u00e1nica del Poder Judicial - Yucat\u00e1n en corto<\/title>\n<meta name=\"robots\" content=\"index, follow, max-snippet:-1, max-image-preview:large, max-video-preview:-1\" \/>\n<link rel=\"canonical\" href=\"https:\/\/www.yucatanencorto.com\/noticias\/aprueban-en-comision-las-modificaciones-a-la-ley-organica-del-poder-judicial\/\" \/>\n<meta property=\"og:locale\" content=\"es_ES\" \/>\n<meta property=\"og:type\" content=\"article\" \/>\n<meta property=\"og:title\" content=\"Aprueban en comisi\u00f3n las modificaciones a la Ley Org\u00e1nica del Poder Judicial - Yucat\u00e1n en corto\" \/>\n<meta property=\"og:description\" content=\"M\u00e9rida, Yucat\u00e1n a 5 de octubre de 2023 En sesi\u00f3n de la comisi\u00f3n de Justicia y Seguridad P\u00fablica, se aprob\u00f3 el proyecto de dictamen de la iniciativa para modificar la Ley Org\u00e1nica del Poder Judicial del Estado en materia de armonizaci\u00f3n, presentada por la magistrada Mar\u00eda Carolina Silvestre Canto Vald\u00e9s, presidenta del Tribunal Superior y [&hellip;]\" \/>\n<meta property=\"og:url\" content=\"https:\/\/www.yucatanencorto.com\/noticias\/aprueban-en-comision-las-modificaciones-a-la-ley-organica-del-poder-judicial\/\" \/>\n<meta property=\"og:site_name\" content=\"Yucat\u00e1n en corto\" \/>\n<meta property=\"article:publisher\" content=\"http:\/\/www.facebook.com\/yucatanencorto\" \/>\n<meta property=\"article:published_time\" content=\"2023-10-05T22:14:09+00:00\" \/>\n<meta property=\"og:image\" content=\"https:\/\/www.yucatanencorto.com\/noticias\/wp-content\/uploads\/2023\/10\/WhatsApp-Image-2023-10-05-at-15.19.18-scaled.jpeg\" \/>\n\t<meta property=\"og:image:width\" content=\"768\" \/>\n\t<meta property=\"og:image:height\" content=\"512\" \/>\n\t<meta property=\"og:image:type\" content=\"image\/jpeg\" \/>\n<meta name=\"author\" content=\"Redes\" \/>\n<meta name=\"twitter:card\" content=\"summary_large_image\" \/>\n<meta name=\"twitter:creator\" content=\"@yucatanencorto\" \/>\n<meta name=\"twitter:site\" content=\"@yucatanencorto\" \/>\n<meta name=\"twitter:label1\" content=\"Escrito por\" \/>\n\t<meta name=\"twitter:data1\" content=\"Redes\" \/>\n\t<meta name=\"twitter:label2\" content=\"Tiempo de lectura\" \/>\n\t<meta name=\"twitter:data2\" content=\"3 minutos\" \/>\n<script type=\"application\/ld+json\" class=\"yoast-schema-graph\">{\"@context\":\"https:\\\/\\\/schema.org\",\"@graph\":[{\"@type\":\"Article\",\"@id\":\"https:\\\/\\\/www.yucatanencorto.com\\\/noticias\\\/aprueban-en-comision-las-modificaciones-a-la-ley-organica-del-poder-judicial\\\/#article\",\"isPartOf\":{\"@id\":\"https:\\\/\\\/www.yucatanencorto.com\\\/noticias\\\/aprueban-en-comision-las-modificaciones-a-la-ley-organica-del-poder-judicial\\\/\"},\"author\":{\"name\":\"Redes\",\"@id\":\"https:\\\/\\\/www.yucatanencorto.com\\\/noticias\\\/#\\\/schema\\\/person\\\/e2fbdfaf30a07014a43940ce989f3119\"},\"headline\":\"Aprueban en comisi\u00f3n las modificaciones a la Ley Org\u00e1nica del Poder Judicial\",\"datePublished\":\"2023-10-05T22:14:09+00:00\",\"mainEntityOfPage\":{\"@id\":\"https:\\\/\\\/www.yucatanencorto.com\\\/noticias\\\/aprueban-en-comision-las-modificaciones-a-la-ley-organica-del-poder-judicial\\\/\"},\"wordCount\":654,\"image\":{\"@id\":\"https:\\\/\\\/www.yucatanencorto.com\\\/noticias\\\/aprueban-en-comision-las-modificaciones-a-la-ley-organica-del-poder-judicial\\\/#primaryimage\"},\"thumbnailUrl\":\"https:\\\/\\\/www.yucatanencorto.com\\\/noticias\\\/wp-content\\\/uploads\\\/2023\\\/10\\\/WhatsApp-Image-2023-10-05-at-15.19.18-scaled.jpeg\",\"articleSection\":[\"Yucat\u00e1n\"],\"inLanguage\":\"es\"},{\"@type\":\"WebPage\",\"@id\":\"https:\\\/\\\/www.yucatanencorto.com\\\/noticias\\\/aprueban-en-comision-las-modificaciones-a-la-ley-organica-del-poder-judicial\\\/\",\"url\":\"https:\\\/\\\/www.yucatanencorto.com\\\/noticias\\\/aprueban-en-comision-las-modificaciones-a-la-ley-organica-del-poder-judicial\\\/\",\"name\":\"Aprueban en comisi\u00f3n las modificaciones a la Ley Org\u00e1nica del Poder Judicial - Yucat\u00e1n en corto\",\"isPartOf\":{\"@id\":\"https:\\\/\\\/www.yucatanencorto.com\\\/noticias\\\/#website\"},\"primaryImageOfPage\":{\"@id\":\"https:\\\/\\\/www.yucatanencorto.com\\\/noticias\\\/aprueban-en-comision-las-modificaciones-a-la-ley-organica-del-poder-judicial\\\/#primaryimage\"},\"image\":{\"@id\":\"https:\\\/\\\/www.yucatanencorto.com\\\/noticias\\\/aprueban-en-comision-las-modificaciones-a-la-ley-organica-del-poder-judicial\\\/#primaryimage\"},\"thumbnailUrl\":\"https:\\\/\\\/www.yucatanencorto.com\\\/noticias\\\/wp-content\\\/uploads\\\/2023\\\/10\\\/WhatsApp-Image-2023-10-05-at-15.19.18-scaled.jpeg\",\"datePublished\":\"2023-10-05T22:14:09+00:00\",\"author\":{\"@id\":\"https:\\\/\\\/www.yucatanencorto.com\\\/noticias\\\/#\\\/schema\\\/person\\\/e2fbdfaf30a07014a43940ce989f3119\"},\"breadcrumb\":{\"@id\":\"https:\\\/\\\/www.yucatanencorto.com\\\/noticias\\\/aprueban-en-comision-las-modificaciones-a-la-ley-organica-del-poder-judicial\\\/#breadcrumb\"},\"inLanguage\":\"es\",\"potentialAction\":[{\"@type\":\"ReadAction\",\"target\":[\"https:\\\/\\\/www.yucatanencorto.com\\\/noticias\\\/aprueban-en-comision-las-modificaciones-a-la-ley-organica-del-poder-judicial\\\/\"]}]},{\"@type\":\"ImageObject\",\"inLanguage\":\"es\",\"@id\":\"https:\\\/\\\/www.yucatanencorto.com\\\/noticias\\\/aprueban-en-comision-las-modificaciones-a-la-ley-organica-del-poder-judicial\\\/#primaryimage\",\"url\":\"https:\\\/\\\/www.yucatanencorto.com\\\/noticias\\\/wp-content\\\/uploads\\\/2023\\\/10\\\/WhatsApp-Image-2023-10-05-at-15.19.18-scaled.jpeg\",\"contentUrl\":\"https:\\\/\\\/www.yucatanencorto.com\\\/noticias\\\/wp-content\\\/uploads\\\/2023\\\/10\\\/WhatsApp-Image-2023-10-05-at-15.19.18-scaled.jpeg\",\"width\":768,\"height\":512},{\"@type\":\"BreadcrumbList\",\"@id\":\"https:\\\/\\\/www.yucatanencorto.com\\\/noticias\\\/aprueban-en-comision-las-modificaciones-a-la-ley-organica-del-poder-judicial\\\/#breadcrumb\",\"itemListElement\":[{\"@type\":\"ListItem\",\"position\":1,\"name\":\"Portada\",\"item\":\"https:\\\/\\\/www.yucatanencorto.com\\\/noticias\\\/\"},{\"@type\":\"ListItem\",\"position\":2,\"name\":\"Aprueban en comisi\u00f3n las modificaciones a la Ley Org\u00e1nica del Poder Judicial\"}]},{\"@type\":\"WebSite\",\"@id\":\"https:\\\/\\\/www.yucatanencorto.com\\\/noticias\\\/#website\",\"url\":\"https:\\\/\\\/www.yucatanencorto.com\\\/noticias\\\/\",\"name\":\"Yucat\u00e1n en corto\",\"description\":\"Noticias\",\"potentialAction\":[{\"@type\":\"SearchAction\",\"target\":{\"@type\":\"EntryPoint\",\"urlTemplate\":\"https:\\\/\\\/www.yucatanencorto.com\\\/noticias\\\/?s={search_term_string}\"},\"query-input\":{\"@type\":\"PropertyValueSpecification\",\"valueRequired\":true,\"valueName\":\"search_term_string\"}}],\"inLanguage\":\"es\"},{\"@type\":\"Person\",\"@id\":\"https:\\\/\\\/www.yucatanencorto.com\\\/noticias\\\/#\\\/schema\\\/person\\\/e2fbdfaf30a07014a43940ce989f3119\",\"name\":\"Redes\",\"image\":{\"@type\":\"ImageObject\",\"inLanguage\":\"es\",\"@id\":\"https:\\\/\\\/secure.gravatar.com\\\/avatar\\\/5931a2d21dd7cc834f44c8c34fe56d90ed6d536ef452cbf870c7485b524dddd7?s=96&d=mm&r=g\",\"url\":\"https:\\\/\\\/secure.gravatar.com\\\/avatar\\\/5931a2d21dd7cc834f44c8c34fe56d90ed6d536ef452cbf870c7485b524dddd7?s=96&d=mm&r=g\",\"contentUrl\":\"https:\\\/\\\/secure.gravatar.com\\\/avatar\\\/5931a2d21dd7cc834f44c8c34fe56d90ed6d536ef452cbf870c7485b524dddd7?s=96&d=mm&r=g\",\"caption\":\"Redes\"},\"url\":\"https:\\\/\\\/www.yucatanencorto.com\\\/noticias\\\/author\\\/redes\\\/\"}]}<\/script>\n<!-- \/ Yoast SEO plugin. -->","yoast_head_json":{"title":"Aprueban en comisi\u00f3n las modificaciones a la Ley Org\u00e1nica del Poder Judicial - Yucat\u00e1n en corto","robots":{"index":"index","follow":"follow","max-snippet":"max-snippet:-1","max-image-preview":"max-image-preview:large","max-video-preview":"max-video-preview:-1"},"canonical":"https:\/\/www.yucatanencorto.com\/noticias\/aprueban-en-comision-las-modificaciones-a-la-ley-organica-del-poder-judicial\/","og_locale":"es_ES","og_type":"article","og_title":"Aprueban en comisi\u00f3n las modificaciones a la Ley Org\u00e1nica del Poder Judicial - Yucat\u00e1n en corto","og_description":"M\u00e9rida, Yucat\u00e1n a 5 de octubre de 2023 En sesi\u00f3n de la comisi\u00f3n de Justicia y Seguridad P\u00fablica, se aprob\u00f3 el proyecto de dictamen de la iniciativa para modificar la Ley Org\u00e1nica del Poder Judicial del Estado en materia de armonizaci\u00f3n, presentada por la magistrada Mar\u00eda Carolina Silvestre Canto Vald\u00e9s, presidenta del Tribunal Superior y [&hellip;]","og_url":"https:\/\/www.yucatanencorto.com\/noticias\/aprueban-en-comision-las-modificaciones-a-la-ley-organica-del-poder-judicial\/","og_site_name":"Yucat\u00e1n en corto","article_publisher":"http:\/\/www.facebook.com\/yucatanencorto","article_published_time":"2023-10-05T22:14:09+00:00","og_image":[{"width":768,"height":512,"url":"https:\/\/www.yucatanencorto.com\/noticias\/wp-content\/uploads\/2023\/10\/WhatsApp-Image-2023-10-05-at-15.19.18-scaled.jpeg","type":"image\/jpeg"}],"author":"Redes","twitter_card":"summary_large_image","twitter_creator":"@yucatanencorto","twitter_site":"@yucatanencorto","twitter_misc":{"Escrito por":"Redes","Tiempo de lectura":"3 minutos"},"schema":{"@context":"https:\/\/schema.org","@graph":[{"@type":"Article","@id":"https:\/\/www.yucatanencorto.com\/noticias\/aprueban-en-comision-las-modificaciones-a-la-ley-organica-del-poder-judicial\/#article","isPartOf":{"@id":"https:\/\/www.yucatanencorto.com\/noticias\/aprueban-en-comision-las-modificaciones-a-la-ley-organica-del-poder-judicial\/"},"author":{"name":"Redes","@id":"https:\/\/www.yucatanencorto.com\/noticias\/#\/schema\/person\/e2fbdfaf30a07014a43940ce989f3119"},"headline":"Aprueban en comisi\u00f3n las modificaciones a la Ley Org\u00e1nica del Poder Judicial","datePublished":"2023-10-05T22:14:09+00:00","mainEntityOfPage":{"@id":"https:\/\/www.yucatanencorto.com\/noticias\/aprueban-en-comision-las-modificaciones-a-la-ley-organica-del-poder-judicial\/"},"wordCount":654,"image":{"@id":"https:\/\/www.yucatanencorto.com\/noticias\/aprueban-en-comision-las-modificaciones-a-la-ley-organica-del-poder-judicial\/#primaryimage"},"thumbnailUrl":"https:\/\/www.yucatanencorto.com\/noticias\/wp-content\/uploads\/2023\/10\/WhatsApp-Image-2023-10-05-at-15.19.18-scaled.jpeg","articleSection":["Yucat\u00e1n"],"inLanguage":"es"},{"@type":"WebPage","@id":"https:\/\/www.yucatanencorto.com\/noticias\/aprueban-en-comision-las-modificaciones-a-la-ley-organica-del-poder-judicial\/","url":"https:\/\/www.yucatanencorto.com\/noticias\/aprueban-en-comision-las-modificaciones-a-la-ley-organica-del-poder-judicial\/","name":"Aprueban en comisi\u00f3n las modificaciones a la Ley Org\u00e1nica del Poder Judicial - Yucat\u00e1n en corto","isPartOf":{"@id":"https:\/\/www.yucatanencorto.com\/noticias\/#website"},"primaryImageOfPage":{"@id":"https:\/\/www.yucatanencorto.com\/noticias\/aprueban-en-comision-las-modificaciones-a-la-ley-organica-del-poder-judicial\/#primaryimage"},"image":{"@id":"https:\/\/www.yucatanencorto.com\/noticias\/aprueban-en-comision-las-modificaciones-a-la-ley-organica-del-poder-judicial\/#primaryimage"},"thumbnailUrl":"https:\/\/www.yucatanencorto.com\/noticias\/wp-content\/uploads\/2023\/10\/WhatsApp-Image-2023-10-05-at-15.19.18-scaled.jpeg","datePublished":"2023-10-05T22:14:09+00:00","author":{"@id":"https:\/\/www.yucatanencorto.com\/noticias\/#\/schema\/person\/e2fbdfaf30a07014a43940ce989f3119"},"breadcrumb":{"@id":"https:\/\/www.yucatanencorto.com\/noticias\/aprueban-en-comision-las-modificaciones-a-la-ley-organica-del-poder-judicial\/#breadcrumb"},"inLanguage":"es","potentialAction":[{"@type":"ReadAction","target":["https:\/\/www.yucatanencorto.com\/noticias\/aprueban-en-comision-las-modificaciones-a-la-ley-organica-del-poder-judicial\/"]}]},{"@type":"ImageObject","inLanguage":"es","@id":"https:\/\/www.yucatanencorto.com\/noticias\/aprueban-en-comision-las-modificaciones-a-la-ley-organica-del-poder-judicial\/#primaryimage","url":"https:\/\/www.yucatanencorto.com\/noticias\/wp-content\/uploads\/2023\/10\/WhatsApp-Image-2023-10-05-at-15.19.18-scaled.jpeg","contentUrl":"https:\/\/www.yucatanencorto.com\/noticias\/wp-content\/uploads\/2023\/10\/WhatsApp-Image-2023-10-05-at-15.19.18-scaled.jpeg","width":768,"height":512},{"@type":"BreadcrumbList","@id":"https:\/\/www.yucatanencorto.com\/noticias\/aprueban-en-comision-las-modificaciones-a-la-ley-organica-del-poder-judicial\/#breadcrumb","itemListElement":[{"@type":"ListItem","position":1,"name":"Portada","item":"https:\/\/www.yucatanencorto.com\/noticias\/"},{"@type":"ListItem","position":2,"name":"Aprueban en comisi\u00f3n las modificaciones a la Ley Org\u00e1nica del Poder Judicial"}]},{"@type":"WebSite","@id":"https:\/\/www.yucatanencorto.com\/noticias\/#website","url":"https:\/\/www.yucatanencorto.com\/noticias\/","name":"Yucat\u00e1n en corto","description":"Noticias","potentialAction":[{"@type":"SearchAction","target":{"@type":"EntryPoint","urlTemplate":"https:\/\/www.yucatanencorto.com\/noticias\/?s={search_term_string}"},"query-input":{"@type":"PropertyValueSpecification","valueRequired":true,"valueName":"search_term_string"}}],"inLanguage":"es"},{"@type":"Person","@id":"https:\/\/www.yucatanencorto.com\/noticias\/#\/schema\/person\/e2fbdfaf30a07014a43940ce989f3119","name":"Redes","image":{"@type":"ImageObject","inLanguage":"es","@id":"https:\/\/secure.gravatar.com\/avatar\/5931a2d21dd7cc834f44c8c34fe56d90ed6d536ef452cbf870c7485b524dddd7?s=96&d=mm&r=g","url":"https:\/\/secure.gravatar.com\/avatar\/5931a2d21dd7cc834f44c8c34fe56d90ed6d536ef452cbf870c7485b524dddd7?s=96&d=mm&r=g","contentUrl":"https:\/\/secure.gravatar.com\/avatar\/5931a2d21dd7cc834f44c8c34fe56d90ed6d536ef452cbf870c7485b524dddd7?s=96&d=mm&r=g","caption":"Redes"},"url":"https:\/\/www.yucatanencorto.com\/noticias\/author\/redes\/"}]}},"_links":{"self":[{"href":"https:\/\/www.yucatanencorto.com\/noticias\/wp-json\/wp\/v2\/posts\/100291","targetHints":{"allow":["GET"]}}],"collection":[{"href":"https:\/\/www.yucatanencorto.com\/noticias\/wp-json\/wp\/v2\/posts"}],"about":[{"href":"https:\/\/www.yucatanencorto.com\/noticias\/wp-json\/wp\/v2\/types\/post"}],"author":[{"embeddable":true,"href":"https:\/\/www.yucatanencorto.com\/noticias\/wp-json\/wp\/v2\/users\/3"}],"replies":[{"embeddable":true,"href":"https:\/\/www.yucatanencorto.com\/noticias\/wp-json\/wp\/v2\/comments?post=100291"}],"version-history":[{"count":0,"href":"https:\/\/www.yucatanencorto.com\/noticias\/wp-json\/wp\/v2\/posts\/100291\/revisions"}],"wp:featuredmedia":[{"embeddable":true,"href":"https:\/\/www.yucatanencorto.com\/noticias\/wp-json\/wp\/v2\/media\/100292"}],"wp:attachment":[{"href":"https:\/\/www.yucatanencorto.com\/noticias\/wp-json\/wp\/v2\/media?parent=100291"}],"wp:term":[{"taxonomy":"category","embeddable":true,"href":"https:\/\/www.yucatanencorto.com\/noticias\/wp-json\/wp\/v2\/categories?post=100291"},{"taxonomy":"post_tag","embeddable":true,"href":"https:\/\/www.yucatanencorto.com\/noticias\/wp-json\/wp\/v2\/tags?post=100291"}],"curies":[{"name":"wp","href":"https:\/\/api.w.org\/{rel}","templated":true}]}}