{"id":100735,"date":"2023-11-04T16:56:21","date_gmt":"2023-11-04T22:56:21","guid":{"rendered":"https:\/\/www.yucatanencorto.com\/noticias\/?p=100735"},"modified":"2023-11-04T16:56:21","modified_gmt":"2023-11-04T22:56:21","slug":"los-mercados-lucas-de-galvez-y-san-benito-seran-remodelados","status":"publish","type":"post","link":"https:\/\/www.yucatanencorto.com\/noticias\/los-mercados-lucas-de-galvez-y-san-benito-seran-remodelados\/","title":{"rendered":"Los mercados Lucas de G\u00e1lvez y San Benito ser\u00e1n remodelados"},"content":{"rendered":"<p><img loading=\"lazy\" decoding=\"async\" class=\"alignnone size-full wp-image-100736\" src=\"https:\/\/www.yucatanencorto.com\/noticias\/wp-content\/uploads\/2023\/11\/IMG-20231104-WA0073-scaled.jpg\" alt=\"\" width=\"768\" height=\"508\" srcset=\"https:\/\/www.yucatanencorto.com\/noticias\/wp-content\/uploads\/2023\/11\/IMG-20231104-WA0073-scaled.jpg 768w, https:\/\/www.yucatanencorto.com\/noticias\/wp-content\/uploads\/2023\/11\/IMG-20231104-WA0073-696x460.jpg 696w, https:\/\/www.yucatanencorto.com\/noticias\/wp-content\/uploads\/2023\/11\/IMG-20231104-WA0073-1068x706.jpg 1068w, https:\/\/www.yucatanencorto.com\/noticias\/wp-content\/uploads\/2023\/11\/IMG-20231104-WA0073-635x420.jpg 635w\" sizes=\"auto, (max-width: 768px) 100vw, 768px\" \/><\/p>\n<p>M\u00e9rida, Yucat\u00e1n a 4 de noviembre de 2023.- Para continuar con la transformaci\u00f3n segura de la ciudad y ofrecer espacios p\u00fablicos para el disfrute de las familias yucatecas y visitantes, el Alcalde Ren\u00e1n Barrera Concha entreg\u00f3 la rehabilitaci\u00f3n de los mercados Lucas de G\u00e1lvez y San Benito, que son dos puntos del desarrollo econ\u00f3mico y el comercio para las familias tanto de M\u00e9rida como del interior del Estado.<\/p>\n<p>En medio de m\u00fasica de charanga y algarab\u00eda, el Presidente Municipal asegur\u00f3 que esta rehabilitaci\u00f3n en la que se invirtieron $29 millones 374 mil 872.65 pesos, generar\u00e1 una imagen m\u00e1s din\u00e1mica e inclusiva que sume a la promoci\u00f3n de la cultura, gastronom\u00eda y comercio de M\u00e9rida, as\u00ed como tambi\u00e9n que impacte directamente en la econom\u00eda de los tres mil locatarios de ambos mercados.<\/p>\n<p>Como parte del acto protocolario, Barrera Concha entreg\u00f3 a las y los locatarios la llave de los nuevos locales del \u00e1rea de comidas, ubicados en el segundo piso del Lucas de G\u00e1lvez que, tras la transformaci\u00f3n de su entorno, ahora se denomina \u201cLa Nueva Placita\u201d.<\/p>\n<p>Luego de realizar un recorrido por los 21 locales de comidas remodelados donde el Alcalde salud\u00f3 y convivi\u00f3 con las y los locatarios, se\u00f1al\u00f3 que estos nuevos espacios p\u00fablicos son m\u00e1s seguros, arm\u00f3nicos y funcionales.<\/p>\n<p>\u201cEstos trabajos forman parte de un proyecto de remodelaci\u00f3n que inici\u00f3 hace 10 a\u00f1os, ya que en la primera administraci\u00f3n se invirtieron m\u00e1s de 72 millones de pesos en la demolici\u00f3n, integraci\u00f3n y sustituci\u00f3n y reparaci\u00f3n de infraestructuras b\u00e1sicas y de soporte; en la limpieza y mejoramiento de la imagen comercial y la entrega de 200 concesiones, entre otras acciones\u201d, indic\u00f3.<\/p>\n<p>El compromiso por mejorar nuestros mercados, abund\u00f3, continu\u00f3 en la administraci\u00f3n 2018-2021 con la inversi\u00f3n de m\u00e1s de 11 millones de pesos dotando de suministro de agua potable a los mercados Lucas de G\u00e1lvez y San Benito, que ven\u00edan funcionando sin este servicio.<\/p>\n<p>Destac\u00f3 que en esta nueva administraci\u00f3n se cumpli\u00f3 con el compromiso de transformar los dos mercados m\u00e1s importantes de la ciudad en espacios innovadores y funcionales que beneficien a las y los locatarios, a los 40 mil visitantes que diariamente acuden a visitar o comprar e implementar estrategias que atraigan a m\u00e1s usuarios a estos espacios.<\/p>\n<p>Record\u00f3 que en los dos mercados se construy\u00f3 una infraestructura m\u00e1s moderna, adem\u00e1s que en el Lucas de G\u00e1lvez se incluy\u00f3 la construcci\u00f3n de un espacio para eventos art\u00edsticos con capacidad para 120 personas, un \u00e1rea de artesan\u00edas con 10 espacios de exposici\u00f3n, 21 cocinas con \u00e1rea para m\u00e1s de 300 comensales, sanitarios adaptados para personas con discapacidad y una nueva terraza mirador con vista al Museo de la Ciudad, Portal de Granos y Catedral.<\/p>\n<p>\u201cEn este mercado se invirtieron de 19 millones 356 mil 629.88 pesos que incluyen trabajos que en breve se entregar\u00e1n como son un puente peatonal que conectar\u00e1 ambos mercados, una galer\u00eda cultural, una rampa el\u00e9ctrica inclusiva, el \u00e1rea del Instituto Municipal de Emprendimiento y un m\u00f3dulo tur\u00edstico\u201d, indic\u00f3.<\/p>\n<p>Asimismo, anunci\u00f3 que el pr\u00f3ximo a\u00f1o se rehabilitar\u00e1n las ic\u00f3nicas escaleras del mercado Lucas de G\u00e1lvez que llevan al \u00e1rea de comidas y de artesan\u00edas.<\/p>\n<p>En cuanto a las obras concluidas en el San Benito, inform\u00f3 que se realizaron cambios de cubiertas de policarbonato, y el sellado y limpieza en los domos ubicados en la azotea.<\/p>\n<p>\u201cLa inversi\u00f3n de m\u00e1s de 10 millones 18 mil, 242.77 de pesos en el San Benito tambi\u00e9n incluye trabajos por concluir como la rehabilitaci\u00f3n de la planta de tratamiento y mejorar del procesamiento de aguas residuales; el cambio, limpieza y aseguramiento de las tuber\u00edas de drena sanitario a nivel del estacionamiento; el reforzamiento del piso de \u00e1rea de basura; el mejoramiento del sistema de ventilaci\u00f3n a trav\u00e9s de ductos y extractores en el \u00e1rea de basura y en el nivel del estacionamiento y cambio de muebles sanitarios de los ba\u00f1os p\u00fablicos, entre otros\u201d, precis\u00f3.<\/p>\n<p>Acompa\u00f1ado por el secretario municipal, Alejandro Ruz Castro y de Sergio Nava Aguilar, Presidente de la Fundaci\u00f3n \u201cMercados P\u00fablicos de Yucat\u00e1n\u201d, Barrera Concha destac\u00f3 que la modernizaci\u00f3n y el mejoramiento de los mercados ha sido posible gracias a la s\u00f3lida relaci\u00f3n de trabajo con los locatarios que, trabajaron de manera coordinada con el Ayuntamiento para llevar a los mercados servicios de cultura, emprendimiento y turismo para fortalecer su potencial.<\/p>\n<p>\u201cEstas obras dignifican el trabajo de quienes laboran en los mercados p\u00fablicos que no s\u00f3lo detonan la econom\u00eda local y tur\u00edstica de los municipios, sino que ofrecen riqueza cultural y social\u201d, expres\u00f3.<\/p>\n<p>Al respecto, Nava Aguilar agradeci\u00f3 al Alcalde por su compromiso en mejorar los mercados, ya que desde su primera administraci\u00f3n municipal se han realizado obras encaminadas a modernizarlos y mejorar la econom\u00eda de quienes ah\u00ed trabajan.<\/p>\n<p>\u201cDesde su primera administraci\u00f3n nos ha dado ejemplo de gobernanza porque ha sabido escucharnos y trabajar de la mano con los locatarios. No le quede duda que con estas obras que hoy est\u00e1 entreg\u00e1ndonos deja la vara m\u00e1s alta\u201d, afirm\u00f3.<\/p>\n<p>Acompa\u00f1aron al Alcalde Luis Roche Correa, presidente del Patronato para la Preservaci\u00f3n del Centro Hist\u00f3rico de M\u00e9rida; Pedro Chiquini, de la Uni\u00f3n de Peque\u00f1os Comerciantes; \u00c1ngel Enrique S\u00e1nchez, de la Uni\u00f3n de Baratilleros de Yucat\u00e1n \u201cAndr\u00e9s Ortega\u201d; Erik Pacheco representante del sector carnes; Ricardo May Sosa, de la Uni\u00f3n de Voceadores de Yucat\u00e1n; Telmi Barrera Oxt\u00e9, de la Uni\u00f3n de Chetumalito; Luis Domingo, del mercado sobre ruedas; Rubi Landeta del sector joyero de San Benito; el regidor Presidente de la Comisi\u00f3n de Mercados, Oscar Medina; el regidor Ricardo Ascencio Maldonado; y los directores y directoras del Ayuntamiento de M\u00e9rida.<\/p>\n","protected":false},"excerpt":{"rendered":"<p>M\u00e9rida, Yucat\u00e1n a 4 de noviembre de 2023.- Para continuar con la transformaci\u00f3n segura de la ciudad y ofrecer espacios p\u00fablicos para el disfrute de las familias yucatecas y visitantes, el Alcalde Ren\u00e1n Barrera Concha entreg\u00f3 la rehabilitaci\u00f3n de los mercados Lucas de G\u00e1lvez y San Benito, que son dos puntos del desarrollo econ\u00f3mico y [&hellip;]<\/p>\n","protected":false},"author":3,"featured_media":100736,"comment_status":"closed","ping_status":"closed","sticky":false,"template":"","format":"standard","meta":{"footnotes":""},"categories":[3],"tags":[],"class_list":{"0":"post-100735","1":"post","2":"type-post","3":"status-publish","4":"format-standard","5":"has-post-thumbnail","7":"category-yucatan"},"yoast_head":"<!-- This site is optimized with the Yoast SEO plugin v27.5 - https:\/\/yoast.com\/product\/yoast-seo-wordpress\/ -->\n<title>Los mercados Lucas de G\u00e1lvez y San Benito ser\u00e1n remodelados - Yucat\u00e1n en corto<\/title>\n<meta name=\"robots\" content=\"index, follow, max-snippet:-1, max-image-preview:large, max-video-preview:-1\" \/>\n<link rel=\"canonical\" href=\"https:\/\/www.yucatanencorto.com\/noticias\/los-mercados-lucas-de-galvez-y-san-benito-seran-remodelados\/\" \/>\n<meta property=\"og:locale\" content=\"es_ES\" \/>\n<meta property=\"og:type\" content=\"article\" \/>\n<meta property=\"og:title\" content=\"Los mercados Lucas de G\u00e1lvez y San Benito ser\u00e1n remodelados - Yucat\u00e1n en corto\" \/>\n<meta property=\"og:description\" content=\"M\u00e9rida, Yucat\u00e1n a 4 de noviembre de 2023.- Para continuar con la transformaci\u00f3n segura de la ciudad y ofrecer espacios p\u00fablicos para el disfrute de las familias yucatecas y visitantes, el Alcalde Ren\u00e1n Barrera Concha entreg\u00f3 la rehabilitaci\u00f3n de los mercados Lucas de G\u00e1lvez y San Benito, que son dos puntos del desarrollo econ\u00f3mico y [&hellip;]\" \/>\n<meta property=\"og:url\" content=\"https:\/\/www.yucatanencorto.com\/noticias\/los-mercados-lucas-de-galvez-y-san-benito-seran-remodelados\/\" \/>\n<meta property=\"og:site_name\" content=\"Yucat\u00e1n en corto\" \/>\n<meta property=\"article:publisher\" content=\"http:\/\/www.facebook.com\/yucatanencorto\" \/>\n<meta property=\"article:published_time\" content=\"2023-11-04T22:56:21+00:00\" \/>\n<meta property=\"og:image\" content=\"https:\/\/www.yucatanencorto.com\/noticias\/wp-content\/uploads\/2023\/11\/IMG-20231104-WA0073-scaled.jpg\" \/>\n\t<meta property=\"og:image:width\" content=\"768\" \/>\n\t<meta property=\"og:image:height\" content=\"508\" \/>\n\t<meta property=\"og:image:type\" content=\"image\/jpeg\" \/>\n<meta name=\"author\" content=\"Redes\" \/>\n<meta name=\"twitter:card\" content=\"summary_large_image\" \/>\n<meta name=\"twitter:creator\" content=\"@yucatanencorto\" \/>\n<meta name=\"twitter:site\" content=\"@yucatanencorto\" \/>\n<meta name=\"twitter:label1\" content=\"Escrito por\" \/>\n\t<meta name=\"twitter:data1\" content=\"Redes\" \/>\n\t<meta name=\"twitter:label2\" content=\"Tiempo de lectura\" \/>\n\t<meta name=\"twitter:data2\" content=\"5 minutos\" \/>\n<script type=\"application\/ld+json\" class=\"yoast-schema-graph\">{\"@context\":\"https:\\\/\\\/schema.org\",\"@graph\":[{\"@type\":\"Article\",\"@id\":\"https:\\\/\\\/www.yucatanencorto.com\\\/noticias\\\/los-mercados-lucas-de-galvez-y-san-benito-seran-remodelados\\\/#article\",\"isPartOf\":{\"@id\":\"https:\\\/\\\/www.yucatanencorto.com\\\/noticias\\\/los-mercados-lucas-de-galvez-y-san-benito-seran-remodelados\\\/\"},\"author\":{\"name\":\"Redes\",\"@id\":\"https:\\\/\\\/www.yucatanencorto.com\\\/noticias\\\/#\\\/schema\\\/person\\\/e2fbdfaf30a07014a43940ce989f3119\"},\"headline\":\"Los mercados Lucas de G\u00e1lvez y San Benito ser\u00e1n remodelados\",\"datePublished\":\"2023-11-04T22:56:21+00:00\",\"mainEntityOfPage\":{\"@id\":\"https:\\\/\\\/www.yucatanencorto.com\\\/noticias\\\/los-mercados-lucas-de-galvez-y-san-benito-seran-remodelados\\\/\"},\"wordCount\":1013,\"image\":{\"@id\":\"https:\\\/\\\/www.yucatanencorto.com\\\/noticias\\\/los-mercados-lucas-de-galvez-y-san-benito-seran-remodelados\\\/#primaryimage\"},\"thumbnailUrl\":\"https:\\\/\\\/www.yucatanencorto.com\\\/noticias\\\/wp-content\\\/uploads\\\/2023\\\/11\\\/IMG-20231104-WA0073-scaled.jpg\",\"articleSection\":[\"Yucat\u00e1n\"],\"inLanguage\":\"es\"},{\"@type\":\"WebPage\",\"@id\":\"https:\\\/\\\/www.yucatanencorto.com\\\/noticias\\\/los-mercados-lucas-de-galvez-y-san-benito-seran-remodelados\\\/\",\"url\":\"https:\\\/\\\/www.yucatanencorto.com\\\/noticias\\\/los-mercados-lucas-de-galvez-y-san-benito-seran-remodelados\\\/\",\"name\":\"Los mercados Lucas de G\u00e1lvez y San Benito ser\u00e1n remodelados - Yucat\u00e1n en corto\",\"isPartOf\":{\"@id\":\"https:\\\/\\\/www.yucatanencorto.com\\\/noticias\\\/#website\"},\"primaryImageOfPage\":{\"@id\":\"https:\\\/\\\/www.yucatanencorto.com\\\/noticias\\\/los-mercados-lucas-de-galvez-y-san-benito-seran-remodelados\\\/#primaryimage\"},\"image\":{\"@id\":\"https:\\\/\\\/www.yucatanencorto.com\\\/noticias\\\/los-mercados-lucas-de-galvez-y-san-benito-seran-remodelados\\\/#primaryimage\"},\"thumbnailUrl\":\"https:\\\/\\\/www.yucatanencorto.com\\\/noticias\\\/wp-content\\\/uploads\\\/2023\\\/11\\\/IMG-20231104-WA0073-scaled.jpg\",\"datePublished\":\"2023-11-04T22:56:21+00:00\",\"author\":{\"@id\":\"https:\\\/\\\/www.yucatanencorto.com\\\/noticias\\\/#\\\/schema\\\/person\\\/e2fbdfaf30a07014a43940ce989f3119\"},\"breadcrumb\":{\"@id\":\"https:\\\/\\\/www.yucatanencorto.com\\\/noticias\\\/los-mercados-lucas-de-galvez-y-san-benito-seran-remodelados\\\/#breadcrumb\"},\"inLanguage\":\"es\",\"potentialAction\":[{\"@type\":\"ReadAction\",\"target\":[\"https:\\\/\\\/www.yucatanencorto.com\\\/noticias\\\/los-mercados-lucas-de-galvez-y-san-benito-seran-remodelados\\\/\"]}]},{\"@type\":\"ImageObject\",\"inLanguage\":\"es\",\"@id\":\"https:\\\/\\\/www.yucatanencorto.com\\\/noticias\\\/los-mercados-lucas-de-galvez-y-san-benito-seran-remodelados\\\/#primaryimage\",\"url\":\"https:\\\/\\\/www.yucatanencorto.com\\\/noticias\\\/wp-content\\\/uploads\\\/2023\\\/11\\\/IMG-20231104-WA0073-scaled.jpg\",\"contentUrl\":\"https:\\\/\\\/www.yucatanencorto.com\\\/noticias\\\/wp-content\\\/uploads\\\/2023\\\/11\\\/IMG-20231104-WA0073-scaled.jpg\",\"width\":768,\"height\":508},{\"@type\":\"BreadcrumbList\",\"@id\":\"https:\\\/\\\/www.yucatanencorto.com\\\/noticias\\\/los-mercados-lucas-de-galvez-y-san-benito-seran-remodelados\\\/#breadcrumb\",\"itemListElement\":[{\"@type\":\"ListItem\",\"position\":1,\"name\":\"Portada\",\"item\":\"https:\\\/\\\/www.yucatanencorto.com\\\/noticias\\\/\"},{\"@type\":\"ListItem\",\"position\":2,\"name\":\"Los mercados Lucas de G\u00e1lvez y San Benito ser\u00e1n remodelados\"}]},{\"@type\":\"WebSite\",\"@id\":\"https:\\\/\\\/www.yucatanencorto.com\\\/noticias\\\/#website\",\"url\":\"https:\\\/\\\/www.yucatanencorto.com\\\/noticias\\\/\",\"name\":\"Yucat\u00e1n en corto\",\"description\":\"Noticias\",\"potentialAction\":[{\"@type\":\"SearchAction\",\"target\":{\"@type\":\"EntryPoint\",\"urlTemplate\":\"https:\\\/\\\/www.yucatanencorto.com\\\/noticias\\\/?s={search_term_string}\"},\"query-input\":{\"@type\":\"PropertyValueSpecification\",\"valueRequired\":true,\"valueName\":\"search_term_string\"}}],\"inLanguage\":\"es\"},{\"@type\":\"Person\",\"@id\":\"https:\\\/\\\/www.yucatanencorto.com\\\/noticias\\\/#\\\/schema\\\/person\\\/e2fbdfaf30a07014a43940ce989f3119\",\"name\":\"Redes\",\"image\":{\"@type\":\"ImageObject\",\"inLanguage\":\"es\",\"@id\":\"https:\\\/\\\/secure.gravatar.com\\\/avatar\\\/5931a2d21dd7cc834f44c8c34fe56d90ed6d536ef452cbf870c7485b524dddd7?s=96&d=mm&r=g\",\"url\":\"https:\\\/\\\/secure.gravatar.com\\\/avatar\\\/5931a2d21dd7cc834f44c8c34fe56d90ed6d536ef452cbf870c7485b524dddd7?s=96&d=mm&r=g\",\"contentUrl\":\"https:\\\/\\\/secure.gravatar.com\\\/avatar\\\/5931a2d21dd7cc834f44c8c34fe56d90ed6d536ef452cbf870c7485b524dddd7?s=96&d=mm&r=g\",\"caption\":\"Redes\"},\"url\":\"https:\\\/\\\/www.yucatanencorto.com\\\/noticias\\\/author\\\/redes\\\/\"}]}<\/script>\n<!-- \/ Yoast SEO plugin. -->","yoast_head_json":{"title":"Los mercados Lucas de G\u00e1lvez y San Benito ser\u00e1n remodelados - Yucat\u00e1n en corto","robots":{"index":"index","follow":"follow","max-snippet":"max-snippet:-1","max-image-preview":"max-image-preview:large","max-video-preview":"max-video-preview:-1"},"canonical":"https:\/\/www.yucatanencorto.com\/noticias\/los-mercados-lucas-de-galvez-y-san-benito-seran-remodelados\/","og_locale":"es_ES","og_type":"article","og_title":"Los mercados Lucas de G\u00e1lvez y San Benito ser\u00e1n remodelados - Yucat\u00e1n en corto","og_description":"M\u00e9rida, Yucat\u00e1n a 4 de noviembre de 2023.- Para continuar con la transformaci\u00f3n segura de la ciudad y ofrecer espacios p\u00fablicos para el disfrute de las familias yucatecas y visitantes, el Alcalde Ren\u00e1n Barrera Concha entreg\u00f3 la rehabilitaci\u00f3n de los mercados Lucas de G\u00e1lvez y San Benito, que son dos puntos del desarrollo econ\u00f3mico y [&hellip;]","og_url":"https:\/\/www.yucatanencorto.com\/noticias\/los-mercados-lucas-de-galvez-y-san-benito-seran-remodelados\/","og_site_name":"Yucat\u00e1n en corto","article_publisher":"http:\/\/www.facebook.com\/yucatanencorto","article_published_time":"2023-11-04T22:56:21+00:00","og_image":[{"width":768,"height":508,"url":"https:\/\/www.yucatanencorto.com\/noticias\/wp-content\/uploads\/2023\/11\/IMG-20231104-WA0073-scaled.jpg","type":"image\/jpeg"}],"author":"Redes","twitter_card":"summary_large_image","twitter_creator":"@yucatanencorto","twitter_site":"@yucatanencorto","twitter_misc":{"Escrito por":"Redes","Tiempo de lectura":"5 minutos"},"schema":{"@context":"https:\/\/schema.org","@graph":[{"@type":"Article","@id":"https:\/\/www.yucatanencorto.com\/noticias\/los-mercados-lucas-de-galvez-y-san-benito-seran-remodelados\/#article","isPartOf":{"@id":"https:\/\/www.yucatanencorto.com\/noticias\/los-mercados-lucas-de-galvez-y-san-benito-seran-remodelados\/"},"author":{"name":"Redes","@id":"https:\/\/www.yucatanencorto.com\/noticias\/#\/schema\/person\/e2fbdfaf30a07014a43940ce989f3119"},"headline":"Los mercados Lucas de G\u00e1lvez y San Benito ser\u00e1n remodelados","datePublished":"2023-11-04T22:56:21+00:00","mainEntityOfPage":{"@id":"https:\/\/www.yucatanencorto.com\/noticias\/los-mercados-lucas-de-galvez-y-san-benito-seran-remodelados\/"},"wordCount":1013,"image":{"@id":"https:\/\/www.yucatanencorto.com\/noticias\/los-mercados-lucas-de-galvez-y-san-benito-seran-remodelados\/#primaryimage"},"thumbnailUrl":"https:\/\/www.yucatanencorto.com\/noticias\/wp-content\/uploads\/2023\/11\/IMG-20231104-WA0073-scaled.jpg","articleSection":["Yucat\u00e1n"],"inLanguage":"es"},{"@type":"WebPage","@id":"https:\/\/www.yucatanencorto.com\/noticias\/los-mercados-lucas-de-galvez-y-san-benito-seran-remodelados\/","url":"https:\/\/www.yucatanencorto.com\/noticias\/los-mercados-lucas-de-galvez-y-san-benito-seran-remodelados\/","name":"Los mercados Lucas de G\u00e1lvez y San Benito ser\u00e1n remodelados - Yucat\u00e1n en corto","isPartOf":{"@id":"https:\/\/www.yucatanencorto.com\/noticias\/#website"},"primaryImageOfPage":{"@id":"https:\/\/www.yucatanencorto.com\/noticias\/los-mercados-lucas-de-galvez-y-san-benito-seran-remodelados\/#primaryimage"},"image":{"@id":"https:\/\/www.yucatanencorto.com\/noticias\/los-mercados-lucas-de-galvez-y-san-benito-seran-remodelados\/#primaryimage"},"thumbnailUrl":"https:\/\/www.yucatanencorto.com\/noticias\/wp-content\/uploads\/2023\/11\/IMG-20231104-WA0073-scaled.jpg","datePublished":"2023-11-04T22:56:21+00:00","author":{"@id":"https:\/\/www.yucatanencorto.com\/noticias\/#\/schema\/person\/e2fbdfaf30a07014a43940ce989f3119"},"breadcrumb":{"@id":"https:\/\/www.yucatanencorto.com\/noticias\/los-mercados-lucas-de-galvez-y-san-benito-seran-remodelados\/#breadcrumb"},"inLanguage":"es","potentialAction":[{"@type":"ReadAction","target":["https:\/\/www.yucatanencorto.com\/noticias\/los-mercados-lucas-de-galvez-y-san-benito-seran-remodelados\/"]}]},{"@type":"ImageObject","inLanguage":"es","@id":"https:\/\/www.yucatanencorto.com\/noticias\/los-mercados-lucas-de-galvez-y-san-benito-seran-remodelados\/#primaryimage","url":"https:\/\/www.yucatanencorto.com\/noticias\/wp-content\/uploads\/2023\/11\/IMG-20231104-WA0073-scaled.jpg","contentUrl":"https:\/\/www.yucatanencorto.com\/noticias\/wp-content\/uploads\/2023\/11\/IMG-20231104-WA0073-scaled.jpg","width":768,"height":508},{"@type":"BreadcrumbList","@id":"https:\/\/www.yucatanencorto.com\/noticias\/los-mercados-lucas-de-galvez-y-san-benito-seran-remodelados\/#breadcrumb","itemListElement":[{"@type":"ListItem","position":1,"name":"Portada","item":"https:\/\/www.yucatanencorto.com\/noticias\/"},{"@type":"ListItem","position":2,"name":"Los mercados Lucas de G\u00e1lvez y San Benito ser\u00e1n remodelados"}]},{"@type":"WebSite","@id":"https:\/\/www.yucatanencorto.com\/noticias\/#website","url":"https:\/\/www.yucatanencorto.com\/noticias\/","name":"Yucat\u00e1n en corto","description":"Noticias","potentialAction":[{"@type":"SearchAction","target":{"@type":"EntryPoint","urlTemplate":"https:\/\/www.yucatanencorto.com\/noticias\/?s={search_term_string}"},"query-input":{"@type":"PropertyValueSpecification","valueRequired":true,"valueName":"search_term_string"}}],"inLanguage":"es"},{"@type":"Person","@id":"https:\/\/www.yucatanencorto.com\/noticias\/#\/schema\/person\/e2fbdfaf30a07014a43940ce989f3119","name":"Redes","image":{"@type":"ImageObject","inLanguage":"es","@id":"https:\/\/secure.gravatar.com\/avatar\/5931a2d21dd7cc834f44c8c34fe56d90ed6d536ef452cbf870c7485b524dddd7?s=96&d=mm&r=g","url":"https:\/\/secure.gravatar.com\/avatar\/5931a2d21dd7cc834f44c8c34fe56d90ed6d536ef452cbf870c7485b524dddd7?s=96&d=mm&r=g","contentUrl":"https:\/\/secure.gravatar.com\/avatar\/5931a2d21dd7cc834f44c8c34fe56d90ed6d536ef452cbf870c7485b524dddd7?s=96&d=mm&r=g","caption":"Redes"},"url":"https:\/\/www.yucatanencorto.com\/noticias\/author\/redes\/"}]}},"_links":{"self":[{"href":"https:\/\/www.yucatanencorto.com\/noticias\/wp-json\/wp\/v2\/posts\/100735","targetHints":{"allow":["GET"]}}],"collection":[{"href":"https:\/\/www.yucatanencorto.com\/noticias\/wp-json\/wp\/v2\/posts"}],"about":[{"href":"https:\/\/www.yucatanencorto.com\/noticias\/wp-json\/wp\/v2\/types\/post"}],"author":[{"embeddable":true,"href":"https:\/\/www.yucatanencorto.com\/noticias\/wp-json\/wp\/v2\/users\/3"}],"replies":[{"embeddable":true,"href":"https:\/\/www.yucatanencorto.com\/noticias\/wp-json\/wp\/v2\/comments?post=100735"}],"version-history":[{"count":0,"href":"https:\/\/www.yucatanencorto.com\/noticias\/wp-json\/wp\/v2\/posts\/100735\/revisions"}],"wp:featuredmedia":[{"embeddable":true,"href":"https:\/\/www.yucatanencorto.com\/noticias\/wp-json\/wp\/v2\/media\/100736"}],"wp:attachment":[{"href":"https:\/\/www.yucatanencorto.com\/noticias\/wp-json\/wp\/v2\/media?parent=100735"}],"wp:term":[{"taxonomy":"category","embeddable":true,"href":"https:\/\/www.yucatanencorto.com\/noticias\/wp-json\/wp\/v2\/categories?post=100735"},{"taxonomy":"post_tag","embeddable":true,"href":"https:\/\/www.yucatanencorto.com\/noticias\/wp-json\/wp\/v2\/tags?post=100735"}],"curies":[{"name":"wp","href":"https:\/\/api.w.org\/{rel}","templated":true}]}}