{"id":100752,"date":"2023-11-06T19:32:40","date_gmt":"2023-11-07T01:32:40","guid":{"rendered":"https:\/\/www.yucatanencorto.com\/noticias\/?p=100752"},"modified":"2023-11-06T19:32:40","modified_gmt":"2023-11-07T01:32:40","slug":"aprueban-en-comisiones-diversos-proyectos-de-convocatoria","status":"publish","type":"post","link":"https:\/\/www.yucatanencorto.com\/noticias\/aprueban-en-comisiones-diversos-proyectos-de-convocatoria\/","title":{"rendered":"Aprueban en comisiones diversos proyectos de convocatoria  \u00a0"},"content":{"rendered":"<p><img loading=\"lazy\" decoding=\"async\" class=\"alignnone size-full wp-image-100753\" src=\"https:\/\/www.yucatanencorto.com\/noticias\/wp-content\/uploads\/2023\/11\/IMG-20231106-WA0028-scaled.jpg\" alt=\"\" width=\"768\" height=\"512\" srcset=\"https:\/\/www.yucatanencorto.com\/noticias\/wp-content\/uploads\/2023\/11\/IMG-20231106-WA0028-scaled.jpg 768w, https:\/\/www.yucatanencorto.com\/noticias\/wp-content\/uploads\/2023\/11\/IMG-20231106-WA0028-696x464.jpg 696w, https:\/\/www.yucatanencorto.com\/noticias\/wp-content\/uploads\/2023\/11\/IMG-20231106-WA0028-1068x712.jpg 1068w, https:\/\/www.yucatanencorto.com\/noticias\/wp-content\/uploads\/2023\/11\/IMG-20231106-WA0028-630x420.jpg 630w\" sizes=\"auto, (max-width: 768px) 100vw, 768px\" \/><\/p>\n<p>M\u00e9rida, Yucat\u00e1n a 6 de noviembre de 2023<\/p>\n<p>Iniciando con las actividades legislativas programadas, en sesi\u00f3n de la comisi\u00f3n de Postulaci\u00f3n de la Medalla \u201cH\u00e9ctor Victoria Aguilar\u201d, se aprob\u00f3 el proyecto de convocatoria para elegir al recipiendario de la presea.<\/p>\n<p>&nbsp;<\/p>\n<p>Este m\u00e9rito se entrega a quienes se han distinguido por sus aportaciones a la ciencia, al cambio de derecho, arte, cultura, promoci\u00f3n y defensa de los derechos humanos; preservaci\u00f3n del medio ambiente y cualquier otra actividad humanista en beneficio del estado, naci\u00f3n o comunidad universal.<\/p>\n<p>&nbsp;<\/p>\n<p>Posteriormente en la comisi\u00f3n de Postulaci\u00f3n \u00abDiputado Profesor P\u00e1nfilo Novelo Mart\u00edn del H. Congreso del Estado de Yucat\u00e1n\u00bb, aprobaron el proyecto de convocatoria para designar a la persona encargada de recibir el Reconocimiento.<\/p>\n<p>&nbsp;<\/p>\n<p>Este se entrega con el fin de distinguir a la gente cuyas aportaciones han destacado en el \u00e1mbito educativo del pueblo maya o en la defensa de los derechos de este en el estado o pa\u00eds.<\/p>\n<p>&nbsp;<\/p>\n<p>La Medalla y el Reconocimiento se entregar\u00e1n el pr\u00f3ximo 11 y 9 de enero de 2024, en Sesi\u00f3n Solemne, respectivamente.<\/p>\n<p>&nbsp;<\/p>\n<p>Cabe mencionar que ambos proyectos de convocatoria pasar\u00e1n al pleno para su aprobaci\u00f3n.<\/p>\n<p>&nbsp;<\/p>\n<p>En la comisi\u00f3n de Educaci\u00f3n, Ciencia y Tecnolog\u00eda, se continu\u00f3 con el an\u00e1lisis de las iniciativas para reformar la Ley de Educaci\u00f3n del Estado para ampliar materias art\u00edsticas en el nivel medio superior y otra para adicionar una fracci\u00f3n al art\u00edculo 33.<\/p>\n<p>&nbsp;<\/p>\n<p>Luego, en la comisi\u00f3n de Juventud, Cultura F\u00edsica y Deporte se distribuy\u00f3 la iniciativa para reformar la Ley de Cultura F\u00edsica y Deporte del Estado referente al deporte adaptado para personas con discapacidad.<\/p>\n<p>&nbsp;<\/p>\n<p>Durante la comisi\u00f3n especial de los Derechos de la Ni\u00f1ez y de la Adolescencia, se distribuyeron las siguientes iniciativas: para reformar la Ley de Derechos de Ni\u00f1as, Ni\u00f1os y Adolescentes en materia de prevenci\u00f3n al embarazo infantil.<\/p>\n<p>&nbsp;<\/p>\n<p>Las iniciativas de reformas a las leyes de Protecci\u00f3n a la Maternidad y la Infancia Temprana del Estado y la de Derechos de Ni\u00f1as, Ni\u00f1os y Adolescentes relativo a las pol\u00edticas p\u00fablicas para atender situaciones de orfandad y de salud mental.<\/p>\n<p>&nbsp;<\/p>\n<p>Como parte de la agenda programada para este lunes, en la comisi\u00f3n de Desarrollo Econ\u00f3mico y Fomento al Empleo, se dio a las y los diputados un plazo hasta el 15 de noviembre para entregar propuestas que abonen a las iniciativas para reformar la Ley de Emprendedores del Estado, relacionados con temas de emprendimiento con perspectiva de g\u00e9nero y de j\u00f3venes emprendedores, as\u00ed como reformas a la Ley de Desarrollo Econ\u00f3mico y Fomento al Empleo del Estado.<\/p>\n","protected":false},"excerpt":{"rendered":"<p>M\u00e9rida, Yucat\u00e1n a 6 de noviembre de 2023 Iniciando con las actividades legislativas programadas, en sesi\u00f3n de la comisi\u00f3n de Postulaci\u00f3n de la Medalla \u201cH\u00e9ctor Victoria Aguilar\u201d, se aprob\u00f3 el proyecto de convocatoria para elegir al recipiendario de la presea. &nbsp; Este m\u00e9rito se entrega a quienes se han distinguido por sus aportaciones a la [&hellip;]<\/p>\n","protected":false},"author":3,"featured_media":100753,"comment_status":"closed","ping_status":"closed","sticky":false,"template":"","format":"standard","meta":{"footnotes":""},"categories":[3],"tags":[],"class_list":{"0":"post-100752","1":"post","2":"type-post","3":"status-publish","4":"format-standard","5":"has-post-thumbnail","7":"category-yucatan"},"yoast_head":"<!-- This site is optimized with the Yoast SEO plugin v27.5 - https:\/\/yoast.com\/product\/yoast-seo-wordpress\/ -->\n<title>Aprueban en comisiones diversos proyectos de convocatoria \u00a0 - Yucat\u00e1n en corto<\/title>\n<meta name=\"robots\" content=\"index, follow, max-snippet:-1, max-image-preview:large, max-video-preview:-1\" \/>\n<link rel=\"canonical\" href=\"https:\/\/www.yucatanencorto.com\/noticias\/aprueban-en-comisiones-diversos-proyectos-de-convocatoria\/\" \/>\n<meta property=\"og:locale\" content=\"es_ES\" \/>\n<meta property=\"og:type\" content=\"article\" \/>\n<meta property=\"og:title\" content=\"Aprueban en comisiones diversos proyectos de convocatoria \u00a0 - Yucat\u00e1n en corto\" \/>\n<meta property=\"og:description\" content=\"M\u00e9rida, Yucat\u00e1n a 6 de noviembre de 2023 Iniciando con las actividades legislativas programadas, en sesi\u00f3n de la comisi\u00f3n de Postulaci\u00f3n de la Medalla \u201cH\u00e9ctor Victoria Aguilar\u201d, se aprob\u00f3 el proyecto de convocatoria para elegir al recipiendario de la presea. &nbsp; Este m\u00e9rito se entrega a quienes se han distinguido por sus aportaciones a la [&hellip;]\" \/>\n<meta property=\"og:url\" content=\"https:\/\/www.yucatanencorto.com\/noticias\/aprueban-en-comisiones-diversos-proyectos-de-convocatoria\/\" \/>\n<meta property=\"og:site_name\" content=\"Yucat\u00e1n en corto\" \/>\n<meta property=\"article:publisher\" content=\"http:\/\/www.facebook.com\/yucatanencorto\" \/>\n<meta property=\"article:published_time\" content=\"2023-11-07T01:32:40+00:00\" \/>\n<meta property=\"og:image\" content=\"https:\/\/www.yucatanencorto.com\/noticias\/wp-content\/uploads\/2023\/11\/IMG-20231106-WA0028-scaled.jpg\" \/>\n\t<meta property=\"og:image:width\" content=\"768\" \/>\n\t<meta property=\"og:image:height\" content=\"512\" \/>\n\t<meta property=\"og:image:type\" content=\"image\/jpeg\" \/>\n<meta name=\"author\" content=\"Redes\" \/>\n<meta name=\"twitter:card\" content=\"summary_large_image\" \/>\n<meta name=\"twitter:creator\" content=\"@yucatanencorto\" \/>\n<meta name=\"twitter:site\" content=\"@yucatanencorto\" \/>\n<meta name=\"twitter:label1\" content=\"Escrito por\" \/>\n\t<meta name=\"twitter:data1\" content=\"Redes\" \/>\n\t<meta name=\"twitter:label2\" content=\"Tiempo de lectura\" \/>\n\t<meta name=\"twitter:data2\" content=\"3 minutos\" \/>\n<script type=\"application\/ld+json\" class=\"yoast-schema-graph\">{\"@context\":\"https:\\\/\\\/schema.org\",\"@graph\":[{\"@type\":\"Article\",\"@id\":\"https:\\\/\\\/www.yucatanencorto.com\\\/noticias\\\/aprueban-en-comisiones-diversos-proyectos-de-convocatoria\\\/#article\",\"isPartOf\":{\"@id\":\"https:\\\/\\\/www.yucatanencorto.com\\\/noticias\\\/aprueban-en-comisiones-diversos-proyectos-de-convocatoria\\\/\"},\"author\":{\"name\":\"Redes\",\"@id\":\"https:\\\/\\\/www.yucatanencorto.com\\\/noticias\\\/#\\\/schema\\\/person\\\/e2fbdfaf30a07014a43940ce989f3119\"},\"headline\":\"Aprueban en comisiones diversos proyectos de convocatoria \u00a0\",\"datePublished\":\"2023-11-07T01:32:40+00:00\",\"mainEntityOfPage\":{\"@id\":\"https:\\\/\\\/www.yucatanencorto.com\\\/noticias\\\/aprueban-en-comisiones-diversos-proyectos-de-convocatoria\\\/\"},\"wordCount\":474,\"image\":{\"@id\":\"https:\\\/\\\/www.yucatanencorto.com\\\/noticias\\\/aprueban-en-comisiones-diversos-proyectos-de-convocatoria\\\/#primaryimage\"},\"thumbnailUrl\":\"https:\\\/\\\/www.yucatanencorto.com\\\/noticias\\\/wp-content\\\/uploads\\\/2023\\\/11\\\/IMG-20231106-WA0028-scaled.jpg\",\"articleSection\":[\"Yucat\u00e1n\"],\"inLanguage\":\"es\"},{\"@type\":\"WebPage\",\"@id\":\"https:\\\/\\\/www.yucatanencorto.com\\\/noticias\\\/aprueban-en-comisiones-diversos-proyectos-de-convocatoria\\\/\",\"url\":\"https:\\\/\\\/www.yucatanencorto.com\\\/noticias\\\/aprueban-en-comisiones-diversos-proyectos-de-convocatoria\\\/\",\"name\":\"Aprueban en comisiones diversos proyectos de convocatoria \u00a0 - Yucat\u00e1n en corto\",\"isPartOf\":{\"@id\":\"https:\\\/\\\/www.yucatanencorto.com\\\/noticias\\\/#website\"},\"primaryImageOfPage\":{\"@id\":\"https:\\\/\\\/www.yucatanencorto.com\\\/noticias\\\/aprueban-en-comisiones-diversos-proyectos-de-convocatoria\\\/#primaryimage\"},\"image\":{\"@id\":\"https:\\\/\\\/www.yucatanencorto.com\\\/noticias\\\/aprueban-en-comisiones-diversos-proyectos-de-convocatoria\\\/#primaryimage\"},\"thumbnailUrl\":\"https:\\\/\\\/www.yucatanencorto.com\\\/noticias\\\/wp-content\\\/uploads\\\/2023\\\/11\\\/IMG-20231106-WA0028-scaled.jpg\",\"datePublished\":\"2023-11-07T01:32:40+00:00\",\"author\":{\"@id\":\"https:\\\/\\\/www.yucatanencorto.com\\\/noticias\\\/#\\\/schema\\\/person\\\/e2fbdfaf30a07014a43940ce989f3119\"},\"breadcrumb\":{\"@id\":\"https:\\\/\\\/www.yucatanencorto.com\\\/noticias\\\/aprueban-en-comisiones-diversos-proyectos-de-convocatoria\\\/#breadcrumb\"},\"inLanguage\":\"es\",\"potentialAction\":[{\"@type\":\"ReadAction\",\"target\":[\"https:\\\/\\\/www.yucatanencorto.com\\\/noticias\\\/aprueban-en-comisiones-diversos-proyectos-de-convocatoria\\\/\"]}]},{\"@type\":\"ImageObject\",\"inLanguage\":\"es\",\"@id\":\"https:\\\/\\\/www.yucatanencorto.com\\\/noticias\\\/aprueban-en-comisiones-diversos-proyectos-de-convocatoria\\\/#primaryimage\",\"url\":\"https:\\\/\\\/www.yucatanencorto.com\\\/noticias\\\/wp-content\\\/uploads\\\/2023\\\/11\\\/IMG-20231106-WA0028-scaled.jpg\",\"contentUrl\":\"https:\\\/\\\/www.yucatanencorto.com\\\/noticias\\\/wp-content\\\/uploads\\\/2023\\\/11\\\/IMG-20231106-WA0028-scaled.jpg\",\"width\":768,\"height\":512},{\"@type\":\"BreadcrumbList\",\"@id\":\"https:\\\/\\\/www.yucatanencorto.com\\\/noticias\\\/aprueban-en-comisiones-diversos-proyectos-de-convocatoria\\\/#breadcrumb\",\"itemListElement\":[{\"@type\":\"ListItem\",\"position\":1,\"name\":\"Portada\",\"item\":\"https:\\\/\\\/www.yucatanencorto.com\\\/noticias\\\/\"},{\"@type\":\"ListItem\",\"position\":2,\"name\":\"Aprueban en comisiones diversos proyectos de convocatoria \u00a0\"}]},{\"@type\":\"WebSite\",\"@id\":\"https:\\\/\\\/www.yucatanencorto.com\\\/noticias\\\/#website\",\"url\":\"https:\\\/\\\/www.yucatanencorto.com\\\/noticias\\\/\",\"name\":\"Yucat\u00e1n en corto\",\"description\":\"Noticias\",\"potentialAction\":[{\"@type\":\"SearchAction\",\"target\":{\"@type\":\"EntryPoint\",\"urlTemplate\":\"https:\\\/\\\/www.yucatanencorto.com\\\/noticias\\\/?s={search_term_string}\"},\"query-input\":{\"@type\":\"PropertyValueSpecification\",\"valueRequired\":true,\"valueName\":\"search_term_string\"}}],\"inLanguage\":\"es\"},{\"@type\":\"Person\",\"@id\":\"https:\\\/\\\/www.yucatanencorto.com\\\/noticias\\\/#\\\/schema\\\/person\\\/e2fbdfaf30a07014a43940ce989f3119\",\"name\":\"Redes\",\"image\":{\"@type\":\"ImageObject\",\"inLanguage\":\"es\",\"@id\":\"https:\\\/\\\/secure.gravatar.com\\\/avatar\\\/5931a2d21dd7cc834f44c8c34fe56d90ed6d536ef452cbf870c7485b524dddd7?s=96&d=mm&r=g\",\"url\":\"https:\\\/\\\/secure.gravatar.com\\\/avatar\\\/5931a2d21dd7cc834f44c8c34fe56d90ed6d536ef452cbf870c7485b524dddd7?s=96&d=mm&r=g\",\"contentUrl\":\"https:\\\/\\\/secure.gravatar.com\\\/avatar\\\/5931a2d21dd7cc834f44c8c34fe56d90ed6d536ef452cbf870c7485b524dddd7?s=96&d=mm&r=g\",\"caption\":\"Redes\"},\"url\":\"https:\\\/\\\/www.yucatanencorto.com\\\/noticias\\\/author\\\/redes\\\/\"}]}<\/script>\n<!-- \/ Yoast SEO plugin. -->","yoast_head_json":{"title":"Aprueban en comisiones diversos proyectos de convocatoria \u00a0 - Yucat\u00e1n en corto","robots":{"index":"index","follow":"follow","max-snippet":"max-snippet:-1","max-image-preview":"max-image-preview:large","max-video-preview":"max-video-preview:-1"},"canonical":"https:\/\/www.yucatanencorto.com\/noticias\/aprueban-en-comisiones-diversos-proyectos-de-convocatoria\/","og_locale":"es_ES","og_type":"article","og_title":"Aprueban en comisiones diversos proyectos de convocatoria \u00a0 - Yucat\u00e1n en corto","og_description":"M\u00e9rida, Yucat\u00e1n a 6 de noviembre de 2023 Iniciando con las actividades legislativas programadas, en sesi\u00f3n de la comisi\u00f3n de Postulaci\u00f3n de la Medalla \u201cH\u00e9ctor Victoria Aguilar\u201d, se aprob\u00f3 el proyecto de convocatoria para elegir al recipiendario de la presea. &nbsp; Este m\u00e9rito se entrega a quienes se han distinguido por sus aportaciones a la [&hellip;]","og_url":"https:\/\/www.yucatanencorto.com\/noticias\/aprueban-en-comisiones-diversos-proyectos-de-convocatoria\/","og_site_name":"Yucat\u00e1n en corto","article_publisher":"http:\/\/www.facebook.com\/yucatanencorto","article_published_time":"2023-11-07T01:32:40+00:00","og_image":[{"width":768,"height":512,"url":"https:\/\/www.yucatanencorto.com\/noticias\/wp-content\/uploads\/2023\/11\/IMG-20231106-WA0028-scaled.jpg","type":"image\/jpeg"}],"author":"Redes","twitter_card":"summary_large_image","twitter_creator":"@yucatanencorto","twitter_site":"@yucatanencorto","twitter_misc":{"Escrito por":"Redes","Tiempo de lectura":"3 minutos"},"schema":{"@context":"https:\/\/schema.org","@graph":[{"@type":"Article","@id":"https:\/\/www.yucatanencorto.com\/noticias\/aprueban-en-comisiones-diversos-proyectos-de-convocatoria\/#article","isPartOf":{"@id":"https:\/\/www.yucatanencorto.com\/noticias\/aprueban-en-comisiones-diversos-proyectos-de-convocatoria\/"},"author":{"name":"Redes","@id":"https:\/\/www.yucatanencorto.com\/noticias\/#\/schema\/person\/e2fbdfaf30a07014a43940ce989f3119"},"headline":"Aprueban en comisiones diversos proyectos de convocatoria \u00a0","datePublished":"2023-11-07T01:32:40+00:00","mainEntityOfPage":{"@id":"https:\/\/www.yucatanencorto.com\/noticias\/aprueban-en-comisiones-diversos-proyectos-de-convocatoria\/"},"wordCount":474,"image":{"@id":"https:\/\/www.yucatanencorto.com\/noticias\/aprueban-en-comisiones-diversos-proyectos-de-convocatoria\/#primaryimage"},"thumbnailUrl":"https:\/\/www.yucatanencorto.com\/noticias\/wp-content\/uploads\/2023\/11\/IMG-20231106-WA0028-scaled.jpg","articleSection":["Yucat\u00e1n"],"inLanguage":"es"},{"@type":"WebPage","@id":"https:\/\/www.yucatanencorto.com\/noticias\/aprueban-en-comisiones-diversos-proyectos-de-convocatoria\/","url":"https:\/\/www.yucatanencorto.com\/noticias\/aprueban-en-comisiones-diversos-proyectos-de-convocatoria\/","name":"Aprueban en comisiones diversos proyectos de convocatoria \u00a0 - Yucat\u00e1n en corto","isPartOf":{"@id":"https:\/\/www.yucatanencorto.com\/noticias\/#website"},"primaryImageOfPage":{"@id":"https:\/\/www.yucatanencorto.com\/noticias\/aprueban-en-comisiones-diversos-proyectos-de-convocatoria\/#primaryimage"},"image":{"@id":"https:\/\/www.yucatanencorto.com\/noticias\/aprueban-en-comisiones-diversos-proyectos-de-convocatoria\/#primaryimage"},"thumbnailUrl":"https:\/\/www.yucatanencorto.com\/noticias\/wp-content\/uploads\/2023\/11\/IMG-20231106-WA0028-scaled.jpg","datePublished":"2023-11-07T01:32:40+00:00","author":{"@id":"https:\/\/www.yucatanencorto.com\/noticias\/#\/schema\/person\/e2fbdfaf30a07014a43940ce989f3119"},"breadcrumb":{"@id":"https:\/\/www.yucatanencorto.com\/noticias\/aprueban-en-comisiones-diversos-proyectos-de-convocatoria\/#breadcrumb"},"inLanguage":"es","potentialAction":[{"@type":"ReadAction","target":["https:\/\/www.yucatanencorto.com\/noticias\/aprueban-en-comisiones-diversos-proyectos-de-convocatoria\/"]}]},{"@type":"ImageObject","inLanguage":"es","@id":"https:\/\/www.yucatanencorto.com\/noticias\/aprueban-en-comisiones-diversos-proyectos-de-convocatoria\/#primaryimage","url":"https:\/\/www.yucatanencorto.com\/noticias\/wp-content\/uploads\/2023\/11\/IMG-20231106-WA0028-scaled.jpg","contentUrl":"https:\/\/www.yucatanencorto.com\/noticias\/wp-content\/uploads\/2023\/11\/IMG-20231106-WA0028-scaled.jpg","width":768,"height":512},{"@type":"BreadcrumbList","@id":"https:\/\/www.yucatanencorto.com\/noticias\/aprueban-en-comisiones-diversos-proyectos-de-convocatoria\/#breadcrumb","itemListElement":[{"@type":"ListItem","position":1,"name":"Portada","item":"https:\/\/www.yucatanencorto.com\/noticias\/"},{"@type":"ListItem","position":2,"name":"Aprueban en comisiones diversos proyectos de convocatoria \u00a0"}]},{"@type":"WebSite","@id":"https:\/\/www.yucatanencorto.com\/noticias\/#website","url":"https:\/\/www.yucatanencorto.com\/noticias\/","name":"Yucat\u00e1n en corto","description":"Noticias","potentialAction":[{"@type":"SearchAction","target":{"@type":"EntryPoint","urlTemplate":"https:\/\/www.yucatanencorto.com\/noticias\/?s={search_term_string}"},"query-input":{"@type":"PropertyValueSpecification","valueRequired":true,"valueName":"search_term_string"}}],"inLanguage":"es"},{"@type":"Person","@id":"https:\/\/www.yucatanencorto.com\/noticias\/#\/schema\/person\/e2fbdfaf30a07014a43940ce989f3119","name":"Redes","image":{"@type":"ImageObject","inLanguage":"es","@id":"https:\/\/secure.gravatar.com\/avatar\/5931a2d21dd7cc834f44c8c34fe56d90ed6d536ef452cbf870c7485b524dddd7?s=96&d=mm&r=g","url":"https:\/\/secure.gravatar.com\/avatar\/5931a2d21dd7cc834f44c8c34fe56d90ed6d536ef452cbf870c7485b524dddd7?s=96&d=mm&r=g","contentUrl":"https:\/\/secure.gravatar.com\/avatar\/5931a2d21dd7cc834f44c8c34fe56d90ed6d536ef452cbf870c7485b524dddd7?s=96&d=mm&r=g","caption":"Redes"},"url":"https:\/\/www.yucatanencorto.com\/noticias\/author\/redes\/"}]}},"_links":{"self":[{"href":"https:\/\/www.yucatanencorto.com\/noticias\/wp-json\/wp\/v2\/posts\/100752","targetHints":{"allow":["GET"]}}],"collection":[{"href":"https:\/\/www.yucatanencorto.com\/noticias\/wp-json\/wp\/v2\/posts"}],"about":[{"href":"https:\/\/www.yucatanencorto.com\/noticias\/wp-json\/wp\/v2\/types\/post"}],"author":[{"embeddable":true,"href":"https:\/\/www.yucatanencorto.com\/noticias\/wp-json\/wp\/v2\/users\/3"}],"replies":[{"embeddable":true,"href":"https:\/\/www.yucatanencorto.com\/noticias\/wp-json\/wp\/v2\/comments?post=100752"}],"version-history":[{"count":0,"href":"https:\/\/www.yucatanencorto.com\/noticias\/wp-json\/wp\/v2\/posts\/100752\/revisions"}],"wp:featuredmedia":[{"embeddable":true,"href":"https:\/\/www.yucatanencorto.com\/noticias\/wp-json\/wp\/v2\/media\/100753"}],"wp:attachment":[{"href":"https:\/\/www.yucatanencorto.com\/noticias\/wp-json\/wp\/v2\/media?parent=100752"}],"wp:term":[{"taxonomy":"category","embeddable":true,"href":"https:\/\/www.yucatanencorto.com\/noticias\/wp-json\/wp\/v2\/categories?post=100752"},{"taxonomy":"post_tag","embeddable":true,"href":"https:\/\/www.yucatanencorto.com\/noticias\/wp-json\/wp\/v2\/tags?post=100752"}],"curies":[{"name":"wp","href":"https:\/\/api.w.org\/{rel}","templated":true}]}}