{"id":100763,"date":"2023-11-07T14:43:35","date_gmt":"2023-11-07T20:43:35","guid":{"rendered":"https:\/\/www.yucatanencorto.com\/noticias\/?p=100763"},"modified":"2023-11-07T14:43:35","modified_gmt":"2023-11-07T20:43:35","slug":"arturo-zaldivar-presenta-su-renuncia-a-amlo-como-ministro-de-la-corte","status":"publish","type":"post","link":"https:\/\/www.yucatanencorto.com\/noticias\/arturo-zaldivar-presenta-su-renuncia-a-amlo-como-ministro-de-la-corte\/","title":{"rendered":"Arturo Zald\u00edvar presenta su renuncia a AMLO como ministro de la Corte"},"content":{"rendered":"<h2 data-t=\"{&quot;n&quot;:&quot;blueLinks&quot;}\"><img loading=\"lazy\" decoding=\"async\" class=\"alignnone size-full wp-image-100764\" src=\"https:\/\/www.yucatanencorto.com\/noticias\/wp-content\/uploads\/2023\/11\/Captura-de-pantalla-2023-11-07-144253-scaled.jpg\" alt=\"\" width=\"768\" height=\"474\" srcset=\"https:\/\/www.yucatanencorto.com\/noticias\/wp-content\/uploads\/2023\/11\/Captura-de-pantalla-2023-11-07-144253-scaled.jpg 768w, https:\/\/www.yucatanencorto.com\/noticias\/wp-content\/uploads\/2023\/11\/Captura-de-pantalla-2023-11-07-144253-696x430.jpg 696w, https:\/\/www.yucatanencorto.com\/noticias\/wp-content\/uploads\/2023\/11\/Captura-de-pantalla-2023-11-07-144253-1068x660.jpg 1068w, https:\/\/www.yucatanencorto.com\/noticias\/wp-content\/uploads\/2023\/11\/Captura-de-pantalla-2023-11-07-144253-680x420.jpg 680w, https:\/\/www.yucatanencorto.com\/noticias\/wp-content\/uploads\/2023\/11\/Captura-de-pantalla-2023-11-07-144253-356x220.jpg 356w\" sizes=\"auto, (max-width: 768px) 100vw, 768px\" \/><\/h2>\n<h2 data-t=\"{&quot;n&quot;:&quot;blueLinks&quot;}\"><b>Arturo Zald\u00edvar<\/b>\u00a0present\u00f3 este martes 7 de noviembre su renuncia al presidente<b>\u00a0Andr\u00e9s Manuel L\u00f3pez Obrador<\/b>\u00a0como ministro de la Suprema Corte de Justicia de la Naci\u00f3n (<b>SCJN<\/b>) para que, en el caso de que la acepte, sea turnada al Senado de la Rep\u00fablica para su aprobaci\u00f3n.<\/h2>\n<h2 data-t=\"{&quot;n&quot;:&quot;blueLinks&quot;}\">\u00abMi ciclo en la Corte ha terminado\u00bb, dijo.<\/h2>\n<h2 class=\"continue-read-break\" data-t=\"{&quot;n&quot;:&quot;blueLinks&quot;}\">\u00abDurante estos 14 a\u00f1os impuls\u00e9 los criterios m\u00e1s vanguardistas que constituyeron el nuevo paradigma constitucional en la defensa de los derechos humanos de todas las personas. Toca ahora seguir sirviendo a mi pa\u00eds en la consolidaci\u00f3n de la transformaci\u00f3n de un M\u00e9xico m\u00e1s justo y m\u00e1s igualitario, en el que sean prioridad quienes menos tienen y m\u00e1s lo necesitan\u00bb, dijo Zald\u00edvar al compartir en redes su carta de renuncia.<\/h2>\n<h2 data-t=\"{&quot;n&quot;:&quot;blueLinks&quot;}\">\u00abEl M\u00e9xico con el que so\u00f1amos es posible. Sigamos avanzando en su construcci\u00f3n. \u00a1Hasta que la dignidad y la igualdad se vuelvan costumbre!\u00bb, expres\u00f3.<\/h2>\n<h2 data-t=\"{&quot;n&quot;:&quot;blueLinks&quot;}\"><\/h2>\n","protected":false},"excerpt":{"rendered":"<p>Arturo Zald\u00edvar\u00a0present\u00f3 este martes 7 de noviembre su renuncia al presidente\u00a0Andr\u00e9s Manuel L\u00f3pez Obrador\u00a0como ministro de la Suprema Corte de Justicia de la Naci\u00f3n (SCJN) para que, en el caso de que la acepte, sea turnada al Senado de la Rep\u00fablica para su aprobaci\u00f3n. \u00abMi ciclo en la Corte ha terminado\u00bb, dijo. \u00abDurante estos 14 [&hellip;]<\/p>\n","protected":false},"author":3,"featured_media":100764,"comment_status":"closed","ping_status":"closed","sticky":false,"template":"","format":"standard","meta":{"footnotes":""},"categories":[4],"tags":[],"class_list":{"0":"post-100763","1":"post","2":"type-post","3":"status-publish","4":"format-standard","5":"has-post-thumbnail","7":"category-mexico"},"yoast_head":"<!-- This site is optimized with the Yoast SEO plugin v27.5 - https:\/\/yoast.com\/product\/yoast-seo-wordpress\/ -->\n<title>Arturo Zald\u00edvar presenta su renuncia a AMLO como ministro de la Corte - Yucat\u00e1n en corto<\/title>\n<meta name=\"robots\" content=\"index, follow, max-snippet:-1, max-image-preview:large, max-video-preview:-1\" \/>\n<link rel=\"canonical\" href=\"https:\/\/www.yucatanencorto.com\/noticias\/arturo-zaldivar-presenta-su-renuncia-a-amlo-como-ministro-de-la-corte\/\" \/>\n<meta property=\"og:locale\" content=\"es_ES\" \/>\n<meta property=\"og:type\" content=\"article\" \/>\n<meta property=\"og:title\" content=\"Arturo Zald\u00edvar presenta su renuncia a AMLO como ministro de la Corte - Yucat\u00e1n en corto\" \/>\n<meta property=\"og:description\" content=\"Arturo Zald\u00edvar\u00a0present\u00f3 este martes 7 de noviembre su renuncia al presidente\u00a0Andr\u00e9s Manuel L\u00f3pez Obrador\u00a0como ministro de la Suprema Corte de Justicia de la Naci\u00f3n (SCJN) para que, en el caso de que la acepte, sea turnada al Senado de la Rep\u00fablica para su aprobaci\u00f3n. \u00abMi ciclo en la Corte ha terminado\u00bb, dijo. \u00abDurante estos 14 [&hellip;]\" \/>\n<meta property=\"og:url\" content=\"https:\/\/www.yucatanencorto.com\/noticias\/arturo-zaldivar-presenta-su-renuncia-a-amlo-como-ministro-de-la-corte\/\" \/>\n<meta property=\"og:site_name\" content=\"Yucat\u00e1n en corto\" \/>\n<meta property=\"article:publisher\" content=\"http:\/\/www.facebook.com\/yucatanencorto\" \/>\n<meta property=\"article:published_time\" content=\"2023-11-07T20:43:35+00:00\" \/>\n<meta property=\"og:image\" content=\"https:\/\/www.yucatanencorto.com\/noticias\/wp-content\/uploads\/2023\/11\/Captura-de-pantalla-2023-11-07-144253-scaled.jpg\" \/>\n\t<meta property=\"og:image:width\" content=\"768\" \/>\n\t<meta property=\"og:image:height\" content=\"474\" \/>\n\t<meta property=\"og:image:type\" content=\"image\/jpeg\" \/>\n<meta name=\"author\" content=\"Redes\" \/>\n<meta name=\"twitter:card\" content=\"summary_large_image\" \/>\n<meta name=\"twitter:creator\" content=\"@yucatanencorto\" \/>\n<meta name=\"twitter:site\" content=\"@yucatanencorto\" \/>\n<meta name=\"twitter:label1\" content=\"Escrito por\" \/>\n\t<meta name=\"twitter:data1\" content=\"Redes\" \/>\n\t<meta name=\"twitter:label2\" content=\"Tiempo de lectura\" \/>\n\t<meta name=\"twitter:data2\" content=\"1 minuto\" \/>\n<script type=\"application\/ld+json\" class=\"yoast-schema-graph\">{\"@context\":\"https:\\\/\\\/schema.org\",\"@graph\":[{\"@type\":\"Article\",\"@id\":\"https:\\\/\\\/www.yucatanencorto.com\\\/noticias\\\/arturo-zaldivar-presenta-su-renuncia-a-amlo-como-ministro-de-la-corte\\\/#article\",\"isPartOf\":{\"@id\":\"https:\\\/\\\/www.yucatanencorto.com\\\/noticias\\\/arturo-zaldivar-presenta-su-renuncia-a-amlo-como-ministro-de-la-corte\\\/\"},\"author\":{\"name\":\"Redes\",\"@id\":\"https:\\\/\\\/www.yucatanencorto.com\\\/noticias\\\/#\\\/schema\\\/person\\\/e2fbdfaf30a07014a43940ce989f3119\"},\"headline\":\"Arturo Zald\u00edvar presenta su renuncia a AMLO como ministro de la Corte\",\"datePublished\":\"2023-11-07T20:43:35+00:00\",\"mainEntityOfPage\":{\"@id\":\"https:\\\/\\\/www.yucatanencorto.com\\\/noticias\\\/arturo-zaldivar-presenta-su-renuncia-a-amlo-como-ministro-de-la-corte\\\/\"},\"wordCount\":178,\"image\":{\"@id\":\"https:\\\/\\\/www.yucatanencorto.com\\\/noticias\\\/arturo-zaldivar-presenta-su-renuncia-a-amlo-como-ministro-de-la-corte\\\/#primaryimage\"},\"thumbnailUrl\":\"https:\\\/\\\/www.yucatanencorto.com\\\/noticias\\\/wp-content\\\/uploads\\\/2023\\\/11\\\/Captura-de-pantalla-2023-11-07-144253-scaled.jpg\",\"articleSection\":[\"M\u00e9xico\"],\"inLanguage\":\"es\"},{\"@type\":\"WebPage\",\"@id\":\"https:\\\/\\\/www.yucatanencorto.com\\\/noticias\\\/arturo-zaldivar-presenta-su-renuncia-a-amlo-como-ministro-de-la-corte\\\/\",\"url\":\"https:\\\/\\\/www.yucatanencorto.com\\\/noticias\\\/arturo-zaldivar-presenta-su-renuncia-a-amlo-como-ministro-de-la-corte\\\/\",\"name\":\"Arturo Zald\u00edvar presenta su renuncia a AMLO como ministro de la Corte - Yucat\u00e1n en corto\",\"isPartOf\":{\"@id\":\"https:\\\/\\\/www.yucatanencorto.com\\\/noticias\\\/#website\"},\"primaryImageOfPage\":{\"@id\":\"https:\\\/\\\/www.yucatanencorto.com\\\/noticias\\\/arturo-zaldivar-presenta-su-renuncia-a-amlo-como-ministro-de-la-corte\\\/#primaryimage\"},\"image\":{\"@id\":\"https:\\\/\\\/www.yucatanencorto.com\\\/noticias\\\/arturo-zaldivar-presenta-su-renuncia-a-amlo-como-ministro-de-la-corte\\\/#primaryimage\"},\"thumbnailUrl\":\"https:\\\/\\\/www.yucatanencorto.com\\\/noticias\\\/wp-content\\\/uploads\\\/2023\\\/11\\\/Captura-de-pantalla-2023-11-07-144253-scaled.jpg\",\"datePublished\":\"2023-11-07T20:43:35+00:00\",\"author\":{\"@id\":\"https:\\\/\\\/www.yucatanencorto.com\\\/noticias\\\/#\\\/schema\\\/person\\\/e2fbdfaf30a07014a43940ce989f3119\"},\"breadcrumb\":{\"@id\":\"https:\\\/\\\/www.yucatanencorto.com\\\/noticias\\\/arturo-zaldivar-presenta-su-renuncia-a-amlo-como-ministro-de-la-corte\\\/#breadcrumb\"},\"inLanguage\":\"es\",\"potentialAction\":[{\"@type\":\"ReadAction\",\"target\":[\"https:\\\/\\\/www.yucatanencorto.com\\\/noticias\\\/arturo-zaldivar-presenta-su-renuncia-a-amlo-como-ministro-de-la-corte\\\/\"]}]},{\"@type\":\"ImageObject\",\"inLanguage\":\"es\",\"@id\":\"https:\\\/\\\/www.yucatanencorto.com\\\/noticias\\\/arturo-zaldivar-presenta-su-renuncia-a-amlo-como-ministro-de-la-corte\\\/#primaryimage\",\"url\":\"https:\\\/\\\/www.yucatanencorto.com\\\/noticias\\\/wp-content\\\/uploads\\\/2023\\\/11\\\/Captura-de-pantalla-2023-11-07-144253-scaled.jpg\",\"contentUrl\":\"https:\\\/\\\/www.yucatanencorto.com\\\/noticias\\\/wp-content\\\/uploads\\\/2023\\\/11\\\/Captura-de-pantalla-2023-11-07-144253-scaled.jpg\",\"width\":768,\"height\":474},{\"@type\":\"BreadcrumbList\",\"@id\":\"https:\\\/\\\/www.yucatanencorto.com\\\/noticias\\\/arturo-zaldivar-presenta-su-renuncia-a-amlo-como-ministro-de-la-corte\\\/#breadcrumb\",\"itemListElement\":[{\"@type\":\"ListItem\",\"position\":1,\"name\":\"Portada\",\"item\":\"https:\\\/\\\/www.yucatanencorto.com\\\/noticias\\\/\"},{\"@type\":\"ListItem\",\"position\":2,\"name\":\"Arturo Zald\u00edvar presenta su renuncia a AMLO como ministro de la Corte\"}]},{\"@type\":\"WebSite\",\"@id\":\"https:\\\/\\\/www.yucatanencorto.com\\\/noticias\\\/#website\",\"url\":\"https:\\\/\\\/www.yucatanencorto.com\\\/noticias\\\/\",\"name\":\"Yucat\u00e1n en corto\",\"description\":\"Noticias\",\"potentialAction\":[{\"@type\":\"SearchAction\",\"target\":{\"@type\":\"EntryPoint\",\"urlTemplate\":\"https:\\\/\\\/www.yucatanencorto.com\\\/noticias\\\/?s={search_term_string}\"},\"query-input\":{\"@type\":\"PropertyValueSpecification\",\"valueRequired\":true,\"valueName\":\"search_term_string\"}}],\"inLanguage\":\"es\"},{\"@type\":\"Person\",\"@id\":\"https:\\\/\\\/www.yucatanencorto.com\\\/noticias\\\/#\\\/schema\\\/person\\\/e2fbdfaf30a07014a43940ce989f3119\",\"name\":\"Redes\",\"image\":{\"@type\":\"ImageObject\",\"inLanguage\":\"es\",\"@id\":\"https:\\\/\\\/secure.gravatar.com\\\/avatar\\\/5931a2d21dd7cc834f44c8c34fe56d90ed6d536ef452cbf870c7485b524dddd7?s=96&d=mm&r=g\",\"url\":\"https:\\\/\\\/secure.gravatar.com\\\/avatar\\\/5931a2d21dd7cc834f44c8c34fe56d90ed6d536ef452cbf870c7485b524dddd7?s=96&d=mm&r=g\",\"contentUrl\":\"https:\\\/\\\/secure.gravatar.com\\\/avatar\\\/5931a2d21dd7cc834f44c8c34fe56d90ed6d536ef452cbf870c7485b524dddd7?s=96&d=mm&r=g\",\"caption\":\"Redes\"},\"url\":\"https:\\\/\\\/www.yucatanencorto.com\\\/noticias\\\/author\\\/redes\\\/\"}]}<\/script>\n<!-- \/ Yoast SEO plugin. -->","yoast_head_json":{"title":"Arturo Zald\u00edvar presenta su renuncia a AMLO como ministro de la Corte - Yucat\u00e1n en corto","robots":{"index":"index","follow":"follow","max-snippet":"max-snippet:-1","max-image-preview":"max-image-preview:large","max-video-preview":"max-video-preview:-1"},"canonical":"https:\/\/www.yucatanencorto.com\/noticias\/arturo-zaldivar-presenta-su-renuncia-a-amlo-como-ministro-de-la-corte\/","og_locale":"es_ES","og_type":"article","og_title":"Arturo Zald\u00edvar presenta su renuncia a AMLO como ministro de la Corte - Yucat\u00e1n en corto","og_description":"Arturo Zald\u00edvar\u00a0present\u00f3 este martes 7 de noviembre su renuncia al presidente\u00a0Andr\u00e9s Manuel L\u00f3pez Obrador\u00a0como ministro de la Suprema Corte de Justicia de la Naci\u00f3n (SCJN) para que, en el caso de que la acepte, sea turnada al Senado de la Rep\u00fablica para su aprobaci\u00f3n. \u00abMi ciclo en la Corte ha terminado\u00bb, dijo. \u00abDurante estos 14 [&hellip;]","og_url":"https:\/\/www.yucatanencorto.com\/noticias\/arturo-zaldivar-presenta-su-renuncia-a-amlo-como-ministro-de-la-corte\/","og_site_name":"Yucat\u00e1n en corto","article_publisher":"http:\/\/www.facebook.com\/yucatanencorto","article_published_time":"2023-11-07T20:43:35+00:00","og_image":[{"width":768,"height":474,"url":"https:\/\/www.yucatanencorto.com\/noticias\/wp-content\/uploads\/2023\/11\/Captura-de-pantalla-2023-11-07-144253-scaled.jpg","type":"image\/jpeg"}],"author":"Redes","twitter_card":"summary_large_image","twitter_creator":"@yucatanencorto","twitter_site":"@yucatanencorto","twitter_misc":{"Escrito por":"Redes","Tiempo de lectura":"1 minuto"},"schema":{"@context":"https:\/\/schema.org","@graph":[{"@type":"Article","@id":"https:\/\/www.yucatanencorto.com\/noticias\/arturo-zaldivar-presenta-su-renuncia-a-amlo-como-ministro-de-la-corte\/#article","isPartOf":{"@id":"https:\/\/www.yucatanencorto.com\/noticias\/arturo-zaldivar-presenta-su-renuncia-a-amlo-como-ministro-de-la-corte\/"},"author":{"name":"Redes","@id":"https:\/\/www.yucatanencorto.com\/noticias\/#\/schema\/person\/e2fbdfaf30a07014a43940ce989f3119"},"headline":"Arturo Zald\u00edvar presenta su renuncia a AMLO como ministro de la Corte","datePublished":"2023-11-07T20:43:35+00:00","mainEntityOfPage":{"@id":"https:\/\/www.yucatanencorto.com\/noticias\/arturo-zaldivar-presenta-su-renuncia-a-amlo-como-ministro-de-la-corte\/"},"wordCount":178,"image":{"@id":"https:\/\/www.yucatanencorto.com\/noticias\/arturo-zaldivar-presenta-su-renuncia-a-amlo-como-ministro-de-la-corte\/#primaryimage"},"thumbnailUrl":"https:\/\/www.yucatanencorto.com\/noticias\/wp-content\/uploads\/2023\/11\/Captura-de-pantalla-2023-11-07-144253-scaled.jpg","articleSection":["M\u00e9xico"],"inLanguage":"es"},{"@type":"WebPage","@id":"https:\/\/www.yucatanencorto.com\/noticias\/arturo-zaldivar-presenta-su-renuncia-a-amlo-como-ministro-de-la-corte\/","url":"https:\/\/www.yucatanencorto.com\/noticias\/arturo-zaldivar-presenta-su-renuncia-a-amlo-como-ministro-de-la-corte\/","name":"Arturo Zald\u00edvar presenta su renuncia a AMLO como ministro de la Corte - Yucat\u00e1n en corto","isPartOf":{"@id":"https:\/\/www.yucatanencorto.com\/noticias\/#website"},"primaryImageOfPage":{"@id":"https:\/\/www.yucatanencorto.com\/noticias\/arturo-zaldivar-presenta-su-renuncia-a-amlo-como-ministro-de-la-corte\/#primaryimage"},"image":{"@id":"https:\/\/www.yucatanencorto.com\/noticias\/arturo-zaldivar-presenta-su-renuncia-a-amlo-como-ministro-de-la-corte\/#primaryimage"},"thumbnailUrl":"https:\/\/www.yucatanencorto.com\/noticias\/wp-content\/uploads\/2023\/11\/Captura-de-pantalla-2023-11-07-144253-scaled.jpg","datePublished":"2023-11-07T20:43:35+00:00","author":{"@id":"https:\/\/www.yucatanencorto.com\/noticias\/#\/schema\/person\/e2fbdfaf30a07014a43940ce989f3119"},"breadcrumb":{"@id":"https:\/\/www.yucatanencorto.com\/noticias\/arturo-zaldivar-presenta-su-renuncia-a-amlo-como-ministro-de-la-corte\/#breadcrumb"},"inLanguage":"es","potentialAction":[{"@type":"ReadAction","target":["https:\/\/www.yucatanencorto.com\/noticias\/arturo-zaldivar-presenta-su-renuncia-a-amlo-como-ministro-de-la-corte\/"]}]},{"@type":"ImageObject","inLanguage":"es","@id":"https:\/\/www.yucatanencorto.com\/noticias\/arturo-zaldivar-presenta-su-renuncia-a-amlo-como-ministro-de-la-corte\/#primaryimage","url":"https:\/\/www.yucatanencorto.com\/noticias\/wp-content\/uploads\/2023\/11\/Captura-de-pantalla-2023-11-07-144253-scaled.jpg","contentUrl":"https:\/\/www.yucatanencorto.com\/noticias\/wp-content\/uploads\/2023\/11\/Captura-de-pantalla-2023-11-07-144253-scaled.jpg","width":768,"height":474},{"@type":"BreadcrumbList","@id":"https:\/\/www.yucatanencorto.com\/noticias\/arturo-zaldivar-presenta-su-renuncia-a-amlo-como-ministro-de-la-corte\/#breadcrumb","itemListElement":[{"@type":"ListItem","position":1,"name":"Portada","item":"https:\/\/www.yucatanencorto.com\/noticias\/"},{"@type":"ListItem","position":2,"name":"Arturo Zald\u00edvar presenta su renuncia a AMLO como ministro de la Corte"}]},{"@type":"WebSite","@id":"https:\/\/www.yucatanencorto.com\/noticias\/#website","url":"https:\/\/www.yucatanencorto.com\/noticias\/","name":"Yucat\u00e1n en corto","description":"Noticias","potentialAction":[{"@type":"SearchAction","target":{"@type":"EntryPoint","urlTemplate":"https:\/\/www.yucatanencorto.com\/noticias\/?s={search_term_string}"},"query-input":{"@type":"PropertyValueSpecification","valueRequired":true,"valueName":"search_term_string"}}],"inLanguage":"es"},{"@type":"Person","@id":"https:\/\/www.yucatanencorto.com\/noticias\/#\/schema\/person\/e2fbdfaf30a07014a43940ce989f3119","name":"Redes","image":{"@type":"ImageObject","inLanguage":"es","@id":"https:\/\/secure.gravatar.com\/avatar\/5931a2d21dd7cc834f44c8c34fe56d90ed6d536ef452cbf870c7485b524dddd7?s=96&d=mm&r=g","url":"https:\/\/secure.gravatar.com\/avatar\/5931a2d21dd7cc834f44c8c34fe56d90ed6d536ef452cbf870c7485b524dddd7?s=96&d=mm&r=g","contentUrl":"https:\/\/secure.gravatar.com\/avatar\/5931a2d21dd7cc834f44c8c34fe56d90ed6d536ef452cbf870c7485b524dddd7?s=96&d=mm&r=g","caption":"Redes"},"url":"https:\/\/www.yucatanencorto.com\/noticias\/author\/redes\/"}]}},"_links":{"self":[{"href":"https:\/\/www.yucatanencorto.com\/noticias\/wp-json\/wp\/v2\/posts\/100763","targetHints":{"allow":["GET"]}}],"collection":[{"href":"https:\/\/www.yucatanencorto.com\/noticias\/wp-json\/wp\/v2\/posts"}],"about":[{"href":"https:\/\/www.yucatanencorto.com\/noticias\/wp-json\/wp\/v2\/types\/post"}],"author":[{"embeddable":true,"href":"https:\/\/www.yucatanencorto.com\/noticias\/wp-json\/wp\/v2\/users\/3"}],"replies":[{"embeddable":true,"href":"https:\/\/www.yucatanencorto.com\/noticias\/wp-json\/wp\/v2\/comments?post=100763"}],"version-history":[{"count":0,"href":"https:\/\/www.yucatanencorto.com\/noticias\/wp-json\/wp\/v2\/posts\/100763\/revisions"}],"wp:featuredmedia":[{"embeddable":true,"href":"https:\/\/www.yucatanencorto.com\/noticias\/wp-json\/wp\/v2\/media\/100764"}],"wp:attachment":[{"href":"https:\/\/www.yucatanencorto.com\/noticias\/wp-json\/wp\/v2\/media?parent=100763"}],"wp:term":[{"taxonomy":"category","embeddable":true,"href":"https:\/\/www.yucatanencorto.com\/noticias\/wp-json\/wp\/v2\/categories?post=100763"},{"taxonomy":"post_tag","embeddable":true,"href":"https:\/\/www.yucatanencorto.com\/noticias\/wp-json\/wp\/v2\/tags?post=100763"}],"curies":[{"name":"wp","href":"https:\/\/api.w.org\/{rel}","templated":true}]}}