{"id":100778,"date":"2023-11-07T23:01:06","date_gmt":"2023-11-08T05:01:06","guid":{"rendered":"https:\/\/www.yucatanencorto.com\/noticias\/?p=100778"},"modified":"2023-11-07T23:01:06","modified_gmt":"2023-11-08T05:01:06","slug":"visitan-a-habitantes-kopoma-y-opichen","status":"publish","type":"post","link":"https:\/\/www.yucatanencorto.com\/noticias\/visitan-a-habitantes-kopoma-y-opichen\/","title":{"rendered":"Visitan a habitantes Kopom\u00e1 y Opich\u00e9n"},"content":{"rendered":"<p><img loading=\"lazy\" decoding=\"async\" class=\"alignnone size-full wp-image-100779\" src=\"https:\/\/www.yucatanencorto.com\/noticias\/wp-content\/uploads\/2023\/11\/IMG-20231107-WA0076-scaled.jpg\" alt=\"\" width=\"512\" height=\"768\" srcset=\"https:\/\/www.yucatanencorto.com\/noticias\/wp-content\/uploads\/2023\/11\/IMG-20231107-WA0076-scaled.jpg 512w, https:\/\/www.yucatanencorto.com\/noticias\/wp-content\/uploads\/2023\/11\/IMG-20231107-WA0076-768x1152.jpg 768w, https:\/\/www.yucatanencorto.com\/noticias\/wp-content\/uploads\/2023\/11\/IMG-20231107-WA0076-696x1044.jpg 696w, https:\/\/www.yucatanencorto.com\/noticias\/wp-content\/uploads\/2023\/11\/IMG-20231107-WA0076-280x420.jpg 280w\" sizes=\"auto, (max-width: 512px) 100vw, 512px\" \/><\/p>\n<p>Opich\u00e9n, Yuc, a 7 de noviembre de 2023.- Para escuchar a las y los militantes del Partido Acci\u00f3n Nacional (PAN), el precandidato a la gubernatura de Yucat\u00e1n, Ren\u00e1n Barrera Concha, sostuvo una reuni\u00f3n con las trabajadoras de Opich\u00e9n para incluir sus propuestas para la transformaci\u00f3n segura de la entidad a trav\u00e9s de un mayor impulso a la econom\u00eda.<\/p>\n<p>\u201cEmpezar la precampa\u00f1a aqu\u00ed en Opich\u00e9n con mujeres trabajadoras como ustedes, me llena de orgullo, porque ustedes son una pieza clave para consolidar el desarrollo econ\u00f3mico de nuestro Estado y tienen una visi\u00f3n sobre los retos y obst\u00e1culos que debemos afrontar para que cada vez sean m\u00e1s mujeres inicien sus emprendimientos\u00bb, expres\u00f3.<\/p>\n<p>Para impulsar la transformaci\u00f3n de Yucat\u00e1n, abund\u00f3, es primordial que las mujeres, particularmente del interior del estado, cuenten con m\u00e1s programas que las impulsen y garanticen su desarrollo econ\u00f3mico y social.<\/p>\n<p>Se que ustedes, continu\u00f3, con el apoyo de microcr\u00e9ditos y de mayor promoci\u00f3n de sus productos para comercializarlos de manera m\u00e1s \u00e1gil, tendr\u00e1n ingresos, mejorar\u00e1n sus hogares y ser\u00e1n aut\u00f3nomas. Lo hice como Alcalde de M\u00e9rida con muchos programas y estoy convencido que lo vamos a replicar en todos los rincones del estado.<\/p>\n<p>Barrera Concha reiter\u00f3 ante las militantes panistas que transformar Yucat\u00e1n es quitar los obst\u00e1culos para las y los emprendedores, hacer justicia para todos los campesinos, peque\u00f1os comerciantes y productores que cada d\u00eda trabajan para ampliar las oportunidades para sus familias y el Estado, por ello, se\u00f1al\u00f3 que visit\u00f3 a las trabajadoras de este Municipio para escucharlas y convertir sus contribuciones en propuestas de programas que atiendan sus necesidades.<\/p>\n<p>Panader\u00eda \u00abLas Anitas\u00bb<\/p>\n<p>Al terminar la reuni\u00f3n, el precandidato se dirigi\u00f3 a la panader\u00eda \u00abLas Anitas\u00bb, donde fue recibido por el due\u00f1o Rusel Xool Ordo\u00f1ez y su familia, quienes conversaron con \u00e9l y le externaron su apoyo de manera franca y abierta: \u201c\u00a1Nosotros sabemos que vas a ganar, que vas a ser gobernador!\u201d, expresaron.<\/p>\n<p>La familia obsequi\u00f3 al pol\u00edtico yucateco una canasta de pan dulce y le agradeci\u00f3 la visita a la panader\u00eda.<\/p>\n<p>&nbsp;<\/p>\n<p>Con ganaderos de Kopom\u00e1<\/p>\n<p>En esta primera jornada, Ren\u00e1n Barrera visit\u00f3 tambi\u00e9n el rancho \u00abLos Alebrijes\u00bb del municipio de Kopom\u00e1, donde se reuni\u00f3 con un grupo de ganaderos, quienes plantearon la situaci\u00f3n por la que atraviesa el sector y pidieron atender sus necesidades.<\/p>\n<p>\u201cQueremos seguir trabajando de la mano del gobierno del Estado. Le damos la confianza al licenciado Ren\u00e1n Barrera para seguir trabajando unidos por Yucat\u00e1n\u201d, comentaron los productores.<\/p>\n<p>\u201cContamos con el programa Peso a Peso y queremos que contin\u00fae, pero necesitamos que se complemente con m\u00e1s insumos, que los paquetes incluyan m\u00e1s fotoceldas solares para ahorrar en el pago de energ\u00eda\u00bb, dijo Gutenburgo Chan Ku, due\u00f1o del rancho.<\/p>\n<p>Por su parte, Ren\u00e1n Barrera destac\u00f3 que la precampa\u00f1a funge como un diagn\u00f3stico para saber que se va proponer en la campa\u00f1a, m\u00e1s en el tema del \u201ccampo que debe seguir siendo prioridad para el pr\u00f3ximo gobierno, nosotros vamos a proponer programas de \u00e9xito que nos han funcionado muy bien en M\u00e9rida.<\/p>\n<p>\u201cEsta es una etapa para nutrirnos con este ejercicio de escucharles, de entrada, \u00e9sta es mi carta de presentaci\u00f3n: he sido tres veces alcalde de M\u00e9rida y quiero poner toda mi experiencia y mi voluntad de servicio a todo el Estado\u201d, apunt\u00f3.<\/p>\n<p>\u201cLo que hoy nos debe unir a todos es cuidar el futuro de Yucat\u00e1n, para que sigamos teniendo seguridad y, como dice Gutenburgo, \u00a1para incrementar los apoyos al campo y hacerlo m\u00e1s productivo!\u201d, enfatiz\u00f3 el pol\u00edtico yucateco, ante los aplausos de los ganaderos.<\/p>\n","protected":false},"excerpt":{"rendered":"<p>Opich\u00e9n, Yuc, a 7 de noviembre de 2023.- Para escuchar a las y los militantes del Partido Acci\u00f3n Nacional (PAN), el precandidato a la gubernatura de Yucat\u00e1n, Ren\u00e1n Barrera Concha, sostuvo una reuni\u00f3n con las trabajadoras de Opich\u00e9n para incluir sus propuestas para la transformaci\u00f3n segura de la entidad a trav\u00e9s de un mayor impulso [&hellip;]<\/p>\n","protected":false},"author":3,"featured_media":100779,"comment_status":"closed","ping_status":"closed","sticky":false,"template":"","format":"standard","meta":{"footnotes":""},"categories":[3],"tags":[],"class_list":{"0":"post-100778","1":"post","2":"type-post","3":"status-publish","4":"format-standard","5":"has-post-thumbnail","7":"category-yucatan"},"yoast_head":"<!-- This site is optimized with the Yoast SEO plugin v27.5 - https:\/\/yoast.com\/product\/yoast-seo-wordpress\/ -->\n<title>Visitan a habitantes Kopom\u00e1 y Opich\u00e9n - Yucat\u00e1n en corto<\/title>\n<meta name=\"robots\" content=\"index, follow, max-snippet:-1, max-image-preview:large, max-video-preview:-1\" \/>\n<link rel=\"canonical\" href=\"https:\/\/www.yucatanencorto.com\/noticias\/visitan-a-habitantes-kopoma-y-opichen\/\" \/>\n<meta property=\"og:locale\" content=\"es_ES\" \/>\n<meta property=\"og:type\" content=\"article\" \/>\n<meta property=\"og:title\" content=\"Visitan a habitantes Kopom\u00e1 y Opich\u00e9n - Yucat\u00e1n en corto\" \/>\n<meta property=\"og:description\" content=\"Opich\u00e9n, Yuc, a 7 de noviembre de 2023.- Para escuchar a las y los militantes del Partido Acci\u00f3n Nacional (PAN), el precandidato a la gubernatura de Yucat\u00e1n, Ren\u00e1n Barrera Concha, sostuvo una reuni\u00f3n con las trabajadoras de Opich\u00e9n para incluir sus propuestas para la transformaci\u00f3n segura de la entidad a trav\u00e9s de un mayor impulso [&hellip;]\" \/>\n<meta property=\"og:url\" content=\"https:\/\/www.yucatanencorto.com\/noticias\/visitan-a-habitantes-kopoma-y-opichen\/\" \/>\n<meta property=\"og:site_name\" content=\"Yucat\u00e1n en corto\" \/>\n<meta property=\"article:publisher\" content=\"http:\/\/www.facebook.com\/yucatanencorto\" \/>\n<meta property=\"article:published_time\" content=\"2023-11-08T05:01:06+00:00\" \/>\n<meta property=\"og:image\" content=\"https:\/\/www.yucatanencorto.com\/noticias\/wp-content\/uploads\/2023\/11\/IMG-20231107-WA0076-scaled.jpg\" \/>\n\t<meta property=\"og:image:width\" content=\"512\" \/>\n\t<meta property=\"og:image:height\" content=\"768\" \/>\n\t<meta property=\"og:image:type\" content=\"image\/jpeg\" \/>\n<meta name=\"author\" content=\"Redes\" \/>\n<meta name=\"twitter:card\" content=\"summary_large_image\" \/>\n<meta name=\"twitter:creator\" content=\"@yucatanencorto\" \/>\n<meta name=\"twitter:site\" content=\"@yucatanencorto\" \/>\n<meta name=\"twitter:label1\" content=\"Escrito por\" \/>\n\t<meta name=\"twitter:data1\" content=\"Redes\" \/>\n\t<meta name=\"twitter:label2\" content=\"Tiempo de lectura\" \/>\n\t<meta name=\"twitter:data2\" content=\"3 minutos\" \/>\n<script type=\"application\/ld+json\" class=\"yoast-schema-graph\">{\"@context\":\"https:\\\/\\\/schema.org\",\"@graph\":[{\"@type\":\"Article\",\"@id\":\"https:\\\/\\\/www.yucatanencorto.com\\\/noticias\\\/visitan-a-habitantes-kopoma-y-opichen\\\/#article\",\"isPartOf\":{\"@id\":\"https:\\\/\\\/www.yucatanencorto.com\\\/noticias\\\/visitan-a-habitantes-kopoma-y-opichen\\\/\"},\"author\":{\"name\":\"Redes\",\"@id\":\"https:\\\/\\\/www.yucatanencorto.com\\\/noticias\\\/#\\\/schema\\\/person\\\/e2fbdfaf30a07014a43940ce989f3119\"},\"headline\":\"Visitan a habitantes Kopom\u00e1 y Opich\u00e9n\",\"datePublished\":\"2023-11-08T05:01:06+00:00\",\"mainEntityOfPage\":{\"@id\":\"https:\\\/\\\/www.yucatanencorto.com\\\/noticias\\\/visitan-a-habitantes-kopoma-y-opichen\\\/\"},\"wordCount\":650,\"image\":{\"@id\":\"https:\\\/\\\/www.yucatanencorto.com\\\/noticias\\\/visitan-a-habitantes-kopoma-y-opichen\\\/#primaryimage\"},\"thumbnailUrl\":\"https:\\\/\\\/www.yucatanencorto.com\\\/noticias\\\/wp-content\\\/uploads\\\/2023\\\/11\\\/IMG-20231107-WA0076-scaled.jpg\",\"articleSection\":[\"Yucat\u00e1n\"],\"inLanguage\":\"es\"},{\"@type\":\"WebPage\",\"@id\":\"https:\\\/\\\/www.yucatanencorto.com\\\/noticias\\\/visitan-a-habitantes-kopoma-y-opichen\\\/\",\"url\":\"https:\\\/\\\/www.yucatanencorto.com\\\/noticias\\\/visitan-a-habitantes-kopoma-y-opichen\\\/\",\"name\":\"Visitan a habitantes Kopom\u00e1 y Opich\u00e9n - Yucat\u00e1n en corto\",\"isPartOf\":{\"@id\":\"https:\\\/\\\/www.yucatanencorto.com\\\/noticias\\\/#website\"},\"primaryImageOfPage\":{\"@id\":\"https:\\\/\\\/www.yucatanencorto.com\\\/noticias\\\/visitan-a-habitantes-kopoma-y-opichen\\\/#primaryimage\"},\"image\":{\"@id\":\"https:\\\/\\\/www.yucatanencorto.com\\\/noticias\\\/visitan-a-habitantes-kopoma-y-opichen\\\/#primaryimage\"},\"thumbnailUrl\":\"https:\\\/\\\/www.yucatanencorto.com\\\/noticias\\\/wp-content\\\/uploads\\\/2023\\\/11\\\/IMG-20231107-WA0076-scaled.jpg\",\"datePublished\":\"2023-11-08T05:01:06+00:00\",\"author\":{\"@id\":\"https:\\\/\\\/www.yucatanencorto.com\\\/noticias\\\/#\\\/schema\\\/person\\\/e2fbdfaf30a07014a43940ce989f3119\"},\"breadcrumb\":{\"@id\":\"https:\\\/\\\/www.yucatanencorto.com\\\/noticias\\\/visitan-a-habitantes-kopoma-y-opichen\\\/#breadcrumb\"},\"inLanguage\":\"es\",\"potentialAction\":[{\"@type\":\"ReadAction\",\"target\":[\"https:\\\/\\\/www.yucatanencorto.com\\\/noticias\\\/visitan-a-habitantes-kopoma-y-opichen\\\/\"]}]},{\"@type\":\"ImageObject\",\"inLanguage\":\"es\",\"@id\":\"https:\\\/\\\/www.yucatanencorto.com\\\/noticias\\\/visitan-a-habitantes-kopoma-y-opichen\\\/#primaryimage\",\"url\":\"https:\\\/\\\/www.yucatanencorto.com\\\/noticias\\\/wp-content\\\/uploads\\\/2023\\\/11\\\/IMG-20231107-WA0076-scaled.jpg\",\"contentUrl\":\"https:\\\/\\\/www.yucatanencorto.com\\\/noticias\\\/wp-content\\\/uploads\\\/2023\\\/11\\\/IMG-20231107-WA0076-scaled.jpg\",\"width\":512,\"height\":768},{\"@type\":\"BreadcrumbList\",\"@id\":\"https:\\\/\\\/www.yucatanencorto.com\\\/noticias\\\/visitan-a-habitantes-kopoma-y-opichen\\\/#breadcrumb\",\"itemListElement\":[{\"@type\":\"ListItem\",\"position\":1,\"name\":\"Portada\",\"item\":\"https:\\\/\\\/www.yucatanencorto.com\\\/noticias\\\/\"},{\"@type\":\"ListItem\",\"position\":2,\"name\":\"Visitan a habitantes Kopom\u00e1 y Opich\u00e9n\"}]},{\"@type\":\"WebSite\",\"@id\":\"https:\\\/\\\/www.yucatanencorto.com\\\/noticias\\\/#website\",\"url\":\"https:\\\/\\\/www.yucatanencorto.com\\\/noticias\\\/\",\"name\":\"Yucat\u00e1n en corto\",\"description\":\"Noticias\",\"potentialAction\":[{\"@type\":\"SearchAction\",\"target\":{\"@type\":\"EntryPoint\",\"urlTemplate\":\"https:\\\/\\\/www.yucatanencorto.com\\\/noticias\\\/?s={search_term_string}\"},\"query-input\":{\"@type\":\"PropertyValueSpecification\",\"valueRequired\":true,\"valueName\":\"search_term_string\"}}],\"inLanguage\":\"es\"},{\"@type\":\"Person\",\"@id\":\"https:\\\/\\\/www.yucatanencorto.com\\\/noticias\\\/#\\\/schema\\\/person\\\/e2fbdfaf30a07014a43940ce989f3119\",\"name\":\"Redes\",\"image\":{\"@type\":\"ImageObject\",\"inLanguage\":\"es\",\"@id\":\"https:\\\/\\\/secure.gravatar.com\\\/avatar\\\/5931a2d21dd7cc834f44c8c34fe56d90ed6d536ef452cbf870c7485b524dddd7?s=96&d=mm&r=g\",\"url\":\"https:\\\/\\\/secure.gravatar.com\\\/avatar\\\/5931a2d21dd7cc834f44c8c34fe56d90ed6d536ef452cbf870c7485b524dddd7?s=96&d=mm&r=g\",\"contentUrl\":\"https:\\\/\\\/secure.gravatar.com\\\/avatar\\\/5931a2d21dd7cc834f44c8c34fe56d90ed6d536ef452cbf870c7485b524dddd7?s=96&d=mm&r=g\",\"caption\":\"Redes\"},\"url\":\"https:\\\/\\\/www.yucatanencorto.com\\\/noticias\\\/author\\\/redes\\\/\"}]}<\/script>\n<!-- \/ Yoast SEO plugin. -->","yoast_head_json":{"title":"Visitan a habitantes Kopom\u00e1 y Opich\u00e9n - Yucat\u00e1n en corto","robots":{"index":"index","follow":"follow","max-snippet":"max-snippet:-1","max-image-preview":"max-image-preview:large","max-video-preview":"max-video-preview:-1"},"canonical":"https:\/\/www.yucatanencorto.com\/noticias\/visitan-a-habitantes-kopoma-y-opichen\/","og_locale":"es_ES","og_type":"article","og_title":"Visitan a habitantes Kopom\u00e1 y Opich\u00e9n - Yucat\u00e1n en corto","og_description":"Opich\u00e9n, Yuc, a 7 de noviembre de 2023.- Para escuchar a las y los militantes del Partido Acci\u00f3n Nacional (PAN), el precandidato a la gubernatura de Yucat\u00e1n, Ren\u00e1n Barrera Concha, sostuvo una reuni\u00f3n con las trabajadoras de Opich\u00e9n para incluir sus propuestas para la transformaci\u00f3n segura de la entidad a trav\u00e9s de un mayor impulso [&hellip;]","og_url":"https:\/\/www.yucatanencorto.com\/noticias\/visitan-a-habitantes-kopoma-y-opichen\/","og_site_name":"Yucat\u00e1n en corto","article_publisher":"http:\/\/www.facebook.com\/yucatanencorto","article_published_time":"2023-11-08T05:01:06+00:00","og_image":[{"width":512,"height":768,"url":"https:\/\/www.yucatanencorto.com\/noticias\/wp-content\/uploads\/2023\/11\/IMG-20231107-WA0076-scaled.jpg","type":"image\/jpeg"}],"author":"Redes","twitter_card":"summary_large_image","twitter_creator":"@yucatanencorto","twitter_site":"@yucatanencorto","twitter_misc":{"Escrito por":"Redes","Tiempo de lectura":"3 minutos"},"schema":{"@context":"https:\/\/schema.org","@graph":[{"@type":"Article","@id":"https:\/\/www.yucatanencorto.com\/noticias\/visitan-a-habitantes-kopoma-y-opichen\/#article","isPartOf":{"@id":"https:\/\/www.yucatanencorto.com\/noticias\/visitan-a-habitantes-kopoma-y-opichen\/"},"author":{"name":"Redes","@id":"https:\/\/www.yucatanencorto.com\/noticias\/#\/schema\/person\/e2fbdfaf30a07014a43940ce989f3119"},"headline":"Visitan a habitantes Kopom\u00e1 y Opich\u00e9n","datePublished":"2023-11-08T05:01:06+00:00","mainEntityOfPage":{"@id":"https:\/\/www.yucatanencorto.com\/noticias\/visitan-a-habitantes-kopoma-y-opichen\/"},"wordCount":650,"image":{"@id":"https:\/\/www.yucatanencorto.com\/noticias\/visitan-a-habitantes-kopoma-y-opichen\/#primaryimage"},"thumbnailUrl":"https:\/\/www.yucatanencorto.com\/noticias\/wp-content\/uploads\/2023\/11\/IMG-20231107-WA0076-scaled.jpg","articleSection":["Yucat\u00e1n"],"inLanguage":"es"},{"@type":"WebPage","@id":"https:\/\/www.yucatanencorto.com\/noticias\/visitan-a-habitantes-kopoma-y-opichen\/","url":"https:\/\/www.yucatanencorto.com\/noticias\/visitan-a-habitantes-kopoma-y-opichen\/","name":"Visitan a habitantes Kopom\u00e1 y Opich\u00e9n - Yucat\u00e1n en corto","isPartOf":{"@id":"https:\/\/www.yucatanencorto.com\/noticias\/#website"},"primaryImageOfPage":{"@id":"https:\/\/www.yucatanencorto.com\/noticias\/visitan-a-habitantes-kopoma-y-opichen\/#primaryimage"},"image":{"@id":"https:\/\/www.yucatanencorto.com\/noticias\/visitan-a-habitantes-kopoma-y-opichen\/#primaryimage"},"thumbnailUrl":"https:\/\/www.yucatanencorto.com\/noticias\/wp-content\/uploads\/2023\/11\/IMG-20231107-WA0076-scaled.jpg","datePublished":"2023-11-08T05:01:06+00:00","author":{"@id":"https:\/\/www.yucatanencorto.com\/noticias\/#\/schema\/person\/e2fbdfaf30a07014a43940ce989f3119"},"breadcrumb":{"@id":"https:\/\/www.yucatanencorto.com\/noticias\/visitan-a-habitantes-kopoma-y-opichen\/#breadcrumb"},"inLanguage":"es","potentialAction":[{"@type":"ReadAction","target":["https:\/\/www.yucatanencorto.com\/noticias\/visitan-a-habitantes-kopoma-y-opichen\/"]}]},{"@type":"ImageObject","inLanguage":"es","@id":"https:\/\/www.yucatanencorto.com\/noticias\/visitan-a-habitantes-kopoma-y-opichen\/#primaryimage","url":"https:\/\/www.yucatanencorto.com\/noticias\/wp-content\/uploads\/2023\/11\/IMG-20231107-WA0076-scaled.jpg","contentUrl":"https:\/\/www.yucatanencorto.com\/noticias\/wp-content\/uploads\/2023\/11\/IMG-20231107-WA0076-scaled.jpg","width":512,"height":768},{"@type":"BreadcrumbList","@id":"https:\/\/www.yucatanencorto.com\/noticias\/visitan-a-habitantes-kopoma-y-opichen\/#breadcrumb","itemListElement":[{"@type":"ListItem","position":1,"name":"Portada","item":"https:\/\/www.yucatanencorto.com\/noticias\/"},{"@type":"ListItem","position":2,"name":"Visitan a habitantes Kopom\u00e1 y Opich\u00e9n"}]},{"@type":"WebSite","@id":"https:\/\/www.yucatanencorto.com\/noticias\/#website","url":"https:\/\/www.yucatanencorto.com\/noticias\/","name":"Yucat\u00e1n en corto","description":"Noticias","potentialAction":[{"@type":"SearchAction","target":{"@type":"EntryPoint","urlTemplate":"https:\/\/www.yucatanencorto.com\/noticias\/?s={search_term_string}"},"query-input":{"@type":"PropertyValueSpecification","valueRequired":true,"valueName":"search_term_string"}}],"inLanguage":"es"},{"@type":"Person","@id":"https:\/\/www.yucatanencorto.com\/noticias\/#\/schema\/person\/e2fbdfaf30a07014a43940ce989f3119","name":"Redes","image":{"@type":"ImageObject","inLanguage":"es","@id":"https:\/\/secure.gravatar.com\/avatar\/5931a2d21dd7cc834f44c8c34fe56d90ed6d536ef452cbf870c7485b524dddd7?s=96&d=mm&r=g","url":"https:\/\/secure.gravatar.com\/avatar\/5931a2d21dd7cc834f44c8c34fe56d90ed6d536ef452cbf870c7485b524dddd7?s=96&d=mm&r=g","contentUrl":"https:\/\/secure.gravatar.com\/avatar\/5931a2d21dd7cc834f44c8c34fe56d90ed6d536ef452cbf870c7485b524dddd7?s=96&d=mm&r=g","caption":"Redes"},"url":"https:\/\/www.yucatanencorto.com\/noticias\/author\/redes\/"}]}},"_links":{"self":[{"href":"https:\/\/www.yucatanencorto.com\/noticias\/wp-json\/wp\/v2\/posts\/100778","targetHints":{"allow":["GET"]}}],"collection":[{"href":"https:\/\/www.yucatanencorto.com\/noticias\/wp-json\/wp\/v2\/posts"}],"about":[{"href":"https:\/\/www.yucatanencorto.com\/noticias\/wp-json\/wp\/v2\/types\/post"}],"author":[{"embeddable":true,"href":"https:\/\/www.yucatanencorto.com\/noticias\/wp-json\/wp\/v2\/users\/3"}],"replies":[{"embeddable":true,"href":"https:\/\/www.yucatanencorto.com\/noticias\/wp-json\/wp\/v2\/comments?post=100778"}],"version-history":[{"count":0,"href":"https:\/\/www.yucatanencorto.com\/noticias\/wp-json\/wp\/v2\/posts\/100778\/revisions"}],"wp:featuredmedia":[{"embeddable":true,"href":"https:\/\/www.yucatanencorto.com\/noticias\/wp-json\/wp\/v2\/media\/100779"}],"wp:attachment":[{"href":"https:\/\/www.yucatanencorto.com\/noticias\/wp-json\/wp\/v2\/media?parent=100778"}],"wp:term":[{"taxonomy":"category","embeddable":true,"href":"https:\/\/www.yucatanencorto.com\/noticias\/wp-json\/wp\/v2\/categories?post=100778"},{"taxonomy":"post_tag","embeddable":true,"href":"https:\/\/www.yucatanencorto.com\/noticias\/wp-json\/wp\/v2\/tags?post=100778"}],"curies":[{"name":"wp","href":"https:\/\/api.w.org\/{rel}","templated":true}]}}