{"id":100781,"date":"2023-11-07T23:03:43","date_gmt":"2023-11-08T05:03:43","guid":{"rendered":"https:\/\/www.yucatanencorto.com\/noticias\/?p=100781"},"modified":"2023-11-07T23:03:43","modified_gmt":"2023-11-08T05:03:43","slug":"el-ayuntamiento-de-merida-se-suma-al-buen-fin-2023","status":"publish","type":"post","link":"https:\/\/www.yucatanencorto.com\/noticias\/el-ayuntamiento-de-merida-se-suma-al-buen-fin-2023\/","title":{"rendered":"El Ayuntamiento de M\u00e9rida se suma al Buen Fin 2023"},"content":{"rendered":"<p><img loading=\"lazy\" decoding=\"async\" class=\"alignnone size-full wp-image-100782\" src=\"https:\/\/www.yucatanencorto.com\/noticias\/wp-content\/uploads\/2023\/11\/IMG-20231107-WA0078-scaled.jpg\" alt=\"\" width=\"768\" height=\"512\" srcset=\"https:\/\/www.yucatanencorto.com\/noticias\/wp-content\/uploads\/2023\/11\/IMG-20231107-WA0078-scaled.jpg 768w, https:\/\/www.yucatanencorto.com\/noticias\/wp-content\/uploads\/2023\/11\/IMG-20231107-WA0078-696x464.jpg 696w, https:\/\/www.yucatanencorto.com\/noticias\/wp-content\/uploads\/2023\/11\/IMG-20231107-WA0078-1068x712.jpg 1068w, https:\/\/www.yucatanencorto.com\/noticias\/wp-content\/uploads\/2023\/11\/IMG-20231107-WA0078-630x420.jpg 630w\" sizes=\"auto, (max-width: 768px) 100vw, 768px\" \/><\/p>\n<p>M\u00e9rida, Yucat\u00e1n a 7 de noviembre de 2023.- En apoyo a la econom\u00eda de las familias del Municipio, principalmente para el sector m\u00e1s vulnerable, el Ayuntamiento de M\u00e9rida participar\u00e1 en el Buen Fin 2023 con un cat\u00e1logo de descuentos en las contribuciones fiscales, anunci\u00f3 el Presidente Municipal Alejandro Ruz Castro.<\/p>\n<p>\u201cPara nosotros, como gobierno responsable y sensible, es nuestra obligaci\u00f3n ofrecer mecanismos que faciliten a las y los ciudadanos el cumplimento de sus compromisos en materia de impuestos y derechos, y qu\u00e9 mejor que aprovechar este programa para ofrecer una serie descuentos en las contribuciones fiscales\u201d, dijo.<\/p>\n<p>El Alcalde se\u00f1al\u00f3 que, en el marco del Buen Fin, se ofrecer\u00e1 del 17 al 30 noviembre un 100% de descuento en el pago de multas y recargos relacionado con el pago de Impuesto Predial (base valor catastral y base valor contraprestaci\u00f3n), el Impuesto sobre la Adquisici\u00f3n de Inmuebles, el derecho por el uso y aprovechamiento de locales o pisos en los mercados p\u00fablicos, y del derecho por el uso y aprovechamiento de los espacios en las v\u00edas o parques p\u00fablicos.<\/p>\n<p>Ruz Castro indic\u00f3 que estar al d\u00eda con las contribuciones fiscales permite al Ayuntamiento realizar obras, mantener los servicios p\u00fablicos de calidad e impulsar programas que ayuden a las familias que m\u00e1s lo necesitan.<\/p>\n<p>\u201cLos recursos recaudados a trav\u00e9s de estos grav\u00e1menes nos sirven para realizar mejoras en todo el Municipio en temas de infraestructura, pavimentaci\u00f3n y construcci\u00f3n de calles, rehabilitaci\u00f3n de parques, apoyos sociales, implementaci\u00f3n de programas culturales, entre otros\u201d, mencion\u00f3.<\/p>\n<p>Adem\u00e1s, indic\u00f3 que las y los ciudadanos podr\u00e1n acudir a las cajas recaudadoras que est\u00e1n ubicadas en todo el Municipio, adem\u00e1s que existir\u00e1 la opci\u00f3n de realizar el pago en l\u00ednea a trav\u00e9s de la p\u00e1gina www.merida.gob.mx\/buenfin, donde tambi\u00e9n podr\u00e1n conocer las ubicaciones y horarios de los sitios para pagar de manera presencial.<\/p>\n<p>Las cajas recaudadoras est\u00e1n ubicadas en el Palacio Municipal, Catastro Municipal, Tesorer\u00eda Municipal, Edificio Administrativo, Registro P\u00fablico, San Dami\u00e1n, Plaza Fiesta, Plaza Oriente, Colonia M\u00e9xico, Desarrollo Econ\u00f3mico, Desarrollo Social, Centro Municipal de Emprendedores, Plaza Las Am\u00e9ricas, Mercado Lucas de G\u00e1lvez, Plaza Akr\u00f3polis, Polic\u00eda Municipal, Zool\u00f3gico del Centenario, Cementerio Xocl\u00e1n, Caucel y la Gran Plaza.<\/p>\n<p>Cabe recordar que la edici\u00f3n n\u00famero 13 del Buen Fin se realizar\u00e1 del 17 al 20 de noviembre y contar\u00e1, con la participaci\u00f3n de diferentes empresas que promover\u00e1n sus ofertas en sus establecimientos y en el comercio digital. En esta iniciativa participan los tres niveles de gobierno en conjunto con el sector empresarial.<\/p>\n","protected":false},"excerpt":{"rendered":"<p>M\u00e9rida, Yucat\u00e1n a 7 de noviembre de 2023.- En apoyo a la econom\u00eda de las familias del Municipio, principalmente para el sector m\u00e1s vulnerable, el Ayuntamiento de M\u00e9rida participar\u00e1 en el Buen Fin 2023 con un cat\u00e1logo de descuentos en las contribuciones fiscales, anunci\u00f3 el Presidente Municipal Alejandro Ruz Castro. \u201cPara nosotros, como gobierno responsable [&hellip;]<\/p>\n","protected":false},"author":3,"featured_media":100782,"comment_status":"closed","ping_status":"closed","sticky":false,"template":"","format":"standard","meta":{"footnotes":""},"categories":[2],"tags":[],"class_list":{"0":"post-100781","1":"post","2":"type-post","3":"status-publish","4":"format-standard","5":"has-post-thumbnail","7":"category-merida"},"yoast_head":"<!-- This site is optimized with the Yoast SEO plugin v27.5 - https:\/\/yoast.com\/product\/yoast-seo-wordpress\/ -->\n<title>El Ayuntamiento de M\u00e9rida se suma al Buen Fin 2023 - Yucat\u00e1n en corto<\/title>\n<meta name=\"robots\" content=\"index, follow, max-snippet:-1, max-image-preview:large, max-video-preview:-1\" \/>\n<link rel=\"canonical\" href=\"https:\/\/www.yucatanencorto.com\/noticias\/el-ayuntamiento-de-merida-se-suma-al-buen-fin-2023\/\" \/>\n<meta property=\"og:locale\" content=\"es_ES\" \/>\n<meta property=\"og:type\" content=\"article\" \/>\n<meta property=\"og:title\" content=\"El Ayuntamiento de M\u00e9rida se suma al Buen Fin 2023 - Yucat\u00e1n en corto\" \/>\n<meta property=\"og:description\" content=\"M\u00e9rida, Yucat\u00e1n a 7 de noviembre de 2023.- En apoyo a la econom\u00eda de las familias del Municipio, principalmente para el sector m\u00e1s vulnerable, el Ayuntamiento de M\u00e9rida participar\u00e1 en el Buen Fin 2023 con un cat\u00e1logo de descuentos en las contribuciones fiscales, anunci\u00f3 el Presidente Municipal Alejandro Ruz Castro. \u201cPara nosotros, como gobierno responsable [&hellip;]\" \/>\n<meta property=\"og:url\" content=\"https:\/\/www.yucatanencorto.com\/noticias\/el-ayuntamiento-de-merida-se-suma-al-buen-fin-2023\/\" \/>\n<meta property=\"og:site_name\" content=\"Yucat\u00e1n en corto\" \/>\n<meta property=\"article:publisher\" content=\"http:\/\/www.facebook.com\/yucatanencorto\" \/>\n<meta property=\"article:published_time\" content=\"2023-11-08T05:03:43+00:00\" \/>\n<meta property=\"og:image\" content=\"https:\/\/www.yucatanencorto.com\/noticias\/wp-content\/uploads\/2023\/11\/IMG-20231107-WA0078-scaled.jpg\" \/>\n\t<meta property=\"og:image:width\" content=\"768\" \/>\n\t<meta property=\"og:image:height\" content=\"512\" \/>\n\t<meta property=\"og:image:type\" content=\"image\/jpeg\" \/>\n<meta name=\"author\" content=\"Redes\" \/>\n<meta name=\"twitter:card\" content=\"summary_large_image\" \/>\n<meta name=\"twitter:creator\" content=\"@yucatanencorto\" \/>\n<meta name=\"twitter:site\" content=\"@yucatanencorto\" \/>\n<meta name=\"twitter:label1\" content=\"Escrito por\" \/>\n\t<meta name=\"twitter:data1\" content=\"Redes\" \/>\n\t<meta name=\"twitter:label2\" content=\"Tiempo de lectura\" \/>\n\t<meta name=\"twitter:data2\" content=\"3 minutos\" \/>\n<script type=\"application\/ld+json\" class=\"yoast-schema-graph\">{\"@context\":\"https:\\\/\\\/schema.org\",\"@graph\":[{\"@type\":\"Article\",\"@id\":\"https:\\\/\\\/www.yucatanencorto.com\\\/noticias\\\/el-ayuntamiento-de-merida-se-suma-al-buen-fin-2023\\\/#article\",\"isPartOf\":{\"@id\":\"https:\\\/\\\/www.yucatanencorto.com\\\/noticias\\\/el-ayuntamiento-de-merida-se-suma-al-buen-fin-2023\\\/\"},\"author\":{\"name\":\"Redes\",\"@id\":\"https:\\\/\\\/www.yucatanencorto.com\\\/noticias\\\/#\\\/schema\\\/person\\\/e2fbdfaf30a07014a43940ce989f3119\"},\"headline\":\"El Ayuntamiento de M\u00e9rida se suma al Buen Fin 2023\",\"datePublished\":\"2023-11-08T05:03:43+00:00\",\"mainEntityOfPage\":{\"@id\":\"https:\\\/\\\/www.yucatanencorto.com\\\/noticias\\\/el-ayuntamiento-de-merida-se-suma-al-buen-fin-2023\\\/\"},\"wordCount\":464,\"image\":{\"@id\":\"https:\\\/\\\/www.yucatanencorto.com\\\/noticias\\\/el-ayuntamiento-de-merida-se-suma-al-buen-fin-2023\\\/#primaryimage\"},\"thumbnailUrl\":\"https:\\\/\\\/www.yucatanencorto.com\\\/noticias\\\/wp-content\\\/uploads\\\/2023\\\/11\\\/IMG-20231107-WA0078-scaled.jpg\",\"articleSection\":[\"M\u00e9rida\"],\"inLanguage\":\"es\"},{\"@type\":\"WebPage\",\"@id\":\"https:\\\/\\\/www.yucatanencorto.com\\\/noticias\\\/el-ayuntamiento-de-merida-se-suma-al-buen-fin-2023\\\/\",\"url\":\"https:\\\/\\\/www.yucatanencorto.com\\\/noticias\\\/el-ayuntamiento-de-merida-se-suma-al-buen-fin-2023\\\/\",\"name\":\"El Ayuntamiento de M\u00e9rida se suma al Buen Fin 2023 - Yucat\u00e1n en corto\",\"isPartOf\":{\"@id\":\"https:\\\/\\\/www.yucatanencorto.com\\\/noticias\\\/#website\"},\"primaryImageOfPage\":{\"@id\":\"https:\\\/\\\/www.yucatanencorto.com\\\/noticias\\\/el-ayuntamiento-de-merida-se-suma-al-buen-fin-2023\\\/#primaryimage\"},\"image\":{\"@id\":\"https:\\\/\\\/www.yucatanencorto.com\\\/noticias\\\/el-ayuntamiento-de-merida-se-suma-al-buen-fin-2023\\\/#primaryimage\"},\"thumbnailUrl\":\"https:\\\/\\\/www.yucatanencorto.com\\\/noticias\\\/wp-content\\\/uploads\\\/2023\\\/11\\\/IMG-20231107-WA0078-scaled.jpg\",\"datePublished\":\"2023-11-08T05:03:43+00:00\",\"author\":{\"@id\":\"https:\\\/\\\/www.yucatanencorto.com\\\/noticias\\\/#\\\/schema\\\/person\\\/e2fbdfaf30a07014a43940ce989f3119\"},\"breadcrumb\":{\"@id\":\"https:\\\/\\\/www.yucatanencorto.com\\\/noticias\\\/el-ayuntamiento-de-merida-se-suma-al-buen-fin-2023\\\/#breadcrumb\"},\"inLanguage\":\"es\",\"potentialAction\":[{\"@type\":\"ReadAction\",\"target\":[\"https:\\\/\\\/www.yucatanencorto.com\\\/noticias\\\/el-ayuntamiento-de-merida-se-suma-al-buen-fin-2023\\\/\"]}]},{\"@type\":\"ImageObject\",\"inLanguage\":\"es\",\"@id\":\"https:\\\/\\\/www.yucatanencorto.com\\\/noticias\\\/el-ayuntamiento-de-merida-se-suma-al-buen-fin-2023\\\/#primaryimage\",\"url\":\"https:\\\/\\\/www.yucatanencorto.com\\\/noticias\\\/wp-content\\\/uploads\\\/2023\\\/11\\\/IMG-20231107-WA0078-scaled.jpg\",\"contentUrl\":\"https:\\\/\\\/www.yucatanencorto.com\\\/noticias\\\/wp-content\\\/uploads\\\/2023\\\/11\\\/IMG-20231107-WA0078-scaled.jpg\",\"width\":768,\"height\":512},{\"@type\":\"BreadcrumbList\",\"@id\":\"https:\\\/\\\/www.yucatanencorto.com\\\/noticias\\\/el-ayuntamiento-de-merida-se-suma-al-buen-fin-2023\\\/#breadcrumb\",\"itemListElement\":[{\"@type\":\"ListItem\",\"position\":1,\"name\":\"Portada\",\"item\":\"https:\\\/\\\/www.yucatanencorto.com\\\/noticias\\\/\"},{\"@type\":\"ListItem\",\"position\":2,\"name\":\"El Ayuntamiento de M\u00e9rida se suma al Buen Fin 2023\"}]},{\"@type\":\"WebSite\",\"@id\":\"https:\\\/\\\/www.yucatanencorto.com\\\/noticias\\\/#website\",\"url\":\"https:\\\/\\\/www.yucatanencorto.com\\\/noticias\\\/\",\"name\":\"Yucat\u00e1n en corto\",\"description\":\"Noticias\",\"potentialAction\":[{\"@type\":\"SearchAction\",\"target\":{\"@type\":\"EntryPoint\",\"urlTemplate\":\"https:\\\/\\\/www.yucatanencorto.com\\\/noticias\\\/?s={search_term_string}\"},\"query-input\":{\"@type\":\"PropertyValueSpecification\",\"valueRequired\":true,\"valueName\":\"search_term_string\"}}],\"inLanguage\":\"es\"},{\"@type\":\"Person\",\"@id\":\"https:\\\/\\\/www.yucatanencorto.com\\\/noticias\\\/#\\\/schema\\\/person\\\/e2fbdfaf30a07014a43940ce989f3119\",\"name\":\"Redes\",\"image\":{\"@type\":\"ImageObject\",\"inLanguage\":\"es\",\"@id\":\"https:\\\/\\\/secure.gravatar.com\\\/avatar\\\/5931a2d21dd7cc834f44c8c34fe56d90ed6d536ef452cbf870c7485b524dddd7?s=96&d=mm&r=g\",\"url\":\"https:\\\/\\\/secure.gravatar.com\\\/avatar\\\/5931a2d21dd7cc834f44c8c34fe56d90ed6d536ef452cbf870c7485b524dddd7?s=96&d=mm&r=g\",\"contentUrl\":\"https:\\\/\\\/secure.gravatar.com\\\/avatar\\\/5931a2d21dd7cc834f44c8c34fe56d90ed6d536ef452cbf870c7485b524dddd7?s=96&d=mm&r=g\",\"caption\":\"Redes\"},\"url\":\"https:\\\/\\\/www.yucatanencorto.com\\\/noticias\\\/author\\\/redes\\\/\"}]}<\/script>\n<!-- \/ Yoast SEO plugin. -->","yoast_head_json":{"title":"El Ayuntamiento de M\u00e9rida se suma al Buen Fin 2023 - Yucat\u00e1n en corto","robots":{"index":"index","follow":"follow","max-snippet":"max-snippet:-1","max-image-preview":"max-image-preview:large","max-video-preview":"max-video-preview:-1"},"canonical":"https:\/\/www.yucatanencorto.com\/noticias\/el-ayuntamiento-de-merida-se-suma-al-buen-fin-2023\/","og_locale":"es_ES","og_type":"article","og_title":"El Ayuntamiento de M\u00e9rida se suma al Buen Fin 2023 - Yucat\u00e1n en corto","og_description":"M\u00e9rida, Yucat\u00e1n a 7 de noviembre de 2023.- En apoyo a la econom\u00eda de las familias del Municipio, principalmente para el sector m\u00e1s vulnerable, el Ayuntamiento de M\u00e9rida participar\u00e1 en el Buen Fin 2023 con un cat\u00e1logo de descuentos en las contribuciones fiscales, anunci\u00f3 el Presidente Municipal Alejandro Ruz Castro. \u201cPara nosotros, como gobierno responsable [&hellip;]","og_url":"https:\/\/www.yucatanencorto.com\/noticias\/el-ayuntamiento-de-merida-se-suma-al-buen-fin-2023\/","og_site_name":"Yucat\u00e1n en corto","article_publisher":"http:\/\/www.facebook.com\/yucatanencorto","article_published_time":"2023-11-08T05:03:43+00:00","og_image":[{"width":768,"height":512,"url":"https:\/\/www.yucatanencorto.com\/noticias\/wp-content\/uploads\/2023\/11\/IMG-20231107-WA0078-scaled.jpg","type":"image\/jpeg"}],"author":"Redes","twitter_card":"summary_large_image","twitter_creator":"@yucatanencorto","twitter_site":"@yucatanencorto","twitter_misc":{"Escrito por":"Redes","Tiempo de lectura":"3 minutos"},"schema":{"@context":"https:\/\/schema.org","@graph":[{"@type":"Article","@id":"https:\/\/www.yucatanencorto.com\/noticias\/el-ayuntamiento-de-merida-se-suma-al-buen-fin-2023\/#article","isPartOf":{"@id":"https:\/\/www.yucatanencorto.com\/noticias\/el-ayuntamiento-de-merida-se-suma-al-buen-fin-2023\/"},"author":{"name":"Redes","@id":"https:\/\/www.yucatanencorto.com\/noticias\/#\/schema\/person\/e2fbdfaf30a07014a43940ce989f3119"},"headline":"El Ayuntamiento de M\u00e9rida se suma al Buen Fin 2023","datePublished":"2023-11-08T05:03:43+00:00","mainEntityOfPage":{"@id":"https:\/\/www.yucatanencorto.com\/noticias\/el-ayuntamiento-de-merida-se-suma-al-buen-fin-2023\/"},"wordCount":464,"image":{"@id":"https:\/\/www.yucatanencorto.com\/noticias\/el-ayuntamiento-de-merida-se-suma-al-buen-fin-2023\/#primaryimage"},"thumbnailUrl":"https:\/\/www.yucatanencorto.com\/noticias\/wp-content\/uploads\/2023\/11\/IMG-20231107-WA0078-scaled.jpg","articleSection":["M\u00e9rida"],"inLanguage":"es"},{"@type":"WebPage","@id":"https:\/\/www.yucatanencorto.com\/noticias\/el-ayuntamiento-de-merida-se-suma-al-buen-fin-2023\/","url":"https:\/\/www.yucatanencorto.com\/noticias\/el-ayuntamiento-de-merida-se-suma-al-buen-fin-2023\/","name":"El Ayuntamiento de M\u00e9rida se suma al Buen Fin 2023 - Yucat\u00e1n en corto","isPartOf":{"@id":"https:\/\/www.yucatanencorto.com\/noticias\/#website"},"primaryImageOfPage":{"@id":"https:\/\/www.yucatanencorto.com\/noticias\/el-ayuntamiento-de-merida-se-suma-al-buen-fin-2023\/#primaryimage"},"image":{"@id":"https:\/\/www.yucatanencorto.com\/noticias\/el-ayuntamiento-de-merida-se-suma-al-buen-fin-2023\/#primaryimage"},"thumbnailUrl":"https:\/\/www.yucatanencorto.com\/noticias\/wp-content\/uploads\/2023\/11\/IMG-20231107-WA0078-scaled.jpg","datePublished":"2023-11-08T05:03:43+00:00","author":{"@id":"https:\/\/www.yucatanencorto.com\/noticias\/#\/schema\/person\/e2fbdfaf30a07014a43940ce989f3119"},"breadcrumb":{"@id":"https:\/\/www.yucatanencorto.com\/noticias\/el-ayuntamiento-de-merida-se-suma-al-buen-fin-2023\/#breadcrumb"},"inLanguage":"es","potentialAction":[{"@type":"ReadAction","target":["https:\/\/www.yucatanencorto.com\/noticias\/el-ayuntamiento-de-merida-se-suma-al-buen-fin-2023\/"]}]},{"@type":"ImageObject","inLanguage":"es","@id":"https:\/\/www.yucatanencorto.com\/noticias\/el-ayuntamiento-de-merida-se-suma-al-buen-fin-2023\/#primaryimage","url":"https:\/\/www.yucatanencorto.com\/noticias\/wp-content\/uploads\/2023\/11\/IMG-20231107-WA0078-scaled.jpg","contentUrl":"https:\/\/www.yucatanencorto.com\/noticias\/wp-content\/uploads\/2023\/11\/IMG-20231107-WA0078-scaled.jpg","width":768,"height":512},{"@type":"BreadcrumbList","@id":"https:\/\/www.yucatanencorto.com\/noticias\/el-ayuntamiento-de-merida-se-suma-al-buen-fin-2023\/#breadcrumb","itemListElement":[{"@type":"ListItem","position":1,"name":"Portada","item":"https:\/\/www.yucatanencorto.com\/noticias\/"},{"@type":"ListItem","position":2,"name":"El Ayuntamiento de M\u00e9rida se suma al Buen Fin 2023"}]},{"@type":"WebSite","@id":"https:\/\/www.yucatanencorto.com\/noticias\/#website","url":"https:\/\/www.yucatanencorto.com\/noticias\/","name":"Yucat\u00e1n en corto","description":"Noticias","potentialAction":[{"@type":"SearchAction","target":{"@type":"EntryPoint","urlTemplate":"https:\/\/www.yucatanencorto.com\/noticias\/?s={search_term_string}"},"query-input":{"@type":"PropertyValueSpecification","valueRequired":true,"valueName":"search_term_string"}}],"inLanguage":"es"},{"@type":"Person","@id":"https:\/\/www.yucatanencorto.com\/noticias\/#\/schema\/person\/e2fbdfaf30a07014a43940ce989f3119","name":"Redes","image":{"@type":"ImageObject","inLanguage":"es","@id":"https:\/\/secure.gravatar.com\/avatar\/5931a2d21dd7cc834f44c8c34fe56d90ed6d536ef452cbf870c7485b524dddd7?s=96&d=mm&r=g","url":"https:\/\/secure.gravatar.com\/avatar\/5931a2d21dd7cc834f44c8c34fe56d90ed6d536ef452cbf870c7485b524dddd7?s=96&d=mm&r=g","contentUrl":"https:\/\/secure.gravatar.com\/avatar\/5931a2d21dd7cc834f44c8c34fe56d90ed6d536ef452cbf870c7485b524dddd7?s=96&d=mm&r=g","caption":"Redes"},"url":"https:\/\/www.yucatanencorto.com\/noticias\/author\/redes\/"}]}},"_links":{"self":[{"href":"https:\/\/www.yucatanencorto.com\/noticias\/wp-json\/wp\/v2\/posts\/100781","targetHints":{"allow":["GET"]}}],"collection":[{"href":"https:\/\/www.yucatanencorto.com\/noticias\/wp-json\/wp\/v2\/posts"}],"about":[{"href":"https:\/\/www.yucatanencorto.com\/noticias\/wp-json\/wp\/v2\/types\/post"}],"author":[{"embeddable":true,"href":"https:\/\/www.yucatanencorto.com\/noticias\/wp-json\/wp\/v2\/users\/3"}],"replies":[{"embeddable":true,"href":"https:\/\/www.yucatanencorto.com\/noticias\/wp-json\/wp\/v2\/comments?post=100781"}],"version-history":[{"count":0,"href":"https:\/\/www.yucatanencorto.com\/noticias\/wp-json\/wp\/v2\/posts\/100781\/revisions"}],"wp:featuredmedia":[{"embeddable":true,"href":"https:\/\/www.yucatanencorto.com\/noticias\/wp-json\/wp\/v2\/media\/100782"}],"wp:attachment":[{"href":"https:\/\/www.yucatanencorto.com\/noticias\/wp-json\/wp\/v2\/media?parent=100781"}],"wp:term":[{"taxonomy":"category","embeddable":true,"href":"https:\/\/www.yucatanencorto.com\/noticias\/wp-json\/wp\/v2\/categories?post=100781"},{"taxonomy":"post_tag","embeddable":true,"href":"https:\/\/www.yucatanencorto.com\/noticias\/wp-json\/wp\/v2\/tags?post=100781"}],"curies":[{"name":"wp","href":"https:\/\/api.w.org\/{rel}","templated":true}]}}