{"id":100798,"date":"2023-11-08T17:49:54","date_gmt":"2023-11-08T23:49:54","guid":{"rendered":"https:\/\/www.yucatanencorto.com\/noticias\/?p=100798"},"modified":"2023-11-08T17:49:54","modified_gmt":"2023-11-08T23:49:54","slug":"mejoran-calles","status":"publish","type":"post","link":"https:\/\/www.yucatanencorto.com\/noticias\/mejoran-calles\/","title":{"rendered":"Mejoran calles"},"content":{"rendered":"<p><img loading=\"lazy\" decoding=\"async\" class=\"alignnone size-medium wp-image-100800\" src=\"https:\/\/www.yucatanencorto.com\/noticias\/wp-content\/uploads\/2023\/11\/IMG-20231108-WA0026-scaled.jpg\" alt=\"\" width=\"768\" height=\"587\" srcset=\"https:\/\/www.yucatanencorto.com\/noticias\/wp-content\/uploads\/2023\/11\/IMG-20231108-WA0026-scaled.jpg 768w, https:\/\/www.yucatanencorto.com\/noticias\/wp-content\/uploads\/2023\/11\/IMG-20231108-WA0026-696x532.jpg 696w, https:\/\/www.yucatanencorto.com\/noticias\/wp-content\/uploads\/2023\/11\/IMG-20231108-WA0026-1068x816.jpg 1068w, https:\/\/www.yucatanencorto.com\/noticias\/wp-content\/uploads\/2023\/11\/IMG-20231108-WA0026-549x420.jpg 549w, https:\/\/www.yucatanencorto.com\/noticias\/wp-content\/uploads\/2023\/11\/IMG-20231108-WA0026-80x60.jpg 80w\" sizes=\"auto, (max-width: 768px) 100vw, 768px\" \/><\/p>\n<p>M\u00e9rida, Yucat\u00e1n, 8 de noviembre de 2023.- El Ayuntamiento de M\u00e9rida mantiene su compromiso de continuar impulsando acciones en materia de infraestructura vial para mejorar la calidad de vida de las y los habitantes a trav\u00e9s de calles m\u00e1s seguras tanto para automovilistas como para ciclistas y peatones, a la par que se mejora la imagen urbana, se\u00f1al\u00f3 el Alcalde Alejandro Ruz Castro.<\/p>\n<p>&nbsp;<\/p>\n<p>\u00abD\u00eda a d\u00eda trabajamos en mejorar la movilidad en el Municipio, ya que es de vital importancia que tengamos una mejor conectividad eficiente y \u00f3ptima para las y los peatones, ciclistas y conductores\u201d, se\u00f1al\u00f3.<\/p>\n<p>&nbsp;<\/p>\n<p>El Presidente Municipal, acompa\u00f1ado de los directores David Lor\u00eda Magdub, de Obras P\u00fablicas y Jos\u00e9 Collado Soberanis, de Servicios P\u00fablicos Municipales, realiz\u00f3 esta ma\u00f1ana la supervisi\u00f3n de trabajos de pavimentaci\u00f3n de la calle 70 (Av. Maquiladora) por 68 y Perif\u00e9rico de la colonia Dzity\u00e1 pol\u00edgono Chuburn\u00e1, la cual se inform\u00f3 que presenta un avance del 95%.<\/p>\n<p>&nbsp;<\/p>\n<p>En cuanto a la vialidad que concentra parque industrial, zona habitacional y campus universitario, consta de un \u00e1rea intervenida de 2,365.80 metros lineales (ml) equivalente a 28,006.94 metros cuadrados (m2) y se invirti\u00f3 la cantidad de 8 millones 181 mil 947.45 pesos provenientes de recursos propios.<\/p>\n<p>&nbsp;<\/p>\n<p>Ruz Castro dijo que la pavimentaci\u00f3n de esta vialidad es importante \u00abporque los parques industriales son un elemento clave para el desarrollo econ\u00f3mico de una regi\u00f3n, ya que facilitan la cooperaci\u00f3n entre empresas\u00bb.<\/p>\n<p>&nbsp;<\/p>\n<p>Por ese motivo hay que dotarlos de servicios e infraestructura vial necesaria para que m\u00e1s empresas se establezcan y lleven a cabo sus actividades industriales en el Municipio, abund\u00f3.<\/p>\n<p>&nbsp;<\/p>\n<p>En ese sentido, mencion\u00f3 que el Ayuntamiento contin\u00faa con la aplicaci\u00f3n del Plan de Movilidad Urbana Sustentable (PIMUS), no solo en las vialidades de M\u00e9rida, sino en zonas que representan desarrollo econ\u00f3mico e industrial para M\u00e9rida.<\/p>\n<p>&nbsp;<\/p>\n<p>En el recorrido, Ruz Castro record\u00f3 que con el recurso del empr\u00e9stito se realizan otros 68.17 km de construcci\u00f3n y repavimentaci\u00f3n de calles, de los cuales 61.37 km est\u00e1n terminados y 6.80 km m\u00e1s est\u00e1n en proceso.<\/p>\n<p>&nbsp;<\/p>\n<p>Asimismo, se\u00f1al\u00f3 que actualmente se tienen 191.91 km de obras viales con una inversi\u00f3n de 608 millones 150 mil 971.14 pesos por parte del Ayuntamiento de M\u00e9rida entre obras concluidas y en proceso.<\/p>\n<p>&nbsp;<\/p>\n<p>\u00abTenemos 162.1 km de vialidades ya concluidas, 14.11 Km en proceso y 14.31 km de por iniciar dentro y fuera del perif\u00e9rico\u201d, detall\u00f3.<\/p>\n<p>&nbsp;<\/p>\n<p>Por el momento la Comuna est\u00e1 trabajando en vialidades de las colonias y fraccionamientos: Nueva Sambul\u00e1, Nueva Reforma Agraria, Centro, Salvador Alvarado Sur, Juan B. Sosa, Fracc. Altabrisa, Bugambilias, Ampliaci\u00f3n Tixcacal Opich\u00e9n, Mulsay, y en las comisar\u00edas de Cholul, Tamanch\u00e9, Temoz\u00f3n Norte, Chablekal, Xmatkuil, Molas, Hunxectam\u00e1n, Dzity\u00e1 y Santa Gertrudis Cop\u00f3.<\/p>\n","protected":false},"excerpt":{"rendered":"<p>M\u00e9rida, Yucat\u00e1n, 8 de noviembre de 2023.- El Ayuntamiento de M\u00e9rida mantiene su compromiso de continuar impulsando acciones en materia de infraestructura vial para mejorar la calidad de vida de las y los habitantes a trav\u00e9s de calles m\u00e1s seguras tanto para automovilistas como para ciclistas y peatones, a la par que se mejora la [&hellip;]<\/p>\n","protected":false},"author":3,"featured_media":100800,"comment_status":"closed","ping_status":"closed","sticky":false,"template":"","format":"standard","meta":{"footnotes":""},"categories":[3],"tags":[],"class_list":{"0":"post-100798","1":"post","2":"type-post","3":"status-publish","4":"format-standard","5":"has-post-thumbnail","7":"category-yucatan"},"yoast_head":"<!-- This site is optimized with the Yoast SEO plugin v27.5 - https:\/\/yoast.com\/product\/yoast-seo-wordpress\/ -->\n<title>Mejoran calles - Yucat\u00e1n en corto<\/title>\n<meta name=\"robots\" content=\"index, follow, max-snippet:-1, max-image-preview:large, max-video-preview:-1\" \/>\n<link rel=\"canonical\" href=\"https:\/\/www.yucatanencorto.com\/noticias\/mejoran-calles\/\" \/>\n<meta property=\"og:locale\" content=\"es_ES\" \/>\n<meta property=\"og:type\" content=\"article\" \/>\n<meta property=\"og:title\" content=\"Mejoran calles - Yucat\u00e1n en corto\" \/>\n<meta property=\"og:description\" content=\"M\u00e9rida, Yucat\u00e1n, 8 de noviembre de 2023.- El Ayuntamiento de M\u00e9rida mantiene su compromiso de continuar impulsando acciones en materia de infraestructura vial para mejorar la calidad de vida de las y los habitantes a trav\u00e9s de calles m\u00e1s seguras tanto para automovilistas como para ciclistas y peatones, a la par que se mejora la [&hellip;]\" \/>\n<meta property=\"og:url\" content=\"https:\/\/www.yucatanencorto.com\/noticias\/mejoran-calles\/\" \/>\n<meta property=\"og:site_name\" content=\"Yucat\u00e1n en corto\" \/>\n<meta property=\"article:publisher\" content=\"http:\/\/www.facebook.com\/yucatanencorto\" \/>\n<meta property=\"article:published_time\" content=\"2023-11-08T23:49:54+00:00\" \/>\n<meta property=\"og:image\" content=\"https:\/\/www.yucatanencorto.com\/noticias\/wp-content\/uploads\/2023\/11\/IMG-20231108-WA0026-scaled.jpg\" \/>\n\t<meta property=\"og:image:width\" content=\"768\" \/>\n\t<meta property=\"og:image:height\" content=\"587\" \/>\n\t<meta property=\"og:image:type\" content=\"image\/jpeg\" \/>\n<meta name=\"author\" content=\"Redes\" \/>\n<meta name=\"twitter:card\" content=\"summary_large_image\" \/>\n<meta name=\"twitter:creator\" content=\"@yucatanencorto\" \/>\n<meta name=\"twitter:site\" content=\"@yucatanencorto\" \/>\n<meta name=\"twitter:label1\" content=\"Escrito por\" \/>\n\t<meta name=\"twitter:data1\" content=\"Redes\" \/>\n\t<meta name=\"twitter:label2\" content=\"Tiempo de lectura\" \/>\n\t<meta name=\"twitter:data2\" content=\"3 minutos\" \/>\n<script type=\"application\/ld+json\" class=\"yoast-schema-graph\">{\"@context\":\"https:\\\/\\\/schema.org\",\"@graph\":[{\"@type\":\"Article\",\"@id\":\"https:\\\/\\\/www.yucatanencorto.com\\\/noticias\\\/mejoran-calles\\\/#article\",\"isPartOf\":{\"@id\":\"https:\\\/\\\/www.yucatanencorto.com\\\/noticias\\\/mejoran-calles\\\/\"},\"author\":{\"name\":\"Redes\",\"@id\":\"https:\\\/\\\/www.yucatanencorto.com\\\/noticias\\\/#\\\/schema\\\/person\\\/e2fbdfaf30a07014a43940ce989f3119\"},\"headline\":\"Mejoran calles\",\"datePublished\":\"2023-11-08T23:49:54+00:00\",\"mainEntityOfPage\":{\"@id\":\"https:\\\/\\\/www.yucatanencorto.com\\\/noticias\\\/mejoran-calles\\\/\"},\"wordCount\":477,\"image\":{\"@id\":\"https:\\\/\\\/www.yucatanencorto.com\\\/noticias\\\/mejoran-calles\\\/#primaryimage\"},\"thumbnailUrl\":\"https:\\\/\\\/www.yucatanencorto.com\\\/noticias\\\/wp-content\\\/uploads\\\/2023\\\/11\\\/IMG-20231108-WA0026-scaled.jpg\",\"articleSection\":[\"Yucat\u00e1n\"],\"inLanguage\":\"es\"},{\"@type\":\"WebPage\",\"@id\":\"https:\\\/\\\/www.yucatanencorto.com\\\/noticias\\\/mejoran-calles\\\/\",\"url\":\"https:\\\/\\\/www.yucatanencorto.com\\\/noticias\\\/mejoran-calles\\\/\",\"name\":\"Mejoran calles - Yucat\u00e1n en corto\",\"isPartOf\":{\"@id\":\"https:\\\/\\\/www.yucatanencorto.com\\\/noticias\\\/#website\"},\"primaryImageOfPage\":{\"@id\":\"https:\\\/\\\/www.yucatanencorto.com\\\/noticias\\\/mejoran-calles\\\/#primaryimage\"},\"image\":{\"@id\":\"https:\\\/\\\/www.yucatanencorto.com\\\/noticias\\\/mejoran-calles\\\/#primaryimage\"},\"thumbnailUrl\":\"https:\\\/\\\/www.yucatanencorto.com\\\/noticias\\\/wp-content\\\/uploads\\\/2023\\\/11\\\/IMG-20231108-WA0026-scaled.jpg\",\"datePublished\":\"2023-11-08T23:49:54+00:00\",\"author\":{\"@id\":\"https:\\\/\\\/www.yucatanencorto.com\\\/noticias\\\/#\\\/schema\\\/person\\\/e2fbdfaf30a07014a43940ce989f3119\"},\"breadcrumb\":{\"@id\":\"https:\\\/\\\/www.yucatanencorto.com\\\/noticias\\\/mejoran-calles\\\/#breadcrumb\"},\"inLanguage\":\"es\",\"potentialAction\":[{\"@type\":\"ReadAction\",\"target\":[\"https:\\\/\\\/www.yucatanencorto.com\\\/noticias\\\/mejoran-calles\\\/\"]}]},{\"@type\":\"ImageObject\",\"inLanguage\":\"es\",\"@id\":\"https:\\\/\\\/www.yucatanencorto.com\\\/noticias\\\/mejoran-calles\\\/#primaryimage\",\"url\":\"https:\\\/\\\/www.yucatanencorto.com\\\/noticias\\\/wp-content\\\/uploads\\\/2023\\\/11\\\/IMG-20231108-WA0026-scaled.jpg\",\"contentUrl\":\"https:\\\/\\\/www.yucatanencorto.com\\\/noticias\\\/wp-content\\\/uploads\\\/2023\\\/11\\\/IMG-20231108-WA0026-scaled.jpg\",\"width\":768,\"height\":587},{\"@type\":\"BreadcrumbList\",\"@id\":\"https:\\\/\\\/www.yucatanencorto.com\\\/noticias\\\/mejoran-calles\\\/#breadcrumb\",\"itemListElement\":[{\"@type\":\"ListItem\",\"position\":1,\"name\":\"Portada\",\"item\":\"https:\\\/\\\/www.yucatanencorto.com\\\/noticias\\\/\"},{\"@type\":\"ListItem\",\"position\":2,\"name\":\"Mejoran calles\"}]},{\"@type\":\"WebSite\",\"@id\":\"https:\\\/\\\/www.yucatanencorto.com\\\/noticias\\\/#website\",\"url\":\"https:\\\/\\\/www.yucatanencorto.com\\\/noticias\\\/\",\"name\":\"Yucat\u00e1n en corto\",\"description\":\"Noticias\",\"potentialAction\":[{\"@type\":\"SearchAction\",\"target\":{\"@type\":\"EntryPoint\",\"urlTemplate\":\"https:\\\/\\\/www.yucatanencorto.com\\\/noticias\\\/?s={search_term_string}\"},\"query-input\":{\"@type\":\"PropertyValueSpecification\",\"valueRequired\":true,\"valueName\":\"search_term_string\"}}],\"inLanguage\":\"es\"},{\"@type\":\"Person\",\"@id\":\"https:\\\/\\\/www.yucatanencorto.com\\\/noticias\\\/#\\\/schema\\\/person\\\/e2fbdfaf30a07014a43940ce989f3119\",\"name\":\"Redes\",\"image\":{\"@type\":\"ImageObject\",\"inLanguage\":\"es\",\"@id\":\"https:\\\/\\\/secure.gravatar.com\\\/avatar\\\/5931a2d21dd7cc834f44c8c34fe56d90ed6d536ef452cbf870c7485b524dddd7?s=96&d=mm&r=g\",\"url\":\"https:\\\/\\\/secure.gravatar.com\\\/avatar\\\/5931a2d21dd7cc834f44c8c34fe56d90ed6d536ef452cbf870c7485b524dddd7?s=96&d=mm&r=g\",\"contentUrl\":\"https:\\\/\\\/secure.gravatar.com\\\/avatar\\\/5931a2d21dd7cc834f44c8c34fe56d90ed6d536ef452cbf870c7485b524dddd7?s=96&d=mm&r=g\",\"caption\":\"Redes\"},\"url\":\"https:\\\/\\\/www.yucatanencorto.com\\\/noticias\\\/author\\\/redes\\\/\"}]}<\/script>\n<!-- \/ Yoast SEO plugin. -->","yoast_head_json":{"title":"Mejoran calles - Yucat\u00e1n en corto","robots":{"index":"index","follow":"follow","max-snippet":"max-snippet:-1","max-image-preview":"max-image-preview:large","max-video-preview":"max-video-preview:-1"},"canonical":"https:\/\/www.yucatanencorto.com\/noticias\/mejoran-calles\/","og_locale":"es_ES","og_type":"article","og_title":"Mejoran calles - Yucat\u00e1n en corto","og_description":"M\u00e9rida, Yucat\u00e1n, 8 de noviembre de 2023.- El Ayuntamiento de M\u00e9rida mantiene su compromiso de continuar impulsando acciones en materia de infraestructura vial para mejorar la calidad de vida de las y los habitantes a trav\u00e9s de calles m\u00e1s seguras tanto para automovilistas como para ciclistas y peatones, a la par que se mejora la [&hellip;]","og_url":"https:\/\/www.yucatanencorto.com\/noticias\/mejoran-calles\/","og_site_name":"Yucat\u00e1n en corto","article_publisher":"http:\/\/www.facebook.com\/yucatanencorto","article_published_time":"2023-11-08T23:49:54+00:00","og_image":[{"width":768,"height":587,"url":"https:\/\/www.yucatanencorto.com\/noticias\/wp-content\/uploads\/2023\/11\/IMG-20231108-WA0026-scaled.jpg","type":"image\/jpeg"}],"author":"Redes","twitter_card":"summary_large_image","twitter_creator":"@yucatanencorto","twitter_site":"@yucatanencorto","twitter_misc":{"Escrito por":"Redes","Tiempo de lectura":"3 minutos"},"schema":{"@context":"https:\/\/schema.org","@graph":[{"@type":"Article","@id":"https:\/\/www.yucatanencorto.com\/noticias\/mejoran-calles\/#article","isPartOf":{"@id":"https:\/\/www.yucatanencorto.com\/noticias\/mejoran-calles\/"},"author":{"name":"Redes","@id":"https:\/\/www.yucatanencorto.com\/noticias\/#\/schema\/person\/e2fbdfaf30a07014a43940ce989f3119"},"headline":"Mejoran calles","datePublished":"2023-11-08T23:49:54+00:00","mainEntityOfPage":{"@id":"https:\/\/www.yucatanencorto.com\/noticias\/mejoran-calles\/"},"wordCount":477,"image":{"@id":"https:\/\/www.yucatanencorto.com\/noticias\/mejoran-calles\/#primaryimage"},"thumbnailUrl":"https:\/\/www.yucatanencorto.com\/noticias\/wp-content\/uploads\/2023\/11\/IMG-20231108-WA0026-scaled.jpg","articleSection":["Yucat\u00e1n"],"inLanguage":"es"},{"@type":"WebPage","@id":"https:\/\/www.yucatanencorto.com\/noticias\/mejoran-calles\/","url":"https:\/\/www.yucatanencorto.com\/noticias\/mejoran-calles\/","name":"Mejoran calles - Yucat\u00e1n en corto","isPartOf":{"@id":"https:\/\/www.yucatanencorto.com\/noticias\/#website"},"primaryImageOfPage":{"@id":"https:\/\/www.yucatanencorto.com\/noticias\/mejoran-calles\/#primaryimage"},"image":{"@id":"https:\/\/www.yucatanencorto.com\/noticias\/mejoran-calles\/#primaryimage"},"thumbnailUrl":"https:\/\/www.yucatanencorto.com\/noticias\/wp-content\/uploads\/2023\/11\/IMG-20231108-WA0026-scaled.jpg","datePublished":"2023-11-08T23:49:54+00:00","author":{"@id":"https:\/\/www.yucatanencorto.com\/noticias\/#\/schema\/person\/e2fbdfaf30a07014a43940ce989f3119"},"breadcrumb":{"@id":"https:\/\/www.yucatanencorto.com\/noticias\/mejoran-calles\/#breadcrumb"},"inLanguage":"es","potentialAction":[{"@type":"ReadAction","target":["https:\/\/www.yucatanencorto.com\/noticias\/mejoran-calles\/"]}]},{"@type":"ImageObject","inLanguage":"es","@id":"https:\/\/www.yucatanencorto.com\/noticias\/mejoran-calles\/#primaryimage","url":"https:\/\/www.yucatanencorto.com\/noticias\/wp-content\/uploads\/2023\/11\/IMG-20231108-WA0026-scaled.jpg","contentUrl":"https:\/\/www.yucatanencorto.com\/noticias\/wp-content\/uploads\/2023\/11\/IMG-20231108-WA0026-scaled.jpg","width":768,"height":587},{"@type":"BreadcrumbList","@id":"https:\/\/www.yucatanencorto.com\/noticias\/mejoran-calles\/#breadcrumb","itemListElement":[{"@type":"ListItem","position":1,"name":"Portada","item":"https:\/\/www.yucatanencorto.com\/noticias\/"},{"@type":"ListItem","position":2,"name":"Mejoran calles"}]},{"@type":"WebSite","@id":"https:\/\/www.yucatanencorto.com\/noticias\/#website","url":"https:\/\/www.yucatanencorto.com\/noticias\/","name":"Yucat\u00e1n en corto","description":"Noticias","potentialAction":[{"@type":"SearchAction","target":{"@type":"EntryPoint","urlTemplate":"https:\/\/www.yucatanencorto.com\/noticias\/?s={search_term_string}"},"query-input":{"@type":"PropertyValueSpecification","valueRequired":true,"valueName":"search_term_string"}}],"inLanguage":"es"},{"@type":"Person","@id":"https:\/\/www.yucatanencorto.com\/noticias\/#\/schema\/person\/e2fbdfaf30a07014a43940ce989f3119","name":"Redes","image":{"@type":"ImageObject","inLanguage":"es","@id":"https:\/\/secure.gravatar.com\/avatar\/5931a2d21dd7cc834f44c8c34fe56d90ed6d536ef452cbf870c7485b524dddd7?s=96&d=mm&r=g","url":"https:\/\/secure.gravatar.com\/avatar\/5931a2d21dd7cc834f44c8c34fe56d90ed6d536ef452cbf870c7485b524dddd7?s=96&d=mm&r=g","contentUrl":"https:\/\/secure.gravatar.com\/avatar\/5931a2d21dd7cc834f44c8c34fe56d90ed6d536ef452cbf870c7485b524dddd7?s=96&d=mm&r=g","caption":"Redes"},"url":"https:\/\/www.yucatanencorto.com\/noticias\/author\/redes\/"}]}},"_links":{"self":[{"href":"https:\/\/www.yucatanencorto.com\/noticias\/wp-json\/wp\/v2\/posts\/100798","targetHints":{"allow":["GET"]}}],"collection":[{"href":"https:\/\/www.yucatanencorto.com\/noticias\/wp-json\/wp\/v2\/posts"}],"about":[{"href":"https:\/\/www.yucatanencorto.com\/noticias\/wp-json\/wp\/v2\/types\/post"}],"author":[{"embeddable":true,"href":"https:\/\/www.yucatanencorto.com\/noticias\/wp-json\/wp\/v2\/users\/3"}],"replies":[{"embeddable":true,"href":"https:\/\/www.yucatanencorto.com\/noticias\/wp-json\/wp\/v2\/comments?post=100798"}],"version-history":[{"count":0,"href":"https:\/\/www.yucatanencorto.com\/noticias\/wp-json\/wp\/v2\/posts\/100798\/revisions"}],"wp:featuredmedia":[{"embeddable":true,"href":"https:\/\/www.yucatanencorto.com\/noticias\/wp-json\/wp\/v2\/media\/100800"}],"wp:attachment":[{"href":"https:\/\/www.yucatanencorto.com\/noticias\/wp-json\/wp\/v2\/media?parent=100798"}],"wp:term":[{"taxonomy":"category","embeddable":true,"href":"https:\/\/www.yucatanencorto.com\/noticias\/wp-json\/wp\/v2\/categories?post=100798"},{"taxonomy":"post_tag","embeddable":true,"href":"https:\/\/www.yucatanencorto.com\/noticias\/wp-json\/wp\/v2\/tags?post=100798"}],"curies":[{"name":"wp","href":"https:\/\/api.w.org\/{rel}","templated":true}]}}