{"id":100802,"date":"2023-11-08T18:04:19","date_gmt":"2023-11-09T00:04:19","guid":{"rendered":"https:\/\/www.yucatanencorto.com\/noticias\/?p=100802"},"modified":"2023-11-08T18:04:19","modified_gmt":"2023-11-09T00:04:19","slug":"chedraui-se-expandira-en-yucatan","status":"publish","type":"post","link":"https:\/\/www.yucatanencorto.com\/noticias\/chedraui-se-expandira-en-yucatan\/","title":{"rendered":"Chedraui se expandir\u00e1 en Yucat\u00e1n"},"content":{"rendered":"<p><img loading=\"lazy\" decoding=\"async\" class=\"alignnone size-full wp-image-100803\" src=\"https:\/\/www.yucatanencorto.com\/noticias\/wp-content\/uploads\/2023\/11\/IMG-20231108-WA0028-1-scaled.jpg\" alt=\"\" width=\"768\" height=\"512\" srcset=\"https:\/\/www.yucatanencorto.com\/noticias\/wp-content\/uploads\/2023\/11\/IMG-20231108-WA0028-1-scaled.jpg 768w, https:\/\/www.yucatanencorto.com\/noticias\/wp-content\/uploads\/2023\/11\/IMG-20231108-WA0028-1-696x464.jpg 696w, https:\/\/www.yucatanencorto.com\/noticias\/wp-content\/uploads\/2023\/11\/IMG-20231108-WA0028-1-1068x712.jpg 1068w, https:\/\/www.yucatanencorto.com\/noticias\/wp-content\/uploads\/2023\/11\/IMG-20231108-WA0028-1-630x420.jpg 630w\" sizes=\"auto, (max-width: 768px) 100vw, 768px\" \/><\/p>\n<p>M\u00e9rida, Yucat\u00e1n, 8 de noviembre de 2023.- Yucat\u00e1n sigue siendo un polo atractivo para las empresas que buscan crecer y crear m\u00e1s empleos en todo el estado, como Grupo Chedraui que, como anunci\u00f3 el Gobernador Mauricio Vila Dosal, en los pr\u00f3ximos 5 a\u00f1os invertir\u00e1 m\u00e1s de 3,600 millones de pesos para el establecimiento de 16 nuevas sucursales en Progreso, Motul, Valladolid, Ticul, Tekax y M\u00e9rida, que representar\u00e1n la generaci\u00f3n de arriba de 5,600 fuentes de trabajo para las familias yucatecas.<\/p>\n<p>&nbsp;<\/p>\n<p>Acompa\u00f1ado del director nacional de expansi\u00f3n inmobiliario de Grupo Chedraui, Jaime Lozano Pati\u00f1o, el Gobernador encabez\u00f3 la presentaci\u00f3n de este plan de crecimiento con miras al 2027, con el que la empresa ampliar\u00e1 su presencia en el estado, especialmente en el interior del estado.<\/p>\n<p>&nbsp;<\/p>\n<p>En su mensaje, el Gobernador afirm\u00f3 que este nuevo plan de inversi\u00f3n respalda los resultados del trabajo que se est\u00e1 haciendo en Yucat\u00e1n, porque quiere decir que las firmas que se deciden por el estado valoran el buen ambiente y certeza jur\u00eddica que nos caracteriza.<\/p>\n<p>&nbsp;<\/p>\n<p>Acompa\u00f1ado de la gerente de Grupo Chedraui en Yucat\u00e1n, \u00c1ngela El\u00edas Moreno, y del titular de la Secretar\u00eda de Fomento Econ\u00f3mico y Trabajo (Sefoet), Ernesto Herrera Novelo, Vila Dosal se\u00f1al\u00f3 que los indicadores demuestran el buen momento que vive Yucat\u00e1n, pues de acuerdo con el Instituto Nacional de Estad\u00edstica y Geograf\u00eda (INEGI),el ingreso familiar en Yucat\u00e1n creci\u00f3 un 17%, y en los \u00faltimos 2 a\u00f1os, m\u00e1s de 236,000 familias dejaron de vivir en condiciones de pobreza.<\/p>\n<p>&nbsp;<\/p>\n<p>\u00abEsto es real, cuando las grandes cadenas quieren abrir m\u00e1s tiendas y no solo en M\u00e9rida, sino tambi\u00e9n en otros municipios, es muestra del gran momento que est\u00e1 viendo Yucat\u00e1n\u00bb, apunt\u00f3.<\/p>\n<p>&nbsp;<\/p>\n<p>Desde el Centro Internacional de Congresos, el Gobernador afirm\u00f3 que su Gobierno sabe que la mejor manera de sacar a la gente de la pobreza es a trav\u00e9s de los empleos, por ello, ha encabezado una estrategia de promoci\u00f3n nacional e internacional de la entidad que est\u00e1 dando como resultado que firmas como Amazon, Mercado Libre y Woodgenix decidan asentarse.<\/p>\n<p>&nbsp;<\/p>\n<p>En su turno, Lozano Pati\u00f1o indic\u00f3 que la familia Chedraui tiene 9 tiendas en M\u00e9rida, Valladolid y Ticul que generan m\u00e1s de 2,000 empleos. Con el plan de expansi\u00f3n, se pretende ampliar la presencia en esos municipios, pero tambi\u00e9n llegar a otros como Tekax, Motul y Progreso.<\/p>\n<p>&nbsp;<\/p>\n<p>El representante de la firma a\u00f1adi\u00f3 que Chedraui ve en Yucat\u00e1n una excelente oportunidad de crecimiento, por lo que el 25% del capital contemplado en esos a\u00f1os se dedicar\u00e1 al estado de Yucat\u00e1n.<\/p>\n<p>&nbsp;<\/p>\n<p>Se trata de una empresa mexicana con presencia en 25 estados del pa\u00eds con 441 tiendas, donde se crean m\u00e1s de 44 mil empleos. Adem\u00e1s, tienen cobertura en 5 estados de Estados Unidos con 377 establecimientos.<\/p>\n","protected":false},"excerpt":{"rendered":"<p>M\u00e9rida, Yucat\u00e1n, 8 de noviembre de 2023.- Yucat\u00e1n sigue siendo un polo atractivo para las empresas que buscan crecer y crear m\u00e1s empleos en todo el estado, como Grupo Chedraui que, como anunci\u00f3 el Gobernador Mauricio Vila Dosal, en los pr\u00f3ximos 5 a\u00f1os invertir\u00e1 m\u00e1s de 3,600 millones de pesos para el establecimiento de 16 [&hellip;]<\/p>\n","protected":false},"author":3,"featured_media":100803,"comment_status":"closed","ping_status":"closed","sticky":false,"template":"","format":"standard","meta":{"footnotes":""},"categories":[3],"tags":[],"class_list":{"0":"post-100802","1":"post","2":"type-post","3":"status-publish","4":"format-standard","5":"has-post-thumbnail","7":"category-yucatan"},"yoast_head":"<!-- This site is optimized with the Yoast SEO plugin v27.5 - https:\/\/yoast.com\/product\/yoast-seo-wordpress\/ -->\n<title>Chedraui se expandir\u00e1 en Yucat\u00e1n - Yucat\u00e1n en corto<\/title>\n<meta name=\"robots\" content=\"index, follow, max-snippet:-1, max-image-preview:large, max-video-preview:-1\" \/>\n<link rel=\"canonical\" href=\"https:\/\/www.yucatanencorto.com\/noticias\/chedraui-se-expandira-en-yucatan\/\" \/>\n<meta property=\"og:locale\" content=\"es_ES\" \/>\n<meta property=\"og:type\" content=\"article\" \/>\n<meta property=\"og:title\" content=\"Chedraui se expandir\u00e1 en Yucat\u00e1n - Yucat\u00e1n en corto\" \/>\n<meta property=\"og:description\" content=\"M\u00e9rida, Yucat\u00e1n, 8 de noviembre de 2023.- Yucat\u00e1n sigue siendo un polo atractivo para las empresas que buscan crecer y crear m\u00e1s empleos en todo el estado, como Grupo Chedraui que, como anunci\u00f3 el Gobernador Mauricio Vila Dosal, en los pr\u00f3ximos 5 a\u00f1os invertir\u00e1 m\u00e1s de 3,600 millones de pesos para el establecimiento de 16 [&hellip;]\" \/>\n<meta property=\"og:url\" content=\"https:\/\/www.yucatanencorto.com\/noticias\/chedraui-se-expandira-en-yucatan\/\" \/>\n<meta property=\"og:site_name\" content=\"Yucat\u00e1n en corto\" \/>\n<meta property=\"article:publisher\" content=\"http:\/\/www.facebook.com\/yucatanencorto\" \/>\n<meta property=\"article:published_time\" content=\"2023-11-09T00:04:19+00:00\" \/>\n<meta property=\"og:image\" content=\"https:\/\/www.yucatanencorto.com\/noticias\/wp-content\/uploads\/2023\/11\/IMG-20231108-WA0028-1-scaled.jpg\" \/>\n\t<meta property=\"og:image:width\" content=\"768\" \/>\n\t<meta property=\"og:image:height\" content=\"512\" \/>\n\t<meta property=\"og:image:type\" content=\"image\/jpeg\" \/>\n<meta name=\"author\" content=\"Redes\" \/>\n<meta name=\"twitter:card\" content=\"summary_large_image\" \/>\n<meta name=\"twitter:creator\" content=\"@yucatanencorto\" \/>\n<meta name=\"twitter:site\" content=\"@yucatanencorto\" \/>\n<meta name=\"twitter:label1\" content=\"Escrito por\" \/>\n\t<meta name=\"twitter:data1\" content=\"Redes\" \/>\n\t<meta name=\"twitter:label2\" content=\"Tiempo de lectura\" \/>\n\t<meta name=\"twitter:data2\" content=\"3 minutos\" \/>\n<script type=\"application\/ld+json\" class=\"yoast-schema-graph\">{\"@context\":\"https:\\\/\\\/schema.org\",\"@graph\":[{\"@type\":\"Article\",\"@id\":\"https:\\\/\\\/www.yucatanencorto.com\\\/noticias\\\/chedraui-se-expandira-en-yucatan\\\/#article\",\"isPartOf\":{\"@id\":\"https:\\\/\\\/www.yucatanencorto.com\\\/noticias\\\/chedraui-se-expandira-en-yucatan\\\/\"},\"author\":{\"name\":\"Redes\",\"@id\":\"https:\\\/\\\/www.yucatanencorto.com\\\/noticias\\\/#\\\/schema\\\/person\\\/e2fbdfaf30a07014a43940ce989f3119\"},\"headline\":\"Chedraui se expandir\u00e1 en Yucat\u00e1n\",\"datePublished\":\"2023-11-09T00:04:19+00:00\",\"mainEntityOfPage\":{\"@id\":\"https:\\\/\\\/www.yucatanencorto.com\\\/noticias\\\/chedraui-se-expandira-en-yucatan\\\/\"},\"wordCount\":497,\"image\":{\"@id\":\"https:\\\/\\\/www.yucatanencorto.com\\\/noticias\\\/chedraui-se-expandira-en-yucatan\\\/#primaryimage\"},\"thumbnailUrl\":\"https:\\\/\\\/www.yucatanencorto.com\\\/noticias\\\/wp-content\\\/uploads\\\/2023\\\/11\\\/IMG-20231108-WA0028-1-scaled.jpg\",\"articleSection\":[\"Yucat\u00e1n\"],\"inLanguage\":\"es\"},{\"@type\":\"WebPage\",\"@id\":\"https:\\\/\\\/www.yucatanencorto.com\\\/noticias\\\/chedraui-se-expandira-en-yucatan\\\/\",\"url\":\"https:\\\/\\\/www.yucatanencorto.com\\\/noticias\\\/chedraui-se-expandira-en-yucatan\\\/\",\"name\":\"Chedraui se expandir\u00e1 en Yucat\u00e1n - Yucat\u00e1n en corto\",\"isPartOf\":{\"@id\":\"https:\\\/\\\/www.yucatanencorto.com\\\/noticias\\\/#website\"},\"primaryImageOfPage\":{\"@id\":\"https:\\\/\\\/www.yucatanencorto.com\\\/noticias\\\/chedraui-se-expandira-en-yucatan\\\/#primaryimage\"},\"image\":{\"@id\":\"https:\\\/\\\/www.yucatanencorto.com\\\/noticias\\\/chedraui-se-expandira-en-yucatan\\\/#primaryimage\"},\"thumbnailUrl\":\"https:\\\/\\\/www.yucatanencorto.com\\\/noticias\\\/wp-content\\\/uploads\\\/2023\\\/11\\\/IMG-20231108-WA0028-1-scaled.jpg\",\"datePublished\":\"2023-11-09T00:04:19+00:00\",\"author\":{\"@id\":\"https:\\\/\\\/www.yucatanencorto.com\\\/noticias\\\/#\\\/schema\\\/person\\\/e2fbdfaf30a07014a43940ce989f3119\"},\"breadcrumb\":{\"@id\":\"https:\\\/\\\/www.yucatanencorto.com\\\/noticias\\\/chedraui-se-expandira-en-yucatan\\\/#breadcrumb\"},\"inLanguage\":\"es\",\"potentialAction\":[{\"@type\":\"ReadAction\",\"target\":[\"https:\\\/\\\/www.yucatanencorto.com\\\/noticias\\\/chedraui-se-expandira-en-yucatan\\\/\"]}]},{\"@type\":\"ImageObject\",\"inLanguage\":\"es\",\"@id\":\"https:\\\/\\\/www.yucatanencorto.com\\\/noticias\\\/chedraui-se-expandira-en-yucatan\\\/#primaryimage\",\"url\":\"https:\\\/\\\/www.yucatanencorto.com\\\/noticias\\\/wp-content\\\/uploads\\\/2023\\\/11\\\/IMG-20231108-WA0028-1-scaled.jpg\",\"contentUrl\":\"https:\\\/\\\/www.yucatanencorto.com\\\/noticias\\\/wp-content\\\/uploads\\\/2023\\\/11\\\/IMG-20231108-WA0028-1-scaled.jpg\",\"width\":768,\"height\":512},{\"@type\":\"BreadcrumbList\",\"@id\":\"https:\\\/\\\/www.yucatanencorto.com\\\/noticias\\\/chedraui-se-expandira-en-yucatan\\\/#breadcrumb\",\"itemListElement\":[{\"@type\":\"ListItem\",\"position\":1,\"name\":\"Portada\",\"item\":\"https:\\\/\\\/www.yucatanencorto.com\\\/noticias\\\/\"},{\"@type\":\"ListItem\",\"position\":2,\"name\":\"Chedraui se expandir\u00e1 en Yucat\u00e1n\"}]},{\"@type\":\"WebSite\",\"@id\":\"https:\\\/\\\/www.yucatanencorto.com\\\/noticias\\\/#website\",\"url\":\"https:\\\/\\\/www.yucatanencorto.com\\\/noticias\\\/\",\"name\":\"Yucat\u00e1n en corto\",\"description\":\"Noticias\",\"potentialAction\":[{\"@type\":\"SearchAction\",\"target\":{\"@type\":\"EntryPoint\",\"urlTemplate\":\"https:\\\/\\\/www.yucatanencorto.com\\\/noticias\\\/?s={search_term_string}\"},\"query-input\":{\"@type\":\"PropertyValueSpecification\",\"valueRequired\":true,\"valueName\":\"search_term_string\"}}],\"inLanguage\":\"es\"},{\"@type\":\"Person\",\"@id\":\"https:\\\/\\\/www.yucatanencorto.com\\\/noticias\\\/#\\\/schema\\\/person\\\/e2fbdfaf30a07014a43940ce989f3119\",\"name\":\"Redes\",\"image\":{\"@type\":\"ImageObject\",\"inLanguage\":\"es\",\"@id\":\"https:\\\/\\\/secure.gravatar.com\\\/avatar\\\/5931a2d21dd7cc834f44c8c34fe56d90ed6d536ef452cbf870c7485b524dddd7?s=96&d=mm&r=g\",\"url\":\"https:\\\/\\\/secure.gravatar.com\\\/avatar\\\/5931a2d21dd7cc834f44c8c34fe56d90ed6d536ef452cbf870c7485b524dddd7?s=96&d=mm&r=g\",\"contentUrl\":\"https:\\\/\\\/secure.gravatar.com\\\/avatar\\\/5931a2d21dd7cc834f44c8c34fe56d90ed6d536ef452cbf870c7485b524dddd7?s=96&d=mm&r=g\",\"caption\":\"Redes\"},\"url\":\"https:\\\/\\\/www.yucatanencorto.com\\\/noticias\\\/author\\\/redes\\\/\"}]}<\/script>\n<!-- \/ Yoast SEO plugin. -->","yoast_head_json":{"title":"Chedraui se expandir\u00e1 en Yucat\u00e1n - Yucat\u00e1n en corto","robots":{"index":"index","follow":"follow","max-snippet":"max-snippet:-1","max-image-preview":"max-image-preview:large","max-video-preview":"max-video-preview:-1"},"canonical":"https:\/\/www.yucatanencorto.com\/noticias\/chedraui-se-expandira-en-yucatan\/","og_locale":"es_ES","og_type":"article","og_title":"Chedraui se expandir\u00e1 en Yucat\u00e1n - Yucat\u00e1n en corto","og_description":"M\u00e9rida, Yucat\u00e1n, 8 de noviembre de 2023.- Yucat\u00e1n sigue siendo un polo atractivo para las empresas que buscan crecer y crear m\u00e1s empleos en todo el estado, como Grupo Chedraui que, como anunci\u00f3 el Gobernador Mauricio Vila Dosal, en los pr\u00f3ximos 5 a\u00f1os invertir\u00e1 m\u00e1s de 3,600 millones de pesos para el establecimiento de 16 [&hellip;]","og_url":"https:\/\/www.yucatanencorto.com\/noticias\/chedraui-se-expandira-en-yucatan\/","og_site_name":"Yucat\u00e1n en corto","article_publisher":"http:\/\/www.facebook.com\/yucatanencorto","article_published_time":"2023-11-09T00:04:19+00:00","og_image":[{"width":768,"height":512,"url":"https:\/\/www.yucatanencorto.com\/noticias\/wp-content\/uploads\/2023\/11\/IMG-20231108-WA0028-1-scaled.jpg","type":"image\/jpeg"}],"author":"Redes","twitter_card":"summary_large_image","twitter_creator":"@yucatanencorto","twitter_site":"@yucatanencorto","twitter_misc":{"Escrito por":"Redes","Tiempo de lectura":"3 minutos"},"schema":{"@context":"https:\/\/schema.org","@graph":[{"@type":"Article","@id":"https:\/\/www.yucatanencorto.com\/noticias\/chedraui-se-expandira-en-yucatan\/#article","isPartOf":{"@id":"https:\/\/www.yucatanencorto.com\/noticias\/chedraui-se-expandira-en-yucatan\/"},"author":{"name":"Redes","@id":"https:\/\/www.yucatanencorto.com\/noticias\/#\/schema\/person\/e2fbdfaf30a07014a43940ce989f3119"},"headline":"Chedraui se expandir\u00e1 en Yucat\u00e1n","datePublished":"2023-11-09T00:04:19+00:00","mainEntityOfPage":{"@id":"https:\/\/www.yucatanencorto.com\/noticias\/chedraui-se-expandira-en-yucatan\/"},"wordCount":497,"image":{"@id":"https:\/\/www.yucatanencorto.com\/noticias\/chedraui-se-expandira-en-yucatan\/#primaryimage"},"thumbnailUrl":"https:\/\/www.yucatanencorto.com\/noticias\/wp-content\/uploads\/2023\/11\/IMG-20231108-WA0028-1-scaled.jpg","articleSection":["Yucat\u00e1n"],"inLanguage":"es"},{"@type":"WebPage","@id":"https:\/\/www.yucatanencorto.com\/noticias\/chedraui-se-expandira-en-yucatan\/","url":"https:\/\/www.yucatanencorto.com\/noticias\/chedraui-se-expandira-en-yucatan\/","name":"Chedraui se expandir\u00e1 en Yucat\u00e1n - Yucat\u00e1n en corto","isPartOf":{"@id":"https:\/\/www.yucatanencorto.com\/noticias\/#website"},"primaryImageOfPage":{"@id":"https:\/\/www.yucatanencorto.com\/noticias\/chedraui-se-expandira-en-yucatan\/#primaryimage"},"image":{"@id":"https:\/\/www.yucatanencorto.com\/noticias\/chedraui-se-expandira-en-yucatan\/#primaryimage"},"thumbnailUrl":"https:\/\/www.yucatanencorto.com\/noticias\/wp-content\/uploads\/2023\/11\/IMG-20231108-WA0028-1-scaled.jpg","datePublished":"2023-11-09T00:04:19+00:00","author":{"@id":"https:\/\/www.yucatanencorto.com\/noticias\/#\/schema\/person\/e2fbdfaf30a07014a43940ce989f3119"},"breadcrumb":{"@id":"https:\/\/www.yucatanencorto.com\/noticias\/chedraui-se-expandira-en-yucatan\/#breadcrumb"},"inLanguage":"es","potentialAction":[{"@type":"ReadAction","target":["https:\/\/www.yucatanencorto.com\/noticias\/chedraui-se-expandira-en-yucatan\/"]}]},{"@type":"ImageObject","inLanguage":"es","@id":"https:\/\/www.yucatanencorto.com\/noticias\/chedraui-se-expandira-en-yucatan\/#primaryimage","url":"https:\/\/www.yucatanencorto.com\/noticias\/wp-content\/uploads\/2023\/11\/IMG-20231108-WA0028-1-scaled.jpg","contentUrl":"https:\/\/www.yucatanencorto.com\/noticias\/wp-content\/uploads\/2023\/11\/IMG-20231108-WA0028-1-scaled.jpg","width":768,"height":512},{"@type":"BreadcrumbList","@id":"https:\/\/www.yucatanencorto.com\/noticias\/chedraui-se-expandira-en-yucatan\/#breadcrumb","itemListElement":[{"@type":"ListItem","position":1,"name":"Portada","item":"https:\/\/www.yucatanencorto.com\/noticias\/"},{"@type":"ListItem","position":2,"name":"Chedraui se expandir\u00e1 en Yucat\u00e1n"}]},{"@type":"WebSite","@id":"https:\/\/www.yucatanencorto.com\/noticias\/#website","url":"https:\/\/www.yucatanencorto.com\/noticias\/","name":"Yucat\u00e1n en corto","description":"Noticias","potentialAction":[{"@type":"SearchAction","target":{"@type":"EntryPoint","urlTemplate":"https:\/\/www.yucatanencorto.com\/noticias\/?s={search_term_string}"},"query-input":{"@type":"PropertyValueSpecification","valueRequired":true,"valueName":"search_term_string"}}],"inLanguage":"es"},{"@type":"Person","@id":"https:\/\/www.yucatanencorto.com\/noticias\/#\/schema\/person\/e2fbdfaf30a07014a43940ce989f3119","name":"Redes","image":{"@type":"ImageObject","inLanguage":"es","@id":"https:\/\/secure.gravatar.com\/avatar\/5931a2d21dd7cc834f44c8c34fe56d90ed6d536ef452cbf870c7485b524dddd7?s=96&d=mm&r=g","url":"https:\/\/secure.gravatar.com\/avatar\/5931a2d21dd7cc834f44c8c34fe56d90ed6d536ef452cbf870c7485b524dddd7?s=96&d=mm&r=g","contentUrl":"https:\/\/secure.gravatar.com\/avatar\/5931a2d21dd7cc834f44c8c34fe56d90ed6d536ef452cbf870c7485b524dddd7?s=96&d=mm&r=g","caption":"Redes"},"url":"https:\/\/www.yucatanencorto.com\/noticias\/author\/redes\/"}]}},"_links":{"self":[{"href":"https:\/\/www.yucatanencorto.com\/noticias\/wp-json\/wp\/v2\/posts\/100802","targetHints":{"allow":["GET"]}}],"collection":[{"href":"https:\/\/www.yucatanencorto.com\/noticias\/wp-json\/wp\/v2\/posts"}],"about":[{"href":"https:\/\/www.yucatanencorto.com\/noticias\/wp-json\/wp\/v2\/types\/post"}],"author":[{"embeddable":true,"href":"https:\/\/www.yucatanencorto.com\/noticias\/wp-json\/wp\/v2\/users\/3"}],"replies":[{"embeddable":true,"href":"https:\/\/www.yucatanencorto.com\/noticias\/wp-json\/wp\/v2\/comments?post=100802"}],"version-history":[{"count":0,"href":"https:\/\/www.yucatanencorto.com\/noticias\/wp-json\/wp\/v2\/posts\/100802\/revisions"}],"wp:featuredmedia":[{"embeddable":true,"href":"https:\/\/www.yucatanencorto.com\/noticias\/wp-json\/wp\/v2\/media\/100803"}],"wp:attachment":[{"href":"https:\/\/www.yucatanencorto.com\/noticias\/wp-json\/wp\/v2\/media?parent=100802"}],"wp:term":[{"taxonomy":"category","embeddable":true,"href":"https:\/\/www.yucatanencorto.com\/noticias\/wp-json\/wp\/v2\/categories?post=100802"},{"taxonomy":"post_tag","embeddable":true,"href":"https:\/\/www.yucatanencorto.com\/noticias\/wp-json\/wp\/v2\/tags?post=100802"}],"curies":[{"name":"wp","href":"https:\/\/api.w.org\/{rel}","templated":true}]}}