{"id":100805,"date":"2023-11-09T08:45:49","date_gmt":"2023-11-09T14:45:49","guid":{"rendered":"https:\/\/www.yucatanencorto.com\/noticias\/?p=100805"},"modified":"2023-11-09T08:45:49","modified_gmt":"2023-11-09T14:45:49","slug":"proponen-iniciativa-para-conmemorar-el-18-de-noviembre-como-el-dia-estatal-de-la-representacion-politica-de-las-mujeres-en-yucatan","status":"publish","type":"post","link":"https:\/\/www.yucatanencorto.com\/noticias\/proponen-iniciativa-para-conmemorar-el-18-de-noviembre-como-el-dia-estatal-de-la-representacion-politica-de-las-mujeres-en-yucatan\/","title":{"rendered":"Proponen iniciativa para conmemorar el 18 de noviembre como el D\u00eda Estatal de la Representaci\u00f3n Pol\u00edtica de las Mujeres en Yucat\u00e1n"},"content":{"rendered":"<p>&nbsp;<\/p>\n<p><img loading=\"lazy\" decoding=\"async\" class=\"alignnone size-full wp-image-100806\" src=\"https:\/\/www.yucatanencorto.com\/noticias\/wp-content\/uploads\/2023\/11\/IMG-20231109-WA0001-scaled.jpg\" alt=\"\" width=\"768\" height=\"512\" srcset=\"https:\/\/www.yucatanencorto.com\/noticias\/wp-content\/uploads\/2023\/11\/IMG-20231109-WA0001-scaled.jpg 768w, https:\/\/www.yucatanencorto.com\/noticias\/wp-content\/uploads\/2023\/11\/IMG-20231109-WA0001-696x464.jpg 696w, https:\/\/www.yucatanencorto.com\/noticias\/wp-content\/uploads\/2023\/11\/IMG-20231109-WA0001-1068x712.jpg 1068w, https:\/\/www.yucatanencorto.com\/noticias\/wp-content\/uploads\/2023\/11\/IMG-20231109-WA0001-630x420.jpg 630w\" sizes=\"auto, (max-width: 768px) 100vw, 768px\" \/><\/p>\n<p>M\u00e9rida, Yucat\u00e1n a 8 de noviembre de 2023<\/p>\n<p>&nbsp;<\/p>\n<p>&nbsp;<\/p>\n<p style=\"text-align: center;\">En el marco del centenario conmemorativo a la primera elecci\u00f3n de mujeres yucatecas como diputadas en 1923, la diputada Carmen Gonz\u00e1lez Mart\u00edn present\u00f3 ante el Pleno del Congreso del Estado, una iniciativa para conmemorar el 18 de noviembre como el D\u00eda Estatal de la Representaci\u00f3n Pol\u00edtica de las Mujeres en Yucat\u00e1n, al honrar la memoria de las tres primeras mujeres diputadas Elvia Carrillo Puerto, Beatriz Peniche Barrera y Raquel Dzib Cicero.<\/p>\n<p>&nbsp;<\/p>\n<p>Gonz\u00e1lez Mart\u00edn record\u00f3 que estos grandes personajes desafiaron las normas de sus tiempos y superaron obst\u00e1culos para alcanzar el cargo de diputadas, pues con su liderazgo y compromiso con la igualdad de g\u00e9nero inspiraron a generaciones posteriores de mujeres a luchar por sus derechos y seguir ocupando puestos de importancia.<\/p>\n<p>&nbsp;<\/p>\n<p>\u201cEn este centenario honremos la memoria de estas tres mujeres y renovemos nuestro compromiso con la igualdad de g\u00e9nero y trabajando juntos para garantizar que las voces de todas las mujeres sean valoradas y escuchadas\u201d, agreg\u00f3.<\/p>\n<p>&nbsp;<\/p>\n<p>Por su parte, la diputada Fabiola Loeza Novelo entreg\u00f3 una iniciativa para reformar la Ley de V\u00edctimas del Estado en materia de protecci\u00f3n inmediata en caso de delito de incumplimiento de obligaciones de asistencia familiar.<\/p>\n<p>&nbsp;<\/p>\n<p>\u201cEl prop\u00f3sito de la reforma es que el Ministerio P\u00fablico pueda solicitar de manera emergente y preferente que aquellas personas que denuncien el delito de incumplimiento de obligaciones de asistencia familiar puedan ser apoyadas directamente del fondo de v\u00edctimas previsto en la Ley de V\u00edctimas local\u201d, dijo.<\/p>\n<p>&nbsp;<\/p>\n<p>En otro orden de ideas, la diputada Loeza Novelo habl\u00f3 sobre el \u201ccachibol\u201d, actividad que beneficia y promueve la cultura f\u00edsica recreativa principalmente de las y los adultos mayores y que es promovida por una asociaci\u00f3n que actualmente cuenta con un gran n\u00famero de participantes.<\/p>\n<p>&nbsp;<\/p>\n<p>En sesi\u00f3n ordinaria, las y los diputados aprobaron la publicaci\u00f3n de las convocatorias referentes a la designaci\u00f3n de recipiendarios para la Medalla de Honor \u201cH\u00e9ctor Victoria Aguilar\u201d y el Reconocimiento \u201cDiputado Profesor P\u00e1nfilo Novelo Mart\u00edn\u201d.<\/p>\n<p>&nbsp;<\/p>\n<p>Asimismo, se turn\u00f3 a segunda lectura la propuesta de acuerdo para expedir la convocatoria para el cargo de presidenta o presidente de la Comisi\u00f3n de Derechos Humanos del Estado de Yucat\u00e1n (Codhey).<\/p>\n<p>&nbsp;<\/p>\n<p>Como parte de los asuntos en cartera, se envi\u00f3 a la comisi\u00f3n de Vigilancia de la Cuenta P\u00fablica, Transparencia y Anticorrupci\u00f3n, el oficio que contiene el informe que detalla el estado que guarda las observaciones a las entidades fiscalizadas respecto a las irregularidades en los informes individuales con corte al tercer trimestre de 2023, enviado por la Auditor\u00eda Superior del Estado.<\/p>\n<p>&nbsp;<\/p>\n<p>A la misma se envi\u00f3 el oficio que contiene la segunda entrega de los informes individuales y un informe ejecutivo del mismo correspondiente a la revisi\u00f3n y fiscalizaci\u00f3n de la cuenta p\u00fablica 2022.<\/p>\n<p>&nbsp;<\/p>\n<p>La comisi\u00f3n de Puntos Constitucionales y Gobernaci\u00f3n analizar\u00e1 el oficio enviado por el presidente del Consejo General del Instituto Electoral y de Participaci\u00f3n Ciudadana de Yucat\u00e1n, Mois\u00e9s Bates Aguilar, en el que remite la iniciativa de reforma a la Ley de Participaci\u00f3n Ciudadana que regula el plebiscito, refer\u00e9ndum y la iniciativa popular en el estado.<\/p>\n<p>&nbsp;<\/p>\n<p>Tambi\u00e9n analizar\u00e1 la iniciativa para crear la Ley de Fomento Gastron\u00f3mico para el Estado.<\/p>\n<p>&nbsp;<\/p>\n<p>La comisi\u00f3n de Derechos Humanos tendr\u00e1 a su cargo el escrito enviado por Miguel Oscar Sabido Santana, presidente de la Codhey, que solicita su ratificaci\u00f3n al cargo antes mencionado y la iniciativa con la que se reforma la Ley para la Protecci\u00f3n de los Derechos de las Personas con Discapacidad del Estado, referente a la inclusi\u00f3n laboral.<\/p>\n<p>&nbsp;<\/p>\n<p>Por \u00faltimo, la comisi\u00f3n de Justicia y Seguridad P\u00fablica analizar\u00e1 la iniciativa para modificar el C\u00f3digo Penal del Estado en materia de establecimiento como grave los delitos relacionados con el uso de programas sociales con fines electorales.<\/p>\n<p>&nbsp;<\/p>\n<p>Tambi\u00e9n, se dio lectura al oficio enviado por el secretario de Administraci\u00f3n y Finanzas del Gobierno, Roberto Su\u00e1rez Coldwell.<\/p>\n<p>&nbsp;<\/p>\n<p>Al t\u00e9rmino, se aprob\u00f3 la realizaci\u00f3n de la siguiente sesi\u00f3n para el mi\u00e9rcoles 15 de noviembre a las 11 horas.<\/p>\n","protected":false},"excerpt":{"rendered":"<p>&nbsp; M\u00e9rida, Yucat\u00e1n a 8 de noviembre de 2023 &nbsp; &nbsp; En el marco del centenario conmemorativo a la primera elecci\u00f3n de mujeres yucatecas como diputadas en 1923, la diputada Carmen Gonz\u00e1lez Mart\u00edn present\u00f3 ante el Pleno del Congreso del Estado, una iniciativa para conmemorar el 18 de noviembre como el D\u00eda Estatal de la [&hellip;]<\/p>\n","protected":false},"author":3,"featured_media":100806,"comment_status":"closed","ping_status":"closed","sticky":false,"template":"","format":"standard","meta":{"footnotes":""},"categories":[3],"tags":[],"class_list":{"0":"post-100805","1":"post","2":"type-post","3":"status-publish","4":"format-standard","5":"has-post-thumbnail","7":"category-yucatan"},"yoast_head":"<!-- This site is optimized with the Yoast SEO plugin v27.5 - https:\/\/yoast.com\/product\/yoast-seo-wordpress\/ -->\n<title>Proponen iniciativa para conmemorar el 18 de noviembre como el D\u00eda Estatal de la Representaci\u00f3n Pol\u00edtica de las Mujeres en Yucat\u00e1n - Yucat\u00e1n en corto<\/title>\n<meta name=\"robots\" content=\"index, follow, max-snippet:-1, max-image-preview:large, max-video-preview:-1\" \/>\n<link rel=\"canonical\" href=\"https:\/\/www.yucatanencorto.com\/noticias\/proponen-iniciativa-para-conmemorar-el-18-de-noviembre-como-el-dia-estatal-de-la-representacion-politica-de-las-mujeres-en-yucatan\/\" \/>\n<meta property=\"og:locale\" content=\"es_ES\" \/>\n<meta property=\"og:type\" content=\"article\" \/>\n<meta property=\"og:title\" content=\"Proponen iniciativa para conmemorar el 18 de noviembre como el D\u00eda Estatal de la Representaci\u00f3n Pol\u00edtica de las Mujeres en Yucat\u00e1n - Yucat\u00e1n en corto\" \/>\n<meta property=\"og:description\" content=\"&nbsp; M\u00e9rida, Yucat\u00e1n a 8 de noviembre de 2023 &nbsp; &nbsp; En el marco del centenario conmemorativo a la primera elecci\u00f3n de mujeres yucatecas como diputadas en 1923, la diputada Carmen Gonz\u00e1lez Mart\u00edn present\u00f3 ante el Pleno del Congreso del Estado, una iniciativa para conmemorar el 18 de noviembre como el D\u00eda Estatal de la [&hellip;]\" \/>\n<meta property=\"og:url\" content=\"https:\/\/www.yucatanencorto.com\/noticias\/proponen-iniciativa-para-conmemorar-el-18-de-noviembre-como-el-dia-estatal-de-la-representacion-politica-de-las-mujeres-en-yucatan\/\" \/>\n<meta property=\"og:site_name\" content=\"Yucat\u00e1n en corto\" \/>\n<meta property=\"article:publisher\" content=\"http:\/\/www.facebook.com\/yucatanencorto\" \/>\n<meta property=\"article:published_time\" content=\"2023-11-09T14:45:49+00:00\" \/>\n<meta property=\"og:image\" content=\"https:\/\/www.yucatanencorto.com\/noticias\/wp-content\/uploads\/2023\/11\/IMG-20231109-WA0001-scaled.jpg\" \/>\n\t<meta property=\"og:image:width\" content=\"768\" \/>\n\t<meta property=\"og:image:height\" content=\"512\" \/>\n\t<meta property=\"og:image:type\" content=\"image\/jpeg\" \/>\n<meta name=\"author\" content=\"Redes\" \/>\n<meta name=\"twitter:card\" content=\"summary_large_image\" \/>\n<meta name=\"twitter:creator\" content=\"@yucatanencorto\" \/>\n<meta name=\"twitter:site\" content=\"@yucatanencorto\" \/>\n<meta name=\"twitter:label1\" content=\"Escrito por\" \/>\n\t<meta name=\"twitter:data1\" content=\"Redes\" \/>\n\t<meta name=\"twitter:label2\" content=\"Tiempo de lectura\" \/>\n\t<meta name=\"twitter:data2\" content=\"4 minutos\" \/>\n<script type=\"application\/ld+json\" class=\"yoast-schema-graph\">{\"@context\":\"https:\\\/\\\/schema.org\",\"@graph\":[{\"@type\":\"Article\",\"@id\":\"https:\\\/\\\/www.yucatanencorto.com\\\/noticias\\\/proponen-iniciativa-para-conmemorar-el-18-de-noviembre-como-el-dia-estatal-de-la-representacion-politica-de-las-mujeres-en-yucatan\\\/#article\",\"isPartOf\":{\"@id\":\"https:\\\/\\\/www.yucatanencorto.com\\\/noticias\\\/proponen-iniciativa-para-conmemorar-el-18-de-noviembre-como-el-dia-estatal-de-la-representacion-politica-de-las-mujeres-en-yucatan\\\/\"},\"author\":{\"name\":\"Redes\",\"@id\":\"https:\\\/\\\/www.yucatanencorto.com\\\/noticias\\\/#\\\/schema\\\/person\\\/e2fbdfaf30a07014a43940ce989f3119\"},\"headline\":\"Proponen iniciativa para conmemorar el 18 de noviembre como el D\u00eda Estatal de la Representaci\u00f3n Pol\u00edtica de las Mujeres en Yucat\u00e1n\",\"datePublished\":\"2023-11-09T14:45:49+00:00\",\"mainEntityOfPage\":{\"@id\":\"https:\\\/\\\/www.yucatanencorto.com\\\/noticias\\\/proponen-iniciativa-para-conmemorar-el-18-de-noviembre-como-el-dia-estatal-de-la-representacion-politica-de-las-mujeres-en-yucatan\\\/\"},\"wordCount\":750,\"image\":{\"@id\":\"https:\\\/\\\/www.yucatanencorto.com\\\/noticias\\\/proponen-iniciativa-para-conmemorar-el-18-de-noviembre-como-el-dia-estatal-de-la-representacion-politica-de-las-mujeres-en-yucatan\\\/#primaryimage\"},\"thumbnailUrl\":\"https:\\\/\\\/www.yucatanencorto.com\\\/noticias\\\/wp-content\\\/uploads\\\/2023\\\/11\\\/IMG-20231109-WA0001-scaled.jpg\",\"articleSection\":[\"Yucat\u00e1n\"],\"inLanguage\":\"es\"},{\"@type\":\"WebPage\",\"@id\":\"https:\\\/\\\/www.yucatanencorto.com\\\/noticias\\\/proponen-iniciativa-para-conmemorar-el-18-de-noviembre-como-el-dia-estatal-de-la-representacion-politica-de-las-mujeres-en-yucatan\\\/\",\"url\":\"https:\\\/\\\/www.yucatanencorto.com\\\/noticias\\\/proponen-iniciativa-para-conmemorar-el-18-de-noviembre-como-el-dia-estatal-de-la-representacion-politica-de-las-mujeres-en-yucatan\\\/\",\"name\":\"Proponen iniciativa para conmemorar el 18 de noviembre como el D\u00eda Estatal de la Representaci\u00f3n Pol\u00edtica de las Mujeres en Yucat\u00e1n - Yucat\u00e1n en corto\",\"isPartOf\":{\"@id\":\"https:\\\/\\\/www.yucatanencorto.com\\\/noticias\\\/#website\"},\"primaryImageOfPage\":{\"@id\":\"https:\\\/\\\/www.yucatanencorto.com\\\/noticias\\\/proponen-iniciativa-para-conmemorar-el-18-de-noviembre-como-el-dia-estatal-de-la-representacion-politica-de-las-mujeres-en-yucatan\\\/#primaryimage\"},\"image\":{\"@id\":\"https:\\\/\\\/www.yucatanencorto.com\\\/noticias\\\/proponen-iniciativa-para-conmemorar-el-18-de-noviembre-como-el-dia-estatal-de-la-representacion-politica-de-las-mujeres-en-yucatan\\\/#primaryimage\"},\"thumbnailUrl\":\"https:\\\/\\\/www.yucatanencorto.com\\\/noticias\\\/wp-content\\\/uploads\\\/2023\\\/11\\\/IMG-20231109-WA0001-scaled.jpg\",\"datePublished\":\"2023-11-09T14:45:49+00:00\",\"author\":{\"@id\":\"https:\\\/\\\/www.yucatanencorto.com\\\/noticias\\\/#\\\/schema\\\/person\\\/e2fbdfaf30a07014a43940ce989f3119\"},\"breadcrumb\":{\"@id\":\"https:\\\/\\\/www.yucatanencorto.com\\\/noticias\\\/proponen-iniciativa-para-conmemorar-el-18-de-noviembre-como-el-dia-estatal-de-la-representacion-politica-de-las-mujeres-en-yucatan\\\/#breadcrumb\"},\"inLanguage\":\"es\",\"potentialAction\":[{\"@type\":\"ReadAction\",\"target\":[\"https:\\\/\\\/www.yucatanencorto.com\\\/noticias\\\/proponen-iniciativa-para-conmemorar-el-18-de-noviembre-como-el-dia-estatal-de-la-representacion-politica-de-las-mujeres-en-yucatan\\\/\"]}]},{\"@type\":\"ImageObject\",\"inLanguage\":\"es\",\"@id\":\"https:\\\/\\\/www.yucatanencorto.com\\\/noticias\\\/proponen-iniciativa-para-conmemorar-el-18-de-noviembre-como-el-dia-estatal-de-la-representacion-politica-de-las-mujeres-en-yucatan\\\/#primaryimage\",\"url\":\"https:\\\/\\\/www.yucatanencorto.com\\\/noticias\\\/wp-content\\\/uploads\\\/2023\\\/11\\\/IMG-20231109-WA0001-scaled.jpg\",\"contentUrl\":\"https:\\\/\\\/www.yucatanencorto.com\\\/noticias\\\/wp-content\\\/uploads\\\/2023\\\/11\\\/IMG-20231109-WA0001-scaled.jpg\",\"width\":768,\"height\":512},{\"@type\":\"BreadcrumbList\",\"@id\":\"https:\\\/\\\/www.yucatanencorto.com\\\/noticias\\\/proponen-iniciativa-para-conmemorar-el-18-de-noviembre-como-el-dia-estatal-de-la-representacion-politica-de-las-mujeres-en-yucatan\\\/#breadcrumb\",\"itemListElement\":[{\"@type\":\"ListItem\",\"position\":1,\"name\":\"Portada\",\"item\":\"https:\\\/\\\/www.yucatanencorto.com\\\/noticias\\\/\"},{\"@type\":\"ListItem\",\"position\":2,\"name\":\"Proponen iniciativa para conmemorar el 18 de noviembre como el D\u00eda Estatal de la Representaci\u00f3n Pol\u00edtica de las Mujeres en Yucat\u00e1n\"}]},{\"@type\":\"WebSite\",\"@id\":\"https:\\\/\\\/www.yucatanencorto.com\\\/noticias\\\/#website\",\"url\":\"https:\\\/\\\/www.yucatanencorto.com\\\/noticias\\\/\",\"name\":\"Yucat\u00e1n en corto\",\"description\":\"Noticias\",\"potentialAction\":[{\"@type\":\"SearchAction\",\"target\":{\"@type\":\"EntryPoint\",\"urlTemplate\":\"https:\\\/\\\/www.yucatanencorto.com\\\/noticias\\\/?s={search_term_string}\"},\"query-input\":{\"@type\":\"PropertyValueSpecification\",\"valueRequired\":true,\"valueName\":\"search_term_string\"}}],\"inLanguage\":\"es\"},{\"@type\":\"Person\",\"@id\":\"https:\\\/\\\/www.yucatanencorto.com\\\/noticias\\\/#\\\/schema\\\/person\\\/e2fbdfaf30a07014a43940ce989f3119\",\"name\":\"Redes\",\"image\":{\"@type\":\"ImageObject\",\"inLanguage\":\"es\",\"@id\":\"https:\\\/\\\/secure.gravatar.com\\\/avatar\\\/5931a2d21dd7cc834f44c8c34fe56d90ed6d536ef452cbf870c7485b524dddd7?s=96&d=mm&r=g\",\"url\":\"https:\\\/\\\/secure.gravatar.com\\\/avatar\\\/5931a2d21dd7cc834f44c8c34fe56d90ed6d536ef452cbf870c7485b524dddd7?s=96&d=mm&r=g\",\"contentUrl\":\"https:\\\/\\\/secure.gravatar.com\\\/avatar\\\/5931a2d21dd7cc834f44c8c34fe56d90ed6d536ef452cbf870c7485b524dddd7?s=96&d=mm&r=g\",\"caption\":\"Redes\"},\"url\":\"https:\\\/\\\/www.yucatanencorto.com\\\/noticias\\\/author\\\/redes\\\/\"}]}<\/script>\n<!-- \/ Yoast SEO plugin. -->","yoast_head_json":{"title":"Proponen iniciativa para conmemorar el 18 de noviembre como el D\u00eda Estatal de la Representaci\u00f3n Pol\u00edtica de las Mujeres en Yucat\u00e1n - Yucat\u00e1n en corto","robots":{"index":"index","follow":"follow","max-snippet":"max-snippet:-1","max-image-preview":"max-image-preview:large","max-video-preview":"max-video-preview:-1"},"canonical":"https:\/\/www.yucatanencorto.com\/noticias\/proponen-iniciativa-para-conmemorar-el-18-de-noviembre-como-el-dia-estatal-de-la-representacion-politica-de-las-mujeres-en-yucatan\/","og_locale":"es_ES","og_type":"article","og_title":"Proponen iniciativa para conmemorar el 18 de noviembre como el D\u00eda Estatal de la Representaci\u00f3n Pol\u00edtica de las Mujeres en Yucat\u00e1n - Yucat\u00e1n en corto","og_description":"&nbsp; M\u00e9rida, Yucat\u00e1n a 8 de noviembre de 2023 &nbsp; &nbsp; En el marco del centenario conmemorativo a la primera elecci\u00f3n de mujeres yucatecas como diputadas en 1923, la diputada Carmen Gonz\u00e1lez Mart\u00edn present\u00f3 ante el Pleno del Congreso del Estado, una iniciativa para conmemorar el 18 de noviembre como el D\u00eda Estatal de la [&hellip;]","og_url":"https:\/\/www.yucatanencorto.com\/noticias\/proponen-iniciativa-para-conmemorar-el-18-de-noviembre-como-el-dia-estatal-de-la-representacion-politica-de-las-mujeres-en-yucatan\/","og_site_name":"Yucat\u00e1n en corto","article_publisher":"http:\/\/www.facebook.com\/yucatanencorto","article_published_time":"2023-11-09T14:45:49+00:00","og_image":[{"width":768,"height":512,"url":"https:\/\/www.yucatanencorto.com\/noticias\/wp-content\/uploads\/2023\/11\/IMG-20231109-WA0001-scaled.jpg","type":"image\/jpeg"}],"author":"Redes","twitter_card":"summary_large_image","twitter_creator":"@yucatanencorto","twitter_site":"@yucatanencorto","twitter_misc":{"Escrito por":"Redes","Tiempo de lectura":"4 minutos"},"schema":{"@context":"https:\/\/schema.org","@graph":[{"@type":"Article","@id":"https:\/\/www.yucatanencorto.com\/noticias\/proponen-iniciativa-para-conmemorar-el-18-de-noviembre-como-el-dia-estatal-de-la-representacion-politica-de-las-mujeres-en-yucatan\/#article","isPartOf":{"@id":"https:\/\/www.yucatanencorto.com\/noticias\/proponen-iniciativa-para-conmemorar-el-18-de-noviembre-como-el-dia-estatal-de-la-representacion-politica-de-las-mujeres-en-yucatan\/"},"author":{"name":"Redes","@id":"https:\/\/www.yucatanencorto.com\/noticias\/#\/schema\/person\/e2fbdfaf30a07014a43940ce989f3119"},"headline":"Proponen iniciativa para conmemorar el 18 de noviembre como el D\u00eda Estatal de la Representaci\u00f3n Pol\u00edtica de las Mujeres en Yucat\u00e1n","datePublished":"2023-11-09T14:45:49+00:00","mainEntityOfPage":{"@id":"https:\/\/www.yucatanencorto.com\/noticias\/proponen-iniciativa-para-conmemorar-el-18-de-noviembre-como-el-dia-estatal-de-la-representacion-politica-de-las-mujeres-en-yucatan\/"},"wordCount":750,"image":{"@id":"https:\/\/www.yucatanencorto.com\/noticias\/proponen-iniciativa-para-conmemorar-el-18-de-noviembre-como-el-dia-estatal-de-la-representacion-politica-de-las-mujeres-en-yucatan\/#primaryimage"},"thumbnailUrl":"https:\/\/www.yucatanencorto.com\/noticias\/wp-content\/uploads\/2023\/11\/IMG-20231109-WA0001-scaled.jpg","articleSection":["Yucat\u00e1n"],"inLanguage":"es"},{"@type":"WebPage","@id":"https:\/\/www.yucatanencorto.com\/noticias\/proponen-iniciativa-para-conmemorar-el-18-de-noviembre-como-el-dia-estatal-de-la-representacion-politica-de-las-mujeres-en-yucatan\/","url":"https:\/\/www.yucatanencorto.com\/noticias\/proponen-iniciativa-para-conmemorar-el-18-de-noviembre-como-el-dia-estatal-de-la-representacion-politica-de-las-mujeres-en-yucatan\/","name":"Proponen iniciativa para conmemorar el 18 de noviembre como el D\u00eda Estatal de la Representaci\u00f3n Pol\u00edtica de las Mujeres en Yucat\u00e1n - Yucat\u00e1n en corto","isPartOf":{"@id":"https:\/\/www.yucatanencorto.com\/noticias\/#website"},"primaryImageOfPage":{"@id":"https:\/\/www.yucatanencorto.com\/noticias\/proponen-iniciativa-para-conmemorar-el-18-de-noviembre-como-el-dia-estatal-de-la-representacion-politica-de-las-mujeres-en-yucatan\/#primaryimage"},"image":{"@id":"https:\/\/www.yucatanencorto.com\/noticias\/proponen-iniciativa-para-conmemorar-el-18-de-noviembre-como-el-dia-estatal-de-la-representacion-politica-de-las-mujeres-en-yucatan\/#primaryimage"},"thumbnailUrl":"https:\/\/www.yucatanencorto.com\/noticias\/wp-content\/uploads\/2023\/11\/IMG-20231109-WA0001-scaled.jpg","datePublished":"2023-11-09T14:45:49+00:00","author":{"@id":"https:\/\/www.yucatanencorto.com\/noticias\/#\/schema\/person\/e2fbdfaf30a07014a43940ce989f3119"},"breadcrumb":{"@id":"https:\/\/www.yucatanencorto.com\/noticias\/proponen-iniciativa-para-conmemorar-el-18-de-noviembre-como-el-dia-estatal-de-la-representacion-politica-de-las-mujeres-en-yucatan\/#breadcrumb"},"inLanguage":"es","potentialAction":[{"@type":"ReadAction","target":["https:\/\/www.yucatanencorto.com\/noticias\/proponen-iniciativa-para-conmemorar-el-18-de-noviembre-como-el-dia-estatal-de-la-representacion-politica-de-las-mujeres-en-yucatan\/"]}]},{"@type":"ImageObject","inLanguage":"es","@id":"https:\/\/www.yucatanencorto.com\/noticias\/proponen-iniciativa-para-conmemorar-el-18-de-noviembre-como-el-dia-estatal-de-la-representacion-politica-de-las-mujeres-en-yucatan\/#primaryimage","url":"https:\/\/www.yucatanencorto.com\/noticias\/wp-content\/uploads\/2023\/11\/IMG-20231109-WA0001-scaled.jpg","contentUrl":"https:\/\/www.yucatanencorto.com\/noticias\/wp-content\/uploads\/2023\/11\/IMG-20231109-WA0001-scaled.jpg","width":768,"height":512},{"@type":"BreadcrumbList","@id":"https:\/\/www.yucatanencorto.com\/noticias\/proponen-iniciativa-para-conmemorar-el-18-de-noviembre-como-el-dia-estatal-de-la-representacion-politica-de-las-mujeres-en-yucatan\/#breadcrumb","itemListElement":[{"@type":"ListItem","position":1,"name":"Portada","item":"https:\/\/www.yucatanencorto.com\/noticias\/"},{"@type":"ListItem","position":2,"name":"Proponen iniciativa para conmemorar el 18 de noviembre como el D\u00eda Estatal de la Representaci\u00f3n Pol\u00edtica de las Mujeres en Yucat\u00e1n"}]},{"@type":"WebSite","@id":"https:\/\/www.yucatanencorto.com\/noticias\/#website","url":"https:\/\/www.yucatanencorto.com\/noticias\/","name":"Yucat\u00e1n en corto","description":"Noticias","potentialAction":[{"@type":"SearchAction","target":{"@type":"EntryPoint","urlTemplate":"https:\/\/www.yucatanencorto.com\/noticias\/?s={search_term_string}"},"query-input":{"@type":"PropertyValueSpecification","valueRequired":true,"valueName":"search_term_string"}}],"inLanguage":"es"},{"@type":"Person","@id":"https:\/\/www.yucatanencorto.com\/noticias\/#\/schema\/person\/e2fbdfaf30a07014a43940ce989f3119","name":"Redes","image":{"@type":"ImageObject","inLanguage":"es","@id":"https:\/\/secure.gravatar.com\/avatar\/5931a2d21dd7cc834f44c8c34fe56d90ed6d536ef452cbf870c7485b524dddd7?s=96&d=mm&r=g","url":"https:\/\/secure.gravatar.com\/avatar\/5931a2d21dd7cc834f44c8c34fe56d90ed6d536ef452cbf870c7485b524dddd7?s=96&d=mm&r=g","contentUrl":"https:\/\/secure.gravatar.com\/avatar\/5931a2d21dd7cc834f44c8c34fe56d90ed6d536ef452cbf870c7485b524dddd7?s=96&d=mm&r=g","caption":"Redes"},"url":"https:\/\/www.yucatanencorto.com\/noticias\/author\/redes\/"}]}},"_links":{"self":[{"href":"https:\/\/www.yucatanencorto.com\/noticias\/wp-json\/wp\/v2\/posts\/100805","targetHints":{"allow":["GET"]}}],"collection":[{"href":"https:\/\/www.yucatanencorto.com\/noticias\/wp-json\/wp\/v2\/posts"}],"about":[{"href":"https:\/\/www.yucatanencorto.com\/noticias\/wp-json\/wp\/v2\/types\/post"}],"author":[{"embeddable":true,"href":"https:\/\/www.yucatanencorto.com\/noticias\/wp-json\/wp\/v2\/users\/3"}],"replies":[{"embeddable":true,"href":"https:\/\/www.yucatanencorto.com\/noticias\/wp-json\/wp\/v2\/comments?post=100805"}],"version-history":[{"count":0,"href":"https:\/\/www.yucatanencorto.com\/noticias\/wp-json\/wp\/v2\/posts\/100805\/revisions"}],"wp:featuredmedia":[{"embeddable":true,"href":"https:\/\/www.yucatanencorto.com\/noticias\/wp-json\/wp\/v2\/media\/100806"}],"wp:attachment":[{"href":"https:\/\/www.yucatanencorto.com\/noticias\/wp-json\/wp\/v2\/media?parent=100805"}],"wp:term":[{"taxonomy":"category","embeddable":true,"href":"https:\/\/www.yucatanencorto.com\/noticias\/wp-json\/wp\/v2\/categories?post=100805"},{"taxonomy":"post_tag","embeddable":true,"href":"https:\/\/www.yucatanencorto.com\/noticias\/wp-json\/wp\/v2\/tags?post=100805"}],"curies":[{"name":"wp","href":"https:\/\/api.w.org\/{rel}","templated":true}]}}