{"id":100809,"date":"2023-11-09T17:01:08","date_gmt":"2023-11-09T23:01:08","guid":{"rendered":"https:\/\/www.yucatanencorto.com\/noticias\/?p=100809"},"modified":"2023-11-09T17:01:08","modified_gmt":"2023-11-09T23:01:08","slug":"habran-operativos-de-seguridad-durante-el-buen-fin","status":"publish","type":"post","link":"https:\/\/www.yucatanencorto.com\/noticias\/habran-operativos-de-seguridad-durante-el-buen-fin\/","title":{"rendered":"Habr\u00e1n operativos de Seguridad durante el buen fin"},"content":{"rendered":"<p><img loading=\"lazy\" decoding=\"async\" class=\"alignnone size-full wp-image-100810\" src=\"https:\/\/www.yucatanencorto.com\/noticias\/wp-content\/uploads\/2023\/11\/IMG-20231109-WA0039-scaled.jpg\" alt=\"\" width=\"768\" height=\"512\" srcset=\"https:\/\/www.yucatanencorto.com\/noticias\/wp-content\/uploads\/2023\/11\/IMG-20231109-WA0039-scaled.jpg 768w, https:\/\/www.yucatanencorto.com\/noticias\/wp-content\/uploads\/2023\/11\/IMG-20231109-WA0039-1536x1023.jpg 1536w, https:\/\/www.yucatanencorto.com\/noticias\/wp-content\/uploads\/2023\/11\/IMG-20231109-WA0039-696x464.jpg 696w, https:\/\/www.yucatanencorto.com\/noticias\/wp-content\/uploads\/2023\/11\/IMG-20231109-WA0039-1068x712.jpg 1068w, https:\/\/www.yucatanencorto.com\/noticias\/wp-content\/uploads\/2023\/11\/IMG-20231109-WA0039-630x420.jpg 630w\" sizes=\"auto, (max-width: 768px) 100vw, 768px\" \/><\/p>\n<p>M\u00e9rida, Yucat\u00e1n a 9 de noviembre de 2023.- A fin de garantizar la seguridad de las personas que acudan a realizar sus compras al centro de la ciudad, la Polic\u00eda Municipal de M\u00e9rida dispondr\u00e1 de un dispositivo de seguridad p\u00fablica y vialidad durante el programa \u201cBuen Fin\u201d a realizarse del 17 al 20 de noviembre, en el que participaran 320 agentes de la corporaci\u00f3n.<\/p>\n<p>&nbsp;<\/p>\n<p>En rueda de prensa convocada por Canaco Servytur, el director de la Polic\u00eda Municipal de M\u00e9rida, comisario Mario Arturo Romero Escalante destac\u00f3 que este operativo se realizar\u00e1 a trav\u00e9s de un trabajo coordinado con las autoridades de los tres niveles de seguridad p\u00fablica, y las c\u00e1maras empresariales.<\/p>\n<p>&nbsp;<\/p>\n<p>Durante esos d\u00edas, indic\u00f3, se reforzar\u00e1 la vigilancia en el Centro Hist\u00f3rico con m\u00e1s de 40 unidades policiales, principalmente en la zona de bancos, espacios p\u00fablicos, zona comercial y mercados, para brindar mayor seguridad y tranquilidad a las familias que acudan a realizar sus compras.<\/p>\n<p>&nbsp;<\/p>\n<p>De igual forma, enfatiz\u00f3, siguiendo las indicaciones del Presidente Municipal, Alejandro Ruz Castro se intensificar\u00e1 la presencia de elementos policiales que realizar\u00e1n recorridos a pie, a fin de poder brindar una atenci\u00f3n m\u00e1s pronta a los ciudadanos en los casos que as\u00ed se requiera.<\/p>\n<p>&nbsp;<\/p>\n<p>Se\u00f1al\u00f3 que se instalar\u00e1 una base en el parque Eulogio Rosado, en donde adem\u00e1s de elementos policiales, se contar\u00e1 con param\u00e9dico, as\u00ed como tambi\u00e9n habr\u00e1 una vigilancia especial en el \u00e1rea de las terminales, debido a que se espera que incremente la actividad comercial en el Centro Hist\u00f3rico.<\/p>\n<p>&nbsp;<\/p>\n<p>En materia vial, dijo que ser\u00e1 reforzada en los puntos en donde se registre mayor aforo vehicular.<\/p>\n<p>&nbsp;<\/p>\n<p>Finalmente, Romero Escalante puso a disposici\u00f3n de la ciudadan\u00eda los n\u00fameros de emergencia 9999420060, as\u00ed como tambi\u00e9n 911 en donde la ciudadan\u00eda puede realizar sus reportes.<\/p>\n","protected":false},"excerpt":{"rendered":"<p>M\u00e9rida, Yucat\u00e1n a 9 de noviembre de 2023.- A fin de garantizar la seguridad de las personas que acudan a realizar sus compras al centro de la ciudad, la Polic\u00eda Municipal de M\u00e9rida dispondr\u00e1 de un dispositivo de seguridad p\u00fablica y vialidad durante el programa \u201cBuen Fin\u201d a realizarse del 17 al 20 de noviembre, [&hellip;]<\/p>\n","protected":false},"author":3,"featured_media":100810,"comment_status":"closed","ping_status":"closed","sticky":false,"template":"","format":"standard","meta":{"footnotes":""},"categories":[3],"tags":[],"class_list":{"0":"post-100809","1":"post","2":"type-post","3":"status-publish","4":"format-standard","5":"has-post-thumbnail","7":"category-yucatan"},"yoast_head":"<!-- This site is optimized with the Yoast SEO plugin v27.5 - https:\/\/yoast.com\/product\/yoast-seo-wordpress\/ -->\n<title>Habr\u00e1n operativos de Seguridad durante el buen fin - Yucat\u00e1n en corto<\/title>\n<meta name=\"robots\" content=\"index, follow, max-snippet:-1, max-image-preview:large, max-video-preview:-1\" \/>\n<link rel=\"canonical\" href=\"https:\/\/www.yucatanencorto.com\/noticias\/habran-operativos-de-seguridad-durante-el-buen-fin\/\" \/>\n<meta property=\"og:locale\" content=\"es_ES\" \/>\n<meta property=\"og:type\" content=\"article\" \/>\n<meta property=\"og:title\" content=\"Habr\u00e1n operativos de Seguridad durante el buen fin - Yucat\u00e1n en corto\" \/>\n<meta property=\"og:description\" content=\"M\u00e9rida, Yucat\u00e1n a 9 de noviembre de 2023.- A fin de garantizar la seguridad de las personas que acudan a realizar sus compras al centro de la ciudad, la Polic\u00eda Municipal de M\u00e9rida dispondr\u00e1 de un dispositivo de seguridad p\u00fablica y vialidad durante el programa \u201cBuen Fin\u201d a realizarse del 17 al 20 de noviembre, [&hellip;]\" \/>\n<meta property=\"og:url\" content=\"https:\/\/www.yucatanencorto.com\/noticias\/habran-operativos-de-seguridad-durante-el-buen-fin\/\" \/>\n<meta property=\"og:site_name\" content=\"Yucat\u00e1n en corto\" \/>\n<meta property=\"article:publisher\" content=\"http:\/\/www.facebook.com\/yucatanencorto\" \/>\n<meta property=\"article:published_time\" content=\"2023-11-09T23:01:08+00:00\" \/>\n<meta property=\"og:image\" content=\"https:\/\/www.yucatanencorto.com\/noticias\/wp-content\/uploads\/2023\/11\/IMG-20231109-WA0039-scaled.jpg\" \/>\n\t<meta property=\"og:image:width\" content=\"768\" \/>\n\t<meta property=\"og:image:height\" content=\"512\" \/>\n\t<meta property=\"og:image:type\" content=\"image\/jpeg\" \/>\n<meta name=\"author\" content=\"Redes\" \/>\n<meta name=\"twitter:card\" content=\"summary_large_image\" \/>\n<meta name=\"twitter:creator\" content=\"@yucatanencorto\" \/>\n<meta name=\"twitter:site\" content=\"@yucatanencorto\" \/>\n<meta name=\"twitter:label1\" content=\"Escrito por\" \/>\n\t<meta name=\"twitter:data1\" content=\"Redes\" \/>\n\t<meta name=\"twitter:label2\" content=\"Tiempo de lectura\" \/>\n\t<meta name=\"twitter:data2\" content=\"2 minutos\" \/>\n<script type=\"application\/ld+json\" class=\"yoast-schema-graph\">{\"@context\":\"https:\\\/\\\/schema.org\",\"@graph\":[{\"@type\":\"Article\",\"@id\":\"https:\\\/\\\/www.yucatanencorto.com\\\/noticias\\\/habran-operativos-de-seguridad-durante-el-buen-fin\\\/#article\",\"isPartOf\":{\"@id\":\"https:\\\/\\\/www.yucatanencorto.com\\\/noticias\\\/habran-operativos-de-seguridad-durante-el-buen-fin\\\/\"},\"author\":{\"name\":\"Redes\",\"@id\":\"https:\\\/\\\/www.yucatanencorto.com\\\/noticias\\\/#\\\/schema\\\/person\\\/e2fbdfaf30a07014a43940ce989f3119\"},\"headline\":\"Habr\u00e1n operativos de Seguridad durante el buen fin\",\"datePublished\":\"2023-11-09T23:01:08+00:00\",\"mainEntityOfPage\":{\"@id\":\"https:\\\/\\\/www.yucatanencorto.com\\\/noticias\\\/habran-operativos-de-seguridad-durante-el-buen-fin\\\/\"},\"wordCount\":327,\"image\":{\"@id\":\"https:\\\/\\\/www.yucatanencorto.com\\\/noticias\\\/habran-operativos-de-seguridad-durante-el-buen-fin\\\/#primaryimage\"},\"thumbnailUrl\":\"https:\\\/\\\/www.yucatanencorto.com\\\/noticias\\\/wp-content\\\/uploads\\\/2023\\\/11\\\/IMG-20231109-WA0039-scaled.jpg\",\"articleSection\":[\"Yucat\u00e1n\"],\"inLanguage\":\"es\"},{\"@type\":\"WebPage\",\"@id\":\"https:\\\/\\\/www.yucatanencorto.com\\\/noticias\\\/habran-operativos-de-seguridad-durante-el-buen-fin\\\/\",\"url\":\"https:\\\/\\\/www.yucatanencorto.com\\\/noticias\\\/habran-operativos-de-seguridad-durante-el-buen-fin\\\/\",\"name\":\"Habr\u00e1n operativos de Seguridad durante el buen fin - Yucat\u00e1n en corto\",\"isPartOf\":{\"@id\":\"https:\\\/\\\/www.yucatanencorto.com\\\/noticias\\\/#website\"},\"primaryImageOfPage\":{\"@id\":\"https:\\\/\\\/www.yucatanencorto.com\\\/noticias\\\/habran-operativos-de-seguridad-durante-el-buen-fin\\\/#primaryimage\"},\"image\":{\"@id\":\"https:\\\/\\\/www.yucatanencorto.com\\\/noticias\\\/habran-operativos-de-seguridad-durante-el-buen-fin\\\/#primaryimage\"},\"thumbnailUrl\":\"https:\\\/\\\/www.yucatanencorto.com\\\/noticias\\\/wp-content\\\/uploads\\\/2023\\\/11\\\/IMG-20231109-WA0039-scaled.jpg\",\"datePublished\":\"2023-11-09T23:01:08+00:00\",\"author\":{\"@id\":\"https:\\\/\\\/www.yucatanencorto.com\\\/noticias\\\/#\\\/schema\\\/person\\\/e2fbdfaf30a07014a43940ce989f3119\"},\"breadcrumb\":{\"@id\":\"https:\\\/\\\/www.yucatanencorto.com\\\/noticias\\\/habran-operativos-de-seguridad-durante-el-buen-fin\\\/#breadcrumb\"},\"inLanguage\":\"es\",\"potentialAction\":[{\"@type\":\"ReadAction\",\"target\":[\"https:\\\/\\\/www.yucatanencorto.com\\\/noticias\\\/habran-operativos-de-seguridad-durante-el-buen-fin\\\/\"]}]},{\"@type\":\"ImageObject\",\"inLanguage\":\"es\",\"@id\":\"https:\\\/\\\/www.yucatanencorto.com\\\/noticias\\\/habran-operativos-de-seguridad-durante-el-buen-fin\\\/#primaryimage\",\"url\":\"https:\\\/\\\/www.yucatanencorto.com\\\/noticias\\\/wp-content\\\/uploads\\\/2023\\\/11\\\/IMG-20231109-WA0039-scaled.jpg\",\"contentUrl\":\"https:\\\/\\\/www.yucatanencorto.com\\\/noticias\\\/wp-content\\\/uploads\\\/2023\\\/11\\\/IMG-20231109-WA0039-scaled.jpg\",\"width\":768,\"height\":512},{\"@type\":\"BreadcrumbList\",\"@id\":\"https:\\\/\\\/www.yucatanencorto.com\\\/noticias\\\/habran-operativos-de-seguridad-durante-el-buen-fin\\\/#breadcrumb\",\"itemListElement\":[{\"@type\":\"ListItem\",\"position\":1,\"name\":\"Portada\",\"item\":\"https:\\\/\\\/www.yucatanencorto.com\\\/noticias\\\/\"},{\"@type\":\"ListItem\",\"position\":2,\"name\":\"Habr\u00e1n operativos de Seguridad durante el buen fin\"}]},{\"@type\":\"WebSite\",\"@id\":\"https:\\\/\\\/www.yucatanencorto.com\\\/noticias\\\/#website\",\"url\":\"https:\\\/\\\/www.yucatanencorto.com\\\/noticias\\\/\",\"name\":\"Yucat\u00e1n en corto\",\"description\":\"Noticias\",\"potentialAction\":[{\"@type\":\"SearchAction\",\"target\":{\"@type\":\"EntryPoint\",\"urlTemplate\":\"https:\\\/\\\/www.yucatanencorto.com\\\/noticias\\\/?s={search_term_string}\"},\"query-input\":{\"@type\":\"PropertyValueSpecification\",\"valueRequired\":true,\"valueName\":\"search_term_string\"}}],\"inLanguage\":\"es\"},{\"@type\":\"Person\",\"@id\":\"https:\\\/\\\/www.yucatanencorto.com\\\/noticias\\\/#\\\/schema\\\/person\\\/e2fbdfaf30a07014a43940ce989f3119\",\"name\":\"Redes\",\"image\":{\"@type\":\"ImageObject\",\"inLanguage\":\"es\",\"@id\":\"https:\\\/\\\/secure.gravatar.com\\\/avatar\\\/5931a2d21dd7cc834f44c8c34fe56d90ed6d536ef452cbf870c7485b524dddd7?s=96&d=mm&r=g\",\"url\":\"https:\\\/\\\/secure.gravatar.com\\\/avatar\\\/5931a2d21dd7cc834f44c8c34fe56d90ed6d536ef452cbf870c7485b524dddd7?s=96&d=mm&r=g\",\"contentUrl\":\"https:\\\/\\\/secure.gravatar.com\\\/avatar\\\/5931a2d21dd7cc834f44c8c34fe56d90ed6d536ef452cbf870c7485b524dddd7?s=96&d=mm&r=g\",\"caption\":\"Redes\"},\"url\":\"https:\\\/\\\/www.yucatanencorto.com\\\/noticias\\\/author\\\/redes\\\/\"}]}<\/script>\n<!-- \/ Yoast SEO plugin. -->","yoast_head_json":{"title":"Habr\u00e1n operativos de Seguridad durante el buen fin - Yucat\u00e1n en corto","robots":{"index":"index","follow":"follow","max-snippet":"max-snippet:-1","max-image-preview":"max-image-preview:large","max-video-preview":"max-video-preview:-1"},"canonical":"https:\/\/www.yucatanencorto.com\/noticias\/habran-operativos-de-seguridad-durante-el-buen-fin\/","og_locale":"es_ES","og_type":"article","og_title":"Habr\u00e1n operativos de Seguridad durante el buen fin - Yucat\u00e1n en corto","og_description":"M\u00e9rida, Yucat\u00e1n a 9 de noviembre de 2023.- A fin de garantizar la seguridad de las personas que acudan a realizar sus compras al centro de la ciudad, la Polic\u00eda Municipal de M\u00e9rida dispondr\u00e1 de un dispositivo de seguridad p\u00fablica y vialidad durante el programa \u201cBuen Fin\u201d a realizarse del 17 al 20 de noviembre, [&hellip;]","og_url":"https:\/\/www.yucatanencorto.com\/noticias\/habran-operativos-de-seguridad-durante-el-buen-fin\/","og_site_name":"Yucat\u00e1n en corto","article_publisher":"http:\/\/www.facebook.com\/yucatanencorto","article_published_time":"2023-11-09T23:01:08+00:00","og_image":[{"width":768,"height":512,"url":"https:\/\/www.yucatanencorto.com\/noticias\/wp-content\/uploads\/2023\/11\/IMG-20231109-WA0039-scaled.jpg","type":"image\/jpeg"}],"author":"Redes","twitter_card":"summary_large_image","twitter_creator":"@yucatanencorto","twitter_site":"@yucatanencorto","twitter_misc":{"Escrito por":"Redes","Tiempo de lectura":"2 minutos"},"schema":{"@context":"https:\/\/schema.org","@graph":[{"@type":"Article","@id":"https:\/\/www.yucatanencorto.com\/noticias\/habran-operativos-de-seguridad-durante-el-buen-fin\/#article","isPartOf":{"@id":"https:\/\/www.yucatanencorto.com\/noticias\/habran-operativos-de-seguridad-durante-el-buen-fin\/"},"author":{"name":"Redes","@id":"https:\/\/www.yucatanencorto.com\/noticias\/#\/schema\/person\/e2fbdfaf30a07014a43940ce989f3119"},"headline":"Habr\u00e1n operativos de Seguridad durante el buen fin","datePublished":"2023-11-09T23:01:08+00:00","mainEntityOfPage":{"@id":"https:\/\/www.yucatanencorto.com\/noticias\/habran-operativos-de-seguridad-durante-el-buen-fin\/"},"wordCount":327,"image":{"@id":"https:\/\/www.yucatanencorto.com\/noticias\/habran-operativos-de-seguridad-durante-el-buen-fin\/#primaryimage"},"thumbnailUrl":"https:\/\/www.yucatanencorto.com\/noticias\/wp-content\/uploads\/2023\/11\/IMG-20231109-WA0039-scaled.jpg","articleSection":["Yucat\u00e1n"],"inLanguage":"es"},{"@type":"WebPage","@id":"https:\/\/www.yucatanencorto.com\/noticias\/habran-operativos-de-seguridad-durante-el-buen-fin\/","url":"https:\/\/www.yucatanencorto.com\/noticias\/habran-operativos-de-seguridad-durante-el-buen-fin\/","name":"Habr\u00e1n operativos de Seguridad durante el buen fin - Yucat\u00e1n en corto","isPartOf":{"@id":"https:\/\/www.yucatanencorto.com\/noticias\/#website"},"primaryImageOfPage":{"@id":"https:\/\/www.yucatanencorto.com\/noticias\/habran-operativos-de-seguridad-durante-el-buen-fin\/#primaryimage"},"image":{"@id":"https:\/\/www.yucatanencorto.com\/noticias\/habran-operativos-de-seguridad-durante-el-buen-fin\/#primaryimage"},"thumbnailUrl":"https:\/\/www.yucatanencorto.com\/noticias\/wp-content\/uploads\/2023\/11\/IMG-20231109-WA0039-scaled.jpg","datePublished":"2023-11-09T23:01:08+00:00","author":{"@id":"https:\/\/www.yucatanencorto.com\/noticias\/#\/schema\/person\/e2fbdfaf30a07014a43940ce989f3119"},"breadcrumb":{"@id":"https:\/\/www.yucatanencorto.com\/noticias\/habran-operativos-de-seguridad-durante-el-buen-fin\/#breadcrumb"},"inLanguage":"es","potentialAction":[{"@type":"ReadAction","target":["https:\/\/www.yucatanencorto.com\/noticias\/habran-operativos-de-seguridad-durante-el-buen-fin\/"]}]},{"@type":"ImageObject","inLanguage":"es","@id":"https:\/\/www.yucatanencorto.com\/noticias\/habran-operativos-de-seguridad-durante-el-buen-fin\/#primaryimage","url":"https:\/\/www.yucatanencorto.com\/noticias\/wp-content\/uploads\/2023\/11\/IMG-20231109-WA0039-scaled.jpg","contentUrl":"https:\/\/www.yucatanencorto.com\/noticias\/wp-content\/uploads\/2023\/11\/IMG-20231109-WA0039-scaled.jpg","width":768,"height":512},{"@type":"BreadcrumbList","@id":"https:\/\/www.yucatanencorto.com\/noticias\/habran-operativos-de-seguridad-durante-el-buen-fin\/#breadcrumb","itemListElement":[{"@type":"ListItem","position":1,"name":"Portada","item":"https:\/\/www.yucatanencorto.com\/noticias\/"},{"@type":"ListItem","position":2,"name":"Habr\u00e1n operativos de Seguridad durante el buen fin"}]},{"@type":"WebSite","@id":"https:\/\/www.yucatanencorto.com\/noticias\/#website","url":"https:\/\/www.yucatanencorto.com\/noticias\/","name":"Yucat\u00e1n en corto","description":"Noticias","potentialAction":[{"@type":"SearchAction","target":{"@type":"EntryPoint","urlTemplate":"https:\/\/www.yucatanencorto.com\/noticias\/?s={search_term_string}"},"query-input":{"@type":"PropertyValueSpecification","valueRequired":true,"valueName":"search_term_string"}}],"inLanguage":"es"},{"@type":"Person","@id":"https:\/\/www.yucatanencorto.com\/noticias\/#\/schema\/person\/e2fbdfaf30a07014a43940ce989f3119","name":"Redes","image":{"@type":"ImageObject","inLanguage":"es","@id":"https:\/\/secure.gravatar.com\/avatar\/5931a2d21dd7cc834f44c8c34fe56d90ed6d536ef452cbf870c7485b524dddd7?s=96&d=mm&r=g","url":"https:\/\/secure.gravatar.com\/avatar\/5931a2d21dd7cc834f44c8c34fe56d90ed6d536ef452cbf870c7485b524dddd7?s=96&d=mm&r=g","contentUrl":"https:\/\/secure.gravatar.com\/avatar\/5931a2d21dd7cc834f44c8c34fe56d90ed6d536ef452cbf870c7485b524dddd7?s=96&d=mm&r=g","caption":"Redes"},"url":"https:\/\/www.yucatanencorto.com\/noticias\/author\/redes\/"}]}},"_links":{"self":[{"href":"https:\/\/www.yucatanencorto.com\/noticias\/wp-json\/wp\/v2\/posts\/100809","targetHints":{"allow":["GET"]}}],"collection":[{"href":"https:\/\/www.yucatanencorto.com\/noticias\/wp-json\/wp\/v2\/posts"}],"about":[{"href":"https:\/\/www.yucatanencorto.com\/noticias\/wp-json\/wp\/v2\/types\/post"}],"author":[{"embeddable":true,"href":"https:\/\/www.yucatanencorto.com\/noticias\/wp-json\/wp\/v2\/users\/3"}],"replies":[{"embeddable":true,"href":"https:\/\/www.yucatanencorto.com\/noticias\/wp-json\/wp\/v2\/comments?post=100809"}],"version-history":[{"count":0,"href":"https:\/\/www.yucatanencorto.com\/noticias\/wp-json\/wp\/v2\/posts\/100809\/revisions"}],"wp:featuredmedia":[{"embeddable":true,"href":"https:\/\/www.yucatanencorto.com\/noticias\/wp-json\/wp\/v2\/media\/100810"}],"wp:attachment":[{"href":"https:\/\/www.yucatanencorto.com\/noticias\/wp-json\/wp\/v2\/media?parent=100809"}],"wp:term":[{"taxonomy":"category","embeddable":true,"href":"https:\/\/www.yucatanencorto.com\/noticias\/wp-json\/wp\/v2\/categories?post=100809"},{"taxonomy":"post_tag","embeddable":true,"href":"https:\/\/www.yucatanencorto.com\/noticias\/wp-json\/wp\/v2\/tags?post=100809"}],"curies":[{"name":"wp","href":"https:\/\/api.w.org\/{rel}","templated":true}]}}