{"id":100817,"date":"2023-11-09T19:14:23","date_gmt":"2023-11-10T01:14:23","guid":{"rendered":"https:\/\/www.yucatanencorto.com\/noticias\/?p=100817"},"modified":"2023-11-09T19:14:23","modified_gmt":"2023-11-10T01:14:23","slug":"inicia-el-proceso-para-designar-al-nuevo-consejero-de-la-judicatura-del-poder-judicial","status":"publish","type":"post","link":"https:\/\/www.yucatanencorto.com\/noticias\/inicia-el-proceso-para-designar-al-nuevo-consejero-de-la-judicatura-del-poder-judicial\/","title":{"rendered":"Inicia el proceso para designar al nuevo Consejero de la Judicatura del Poder Judicial"},"content":{"rendered":"<p><img loading=\"lazy\" decoding=\"async\" class=\"alignnone size-full wp-image-100819\" src=\"https:\/\/www.yucatanencorto.com\/noticias\/wp-content\/uploads\/2023\/11\/IMG-20231109-WA0041-scaled.jpg\" alt=\"\" width=\"768\" height=\"512\" srcset=\"https:\/\/www.yucatanencorto.com\/noticias\/wp-content\/uploads\/2023\/11\/IMG-20231109-WA0041-scaled.jpg 768w, https:\/\/www.yucatanencorto.com\/noticias\/wp-content\/uploads\/2023\/11\/IMG-20231109-WA0041-696x464.jpg 696w, https:\/\/www.yucatanencorto.com\/noticias\/wp-content\/uploads\/2023\/11\/IMG-20231109-WA0041-1068x712.jpg 1068w, https:\/\/www.yucatanencorto.com\/noticias\/wp-content\/uploads\/2023\/11\/IMG-20231109-WA0041-630x420.jpg 630w\" sizes=\"auto, (max-width: 768px) 100vw, 768px\" \/><\/p>\n<p>M\u00e9rida, Yucat\u00e1n a 9 de noviembre de 2023<\/p>\n<p>&nbsp;<\/p>\n<p>&nbsp;<\/p>\n<p>Las y los diputados integrantes de la comisi\u00f3n de Justicia y Seguridad P\u00fablica aprobaron por unanimidad el proyecto de dictamen que contiene la convocatoria para designar a la persona que ocupar\u00e1 el cargo de Consejero de la Judicatura del Poder Judicial del Estado, el cual pasar\u00e1 al pleno para su discusi\u00f3n y en su acaso aprobaci\u00f3n.<\/p>\n<p>&nbsp;<\/p>\n<p>En la sesi\u00f3n se distribuy\u00f3 la iniciativa para adicionar un art\u00edculo al C\u00f3digo Penal del Estado correspondiente al delito de abandono de personas para considerar las situaciones de descuido y\/o maltrato negligente en contra de ni\u00f1os, ni\u00f1as y adolescentes como una forma de violencia. En este se solicit\u00f3 la elaboraci\u00f3n de un cuadro comparativo y una ficha t\u00e9cnica.<\/p>\n<p>&nbsp;<\/p>\n<p>Por \u00faltimo, se distribuy\u00f3 la iniciativa para reformar el C\u00f3digo Penal en materia de actuaci\u00f3n de las autoridades respecto a la leg\u00edtima defensa en caso de violencia en contra de las mujeres. Tambi\u00e9n se solicit\u00f3 la elaboraci\u00f3n de un cuadro comparativo y una ficha t\u00e9cnica.<\/p>\n<p>&nbsp;<\/p>\n<p>Posteriormente, sesion\u00f3 la comisi\u00f3n de Arte y Cultura, donde se llev\u00f3 a cabo la distribuci\u00f3n de diversas iniciativas.<\/p>\n<p>&nbsp;<\/p>\n<p>En primera instancia, la referente a la creaci\u00f3n de la presea legislativa del Honorable Congreso del Estado de Yucat\u00e1n \u201cAbogada Antonia Jim\u00e9nez Trava\u201d. La iniciativa para declarar el 4 de octubre como \u201cD\u00eda Estatal del Cuidado de las Mascotas\u201d.<\/p>\n<p>&nbsp;<\/p>\n<p>Tambi\u00e9n, se distribuy\u00f3 a las y los diputados la iniciativa para declarar la Vaquer\u00eda, Patrimonio Cultural Intangible del Estado.<\/p>\n<p>&nbsp;<\/p>\n<p>En la comisi\u00f3n tambi\u00e9n se distribuy\u00f3 la iniciativa para crear el \u201cReconocimiento al M\u00e9rito Agropecuario\u201d del H. Congreso del Estado de Yucat\u00e1n.<\/p>\n<p>&nbsp;<\/p>\n<p>Por \u00faltimo, se solicit\u00f3 la elaboraci\u00f3n del proyecto de dictamen de la iniciativa para declarar el 29 de noviembre como el D\u00eda Estatal contra el C\u00e1ncer de Pr\u00f3stata.<\/p>\n","protected":false},"excerpt":{"rendered":"<p>M\u00e9rida, Yucat\u00e1n a 9 de noviembre de 2023 &nbsp; &nbsp; Las y los diputados integrantes de la comisi\u00f3n de Justicia y Seguridad P\u00fablica aprobaron por unanimidad el proyecto de dictamen que contiene la convocatoria para designar a la persona que ocupar\u00e1 el cargo de Consejero de la Judicatura del Poder Judicial del Estado, el cual [&hellip;]<\/p>\n","protected":false},"author":3,"featured_media":100819,"comment_status":"closed","ping_status":"closed","sticky":false,"template":"","format":"standard","meta":{"footnotes":""},"categories":[3],"tags":[],"class_list":{"0":"post-100817","1":"post","2":"type-post","3":"status-publish","4":"format-standard","5":"has-post-thumbnail","7":"category-yucatan"},"yoast_head":"<!-- This site is optimized with the Yoast SEO plugin v27.5 - https:\/\/yoast.com\/product\/yoast-seo-wordpress\/ -->\n<title>Inicia el proceso para designar al nuevo Consejero de la Judicatura del Poder Judicial - Yucat\u00e1n en corto<\/title>\n<meta name=\"robots\" content=\"index, follow, max-snippet:-1, max-image-preview:large, max-video-preview:-1\" \/>\n<link rel=\"canonical\" href=\"https:\/\/www.yucatanencorto.com\/noticias\/inicia-el-proceso-para-designar-al-nuevo-consejero-de-la-judicatura-del-poder-judicial\/\" \/>\n<meta property=\"og:locale\" content=\"es_ES\" \/>\n<meta property=\"og:type\" content=\"article\" \/>\n<meta property=\"og:title\" content=\"Inicia el proceso para designar al nuevo Consejero de la Judicatura del Poder Judicial - Yucat\u00e1n en corto\" \/>\n<meta property=\"og:description\" content=\"M\u00e9rida, Yucat\u00e1n a 9 de noviembre de 2023 &nbsp; &nbsp; Las y los diputados integrantes de la comisi\u00f3n de Justicia y Seguridad P\u00fablica aprobaron por unanimidad el proyecto de dictamen que contiene la convocatoria para designar a la persona que ocupar\u00e1 el cargo de Consejero de la Judicatura del Poder Judicial del Estado, el cual [&hellip;]\" \/>\n<meta property=\"og:url\" content=\"https:\/\/www.yucatanencorto.com\/noticias\/inicia-el-proceso-para-designar-al-nuevo-consejero-de-la-judicatura-del-poder-judicial\/\" \/>\n<meta property=\"og:site_name\" content=\"Yucat\u00e1n en corto\" \/>\n<meta property=\"article:publisher\" content=\"http:\/\/www.facebook.com\/yucatanencorto\" \/>\n<meta property=\"article:published_time\" content=\"2023-11-10T01:14:23+00:00\" \/>\n<meta property=\"og:image\" content=\"https:\/\/www.yucatanencorto.com\/noticias\/wp-content\/uploads\/2023\/11\/IMG-20231109-WA0041-scaled.jpg\" \/>\n\t<meta property=\"og:image:width\" content=\"768\" \/>\n\t<meta property=\"og:image:height\" content=\"512\" \/>\n\t<meta property=\"og:image:type\" content=\"image\/jpeg\" \/>\n<meta name=\"author\" content=\"Redes\" \/>\n<meta name=\"twitter:card\" content=\"summary_large_image\" \/>\n<meta name=\"twitter:creator\" content=\"@yucatanencorto\" \/>\n<meta name=\"twitter:site\" content=\"@yucatanencorto\" \/>\n<meta name=\"twitter:label1\" content=\"Escrito por\" \/>\n\t<meta name=\"twitter:data1\" content=\"Redes\" \/>\n\t<meta name=\"twitter:label2\" content=\"Tiempo de lectura\" \/>\n\t<meta name=\"twitter:data2\" content=\"2 minutos\" \/>\n<script type=\"application\/ld+json\" class=\"yoast-schema-graph\">{\"@context\":\"https:\\\/\\\/schema.org\",\"@graph\":[{\"@type\":\"Article\",\"@id\":\"https:\\\/\\\/www.yucatanencorto.com\\\/noticias\\\/inicia-el-proceso-para-designar-al-nuevo-consejero-de-la-judicatura-del-poder-judicial\\\/#article\",\"isPartOf\":{\"@id\":\"https:\\\/\\\/www.yucatanencorto.com\\\/noticias\\\/inicia-el-proceso-para-designar-al-nuevo-consejero-de-la-judicatura-del-poder-judicial\\\/\"},\"author\":{\"name\":\"Redes\",\"@id\":\"https:\\\/\\\/www.yucatanencorto.com\\\/noticias\\\/#\\\/schema\\\/person\\\/e2fbdfaf30a07014a43940ce989f3119\"},\"headline\":\"Inicia el proceso para designar al nuevo Consejero de la Judicatura del Poder Judicial\",\"datePublished\":\"2023-11-10T01:14:23+00:00\",\"mainEntityOfPage\":{\"@id\":\"https:\\\/\\\/www.yucatanencorto.com\\\/noticias\\\/inicia-el-proceso-para-designar-al-nuevo-consejero-de-la-judicatura-del-poder-judicial\\\/\"},\"wordCount\":348,\"image\":{\"@id\":\"https:\\\/\\\/www.yucatanencorto.com\\\/noticias\\\/inicia-el-proceso-para-designar-al-nuevo-consejero-de-la-judicatura-del-poder-judicial\\\/#primaryimage\"},\"thumbnailUrl\":\"https:\\\/\\\/www.yucatanencorto.com\\\/noticias\\\/wp-content\\\/uploads\\\/2023\\\/11\\\/IMG-20231109-WA0041-scaled.jpg\",\"articleSection\":[\"Yucat\u00e1n\"],\"inLanguage\":\"es\"},{\"@type\":\"WebPage\",\"@id\":\"https:\\\/\\\/www.yucatanencorto.com\\\/noticias\\\/inicia-el-proceso-para-designar-al-nuevo-consejero-de-la-judicatura-del-poder-judicial\\\/\",\"url\":\"https:\\\/\\\/www.yucatanencorto.com\\\/noticias\\\/inicia-el-proceso-para-designar-al-nuevo-consejero-de-la-judicatura-del-poder-judicial\\\/\",\"name\":\"Inicia el proceso para designar al nuevo Consejero de la Judicatura del Poder Judicial - Yucat\u00e1n en corto\",\"isPartOf\":{\"@id\":\"https:\\\/\\\/www.yucatanencorto.com\\\/noticias\\\/#website\"},\"primaryImageOfPage\":{\"@id\":\"https:\\\/\\\/www.yucatanencorto.com\\\/noticias\\\/inicia-el-proceso-para-designar-al-nuevo-consejero-de-la-judicatura-del-poder-judicial\\\/#primaryimage\"},\"image\":{\"@id\":\"https:\\\/\\\/www.yucatanencorto.com\\\/noticias\\\/inicia-el-proceso-para-designar-al-nuevo-consejero-de-la-judicatura-del-poder-judicial\\\/#primaryimage\"},\"thumbnailUrl\":\"https:\\\/\\\/www.yucatanencorto.com\\\/noticias\\\/wp-content\\\/uploads\\\/2023\\\/11\\\/IMG-20231109-WA0041-scaled.jpg\",\"datePublished\":\"2023-11-10T01:14:23+00:00\",\"author\":{\"@id\":\"https:\\\/\\\/www.yucatanencorto.com\\\/noticias\\\/#\\\/schema\\\/person\\\/e2fbdfaf30a07014a43940ce989f3119\"},\"breadcrumb\":{\"@id\":\"https:\\\/\\\/www.yucatanencorto.com\\\/noticias\\\/inicia-el-proceso-para-designar-al-nuevo-consejero-de-la-judicatura-del-poder-judicial\\\/#breadcrumb\"},\"inLanguage\":\"es\",\"potentialAction\":[{\"@type\":\"ReadAction\",\"target\":[\"https:\\\/\\\/www.yucatanencorto.com\\\/noticias\\\/inicia-el-proceso-para-designar-al-nuevo-consejero-de-la-judicatura-del-poder-judicial\\\/\"]}]},{\"@type\":\"ImageObject\",\"inLanguage\":\"es\",\"@id\":\"https:\\\/\\\/www.yucatanencorto.com\\\/noticias\\\/inicia-el-proceso-para-designar-al-nuevo-consejero-de-la-judicatura-del-poder-judicial\\\/#primaryimage\",\"url\":\"https:\\\/\\\/www.yucatanencorto.com\\\/noticias\\\/wp-content\\\/uploads\\\/2023\\\/11\\\/IMG-20231109-WA0041-scaled.jpg\",\"contentUrl\":\"https:\\\/\\\/www.yucatanencorto.com\\\/noticias\\\/wp-content\\\/uploads\\\/2023\\\/11\\\/IMG-20231109-WA0041-scaled.jpg\",\"width\":768,\"height\":512},{\"@type\":\"BreadcrumbList\",\"@id\":\"https:\\\/\\\/www.yucatanencorto.com\\\/noticias\\\/inicia-el-proceso-para-designar-al-nuevo-consejero-de-la-judicatura-del-poder-judicial\\\/#breadcrumb\",\"itemListElement\":[{\"@type\":\"ListItem\",\"position\":1,\"name\":\"Portada\",\"item\":\"https:\\\/\\\/www.yucatanencorto.com\\\/noticias\\\/\"},{\"@type\":\"ListItem\",\"position\":2,\"name\":\"Inicia el proceso para designar al nuevo Consejero de la Judicatura del Poder Judicial\"}]},{\"@type\":\"WebSite\",\"@id\":\"https:\\\/\\\/www.yucatanencorto.com\\\/noticias\\\/#website\",\"url\":\"https:\\\/\\\/www.yucatanencorto.com\\\/noticias\\\/\",\"name\":\"Yucat\u00e1n en corto\",\"description\":\"Noticias\",\"potentialAction\":[{\"@type\":\"SearchAction\",\"target\":{\"@type\":\"EntryPoint\",\"urlTemplate\":\"https:\\\/\\\/www.yucatanencorto.com\\\/noticias\\\/?s={search_term_string}\"},\"query-input\":{\"@type\":\"PropertyValueSpecification\",\"valueRequired\":true,\"valueName\":\"search_term_string\"}}],\"inLanguage\":\"es\"},{\"@type\":\"Person\",\"@id\":\"https:\\\/\\\/www.yucatanencorto.com\\\/noticias\\\/#\\\/schema\\\/person\\\/e2fbdfaf30a07014a43940ce989f3119\",\"name\":\"Redes\",\"image\":{\"@type\":\"ImageObject\",\"inLanguage\":\"es\",\"@id\":\"https:\\\/\\\/secure.gravatar.com\\\/avatar\\\/5931a2d21dd7cc834f44c8c34fe56d90ed6d536ef452cbf870c7485b524dddd7?s=96&d=mm&r=g\",\"url\":\"https:\\\/\\\/secure.gravatar.com\\\/avatar\\\/5931a2d21dd7cc834f44c8c34fe56d90ed6d536ef452cbf870c7485b524dddd7?s=96&d=mm&r=g\",\"contentUrl\":\"https:\\\/\\\/secure.gravatar.com\\\/avatar\\\/5931a2d21dd7cc834f44c8c34fe56d90ed6d536ef452cbf870c7485b524dddd7?s=96&d=mm&r=g\",\"caption\":\"Redes\"},\"url\":\"https:\\\/\\\/www.yucatanencorto.com\\\/noticias\\\/author\\\/redes\\\/\"}]}<\/script>\n<!-- \/ Yoast SEO plugin. -->","yoast_head_json":{"title":"Inicia el proceso para designar al nuevo Consejero de la Judicatura del Poder Judicial - Yucat\u00e1n en corto","robots":{"index":"index","follow":"follow","max-snippet":"max-snippet:-1","max-image-preview":"max-image-preview:large","max-video-preview":"max-video-preview:-1"},"canonical":"https:\/\/www.yucatanencorto.com\/noticias\/inicia-el-proceso-para-designar-al-nuevo-consejero-de-la-judicatura-del-poder-judicial\/","og_locale":"es_ES","og_type":"article","og_title":"Inicia el proceso para designar al nuevo Consejero de la Judicatura del Poder Judicial - Yucat\u00e1n en corto","og_description":"M\u00e9rida, Yucat\u00e1n a 9 de noviembre de 2023 &nbsp; &nbsp; Las y los diputados integrantes de la comisi\u00f3n de Justicia y Seguridad P\u00fablica aprobaron por unanimidad el proyecto de dictamen que contiene la convocatoria para designar a la persona que ocupar\u00e1 el cargo de Consejero de la Judicatura del Poder Judicial del Estado, el cual [&hellip;]","og_url":"https:\/\/www.yucatanencorto.com\/noticias\/inicia-el-proceso-para-designar-al-nuevo-consejero-de-la-judicatura-del-poder-judicial\/","og_site_name":"Yucat\u00e1n en corto","article_publisher":"http:\/\/www.facebook.com\/yucatanencorto","article_published_time":"2023-11-10T01:14:23+00:00","og_image":[{"width":768,"height":512,"url":"https:\/\/www.yucatanencorto.com\/noticias\/wp-content\/uploads\/2023\/11\/IMG-20231109-WA0041-scaled.jpg","type":"image\/jpeg"}],"author":"Redes","twitter_card":"summary_large_image","twitter_creator":"@yucatanencorto","twitter_site":"@yucatanencorto","twitter_misc":{"Escrito por":"Redes","Tiempo de lectura":"2 minutos"},"schema":{"@context":"https:\/\/schema.org","@graph":[{"@type":"Article","@id":"https:\/\/www.yucatanencorto.com\/noticias\/inicia-el-proceso-para-designar-al-nuevo-consejero-de-la-judicatura-del-poder-judicial\/#article","isPartOf":{"@id":"https:\/\/www.yucatanencorto.com\/noticias\/inicia-el-proceso-para-designar-al-nuevo-consejero-de-la-judicatura-del-poder-judicial\/"},"author":{"name":"Redes","@id":"https:\/\/www.yucatanencorto.com\/noticias\/#\/schema\/person\/e2fbdfaf30a07014a43940ce989f3119"},"headline":"Inicia el proceso para designar al nuevo Consejero de la Judicatura del Poder Judicial","datePublished":"2023-11-10T01:14:23+00:00","mainEntityOfPage":{"@id":"https:\/\/www.yucatanencorto.com\/noticias\/inicia-el-proceso-para-designar-al-nuevo-consejero-de-la-judicatura-del-poder-judicial\/"},"wordCount":348,"image":{"@id":"https:\/\/www.yucatanencorto.com\/noticias\/inicia-el-proceso-para-designar-al-nuevo-consejero-de-la-judicatura-del-poder-judicial\/#primaryimage"},"thumbnailUrl":"https:\/\/www.yucatanencorto.com\/noticias\/wp-content\/uploads\/2023\/11\/IMG-20231109-WA0041-scaled.jpg","articleSection":["Yucat\u00e1n"],"inLanguage":"es"},{"@type":"WebPage","@id":"https:\/\/www.yucatanencorto.com\/noticias\/inicia-el-proceso-para-designar-al-nuevo-consejero-de-la-judicatura-del-poder-judicial\/","url":"https:\/\/www.yucatanencorto.com\/noticias\/inicia-el-proceso-para-designar-al-nuevo-consejero-de-la-judicatura-del-poder-judicial\/","name":"Inicia el proceso para designar al nuevo Consejero de la Judicatura del Poder Judicial - Yucat\u00e1n en corto","isPartOf":{"@id":"https:\/\/www.yucatanencorto.com\/noticias\/#website"},"primaryImageOfPage":{"@id":"https:\/\/www.yucatanencorto.com\/noticias\/inicia-el-proceso-para-designar-al-nuevo-consejero-de-la-judicatura-del-poder-judicial\/#primaryimage"},"image":{"@id":"https:\/\/www.yucatanencorto.com\/noticias\/inicia-el-proceso-para-designar-al-nuevo-consejero-de-la-judicatura-del-poder-judicial\/#primaryimage"},"thumbnailUrl":"https:\/\/www.yucatanencorto.com\/noticias\/wp-content\/uploads\/2023\/11\/IMG-20231109-WA0041-scaled.jpg","datePublished":"2023-11-10T01:14:23+00:00","author":{"@id":"https:\/\/www.yucatanencorto.com\/noticias\/#\/schema\/person\/e2fbdfaf30a07014a43940ce989f3119"},"breadcrumb":{"@id":"https:\/\/www.yucatanencorto.com\/noticias\/inicia-el-proceso-para-designar-al-nuevo-consejero-de-la-judicatura-del-poder-judicial\/#breadcrumb"},"inLanguage":"es","potentialAction":[{"@type":"ReadAction","target":["https:\/\/www.yucatanencorto.com\/noticias\/inicia-el-proceso-para-designar-al-nuevo-consejero-de-la-judicatura-del-poder-judicial\/"]}]},{"@type":"ImageObject","inLanguage":"es","@id":"https:\/\/www.yucatanencorto.com\/noticias\/inicia-el-proceso-para-designar-al-nuevo-consejero-de-la-judicatura-del-poder-judicial\/#primaryimage","url":"https:\/\/www.yucatanencorto.com\/noticias\/wp-content\/uploads\/2023\/11\/IMG-20231109-WA0041-scaled.jpg","contentUrl":"https:\/\/www.yucatanencorto.com\/noticias\/wp-content\/uploads\/2023\/11\/IMG-20231109-WA0041-scaled.jpg","width":768,"height":512},{"@type":"BreadcrumbList","@id":"https:\/\/www.yucatanencorto.com\/noticias\/inicia-el-proceso-para-designar-al-nuevo-consejero-de-la-judicatura-del-poder-judicial\/#breadcrumb","itemListElement":[{"@type":"ListItem","position":1,"name":"Portada","item":"https:\/\/www.yucatanencorto.com\/noticias\/"},{"@type":"ListItem","position":2,"name":"Inicia el proceso para designar al nuevo Consejero de la Judicatura del Poder Judicial"}]},{"@type":"WebSite","@id":"https:\/\/www.yucatanencorto.com\/noticias\/#website","url":"https:\/\/www.yucatanencorto.com\/noticias\/","name":"Yucat\u00e1n en corto","description":"Noticias","potentialAction":[{"@type":"SearchAction","target":{"@type":"EntryPoint","urlTemplate":"https:\/\/www.yucatanencorto.com\/noticias\/?s={search_term_string}"},"query-input":{"@type":"PropertyValueSpecification","valueRequired":true,"valueName":"search_term_string"}}],"inLanguage":"es"},{"@type":"Person","@id":"https:\/\/www.yucatanencorto.com\/noticias\/#\/schema\/person\/e2fbdfaf30a07014a43940ce989f3119","name":"Redes","image":{"@type":"ImageObject","inLanguage":"es","@id":"https:\/\/secure.gravatar.com\/avatar\/5931a2d21dd7cc834f44c8c34fe56d90ed6d536ef452cbf870c7485b524dddd7?s=96&d=mm&r=g","url":"https:\/\/secure.gravatar.com\/avatar\/5931a2d21dd7cc834f44c8c34fe56d90ed6d536ef452cbf870c7485b524dddd7?s=96&d=mm&r=g","contentUrl":"https:\/\/secure.gravatar.com\/avatar\/5931a2d21dd7cc834f44c8c34fe56d90ed6d536ef452cbf870c7485b524dddd7?s=96&d=mm&r=g","caption":"Redes"},"url":"https:\/\/www.yucatanencorto.com\/noticias\/author\/redes\/"}]}},"_links":{"self":[{"href":"https:\/\/www.yucatanencorto.com\/noticias\/wp-json\/wp\/v2\/posts\/100817","targetHints":{"allow":["GET"]}}],"collection":[{"href":"https:\/\/www.yucatanencorto.com\/noticias\/wp-json\/wp\/v2\/posts"}],"about":[{"href":"https:\/\/www.yucatanencorto.com\/noticias\/wp-json\/wp\/v2\/types\/post"}],"author":[{"embeddable":true,"href":"https:\/\/www.yucatanencorto.com\/noticias\/wp-json\/wp\/v2\/users\/3"}],"replies":[{"embeddable":true,"href":"https:\/\/www.yucatanencorto.com\/noticias\/wp-json\/wp\/v2\/comments?post=100817"}],"version-history":[{"count":0,"href":"https:\/\/www.yucatanencorto.com\/noticias\/wp-json\/wp\/v2\/posts\/100817\/revisions"}],"wp:featuredmedia":[{"embeddable":true,"href":"https:\/\/www.yucatanencorto.com\/noticias\/wp-json\/wp\/v2\/media\/100819"}],"wp:attachment":[{"href":"https:\/\/www.yucatanencorto.com\/noticias\/wp-json\/wp\/v2\/media?parent=100817"}],"wp:term":[{"taxonomy":"category","embeddable":true,"href":"https:\/\/www.yucatanencorto.com\/noticias\/wp-json\/wp\/v2\/categories?post=100817"},{"taxonomy":"post_tag","embeddable":true,"href":"https:\/\/www.yucatanencorto.com\/noticias\/wp-json\/wp\/v2\/tags?post=100817"}],"curies":[{"name":"wp","href":"https:\/\/api.w.org\/{rel}","templated":true}]}}