{"id":100821,"date":"2023-11-09T19:19:37","date_gmt":"2023-11-10T01:19:37","guid":{"rendered":"https:\/\/www.yucatanencorto.com\/noticias\/?p=100821"},"modified":"2023-11-09T19:19:37","modified_gmt":"2023-11-10T01:19:37","slug":"se-realizo-el-foro-el-gran-bajio-members-meeting-2023","status":"publish","type":"post","link":"https:\/\/www.yucatanencorto.com\/noticias\/se-realizo-el-foro-el-gran-bajio-members-meeting-2023\/","title":{"rendered":"Se realiz\u00f3 el foro El Gran Baj\u00edo \u201cMembers Meeting 2023\u201d"},"content":{"rendered":"<p><img loading=\"lazy\" decoding=\"async\" class=\"alignnone size-full wp-image-100823\" src=\"https:\/\/www.yucatanencorto.com\/noticias\/wp-content\/uploads\/2023\/11\/IMG-20231109-WA0047-scaled.jpg\" alt=\"\" width=\"768\" height=\"555\" srcset=\"https:\/\/www.yucatanencorto.com\/noticias\/wp-content\/uploads\/2023\/11\/IMG-20231109-WA0047-scaled.jpg 768w, https:\/\/www.yucatanencorto.com\/noticias\/wp-content\/uploads\/2023\/11\/IMG-20231109-WA0047-696x503.jpg 696w, https:\/\/www.yucatanencorto.com\/noticias\/wp-content\/uploads\/2023\/11\/IMG-20231109-WA0047-582x420.jpg 582w, https:\/\/www.yucatanencorto.com\/noticias\/wp-content\/uploads\/2023\/11\/IMG-20231109-WA0047-324x235.jpg 324w\" sizes=\"auto, (max-width: 768px) 100vw, 768px\" \/><\/p>\n<p>San Miguel de Allende, Guanajuato, 9 de noviembre de 2023.- El Gobernador Mauricio Vila Dosal particip\u00f3 como integrante y ponente en el evento denominado El Gran Baj\u00edo \u201cMembers Meeting 2023\u201d donde dio a conocer a empresarios de diversos sectores las ventajas competitivas que caracterizan a nuestra entidad y con las cuales se ha logrado atraer diversos proyectos de inversi\u00f3n que han contribuido a ofrecer m\u00e1s y mejores oportunidades para los yucatecos, as\u00ed como para la transformaci\u00f3n de Yucat\u00e1n.<\/p>\n<p>&nbsp;<\/p>\n<p>Vila Dosal es parte de este evento junto a otras personalidades como la presidenta de Minsa, Altagracia G\u00f3mez Sierra, la senadora Josefina V\u00e1zquez Mota, as\u00ed como Diego Sinhue Rodr\u00edguez, Gobernador del estado anfitri\u00f3n, entre otros, quienes comparten a empresarios de diversos sectores su trayectoria y visi\u00f3n para enriquecer perspectivas compartidas, a trav\u00e9s de un di\u00e1logo que cubre variadas tem\u00e1ticas que van desde la innovaci\u00f3n, las empresas sustentables, los mercados burs\u00e1tiles hasta un agudo an\u00e1lisis pol\u00edtico que moldea nuestra era.<\/p>\n<p>&nbsp;<\/p>\n<p>El foro es organizado por la agencia mexicana El Gran Baj\u00edo, la cual se enfoca a la promoci\u00f3n empresarial que impulsa una agenda global de negocios a trav\u00e9s de una red de alianzas y un posicionamiento estrat\u00e9gico y la edici\u00f3n de este a\u00f1o se llev\u00f3 a cabo en la ciudad de San Miguel de Allende en el hotel Live Aqua San Miguel.<\/p>\n<p>&nbsp;<\/p>\n<p>Durante su participaci\u00f3n, y en un formato que busca identificar las fortalezas y oportunidades de la regi\u00f3n Sur &#8211; Sureste, Vila Dosal destac\u00f3 la ubicaci\u00f3n geogr\u00e1fica privilegiada de Yucat\u00e1n debido a que colinda con el Golfo de M\u00e9xico y, por ende, con los puertos m\u00e1s importantes de Estados Unidos, lo cual ha propiciado oportunidades para aprovechar el nearshoring a trav\u00e9s del mejoramiento de la log\u00edstica con tres proyectos muy importantes, como lo son la ampliaci\u00f3n del Aeropuerto Internacional de M\u00e9rida as\u00ed como del Puerto de Altura de Progreso y el Tren Maya.<\/p>\n<p>&nbsp;<\/p>\n<p>Adem\u00e1s, agreg\u00f3, se busca garantizar la sostenibilidad energ\u00e9tica a trav\u00e9s de proyectos efectuados en equipo con el Gobierno Federal y la iniciativa privada tales como la construcci\u00f3n de dos plantas de Ciclo Combinado, la M\u00e9rida IV y la Valladolid, que en conjunto aportan m\u00e1s de 1,500 Megawatts de capacidad, el Gasoducto de Mayak\u00e1n y con la edificaci\u00f3n de 3 parques E\u00f3licos y 2 solares que producen el equivalente al 25% del consumo de electricidad de todo el estado.<\/p>\n<p>&nbsp;<\/p>\n<p>En este sentido, el Gobernador resalt\u00f3 que en la entidad se llevan a cabo acciones para preparar al capital humano de Yucat\u00e1n, para aprovechar el nearshoring, por lo que se impulsa la capacitaci\u00f3n de las y los alumnos a trav\u00e9s de los programas acad\u00e9micos que han incrementado las inscripciones en carreras relacionadas a las ingenier\u00edas en Tecnolog\u00edas Computacionales en un 67% en los \u00faltimos dos a\u00f1os, as\u00ed como el aumento de programas de especializaci\u00f3n en ingenier\u00edas y tecnolog\u00edas que pasaron de 182 a 244, por lo que se espera alcanzar el n\u00famero de m\u00e1s de 3,000 estudiantes inscritos en las \u00e1reas STEM (Ciencia, Tecnolog\u00eda, Ingenier\u00eda y Matem\u00e1ticas por sus siglas en ingl\u00e9s).<\/p>\n<p>&nbsp;<\/p>\n<p>A trav\u00e9s de la Agenda Estatal de ingl\u00e9s, indic\u00f3 Vila Dosal, se impulsa el dominio de este idioma con ambientes biling\u00fces desde el preescolar hasta la universidad, esquemas de Movilidad Internacional con los que se han establecido acuerdos con universidades en Canad\u00e1 y Estados Unidos y se ha aumentado el n\u00famero de estudiantes de secundaria con un nivel A1 de ingl\u00e9s del 17% al 52%, lo que representa un aumento de 35 puntos porcentuales en comparaci\u00f3n con el a\u00f1o pasado.<\/p>\n<p>&nbsp;<\/p>\n<p>Tambi\u00e9n, las acciones realizadas en Yucat\u00e1n para garantizar el Estado de Derecho, enlist\u00f3 Vila Dosal, han sido reconocidas por la firma brit\u00e1nica Deloitte, la cual posicion\u00f3 a Yucat\u00e1n en el primer lugar de todo el pa\u00eds con las condiciones para hacer negocios; la entidad tambi\u00e9n ocup\u00f3 el primer lugar en el criterio de Orden y Seguridad, adem\u00e1s de la segunda posici\u00f3n en el \u00cdndice de Estado de Derecho, ambas del World Justice Program en 2022.<\/p>\n<p>&nbsp;<\/p>\n<p>De igual manera, enfatiz\u00f3 que a su Gobierno le toca generar las condiciones y brindar las facilidades para que las empresas inviertan en la entidad, ya que son \u00e9stas \u00faltimas las que aportan el capital y generan empleos, lo cual ha dado buenos resultados ya que, de acuerdo con Credit Suisse, Yucat\u00e1n es el tercer estado con mayor llegada de empresas extranjeras de todo el pa\u00eds.<\/p>\n<p>&nbsp;<\/p>\n<p>En materia de Turismo, tambi\u00e9n se han generado resultados positivos, indic\u00f3 el Gobernador, y muestra de ello es que 2022 fue el a\u00f1o en que m\u00e1s turistas se han recibido en nuestra historia, con un movimiento de casi 3.1 millones de pasajeros.<\/p>\n<p>&nbsp;<\/p>\n<p>As\u00ed, se ha fortalecido a Yucat\u00e1n con certeza para las inversiones y en materia de Seguridad, los resultados se reflejan en el \u00cdndice de Paz m\u00e1s alto y la menor incidencia delictiva de todo M\u00e9xico de acuerdo con datos del Secretariado Ejecutivo del Sistema Nacional de Seguridad P\u00fablica (SESNSP).<\/p>\n<p>&nbsp;<\/p>\n<p>Asimismo, explic\u00f3, su Gobierno se ha enfocado en la constante promoci\u00f3n de las ventajas competitivas de Yucat\u00e1n, tarea que dijo, ha efectuado en diversos pa\u00edses que incluyen Singapur, China, Estados Unidos, Alemania, Espa\u00f1a, entre otros, por lo que en 5 a\u00f1os de trabajo ha logrado atraer m\u00e1s de 350 proyectos de inversi\u00f3n de sectores como Tecnolog\u00edas de la Informaci\u00f3n, aeroespacial, inmobiliario, agroindustrial, construcci\u00f3n, log\u00edstica, con empresas de renombre internacional como Accenture, Amazon, Walmart, Airbus, Heineken, Uchiyama, Woodgenix, Preh y m\u00e1s.<\/p>\n<p>&nbsp;<\/p>\n<p>Por otro lado, coment\u00f3 Vila Dosal, su Gobierno ha trabajado de forma coordinada con el sector privado y la ciudadan\u00eda para la toma de decisiones importantes y, muestra de ello, es que el Consejo Consultivo del Presupuesto y Gasto est\u00e1 conformado con mayor\u00eda ciudadana y desde ah\u00ed se analiza y aprueba el presupuesto antes de mandarse al Congreso del Estado. Adem\u00e1s, se han conformado otros como los Consejos Consultivos de Turismo y para la Promoci\u00f3n y el Fomento del Uso de la Bicicleta en la Zona Metropolitana de M\u00e9rida.<\/p>\n<p>&nbsp;<\/p>\n<p>Implementamos la \u201cAgenda 2040\u201d, prosigui\u00f3 el Gobernador, la cual es el instrumento de participaci\u00f3n ciudadana m\u00e1s grande que se ha tenido en Yucat\u00e1n el cual se hizo despu\u00e9s de la pandemia para actualizar el Plan Estatal de Desarrollo y construir la ruta de acciones a implementar en los pr\u00f3ximos a\u00f1os y ejemplo de este trabajo son las becas para hijas e hijos de polic\u00edas, gracias a la coordinaci\u00f3n con las universidades privadas para brindar \u00e9stas con 100% de cobertura de inscripci\u00f3n y colegiatura, as\u00ed como la entrega de 2,800 pesos bimestrales para alimentaci\u00f3n y transporte de dichos estudiantes.<\/p>\n<p>&nbsp;<\/p>\n<p>La apuesta del sureste, apunt\u00f3 Vila Dosal, es que hoy se desarrollen proyectos que permitan conectarnos no s\u00f3lo con el resto del pa\u00eds, sino internacionalmente, con proyectos que van a beneficiar a toda la regi\u00f3n, tales como, las ampliaciones del Aeropuerto Internacional de M\u00e9rida \u201cManuel Crescencio Rej\u00f3n\u201d, as\u00ed como del Puerto de Altura de Progreso con lo que se incrementar\u00e1 su plataforma para pasar de tener 32 a 71 hect\u00e1reas para permitir el arribo de barcos de carga y cruceros de mayor capacidad.<\/p>\n<p>&nbsp;<\/p>\n<p>Tambi\u00e9n, destac\u00f3 el Tren Maya que, adem\u00e1s de impulsar el turismo, funcionar\u00e1 como tren de carga, el cual se conectar\u00e1 con el proyecto del Trans\u00edstmico y tambi\u00e9n se estar\u00e1 conectando con otro libramiento que lleve las mercanc\u00edas a Puerto Progreso as\u00ed como el Tren Poxil\u00e1 \u2013 Progreso que contar\u00e1 con un libramiento de 52 kil\u00f3metros para aumentar la capacidad de carga del puerto, haciendo que la entrada y salida de mercanc\u00edas sea m\u00e1s eficiente.<\/p>\n","protected":false},"excerpt":{"rendered":"<p>San Miguel de Allende, Guanajuato, 9 de noviembre de 2023.- El Gobernador Mauricio Vila Dosal particip\u00f3 como integrante y ponente en el evento denominado El Gran Baj\u00edo \u201cMembers Meeting 2023\u201d donde dio a conocer a empresarios de diversos sectores las ventajas competitivas que caracterizan a nuestra entidad y con las cuales se ha logrado atraer [&hellip;]<\/p>\n","protected":false},"author":3,"featured_media":100823,"comment_status":"closed","ping_status":"closed","sticky":false,"template":"","format":"standard","meta":{"footnotes":""},"categories":[3],"tags":[],"class_list":{"0":"post-100821","1":"post","2":"type-post","3":"status-publish","4":"format-standard","5":"has-post-thumbnail","7":"category-yucatan"},"yoast_head":"<!-- This site is optimized with the Yoast SEO plugin v27.5 - https:\/\/yoast.com\/product\/yoast-seo-wordpress\/ -->\n<title>Se realiz\u00f3 el foro El Gran Baj\u00edo \u201cMembers Meeting 2023\u201d - Yucat\u00e1n en corto<\/title>\n<meta name=\"robots\" content=\"index, follow, max-snippet:-1, max-image-preview:large, max-video-preview:-1\" \/>\n<link rel=\"canonical\" href=\"https:\/\/www.yucatanencorto.com\/noticias\/se-realizo-el-foro-el-gran-bajio-members-meeting-2023\/\" \/>\n<meta property=\"og:locale\" content=\"es_ES\" \/>\n<meta property=\"og:type\" content=\"article\" \/>\n<meta property=\"og:title\" content=\"Se realiz\u00f3 el foro El Gran Baj\u00edo \u201cMembers Meeting 2023\u201d - Yucat\u00e1n en corto\" \/>\n<meta property=\"og:description\" content=\"San Miguel de Allende, Guanajuato, 9 de noviembre de 2023.- El Gobernador Mauricio Vila Dosal particip\u00f3 como integrante y ponente en el evento denominado El Gran Baj\u00edo \u201cMembers Meeting 2023\u201d donde dio a conocer a empresarios de diversos sectores las ventajas competitivas que caracterizan a nuestra entidad y con las cuales se ha logrado atraer [&hellip;]\" \/>\n<meta property=\"og:url\" content=\"https:\/\/www.yucatanencorto.com\/noticias\/se-realizo-el-foro-el-gran-bajio-members-meeting-2023\/\" \/>\n<meta property=\"og:site_name\" content=\"Yucat\u00e1n en corto\" \/>\n<meta property=\"article:publisher\" content=\"http:\/\/www.facebook.com\/yucatanencorto\" \/>\n<meta property=\"article:published_time\" content=\"2023-11-10T01:19:37+00:00\" \/>\n<meta property=\"og:image\" content=\"https:\/\/www.yucatanencorto.com\/noticias\/wp-content\/uploads\/2023\/11\/IMG-20231109-WA0047-scaled.jpg\" \/>\n\t<meta property=\"og:image:width\" content=\"768\" \/>\n\t<meta property=\"og:image:height\" content=\"555\" \/>\n\t<meta property=\"og:image:type\" content=\"image\/jpeg\" \/>\n<meta name=\"author\" content=\"Redes\" \/>\n<meta name=\"twitter:card\" content=\"summary_large_image\" \/>\n<meta name=\"twitter:creator\" content=\"@yucatanencorto\" \/>\n<meta name=\"twitter:site\" content=\"@yucatanencorto\" \/>\n<meta name=\"twitter:label1\" content=\"Escrito por\" \/>\n\t<meta name=\"twitter:data1\" content=\"Redes\" \/>\n\t<meta name=\"twitter:label2\" content=\"Tiempo de lectura\" \/>\n\t<meta name=\"twitter:data2\" content=\"6 minutos\" \/>\n<script type=\"application\/ld+json\" class=\"yoast-schema-graph\">{\"@context\":\"https:\\\/\\\/schema.org\",\"@graph\":[{\"@type\":\"Article\",\"@id\":\"https:\\\/\\\/www.yucatanencorto.com\\\/noticias\\\/se-realizo-el-foro-el-gran-bajio-members-meeting-2023\\\/#article\",\"isPartOf\":{\"@id\":\"https:\\\/\\\/www.yucatanencorto.com\\\/noticias\\\/se-realizo-el-foro-el-gran-bajio-members-meeting-2023\\\/\"},\"author\":{\"name\":\"Redes\",\"@id\":\"https:\\\/\\\/www.yucatanencorto.com\\\/noticias\\\/#\\\/schema\\\/person\\\/e2fbdfaf30a07014a43940ce989f3119\"},\"headline\":\"Se realiz\u00f3 el foro El Gran Baj\u00edo \u201cMembers Meeting 2023\u201d\",\"datePublished\":\"2023-11-10T01:19:37+00:00\",\"mainEntityOfPage\":{\"@id\":\"https:\\\/\\\/www.yucatanencorto.com\\\/noticias\\\/se-realizo-el-foro-el-gran-bajio-members-meeting-2023\\\/\"},\"wordCount\":1361,\"image\":{\"@id\":\"https:\\\/\\\/www.yucatanencorto.com\\\/noticias\\\/se-realizo-el-foro-el-gran-bajio-members-meeting-2023\\\/#primaryimage\"},\"thumbnailUrl\":\"https:\\\/\\\/www.yucatanencorto.com\\\/noticias\\\/wp-content\\\/uploads\\\/2023\\\/11\\\/IMG-20231109-WA0047-scaled.jpg\",\"articleSection\":[\"Yucat\u00e1n\"],\"inLanguage\":\"es\"},{\"@type\":\"WebPage\",\"@id\":\"https:\\\/\\\/www.yucatanencorto.com\\\/noticias\\\/se-realizo-el-foro-el-gran-bajio-members-meeting-2023\\\/\",\"url\":\"https:\\\/\\\/www.yucatanencorto.com\\\/noticias\\\/se-realizo-el-foro-el-gran-bajio-members-meeting-2023\\\/\",\"name\":\"Se realiz\u00f3 el foro El Gran Baj\u00edo \u201cMembers Meeting 2023\u201d - Yucat\u00e1n en corto\",\"isPartOf\":{\"@id\":\"https:\\\/\\\/www.yucatanencorto.com\\\/noticias\\\/#website\"},\"primaryImageOfPage\":{\"@id\":\"https:\\\/\\\/www.yucatanencorto.com\\\/noticias\\\/se-realizo-el-foro-el-gran-bajio-members-meeting-2023\\\/#primaryimage\"},\"image\":{\"@id\":\"https:\\\/\\\/www.yucatanencorto.com\\\/noticias\\\/se-realizo-el-foro-el-gran-bajio-members-meeting-2023\\\/#primaryimage\"},\"thumbnailUrl\":\"https:\\\/\\\/www.yucatanencorto.com\\\/noticias\\\/wp-content\\\/uploads\\\/2023\\\/11\\\/IMG-20231109-WA0047-scaled.jpg\",\"datePublished\":\"2023-11-10T01:19:37+00:00\",\"author\":{\"@id\":\"https:\\\/\\\/www.yucatanencorto.com\\\/noticias\\\/#\\\/schema\\\/person\\\/e2fbdfaf30a07014a43940ce989f3119\"},\"breadcrumb\":{\"@id\":\"https:\\\/\\\/www.yucatanencorto.com\\\/noticias\\\/se-realizo-el-foro-el-gran-bajio-members-meeting-2023\\\/#breadcrumb\"},\"inLanguage\":\"es\",\"potentialAction\":[{\"@type\":\"ReadAction\",\"target\":[\"https:\\\/\\\/www.yucatanencorto.com\\\/noticias\\\/se-realizo-el-foro-el-gran-bajio-members-meeting-2023\\\/\"]}]},{\"@type\":\"ImageObject\",\"inLanguage\":\"es\",\"@id\":\"https:\\\/\\\/www.yucatanencorto.com\\\/noticias\\\/se-realizo-el-foro-el-gran-bajio-members-meeting-2023\\\/#primaryimage\",\"url\":\"https:\\\/\\\/www.yucatanencorto.com\\\/noticias\\\/wp-content\\\/uploads\\\/2023\\\/11\\\/IMG-20231109-WA0047-scaled.jpg\",\"contentUrl\":\"https:\\\/\\\/www.yucatanencorto.com\\\/noticias\\\/wp-content\\\/uploads\\\/2023\\\/11\\\/IMG-20231109-WA0047-scaled.jpg\",\"width\":768,\"height\":555},{\"@type\":\"BreadcrumbList\",\"@id\":\"https:\\\/\\\/www.yucatanencorto.com\\\/noticias\\\/se-realizo-el-foro-el-gran-bajio-members-meeting-2023\\\/#breadcrumb\",\"itemListElement\":[{\"@type\":\"ListItem\",\"position\":1,\"name\":\"Portada\",\"item\":\"https:\\\/\\\/www.yucatanencorto.com\\\/noticias\\\/\"},{\"@type\":\"ListItem\",\"position\":2,\"name\":\"Se realiz\u00f3 el foro El Gran Baj\u00edo \u201cMembers Meeting 2023\u201d\"}]},{\"@type\":\"WebSite\",\"@id\":\"https:\\\/\\\/www.yucatanencorto.com\\\/noticias\\\/#website\",\"url\":\"https:\\\/\\\/www.yucatanencorto.com\\\/noticias\\\/\",\"name\":\"Yucat\u00e1n en corto\",\"description\":\"Noticias\",\"potentialAction\":[{\"@type\":\"SearchAction\",\"target\":{\"@type\":\"EntryPoint\",\"urlTemplate\":\"https:\\\/\\\/www.yucatanencorto.com\\\/noticias\\\/?s={search_term_string}\"},\"query-input\":{\"@type\":\"PropertyValueSpecification\",\"valueRequired\":true,\"valueName\":\"search_term_string\"}}],\"inLanguage\":\"es\"},{\"@type\":\"Person\",\"@id\":\"https:\\\/\\\/www.yucatanencorto.com\\\/noticias\\\/#\\\/schema\\\/person\\\/e2fbdfaf30a07014a43940ce989f3119\",\"name\":\"Redes\",\"image\":{\"@type\":\"ImageObject\",\"inLanguage\":\"es\",\"@id\":\"https:\\\/\\\/secure.gravatar.com\\\/avatar\\\/5931a2d21dd7cc834f44c8c34fe56d90ed6d536ef452cbf870c7485b524dddd7?s=96&d=mm&r=g\",\"url\":\"https:\\\/\\\/secure.gravatar.com\\\/avatar\\\/5931a2d21dd7cc834f44c8c34fe56d90ed6d536ef452cbf870c7485b524dddd7?s=96&d=mm&r=g\",\"contentUrl\":\"https:\\\/\\\/secure.gravatar.com\\\/avatar\\\/5931a2d21dd7cc834f44c8c34fe56d90ed6d536ef452cbf870c7485b524dddd7?s=96&d=mm&r=g\",\"caption\":\"Redes\"},\"url\":\"https:\\\/\\\/www.yucatanencorto.com\\\/noticias\\\/author\\\/redes\\\/\"}]}<\/script>\n<!-- \/ Yoast SEO plugin. -->","yoast_head_json":{"title":"Se realiz\u00f3 el foro El Gran Baj\u00edo \u201cMembers Meeting 2023\u201d - Yucat\u00e1n en corto","robots":{"index":"index","follow":"follow","max-snippet":"max-snippet:-1","max-image-preview":"max-image-preview:large","max-video-preview":"max-video-preview:-1"},"canonical":"https:\/\/www.yucatanencorto.com\/noticias\/se-realizo-el-foro-el-gran-bajio-members-meeting-2023\/","og_locale":"es_ES","og_type":"article","og_title":"Se realiz\u00f3 el foro El Gran Baj\u00edo \u201cMembers Meeting 2023\u201d - Yucat\u00e1n en corto","og_description":"San Miguel de Allende, Guanajuato, 9 de noviembre de 2023.- El Gobernador Mauricio Vila Dosal particip\u00f3 como integrante y ponente en el evento denominado El Gran Baj\u00edo \u201cMembers Meeting 2023\u201d donde dio a conocer a empresarios de diversos sectores las ventajas competitivas que caracterizan a nuestra entidad y con las cuales se ha logrado atraer [&hellip;]","og_url":"https:\/\/www.yucatanencorto.com\/noticias\/se-realizo-el-foro-el-gran-bajio-members-meeting-2023\/","og_site_name":"Yucat\u00e1n en corto","article_publisher":"http:\/\/www.facebook.com\/yucatanencorto","article_published_time":"2023-11-10T01:19:37+00:00","og_image":[{"width":768,"height":555,"url":"https:\/\/www.yucatanencorto.com\/noticias\/wp-content\/uploads\/2023\/11\/IMG-20231109-WA0047-scaled.jpg","type":"image\/jpeg"}],"author":"Redes","twitter_card":"summary_large_image","twitter_creator":"@yucatanencorto","twitter_site":"@yucatanencorto","twitter_misc":{"Escrito por":"Redes","Tiempo de lectura":"6 minutos"},"schema":{"@context":"https:\/\/schema.org","@graph":[{"@type":"Article","@id":"https:\/\/www.yucatanencorto.com\/noticias\/se-realizo-el-foro-el-gran-bajio-members-meeting-2023\/#article","isPartOf":{"@id":"https:\/\/www.yucatanencorto.com\/noticias\/se-realizo-el-foro-el-gran-bajio-members-meeting-2023\/"},"author":{"name":"Redes","@id":"https:\/\/www.yucatanencorto.com\/noticias\/#\/schema\/person\/e2fbdfaf30a07014a43940ce989f3119"},"headline":"Se realiz\u00f3 el foro El Gran Baj\u00edo \u201cMembers Meeting 2023\u201d","datePublished":"2023-11-10T01:19:37+00:00","mainEntityOfPage":{"@id":"https:\/\/www.yucatanencorto.com\/noticias\/se-realizo-el-foro-el-gran-bajio-members-meeting-2023\/"},"wordCount":1361,"image":{"@id":"https:\/\/www.yucatanencorto.com\/noticias\/se-realizo-el-foro-el-gran-bajio-members-meeting-2023\/#primaryimage"},"thumbnailUrl":"https:\/\/www.yucatanencorto.com\/noticias\/wp-content\/uploads\/2023\/11\/IMG-20231109-WA0047-scaled.jpg","articleSection":["Yucat\u00e1n"],"inLanguage":"es"},{"@type":"WebPage","@id":"https:\/\/www.yucatanencorto.com\/noticias\/se-realizo-el-foro-el-gran-bajio-members-meeting-2023\/","url":"https:\/\/www.yucatanencorto.com\/noticias\/se-realizo-el-foro-el-gran-bajio-members-meeting-2023\/","name":"Se realiz\u00f3 el foro El Gran Baj\u00edo \u201cMembers Meeting 2023\u201d - Yucat\u00e1n en corto","isPartOf":{"@id":"https:\/\/www.yucatanencorto.com\/noticias\/#website"},"primaryImageOfPage":{"@id":"https:\/\/www.yucatanencorto.com\/noticias\/se-realizo-el-foro-el-gran-bajio-members-meeting-2023\/#primaryimage"},"image":{"@id":"https:\/\/www.yucatanencorto.com\/noticias\/se-realizo-el-foro-el-gran-bajio-members-meeting-2023\/#primaryimage"},"thumbnailUrl":"https:\/\/www.yucatanencorto.com\/noticias\/wp-content\/uploads\/2023\/11\/IMG-20231109-WA0047-scaled.jpg","datePublished":"2023-11-10T01:19:37+00:00","author":{"@id":"https:\/\/www.yucatanencorto.com\/noticias\/#\/schema\/person\/e2fbdfaf30a07014a43940ce989f3119"},"breadcrumb":{"@id":"https:\/\/www.yucatanencorto.com\/noticias\/se-realizo-el-foro-el-gran-bajio-members-meeting-2023\/#breadcrumb"},"inLanguage":"es","potentialAction":[{"@type":"ReadAction","target":["https:\/\/www.yucatanencorto.com\/noticias\/se-realizo-el-foro-el-gran-bajio-members-meeting-2023\/"]}]},{"@type":"ImageObject","inLanguage":"es","@id":"https:\/\/www.yucatanencorto.com\/noticias\/se-realizo-el-foro-el-gran-bajio-members-meeting-2023\/#primaryimage","url":"https:\/\/www.yucatanencorto.com\/noticias\/wp-content\/uploads\/2023\/11\/IMG-20231109-WA0047-scaled.jpg","contentUrl":"https:\/\/www.yucatanencorto.com\/noticias\/wp-content\/uploads\/2023\/11\/IMG-20231109-WA0047-scaled.jpg","width":768,"height":555},{"@type":"BreadcrumbList","@id":"https:\/\/www.yucatanencorto.com\/noticias\/se-realizo-el-foro-el-gran-bajio-members-meeting-2023\/#breadcrumb","itemListElement":[{"@type":"ListItem","position":1,"name":"Portada","item":"https:\/\/www.yucatanencorto.com\/noticias\/"},{"@type":"ListItem","position":2,"name":"Se realiz\u00f3 el foro El Gran Baj\u00edo \u201cMembers Meeting 2023\u201d"}]},{"@type":"WebSite","@id":"https:\/\/www.yucatanencorto.com\/noticias\/#website","url":"https:\/\/www.yucatanencorto.com\/noticias\/","name":"Yucat\u00e1n en corto","description":"Noticias","potentialAction":[{"@type":"SearchAction","target":{"@type":"EntryPoint","urlTemplate":"https:\/\/www.yucatanencorto.com\/noticias\/?s={search_term_string}"},"query-input":{"@type":"PropertyValueSpecification","valueRequired":true,"valueName":"search_term_string"}}],"inLanguage":"es"},{"@type":"Person","@id":"https:\/\/www.yucatanencorto.com\/noticias\/#\/schema\/person\/e2fbdfaf30a07014a43940ce989f3119","name":"Redes","image":{"@type":"ImageObject","inLanguage":"es","@id":"https:\/\/secure.gravatar.com\/avatar\/5931a2d21dd7cc834f44c8c34fe56d90ed6d536ef452cbf870c7485b524dddd7?s=96&d=mm&r=g","url":"https:\/\/secure.gravatar.com\/avatar\/5931a2d21dd7cc834f44c8c34fe56d90ed6d536ef452cbf870c7485b524dddd7?s=96&d=mm&r=g","contentUrl":"https:\/\/secure.gravatar.com\/avatar\/5931a2d21dd7cc834f44c8c34fe56d90ed6d536ef452cbf870c7485b524dddd7?s=96&d=mm&r=g","caption":"Redes"},"url":"https:\/\/www.yucatanencorto.com\/noticias\/author\/redes\/"}]}},"_links":{"self":[{"href":"https:\/\/www.yucatanencorto.com\/noticias\/wp-json\/wp\/v2\/posts\/100821","targetHints":{"allow":["GET"]}}],"collection":[{"href":"https:\/\/www.yucatanencorto.com\/noticias\/wp-json\/wp\/v2\/posts"}],"about":[{"href":"https:\/\/www.yucatanencorto.com\/noticias\/wp-json\/wp\/v2\/types\/post"}],"author":[{"embeddable":true,"href":"https:\/\/www.yucatanencorto.com\/noticias\/wp-json\/wp\/v2\/users\/3"}],"replies":[{"embeddable":true,"href":"https:\/\/www.yucatanencorto.com\/noticias\/wp-json\/wp\/v2\/comments?post=100821"}],"version-history":[{"count":0,"href":"https:\/\/www.yucatanencorto.com\/noticias\/wp-json\/wp\/v2\/posts\/100821\/revisions"}],"wp:featuredmedia":[{"embeddable":true,"href":"https:\/\/www.yucatanencorto.com\/noticias\/wp-json\/wp\/v2\/media\/100823"}],"wp:attachment":[{"href":"https:\/\/www.yucatanencorto.com\/noticias\/wp-json\/wp\/v2\/media?parent=100821"}],"wp:term":[{"taxonomy":"category","embeddable":true,"href":"https:\/\/www.yucatanencorto.com\/noticias\/wp-json\/wp\/v2\/categories?post=100821"},{"taxonomy":"post_tag","embeddable":true,"href":"https:\/\/www.yucatanencorto.com\/noticias\/wp-json\/wp\/v2\/tags?post=100821"}],"curies":[{"name":"wp","href":"https:\/\/api.w.org\/{rel}","templated":true}]}}