{"id":100826,"date":"2023-11-09T19:33:09","date_gmt":"2023-11-10T01:33:09","guid":{"rendered":"https:\/\/www.yucatanencorto.com\/noticias\/?p=100826"},"modified":"2023-11-09T19:33:09","modified_gmt":"2023-11-10T01:33:09","slug":"supervisan-parques-de-la-ciudad","status":"publish","type":"post","link":"https:\/\/www.yucatanencorto.com\/noticias\/supervisan-parques-de-la-ciudad\/","title":{"rendered":"Supervisan parques de la ciudad"},"content":{"rendered":"<p>&nbsp;<\/p>\n<p><img loading=\"lazy\" decoding=\"async\" class=\"alignnone size-full wp-image-100827\" src=\"https:\/\/www.yucatanencorto.com\/noticias\/wp-content\/uploads\/2023\/11\/IMG-20231109-WA0048-scaled.jpg\" alt=\"\" width=\"768\" height=\"512\" srcset=\"https:\/\/www.yucatanencorto.com\/noticias\/wp-content\/uploads\/2023\/11\/IMG-20231109-WA0048-scaled.jpg 768w, https:\/\/www.yucatanencorto.com\/noticias\/wp-content\/uploads\/2023\/11\/IMG-20231109-WA0048-696x464.jpg 696w, https:\/\/www.yucatanencorto.com\/noticias\/wp-content\/uploads\/2023\/11\/IMG-20231109-WA0048-1068x712.jpg 1068w, https:\/\/www.yucatanencorto.com\/noticias\/wp-content\/uploads\/2023\/11\/IMG-20231109-WA0048-630x420.jpg 630w\" sizes=\"auto, (max-width: 768px) 100vw, 768px\" \/><\/p>\n<p>M\u00e9rida, Yucat\u00e1n a 9 de noviembre de 2023-. A fin de garantizar espacios p\u00fablicos funcionales que generen armon\u00eda, paz social, convivencia arm\u00f3nica y el embellecimiento urbano, el Presidente Municipal, Alejandro Ruz Castro supervis\u00f3 el mantenimiento integral del Parque \u201cCardenales\u201d en \u201cJuan Pablo II\u201d, cuyos trabajos beneficiar\u00e1n a cinco mil habitantes del fraccionamiento y de las zonas aleda\u00f1as.<\/p>\n<p>El Presidente Municipal manifest\u00f3 que su compromiso es reforzar el trabajo realizado en los \u00faltimos 10 a\u00f1os donde los resultados est\u00e1n a la vista.<\/p>\n<p>En este sentido, desde temprana hora el Alcalde realiz\u00f3 un recorrido por el parque en el cual supervis\u00f3 a las cuadrillas conformadas por 64 empleados de Servicios P\u00fablicos Municipales realizar trabajos de mantenimiento integral y preventivo, los cuales forman parte de las tareas que se realizan constantemente en los 740 parques de la ciudad y de sus comisar\u00edas.<\/p>\n<p>Estos trabajos incluyeron la poda de zacate y \u00e1rboles, estos \u00faltimos para mejorar la iluminaci\u00f3n del parque; la trituraci\u00f3n de ramas para utilizarlas como composta en \u00e1reas verdes.<\/p>\n<p>Asimismo, se efectuaron tareas de riego, barrido y limpieza; pintura general, desazolve de pozos y rejillas, limpieza general del parque y calles aleda\u00f1as, mantenimiento de luminarias en el parque y en las calles cercanas.<\/p>\n<p>Para el mantenimiento integral se utilizaron dos volquetes de 3 metros c\u00fabicos, dos gr\u00faas, seis camiones de 10 metros c\u00fabicos y tres volquetes de 14 metros c\u00fabicos.<\/p>\n<p>Durante su caminata por las calles cercanas al parque, en la que estuvo acompa\u00f1ado por el director de Servicios P\u00fablicos, Jos\u00e9 Collado Soberanis y de Obras P\u00fablicas, David Lor\u00eda Magdub, Ruz Castro saludo a trabajadores quienes le explicaron las labores y el uso de la maquinaria para dejar en \u00f3ptimo estado las calles y el parque. Adem\u00e1s, salud\u00f3 a algunos vecinos que se acercaron a darle los buenos d\u00edas.<\/p>\n<p>El Presidente Municipal agradeci\u00f3 a los trabajadores del Ayuntamiento por mantener los servicios p\u00fablicos de calidad para vivir en una ciudad disfrutable donde haya justicia social, atenci\u00f3n de necesidades, mejor movilidad urbana, seguridad vial y calidad de vida.<\/p>\n<p>\u201cCon lo que se hace hoy en este parque y en los 740 parques con los que cuenta M\u00e9rida y sus comisar\u00edas, las y los ciudadanos pueden estar seguros que sus impuestos est\u00e1n bien aplicados al trabajar para todos, sin distingo alguno\u201d, expres\u00f3.<\/p>\n<p>La visita tambi\u00e9n incluy\u00f3 la supervisi\u00f3n del \u00e1rea de patinaje, en la cual se realiza pintura del foso y se repara la rampa; la pintura de la cancha, gradas y canastas del \u00e1rea de basquetbol; los ejercitadores cercanos, y el cambio de arena del \u00e1rea infantil, as\u00ed como la pintura de los juegos y de la reja que rodea el arenero.<\/p>\n<p>Respecto al mantenimiento integral, Ruz Castro se\u00f1al\u00f3 que, de esta manera, el Ayuntamiento genera espacios dignos donde las familias pueden convivir en un lugar seguro.<\/p>\n<p>\u201cEse es nuestro compromiso, generar el bienestar social de las y los habitantes del Municipio dot\u00e1ndolos de una infraestructura urbana eficiente\u201d, afirm\u00f3.<\/p>\n<p>Por otra parte, Collado Soberanis inform\u00f3 que anualmente se invierten 20 millones de pesos para el mantenimiento integral de los 740 parques con los que cuenta M\u00e9rida y sus comisar\u00edas, y en los que est\u00e1 incluido \u201cCardenales\u201d.<\/p>\n<p>Mencion\u00f3 que, del total de parques en el municipio, un 99% son atendidos por empresas contratadas por el Ayuntamiento, mientras que el uno por ciento restantes, correspondiente al Centro Hist\u00f3rico, est\u00e1 a cargo de Servicios P\u00fablicos Municipales que les brinda constante atenci\u00f3n.<\/p>\n<p>Finalmente, anunci\u00f3 que para brindar una mejor atenci\u00f3n a los servicios p\u00fablicos de la ciudad se espera que en enero pr\u00f3ximo se cuente con nuevos veh\u00edculos y maquinaria, que estos momentos se encuentran en licitaci\u00f3n.<\/p>\n","protected":false},"excerpt":{"rendered":"<p>&nbsp; M\u00e9rida, Yucat\u00e1n a 9 de noviembre de 2023-. A fin de garantizar espacios p\u00fablicos funcionales que generen armon\u00eda, paz social, convivencia arm\u00f3nica y el embellecimiento urbano, el Presidente Municipal, Alejandro Ruz Castro supervis\u00f3 el mantenimiento integral del Parque \u201cCardenales\u201d en \u201cJuan Pablo II\u201d, cuyos trabajos beneficiar\u00e1n a cinco mil habitantes del fraccionamiento y de [&hellip;]<\/p>\n","protected":false},"author":3,"featured_media":100827,"comment_status":"closed","ping_status":"closed","sticky":false,"template":"","format":"standard","meta":{"footnotes":""},"categories":[2],"tags":[],"class_list":{"0":"post-100826","1":"post","2":"type-post","3":"status-publish","4":"format-standard","5":"has-post-thumbnail","7":"category-merida"},"yoast_head":"<!-- This site is optimized with the Yoast SEO plugin v27.5 - https:\/\/yoast.com\/product\/yoast-seo-wordpress\/ -->\n<title>Supervisan parques de la ciudad - Yucat\u00e1n en corto<\/title>\n<meta name=\"robots\" content=\"index, follow, max-snippet:-1, max-image-preview:large, max-video-preview:-1\" \/>\n<link rel=\"canonical\" href=\"https:\/\/www.yucatanencorto.com\/noticias\/supervisan-parques-de-la-ciudad\/\" \/>\n<meta property=\"og:locale\" content=\"es_ES\" \/>\n<meta property=\"og:type\" content=\"article\" \/>\n<meta property=\"og:title\" content=\"Supervisan parques de la ciudad - Yucat\u00e1n en corto\" \/>\n<meta property=\"og:description\" content=\"&nbsp; M\u00e9rida, Yucat\u00e1n a 9 de noviembre de 2023-. A fin de garantizar espacios p\u00fablicos funcionales que generen armon\u00eda, paz social, convivencia arm\u00f3nica y el embellecimiento urbano, el Presidente Municipal, Alejandro Ruz Castro supervis\u00f3 el mantenimiento integral del Parque \u201cCardenales\u201d en \u201cJuan Pablo II\u201d, cuyos trabajos beneficiar\u00e1n a cinco mil habitantes del fraccionamiento y de [&hellip;]\" \/>\n<meta property=\"og:url\" content=\"https:\/\/www.yucatanencorto.com\/noticias\/supervisan-parques-de-la-ciudad\/\" \/>\n<meta property=\"og:site_name\" content=\"Yucat\u00e1n en corto\" \/>\n<meta property=\"article:publisher\" content=\"http:\/\/www.facebook.com\/yucatanencorto\" \/>\n<meta property=\"article:published_time\" content=\"2023-11-10T01:33:09+00:00\" \/>\n<meta property=\"og:image\" content=\"https:\/\/www.yucatanencorto.com\/noticias\/wp-content\/uploads\/2023\/11\/IMG-20231109-WA0048-scaled.jpg\" \/>\n\t<meta property=\"og:image:width\" content=\"768\" \/>\n\t<meta property=\"og:image:height\" content=\"512\" \/>\n\t<meta property=\"og:image:type\" content=\"image\/jpeg\" \/>\n<meta name=\"author\" content=\"Redes\" \/>\n<meta name=\"twitter:card\" content=\"summary_large_image\" \/>\n<meta name=\"twitter:creator\" content=\"@yucatanencorto\" \/>\n<meta name=\"twitter:site\" content=\"@yucatanencorto\" \/>\n<meta name=\"twitter:label1\" content=\"Escrito por\" \/>\n\t<meta name=\"twitter:data1\" content=\"Redes\" \/>\n\t<meta name=\"twitter:label2\" content=\"Tiempo de lectura\" \/>\n\t<meta name=\"twitter:data2\" content=\"3 minutos\" \/>\n<script type=\"application\/ld+json\" class=\"yoast-schema-graph\">{\"@context\":\"https:\\\/\\\/schema.org\",\"@graph\":[{\"@type\":\"Article\",\"@id\":\"https:\\\/\\\/www.yucatanencorto.com\\\/noticias\\\/supervisan-parques-de-la-ciudad\\\/#article\",\"isPartOf\":{\"@id\":\"https:\\\/\\\/www.yucatanencorto.com\\\/noticias\\\/supervisan-parques-de-la-ciudad\\\/\"},\"author\":{\"name\":\"Redes\",\"@id\":\"https:\\\/\\\/www.yucatanencorto.com\\\/noticias\\\/#\\\/schema\\\/person\\\/e2fbdfaf30a07014a43940ce989f3119\"},\"headline\":\"Supervisan parques de la ciudad\",\"datePublished\":\"2023-11-10T01:33:09+00:00\",\"mainEntityOfPage\":{\"@id\":\"https:\\\/\\\/www.yucatanencorto.com\\\/noticias\\\/supervisan-parques-de-la-ciudad\\\/\"},\"wordCount\":638,\"image\":{\"@id\":\"https:\\\/\\\/www.yucatanencorto.com\\\/noticias\\\/supervisan-parques-de-la-ciudad\\\/#primaryimage\"},\"thumbnailUrl\":\"https:\\\/\\\/www.yucatanencorto.com\\\/noticias\\\/wp-content\\\/uploads\\\/2023\\\/11\\\/IMG-20231109-WA0048-scaled.jpg\",\"articleSection\":[\"M\u00e9rida\"],\"inLanguage\":\"es\"},{\"@type\":\"WebPage\",\"@id\":\"https:\\\/\\\/www.yucatanencorto.com\\\/noticias\\\/supervisan-parques-de-la-ciudad\\\/\",\"url\":\"https:\\\/\\\/www.yucatanencorto.com\\\/noticias\\\/supervisan-parques-de-la-ciudad\\\/\",\"name\":\"Supervisan parques de la ciudad - Yucat\u00e1n en corto\",\"isPartOf\":{\"@id\":\"https:\\\/\\\/www.yucatanencorto.com\\\/noticias\\\/#website\"},\"primaryImageOfPage\":{\"@id\":\"https:\\\/\\\/www.yucatanencorto.com\\\/noticias\\\/supervisan-parques-de-la-ciudad\\\/#primaryimage\"},\"image\":{\"@id\":\"https:\\\/\\\/www.yucatanencorto.com\\\/noticias\\\/supervisan-parques-de-la-ciudad\\\/#primaryimage\"},\"thumbnailUrl\":\"https:\\\/\\\/www.yucatanencorto.com\\\/noticias\\\/wp-content\\\/uploads\\\/2023\\\/11\\\/IMG-20231109-WA0048-scaled.jpg\",\"datePublished\":\"2023-11-10T01:33:09+00:00\",\"author\":{\"@id\":\"https:\\\/\\\/www.yucatanencorto.com\\\/noticias\\\/#\\\/schema\\\/person\\\/e2fbdfaf30a07014a43940ce989f3119\"},\"breadcrumb\":{\"@id\":\"https:\\\/\\\/www.yucatanencorto.com\\\/noticias\\\/supervisan-parques-de-la-ciudad\\\/#breadcrumb\"},\"inLanguage\":\"es\",\"potentialAction\":[{\"@type\":\"ReadAction\",\"target\":[\"https:\\\/\\\/www.yucatanencorto.com\\\/noticias\\\/supervisan-parques-de-la-ciudad\\\/\"]}]},{\"@type\":\"ImageObject\",\"inLanguage\":\"es\",\"@id\":\"https:\\\/\\\/www.yucatanencorto.com\\\/noticias\\\/supervisan-parques-de-la-ciudad\\\/#primaryimage\",\"url\":\"https:\\\/\\\/www.yucatanencorto.com\\\/noticias\\\/wp-content\\\/uploads\\\/2023\\\/11\\\/IMG-20231109-WA0048-scaled.jpg\",\"contentUrl\":\"https:\\\/\\\/www.yucatanencorto.com\\\/noticias\\\/wp-content\\\/uploads\\\/2023\\\/11\\\/IMG-20231109-WA0048-scaled.jpg\",\"width\":768,\"height\":512},{\"@type\":\"BreadcrumbList\",\"@id\":\"https:\\\/\\\/www.yucatanencorto.com\\\/noticias\\\/supervisan-parques-de-la-ciudad\\\/#breadcrumb\",\"itemListElement\":[{\"@type\":\"ListItem\",\"position\":1,\"name\":\"Portada\",\"item\":\"https:\\\/\\\/www.yucatanencorto.com\\\/noticias\\\/\"},{\"@type\":\"ListItem\",\"position\":2,\"name\":\"Supervisan parques de la ciudad\"}]},{\"@type\":\"WebSite\",\"@id\":\"https:\\\/\\\/www.yucatanencorto.com\\\/noticias\\\/#website\",\"url\":\"https:\\\/\\\/www.yucatanencorto.com\\\/noticias\\\/\",\"name\":\"Yucat\u00e1n en corto\",\"description\":\"Noticias\",\"potentialAction\":[{\"@type\":\"SearchAction\",\"target\":{\"@type\":\"EntryPoint\",\"urlTemplate\":\"https:\\\/\\\/www.yucatanencorto.com\\\/noticias\\\/?s={search_term_string}\"},\"query-input\":{\"@type\":\"PropertyValueSpecification\",\"valueRequired\":true,\"valueName\":\"search_term_string\"}}],\"inLanguage\":\"es\"},{\"@type\":\"Person\",\"@id\":\"https:\\\/\\\/www.yucatanencorto.com\\\/noticias\\\/#\\\/schema\\\/person\\\/e2fbdfaf30a07014a43940ce989f3119\",\"name\":\"Redes\",\"image\":{\"@type\":\"ImageObject\",\"inLanguage\":\"es\",\"@id\":\"https:\\\/\\\/secure.gravatar.com\\\/avatar\\\/5931a2d21dd7cc834f44c8c34fe56d90ed6d536ef452cbf870c7485b524dddd7?s=96&d=mm&r=g\",\"url\":\"https:\\\/\\\/secure.gravatar.com\\\/avatar\\\/5931a2d21dd7cc834f44c8c34fe56d90ed6d536ef452cbf870c7485b524dddd7?s=96&d=mm&r=g\",\"contentUrl\":\"https:\\\/\\\/secure.gravatar.com\\\/avatar\\\/5931a2d21dd7cc834f44c8c34fe56d90ed6d536ef452cbf870c7485b524dddd7?s=96&d=mm&r=g\",\"caption\":\"Redes\"},\"url\":\"https:\\\/\\\/www.yucatanencorto.com\\\/noticias\\\/author\\\/redes\\\/\"}]}<\/script>\n<!-- \/ Yoast SEO plugin. -->","yoast_head_json":{"title":"Supervisan parques de la ciudad - Yucat\u00e1n en corto","robots":{"index":"index","follow":"follow","max-snippet":"max-snippet:-1","max-image-preview":"max-image-preview:large","max-video-preview":"max-video-preview:-1"},"canonical":"https:\/\/www.yucatanencorto.com\/noticias\/supervisan-parques-de-la-ciudad\/","og_locale":"es_ES","og_type":"article","og_title":"Supervisan parques de la ciudad - Yucat\u00e1n en corto","og_description":"&nbsp; M\u00e9rida, Yucat\u00e1n a 9 de noviembre de 2023-. A fin de garantizar espacios p\u00fablicos funcionales que generen armon\u00eda, paz social, convivencia arm\u00f3nica y el embellecimiento urbano, el Presidente Municipal, Alejandro Ruz Castro supervis\u00f3 el mantenimiento integral del Parque \u201cCardenales\u201d en \u201cJuan Pablo II\u201d, cuyos trabajos beneficiar\u00e1n a cinco mil habitantes del fraccionamiento y de [&hellip;]","og_url":"https:\/\/www.yucatanencorto.com\/noticias\/supervisan-parques-de-la-ciudad\/","og_site_name":"Yucat\u00e1n en corto","article_publisher":"http:\/\/www.facebook.com\/yucatanencorto","article_published_time":"2023-11-10T01:33:09+00:00","og_image":[{"width":768,"height":512,"url":"https:\/\/www.yucatanencorto.com\/noticias\/wp-content\/uploads\/2023\/11\/IMG-20231109-WA0048-scaled.jpg","type":"image\/jpeg"}],"author":"Redes","twitter_card":"summary_large_image","twitter_creator":"@yucatanencorto","twitter_site":"@yucatanencorto","twitter_misc":{"Escrito por":"Redes","Tiempo de lectura":"3 minutos"},"schema":{"@context":"https:\/\/schema.org","@graph":[{"@type":"Article","@id":"https:\/\/www.yucatanencorto.com\/noticias\/supervisan-parques-de-la-ciudad\/#article","isPartOf":{"@id":"https:\/\/www.yucatanencorto.com\/noticias\/supervisan-parques-de-la-ciudad\/"},"author":{"name":"Redes","@id":"https:\/\/www.yucatanencorto.com\/noticias\/#\/schema\/person\/e2fbdfaf30a07014a43940ce989f3119"},"headline":"Supervisan parques de la ciudad","datePublished":"2023-11-10T01:33:09+00:00","mainEntityOfPage":{"@id":"https:\/\/www.yucatanencorto.com\/noticias\/supervisan-parques-de-la-ciudad\/"},"wordCount":638,"image":{"@id":"https:\/\/www.yucatanencorto.com\/noticias\/supervisan-parques-de-la-ciudad\/#primaryimage"},"thumbnailUrl":"https:\/\/www.yucatanencorto.com\/noticias\/wp-content\/uploads\/2023\/11\/IMG-20231109-WA0048-scaled.jpg","articleSection":["M\u00e9rida"],"inLanguage":"es"},{"@type":"WebPage","@id":"https:\/\/www.yucatanencorto.com\/noticias\/supervisan-parques-de-la-ciudad\/","url":"https:\/\/www.yucatanencorto.com\/noticias\/supervisan-parques-de-la-ciudad\/","name":"Supervisan parques de la ciudad - Yucat\u00e1n en corto","isPartOf":{"@id":"https:\/\/www.yucatanencorto.com\/noticias\/#website"},"primaryImageOfPage":{"@id":"https:\/\/www.yucatanencorto.com\/noticias\/supervisan-parques-de-la-ciudad\/#primaryimage"},"image":{"@id":"https:\/\/www.yucatanencorto.com\/noticias\/supervisan-parques-de-la-ciudad\/#primaryimage"},"thumbnailUrl":"https:\/\/www.yucatanencorto.com\/noticias\/wp-content\/uploads\/2023\/11\/IMG-20231109-WA0048-scaled.jpg","datePublished":"2023-11-10T01:33:09+00:00","author":{"@id":"https:\/\/www.yucatanencorto.com\/noticias\/#\/schema\/person\/e2fbdfaf30a07014a43940ce989f3119"},"breadcrumb":{"@id":"https:\/\/www.yucatanencorto.com\/noticias\/supervisan-parques-de-la-ciudad\/#breadcrumb"},"inLanguage":"es","potentialAction":[{"@type":"ReadAction","target":["https:\/\/www.yucatanencorto.com\/noticias\/supervisan-parques-de-la-ciudad\/"]}]},{"@type":"ImageObject","inLanguage":"es","@id":"https:\/\/www.yucatanencorto.com\/noticias\/supervisan-parques-de-la-ciudad\/#primaryimage","url":"https:\/\/www.yucatanencorto.com\/noticias\/wp-content\/uploads\/2023\/11\/IMG-20231109-WA0048-scaled.jpg","contentUrl":"https:\/\/www.yucatanencorto.com\/noticias\/wp-content\/uploads\/2023\/11\/IMG-20231109-WA0048-scaled.jpg","width":768,"height":512},{"@type":"BreadcrumbList","@id":"https:\/\/www.yucatanencorto.com\/noticias\/supervisan-parques-de-la-ciudad\/#breadcrumb","itemListElement":[{"@type":"ListItem","position":1,"name":"Portada","item":"https:\/\/www.yucatanencorto.com\/noticias\/"},{"@type":"ListItem","position":2,"name":"Supervisan parques de la ciudad"}]},{"@type":"WebSite","@id":"https:\/\/www.yucatanencorto.com\/noticias\/#website","url":"https:\/\/www.yucatanencorto.com\/noticias\/","name":"Yucat\u00e1n en corto","description":"Noticias","potentialAction":[{"@type":"SearchAction","target":{"@type":"EntryPoint","urlTemplate":"https:\/\/www.yucatanencorto.com\/noticias\/?s={search_term_string}"},"query-input":{"@type":"PropertyValueSpecification","valueRequired":true,"valueName":"search_term_string"}}],"inLanguage":"es"},{"@type":"Person","@id":"https:\/\/www.yucatanencorto.com\/noticias\/#\/schema\/person\/e2fbdfaf30a07014a43940ce989f3119","name":"Redes","image":{"@type":"ImageObject","inLanguage":"es","@id":"https:\/\/secure.gravatar.com\/avatar\/5931a2d21dd7cc834f44c8c34fe56d90ed6d536ef452cbf870c7485b524dddd7?s=96&d=mm&r=g","url":"https:\/\/secure.gravatar.com\/avatar\/5931a2d21dd7cc834f44c8c34fe56d90ed6d536ef452cbf870c7485b524dddd7?s=96&d=mm&r=g","contentUrl":"https:\/\/secure.gravatar.com\/avatar\/5931a2d21dd7cc834f44c8c34fe56d90ed6d536ef452cbf870c7485b524dddd7?s=96&d=mm&r=g","caption":"Redes"},"url":"https:\/\/www.yucatanencorto.com\/noticias\/author\/redes\/"}]}},"_links":{"self":[{"href":"https:\/\/www.yucatanencorto.com\/noticias\/wp-json\/wp\/v2\/posts\/100826","targetHints":{"allow":["GET"]}}],"collection":[{"href":"https:\/\/www.yucatanencorto.com\/noticias\/wp-json\/wp\/v2\/posts"}],"about":[{"href":"https:\/\/www.yucatanencorto.com\/noticias\/wp-json\/wp\/v2\/types\/post"}],"author":[{"embeddable":true,"href":"https:\/\/www.yucatanencorto.com\/noticias\/wp-json\/wp\/v2\/users\/3"}],"replies":[{"embeddable":true,"href":"https:\/\/www.yucatanencorto.com\/noticias\/wp-json\/wp\/v2\/comments?post=100826"}],"version-history":[{"count":0,"href":"https:\/\/www.yucatanencorto.com\/noticias\/wp-json\/wp\/v2\/posts\/100826\/revisions"}],"wp:featuredmedia":[{"embeddable":true,"href":"https:\/\/www.yucatanencorto.com\/noticias\/wp-json\/wp\/v2\/media\/100827"}],"wp:attachment":[{"href":"https:\/\/www.yucatanencorto.com\/noticias\/wp-json\/wp\/v2\/media?parent=100826"}],"wp:term":[{"taxonomy":"category","embeddable":true,"href":"https:\/\/www.yucatanencorto.com\/noticias\/wp-json\/wp\/v2\/categories?post=100826"},{"taxonomy":"post_tag","embeddable":true,"href":"https:\/\/www.yucatanencorto.com\/noticias\/wp-json\/wp\/v2\/tags?post=100826"}],"curies":[{"name":"wp","href":"https:\/\/api.w.org\/{rel}","templated":true}]}}