{"id":100829,"date":"2023-11-09T19:37:02","date_gmt":"2023-11-10T01:37:02","guid":{"rendered":"https:\/\/www.yucatanencorto.com\/noticias\/?p=100829"},"modified":"2023-11-09T19:37:02","modified_gmt":"2023-11-10T01:37:02","slug":"renan-barrera-se-reune-con-habitantes-de-teabo","status":"publish","type":"post","link":"https:\/\/www.yucatanencorto.com\/noticias\/renan-barrera-se-reune-con-habitantes-de-teabo\/","title":{"rendered":"Ren\u00e1n Barrera se re\u00fane con habitantes de Teabo"},"content":{"rendered":"<p><img loading=\"lazy\" decoding=\"async\" class=\"alignnone size-full wp-image-100830\" src=\"https:\/\/www.yucatanencorto.com\/noticias\/wp-content\/uploads\/2023\/11\/IMG-20231109-WA0049-scaled.jpg\" alt=\"\" width=\"768\" height=\"512\" srcset=\"https:\/\/www.yucatanencorto.com\/noticias\/wp-content\/uploads\/2023\/11\/IMG-20231109-WA0049-scaled.jpg 768w, https:\/\/www.yucatanencorto.com\/noticias\/wp-content\/uploads\/2023\/11\/IMG-20231109-WA0049-696x464.jpg 696w, https:\/\/www.yucatanencorto.com\/noticias\/wp-content\/uploads\/2023\/11\/IMG-20231109-WA0049-631x420.jpg 631w\" sizes=\"auto, (max-width: 768px) 100vw, 768px\" \/><\/p>\n<p>Teabo, Yucat\u00e1n, a 9 de noviembre de 2023.- Ante militantes y simpatizantes panistas del Municipio de Teabo, el precandidato a la gubernatura de Yucat\u00e1n por el Partido Acci\u00f3n Nacional (PAN), Ren\u00e1n Barrera Concha, manifest\u00f3 que escuchar a las y los yucatecos permitir\u00e1 construir una propuesta que atienda las necesidades de las comunidades y los sectores econ\u00f3micos para consolidar la transformaci\u00f3n segura en nuestro estado.<\/p>\n<p>\u00abPara continuar con la transformaci\u00f3n segura de Yucat\u00e1n es necesario un mayor impulso y atenci\u00f3n a las necesidades de las y los artesanos, campesinos, ejidatarios, comerciantes y todos los sectores productivos, porque hay talento y es necesario crear programas o acciones que garanticen un precio justo para sus productos, que son buenos y debe valorarse ese trabajo\u201d expres\u00f3.<\/p>\n<p>Destac\u00f3 que las y los artesanos que trabajan el \u00abXokbil chuuy\u00bb, (hilo contado), principal actividad econ\u00f3mica en Teabo, deben contar con programas enfocados a impulsar a este sector porque \u00abla \u00fanica forma de que tengan mejores oportunidades es ampliar los canales de difusi\u00f3n para mostrar su talento al mundo entero\u00bb.<\/p>\n<p>Hay que hacerle justicia a quienes dan todo su esfuerzo, como ustedes, es necesario que m\u00e1s gente conozca su producto, contin\u00fao, que puedan vender a un precio justo, que es lo que muchas veces padecen los artesanos, productores ejidatarios, campesinos, que vendan sin intermediarios.<\/p>\n<p>\u201c\u00a1Aqu\u00ed estoy como precandidato, aqu\u00ed estar\u00e9 como candidato y aqu\u00ed estar\u00e9 como gobernador! Hay mucho que podemos hacer, hay temas que atender \u00a1Vamos juntos y unidos, porque con Ren\u00e1n gana Yucat\u00e1n!\u201d, apunt\u00f3.<\/p>\n<p>Por su parte, la artesana Jennifer Coll\u00ed Chabl\u00e9, destac\u00f3 que mediante de su trabajo a base de hilo contado, expresa su ideas y sentimientos, y le gustar\u00eda que sus prendan se exhiban en m\u00e1s municipios e incluso a nivel nacional, para vender m\u00e1s.<\/p>\n<p>\u00abReconocemos al gobierno por los programas y eventos que han promovido, como la exposici\u00f3n Teabo en Progreso, por ello, me gustar\u00eda pedirme que usted don Ren\u00e1n, siga impulsando a este sector y que cada vez sean m\u00e1s invitaciones en municipios o estados, para mostrar y vender nuestros trabajos\u00bb, destac\u00f3 la artesana.<\/p>\n<p>Ante esta petici\u00f3n, el precandidato la invit\u00f3 a sumarse a la defensa de Yucat\u00e1n con estas propuestas que provienen de la gente, que conoce mejor los inconvenientes que tiene el sector, para elaborar acciones que ayuden a eliminar estos obst\u00e1culos.<\/p>\n<p>&nbsp;<\/p>\n<p>En Mayap\u00e1n con productores<\/p>\n<p>Previamente, el precandidato del PAN visit\u00f3 Mayap\u00e1n para convivir y escuchar a un grupo de militantes y simpatizantes panistas dedicados al campo, donde la productora Juvencia Eu\u00e1n Caamal habl\u00f3 a nombre de todas y todos para reiterarle su respaldo y la confianza que triunfar\u00e1 en 2024.<\/p>\n<p>\u00abEn nombre de todas las artesanas de Mayap\u00e1n, \u00a1Mayap\u00e1n te da la bienvenida! Cuenta con nuestro apoyo, vamos a caminar juntos en esta etapa que est\u00e1 comenzando\u00bb, enfatiz\u00f3 do\u00f1a Juvencia.<\/p>\n<p>Por su parte, Ren\u00e1n Barrera expuso que, en esta etapa de precampa\u00f1a, escuchar\u00e1 de cerca los puntos a reforzar en materia del campo, salud, econom\u00eda y las diversas actividades econ\u00f3micas, para que en 2024 pueda construir un plan de gobierno plural, incluyente y justo.<\/p>\n<p>\u00abHoy quiero asumir este este reto como precandidato a gobernador de Yucat\u00e1n, porque estoy convencido, tengo la experiencia, porque sabemos la forma de como transformar la vida de las personas para bien \u00a1Hay que hacerlo en equipo! \u00a1Hay que trabajar para que tengan m\u00e1s y mejores oportunidades y cuidemos Yucat\u00e1n!\u00bb, destac\u00f3 el precandidato del PAN.<\/p>\n","protected":false},"excerpt":{"rendered":"<p>Teabo, Yucat\u00e1n, a 9 de noviembre de 2023.- Ante militantes y simpatizantes panistas del Municipio de Teabo, el precandidato a la gubernatura de Yucat\u00e1n por el Partido Acci\u00f3n Nacional (PAN), Ren\u00e1n Barrera Concha, manifest\u00f3 que escuchar a las y los yucatecos permitir\u00e1 construir una propuesta que atienda las necesidades de las comunidades y los sectores [&hellip;]<\/p>\n","protected":false},"author":3,"featured_media":100830,"comment_status":"closed","ping_status":"closed","sticky":false,"template":"","format":"standard","meta":{"footnotes":""},"categories":[2],"tags":[],"class_list":{"0":"post-100829","1":"post","2":"type-post","3":"status-publish","4":"format-standard","5":"has-post-thumbnail","7":"category-merida"},"yoast_head":"<!-- This site is optimized with the Yoast SEO plugin v27.5 - https:\/\/yoast.com\/product\/yoast-seo-wordpress\/ -->\n<title>Ren\u00e1n Barrera se re\u00fane con habitantes de Teabo - Yucat\u00e1n en corto<\/title>\n<meta name=\"robots\" content=\"index, follow, max-snippet:-1, max-image-preview:large, max-video-preview:-1\" \/>\n<link rel=\"canonical\" href=\"https:\/\/www.yucatanencorto.com\/noticias\/renan-barrera-se-reune-con-habitantes-de-teabo\/\" \/>\n<meta property=\"og:locale\" content=\"es_ES\" \/>\n<meta property=\"og:type\" content=\"article\" \/>\n<meta property=\"og:title\" content=\"Ren\u00e1n Barrera se re\u00fane con habitantes de Teabo - Yucat\u00e1n en corto\" \/>\n<meta property=\"og:description\" content=\"Teabo, Yucat\u00e1n, a 9 de noviembre de 2023.- Ante militantes y simpatizantes panistas del Municipio de Teabo, el precandidato a la gubernatura de Yucat\u00e1n por el Partido Acci\u00f3n Nacional (PAN), Ren\u00e1n Barrera Concha, manifest\u00f3 que escuchar a las y los yucatecos permitir\u00e1 construir una propuesta que atienda las necesidades de las comunidades y los sectores [&hellip;]\" \/>\n<meta property=\"og:url\" content=\"https:\/\/www.yucatanencorto.com\/noticias\/renan-barrera-se-reune-con-habitantes-de-teabo\/\" \/>\n<meta property=\"og:site_name\" content=\"Yucat\u00e1n en corto\" \/>\n<meta property=\"article:publisher\" content=\"http:\/\/www.facebook.com\/yucatanencorto\" \/>\n<meta property=\"article:published_time\" content=\"2023-11-10T01:37:02+00:00\" \/>\n<meta property=\"og:image\" content=\"https:\/\/www.yucatanencorto.com\/noticias\/wp-content\/uploads\/2023\/11\/IMG-20231109-WA0049-scaled.jpg\" \/>\n\t<meta property=\"og:image:width\" content=\"768\" \/>\n\t<meta property=\"og:image:height\" content=\"512\" \/>\n\t<meta property=\"og:image:type\" content=\"image\/jpeg\" \/>\n<meta name=\"author\" content=\"Redes\" \/>\n<meta name=\"twitter:card\" content=\"summary_large_image\" \/>\n<meta name=\"twitter:creator\" content=\"@yucatanencorto\" \/>\n<meta name=\"twitter:site\" content=\"@yucatanencorto\" \/>\n<meta name=\"twitter:label1\" content=\"Escrito por\" \/>\n\t<meta name=\"twitter:data1\" content=\"Redes\" \/>\n\t<meta name=\"twitter:label2\" content=\"Tiempo de lectura\" \/>\n\t<meta name=\"twitter:data2\" content=\"3 minutos\" \/>\n<script type=\"application\/ld+json\" class=\"yoast-schema-graph\">{\"@context\":\"https:\\\/\\\/schema.org\",\"@graph\":[{\"@type\":\"Article\",\"@id\":\"https:\\\/\\\/www.yucatanencorto.com\\\/noticias\\\/renan-barrera-se-reune-con-habitantes-de-teabo\\\/#article\",\"isPartOf\":{\"@id\":\"https:\\\/\\\/www.yucatanencorto.com\\\/noticias\\\/renan-barrera-se-reune-con-habitantes-de-teabo\\\/\"},\"author\":{\"name\":\"Redes\",\"@id\":\"https:\\\/\\\/www.yucatanencorto.com\\\/noticias\\\/#\\\/schema\\\/person\\\/e2fbdfaf30a07014a43940ce989f3119\"},\"headline\":\"Ren\u00e1n Barrera se re\u00fane con habitantes de Teabo\",\"datePublished\":\"2023-11-10T01:37:02+00:00\",\"mainEntityOfPage\":{\"@id\":\"https:\\\/\\\/www.yucatanencorto.com\\\/noticias\\\/renan-barrera-se-reune-con-habitantes-de-teabo\\\/\"},\"wordCount\":607,\"image\":{\"@id\":\"https:\\\/\\\/www.yucatanencorto.com\\\/noticias\\\/renan-barrera-se-reune-con-habitantes-de-teabo\\\/#primaryimage\"},\"thumbnailUrl\":\"https:\\\/\\\/www.yucatanencorto.com\\\/noticias\\\/wp-content\\\/uploads\\\/2023\\\/11\\\/IMG-20231109-WA0049-scaled.jpg\",\"articleSection\":[\"M\u00e9rida\"],\"inLanguage\":\"es\"},{\"@type\":\"WebPage\",\"@id\":\"https:\\\/\\\/www.yucatanencorto.com\\\/noticias\\\/renan-barrera-se-reune-con-habitantes-de-teabo\\\/\",\"url\":\"https:\\\/\\\/www.yucatanencorto.com\\\/noticias\\\/renan-barrera-se-reune-con-habitantes-de-teabo\\\/\",\"name\":\"Ren\u00e1n Barrera se re\u00fane con habitantes de Teabo - Yucat\u00e1n en corto\",\"isPartOf\":{\"@id\":\"https:\\\/\\\/www.yucatanencorto.com\\\/noticias\\\/#website\"},\"primaryImageOfPage\":{\"@id\":\"https:\\\/\\\/www.yucatanencorto.com\\\/noticias\\\/renan-barrera-se-reune-con-habitantes-de-teabo\\\/#primaryimage\"},\"image\":{\"@id\":\"https:\\\/\\\/www.yucatanencorto.com\\\/noticias\\\/renan-barrera-se-reune-con-habitantes-de-teabo\\\/#primaryimage\"},\"thumbnailUrl\":\"https:\\\/\\\/www.yucatanencorto.com\\\/noticias\\\/wp-content\\\/uploads\\\/2023\\\/11\\\/IMG-20231109-WA0049-scaled.jpg\",\"datePublished\":\"2023-11-10T01:37:02+00:00\",\"author\":{\"@id\":\"https:\\\/\\\/www.yucatanencorto.com\\\/noticias\\\/#\\\/schema\\\/person\\\/e2fbdfaf30a07014a43940ce989f3119\"},\"breadcrumb\":{\"@id\":\"https:\\\/\\\/www.yucatanencorto.com\\\/noticias\\\/renan-barrera-se-reune-con-habitantes-de-teabo\\\/#breadcrumb\"},\"inLanguage\":\"es\",\"potentialAction\":[{\"@type\":\"ReadAction\",\"target\":[\"https:\\\/\\\/www.yucatanencorto.com\\\/noticias\\\/renan-barrera-se-reune-con-habitantes-de-teabo\\\/\"]}]},{\"@type\":\"ImageObject\",\"inLanguage\":\"es\",\"@id\":\"https:\\\/\\\/www.yucatanencorto.com\\\/noticias\\\/renan-barrera-se-reune-con-habitantes-de-teabo\\\/#primaryimage\",\"url\":\"https:\\\/\\\/www.yucatanencorto.com\\\/noticias\\\/wp-content\\\/uploads\\\/2023\\\/11\\\/IMG-20231109-WA0049-scaled.jpg\",\"contentUrl\":\"https:\\\/\\\/www.yucatanencorto.com\\\/noticias\\\/wp-content\\\/uploads\\\/2023\\\/11\\\/IMG-20231109-WA0049-scaled.jpg\",\"width\":768,\"height\":512},{\"@type\":\"BreadcrumbList\",\"@id\":\"https:\\\/\\\/www.yucatanencorto.com\\\/noticias\\\/renan-barrera-se-reune-con-habitantes-de-teabo\\\/#breadcrumb\",\"itemListElement\":[{\"@type\":\"ListItem\",\"position\":1,\"name\":\"Portada\",\"item\":\"https:\\\/\\\/www.yucatanencorto.com\\\/noticias\\\/\"},{\"@type\":\"ListItem\",\"position\":2,\"name\":\"Ren\u00e1n Barrera se re\u00fane con habitantes de Teabo\"}]},{\"@type\":\"WebSite\",\"@id\":\"https:\\\/\\\/www.yucatanencorto.com\\\/noticias\\\/#website\",\"url\":\"https:\\\/\\\/www.yucatanencorto.com\\\/noticias\\\/\",\"name\":\"Yucat\u00e1n en corto\",\"description\":\"Noticias\",\"potentialAction\":[{\"@type\":\"SearchAction\",\"target\":{\"@type\":\"EntryPoint\",\"urlTemplate\":\"https:\\\/\\\/www.yucatanencorto.com\\\/noticias\\\/?s={search_term_string}\"},\"query-input\":{\"@type\":\"PropertyValueSpecification\",\"valueRequired\":true,\"valueName\":\"search_term_string\"}}],\"inLanguage\":\"es\"},{\"@type\":\"Person\",\"@id\":\"https:\\\/\\\/www.yucatanencorto.com\\\/noticias\\\/#\\\/schema\\\/person\\\/e2fbdfaf30a07014a43940ce989f3119\",\"name\":\"Redes\",\"image\":{\"@type\":\"ImageObject\",\"inLanguage\":\"es\",\"@id\":\"https:\\\/\\\/secure.gravatar.com\\\/avatar\\\/5931a2d21dd7cc834f44c8c34fe56d90ed6d536ef452cbf870c7485b524dddd7?s=96&d=mm&r=g\",\"url\":\"https:\\\/\\\/secure.gravatar.com\\\/avatar\\\/5931a2d21dd7cc834f44c8c34fe56d90ed6d536ef452cbf870c7485b524dddd7?s=96&d=mm&r=g\",\"contentUrl\":\"https:\\\/\\\/secure.gravatar.com\\\/avatar\\\/5931a2d21dd7cc834f44c8c34fe56d90ed6d536ef452cbf870c7485b524dddd7?s=96&d=mm&r=g\",\"caption\":\"Redes\"},\"url\":\"https:\\\/\\\/www.yucatanencorto.com\\\/noticias\\\/author\\\/redes\\\/\"}]}<\/script>\n<!-- \/ Yoast SEO plugin. -->","yoast_head_json":{"title":"Ren\u00e1n Barrera se re\u00fane con habitantes de Teabo - Yucat\u00e1n en corto","robots":{"index":"index","follow":"follow","max-snippet":"max-snippet:-1","max-image-preview":"max-image-preview:large","max-video-preview":"max-video-preview:-1"},"canonical":"https:\/\/www.yucatanencorto.com\/noticias\/renan-barrera-se-reune-con-habitantes-de-teabo\/","og_locale":"es_ES","og_type":"article","og_title":"Ren\u00e1n Barrera se re\u00fane con habitantes de Teabo - Yucat\u00e1n en corto","og_description":"Teabo, Yucat\u00e1n, a 9 de noviembre de 2023.- Ante militantes y simpatizantes panistas del Municipio de Teabo, el precandidato a la gubernatura de Yucat\u00e1n por el Partido Acci\u00f3n Nacional (PAN), Ren\u00e1n Barrera Concha, manifest\u00f3 que escuchar a las y los yucatecos permitir\u00e1 construir una propuesta que atienda las necesidades de las comunidades y los sectores [&hellip;]","og_url":"https:\/\/www.yucatanencorto.com\/noticias\/renan-barrera-se-reune-con-habitantes-de-teabo\/","og_site_name":"Yucat\u00e1n en corto","article_publisher":"http:\/\/www.facebook.com\/yucatanencorto","article_published_time":"2023-11-10T01:37:02+00:00","og_image":[{"width":768,"height":512,"url":"https:\/\/www.yucatanencorto.com\/noticias\/wp-content\/uploads\/2023\/11\/IMG-20231109-WA0049-scaled.jpg","type":"image\/jpeg"}],"author":"Redes","twitter_card":"summary_large_image","twitter_creator":"@yucatanencorto","twitter_site":"@yucatanencorto","twitter_misc":{"Escrito por":"Redes","Tiempo de lectura":"3 minutos"},"schema":{"@context":"https:\/\/schema.org","@graph":[{"@type":"Article","@id":"https:\/\/www.yucatanencorto.com\/noticias\/renan-barrera-se-reune-con-habitantes-de-teabo\/#article","isPartOf":{"@id":"https:\/\/www.yucatanencorto.com\/noticias\/renan-barrera-se-reune-con-habitantes-de-teabo\/"},"author":{"name":"Redes","@id":"https:\/\/www.yucatanencorto.com\/noticias\/#\/schema\/person\/e2fbdfaf30a07014a43940ce989f3119"},"headline":"Ren\u00e1n Barrera se re\u00fane con habitantes de Teabo","datePublished":"2023-11-10T01:37:02+00:00","mainEntityOfPage":{"@id":"https:\/\/www.yucatanencorto.com\/noticias\/renan-barrera-se-reune-con-habitantes-de-teabo\/"},"wordCount":607,"image":{"@id":"https:\/\/www.yucatanencorto.com\/noticias\/renan-barrera-se-reune-con-habitantes-de-teabo\/#primaryimage"},"thumbnailUrl":"https:\/\/www.yucatanencorto.com\/noticias\/wp-content\/uploads\/2023\/11\/IMG-20231109-WA0049-scaled.jpg","articleSection":["M\u00e9rida"],"inLanguage":"es"},{"@type":"WebPage","@id":"https:\/\/www.yucatanencorto.com\/noticias\/renan-barrera-se-reune-con-habitantes-de-teabo\/","url":"https:\/\/www.yucatanencorto.com\/noticias\/renan-barrera-se-reune-con-habitantes-de-teabo\/","name":"Ren\u00e1n Barrera se re\u00fane con habitantes de Teabo - Yucat\u00e1n en corto","isPartOf":{"@id":"https:\/\/www.yucatanencorto.com\/noticias\/#website"},"primaryImageOfPage":{"@id":"https:\/\/www.yucatanencorto.com\/noticias\/renan-barrera-se-reune-con-habitantes-de-teabo\/#primaryimage"},"image":{"@id":"https:\/\/www.yucatanencorto.com\/noticias\/renan-barrera-se-reune-con-habitantes-de-teabo\/#primaryimage"},"thumbnailUrl":"https:\/\/www.yucatanencorto.com\/noticias\/wp-content\/uploads\/2023\/11\/IMG-20231109-WA0049-scaled.jpg","datePublished":"2023-11-10T01:37:02+00:00","author":{"@id":"https:\/\/www.yucatanencorto.com\/noticias\/#\/schema\/person\/e2fbdfaf30a07014a43940ce989f3119"},"breadcrumb":{"@id":"https:\/\/www.yucatanencorto.com\/noticias\/renan-barrera-se-reune-con-habitantes-de-teabo\/#breadcrumb"},"inLanguage":"es","potentialAction":[{"@type":"ReadAction","target":["https:\/\/www.yucatanencorto.com\/noticias\/renan-barrera-se-reune-con-habitantes-de-teabo\/"]}]},{"@type":"ImageObject","inLanguage":"es","@id":"https:\/\/www.yucatanencorto.com\/noticias\/renan-barrera-se-reune-con-habitantes-de-teabo\/#primaryimage","url":"https:\/\/www.yucatanencorto.com\/noticias\/wp-content\/uploads\/2023\/11\/IMG-20231109-WA0049-scaled.jpg","contentUrl":"https:\/\/www.yucatanencorto.com\/noticias\/wp-content\/uploads\/2023\/11\/IMG-20231109-WA0049-scaled.jpg","width":768,"height":512},{"@type":"BreadcrumbList","@id":"https:\/\/www.yucatanencorto.com\/noticias\/renan-barrera-se-reune-con-habitantes-de-teabo\/#breadcrumb","itemListElement":[{"@type":"ListItem","position":1,"name":"Portada","item":"https:\/\/www.yucatanencorto.com\/noticias\/"},{"@type":"ListItem","position":2,"name":"Ren\u00e1n Barrera se re\u00fane con habitantes de Teabo"}]},{"@type":"WebSite","@id":"https:\/\/www.yucatanencorto.com\/noticias\/#website","url":"https:\/\/www.yucatanencorto.com\/noticias\/","name":"Yucat\u00e1n en corto","description":"Noticias","potentialAction":[{"@type":"SearchAction","target":{"@type":"EntryPoint","urlTemplate":"https:\/\/www.yucatanencorto.com\/noticias\/?s={search_term_string}"},"query-input":{"@type":"PropertyValueSpecification","valueRequired":true,"valueName":"search_term_string"}}],"inLanguage":"es"},{"@type":"Person","@id":"https:\/\/www.yucatanencorto.com\/noticias\/#\/schema\/person\/e2fbdfaf30a07014a43940ce989f3119","name":"Redes","image":{"@type":"ImageObject","inLanguage":"es","@id":"https:\/\/secure.gravatar.com\/avatar\/5931a2d21dd7cc834f44c8c34fe56d90ed6d536ef452cbf870c7485b524dddd7?s=96&d=mm&r=g","url":"https:\/\/secure.gravatar.com\/avatar\/5931a2d21dd7cc834f44c8c34fe56d90ed6d536ef452cbf870c7485b524dddd7?s=96&d=mm&r=g","contentUrl":"https:\/\/secure.gravatar.com\/avatar\/5931a2d21dd7cc834f44c8c34fe56d90ed6d536ef452cbf870c7485b524dddd7?s=96&d=mm&r=g","caption":"Redes"},"url":"https:\/\/www.yucatanencorto.com\/noticias\/author\/redes\/"}]}},"_links":{"self":[{"href":"https:\/\/www.yucatanencorto.com\/noticias\/wp-json\/wp\/v2\/posts\/100829","targetHints":{"allow":["GET"]}}],"collection":[{"href":"https:\/\/www.yucatanencorto.com\/noticias\/wp-json\/wp\/v2\/posts"}],"about":[{"href":"https:\/\/www.yucatanencorto.com\/noticias\/wp-json\/wp\/v2\/types\/post"}],"author":[{"embeddable":true,"href":"https:\/\/www.yucatanencorto.com\/noticias\/wp-json\/wp\/v2\/users\/3"}],"replies":[{"embeddable":true,"href":"https:\/\/www.yucatanencorto.com\/noticias\/wp-json\/wp\/v2\/comments?post=100829"}],"version-history":[{"count":0,"href":"https:\/\/www.yucatanencorto.com\/noticias\/wp-json\/wp\/v2\/posts\/100829\/revisions"}],"wp:featuredmedia":[{"embeddable":true,"href":"https:\/\/www.yucatanencorto.com\/noticias\/wp-json\/wp\/v2\/media\/100830"}],"wp:attachment":[{"href":"https:\/\/www.yucatanencorto.com\/noticias\/wp-json\/wp\/v2\/media?parent=100829"}],"wp:term":[{"taxonomy":"category","embeddable":true,"href":"https:\/\/www.yucatanencorto.com\/noticias\/wp-json\/wp\/v2\/categories?post=100829"},{"taxonomy":"post_tag","embeddable":true,"href":"https:\/\/www.yucatanencorto.com\/noticias\/wp-json\/wp\/v2\/tags?post=100829"}],"curies":[{"name":"wp","href":"https:\/\/api.w.org\/{rel}","templated":true}]}}