{"id":100832,"date":"2023-11-09T23:31:04","date_gmt":"2023-11-10T05:31:04","guid":{"rendered":"https:\/\/www.yucatanencorto.com\/noticias\/?p=100832"},"modified":"2023-11-09T23:31:04","modified_gmt":"2023-11-10T05:31:04","slug":"a-partir-de-manana-rutas-va-y-ven-iniciaran-operaciones-hacia-la-feria-de-xmatkuil","status":"publish","type":"post","link":"https:\/\/www.yucatanencorto.com\/noticias\/a-partir-de-manana-rutas-va-y-ven-iniciaran-operaciones-hacia-la-feria-de-xmatkuil\/","title":{"rendered":"A partir de ma\u00f1ana, rutas Va y Ven iniciar\u00e1n operaciones hacia la Feria de Xmatkuil"},"content":{"rendered":"<p><img loading=\"lazy\" decoding=\"async\" class=\"alignnone size-full wp-image-100833\" src=\"https:\/\/www.yucatanencorto.com\/noticias\/wp-content\/uploads\/2023\/11\/IMG-20231109-WA0051-scaled.jpg\" alt=\"\" width=\"768\" height=\"768\" srcset=\"https:\/\/www.yucatanencorto.com\/noticias\/wp-content\/uploads\/2023\/11\/IMG-20231109-WA0051-scaled.jpg 768w, https:\/\/www.yucatanencorto.com\/noticias\/wp-content\/uploads\/2023\/11\/IMG-20231109-WA0051-696x696.jpg 696w, https:\/\/www.yucatanencorto.com\/noticias\/wp-content\/uploads\/2023\/11\/IMG-20231109-WA0051-420x420.jpg 420w\" sizes=\"auto, (max-width: 768px) 100vw, 768px\" \/><\/p>\n<p>M\u00e9rida, Yucat\u00e1n, 9 de noviembre de 2023.- A partir de ma\u00f1ana viernes, comenzar\u00e1n a funcionar las rutas directas de transporte Va y Ven que llegar\u00e1n a la Feria de Xmatkuil, que abre sus puertas en la edici\u00f3n 2023, cuyas salidas ser\u00e1n en Ciudad Caucel, los H\u00e9roes, Las Am\u00e9ricas y Um\u00e1n, inform\u00f3 la Agencia de Transporte de Yucat\u00e1n (ATY).<\/p>\n<p>&nbsp;<\/p>\n<p>La Agencia indic\u00f3 que ser\u00e1n 4 unidades tipo Va y Ven por ruta que contar\u00e1n con el beneficio del transbordo y las cuales estar\u00e1n dando servicio los d\u00edas viernes de 18:00 a 00:00 horas; s\u00e1bados de 12:00 a 02:00 horas; domingos de 12:00 a 00:00 y el 20 de noviembre de 12:00 a 00:00 horas.<\/p>\n<p>&nbsp;<\/p>\n<p>Cabe destacar que, en las taquillas de la feria se habilitar\u00e1n dos ventanillas donde se podr\u00e1 realizar la compra y recarga de las tarjetas, para pago de tarifa general de 12 pesos; social 5 pesos y sin costo para las personas con discapacidad.<\/p>\n<p>&nbsp;<\/p>\n<p>La ATY explic\u00f3 que la ruta de Circuito Am\u00e9ricas- Xmatkuil, saldr\u00e1 de Plaza Akr\u00f3polis, dirigi\u00e9ndose a la Facultad de Ingenier\u00eda, teniendo como \u00faltima parada al fraccionamiento Real Montejo, para salir por Perif\u00e9rico hasta llegar al recinto ferial.<\/p>\n<p>&nbsp;<\/p>\n<p>La ruta Los H\u00e9roes- Xmatkuil, partiendo de bodega Aurrera H\u00e9roes, saliendo por perif\u00e9rico del lado exterior para hacer parada en el paradero de Kanas\u00edn siguiendo por perif\u00e9rico y haciendo la \u00faltima parada en el paradero de la salida a Xmatkuil, siempre sobre Perif\u00e9rico, desde donde toma la avenida directo a la feria.<\/p>\n<p>&nbsp;<\/p>\n<p>En el caso de la ruta de Caucel \u2013 Xmatkuil, saldr\u00e1n de Chedraui Caucel, para incorporarse a Perif\u00e9rico del lado exterior y hacer parada en el paradero de Nora Quintana, donde se vuelve a incorporar a Perif\u00e9rico del mismo lado, llegando a su \u00faltima parada en avenida 86 de donde se incorpora de nueva cuenta a Perif\u00e9rico en direcci\u00f3n al recinto ferial.<\/p>\n<p>&nbsp;<\/p>\n<p>Por \u00faltimo, la ruta Um\u00e1n \u2013 Xmatkuil, que saldr\u00e1 a un costado de la iglesia de Um\u00e1n (antiguo paradero de la ruta) para despu\u00e9s hacer parada en San Lorenzo, y como \u00faltimo punto Piedra de Agua, donde se incorpora a Perif\u00e9rico hasta llegar a la feria.<\/p>\n<p>&nbsp;<\/p>\n<p>La ATY pone a disposici\u00f3n su l\u00ednea 072, el m\u00f3dulo de la Direcci\u00f3n de Transporte y el servicio de mensajer\u00eda instant\u00e1nea ChatBus, mediante WhatsApp al 999 165 24 74, para resolver dudas y levantar reportes sobre el servicio.<\/p>\n","protected":false},"excerpt":{"rendered":"<p>M\u00e9rida, Yucat\u00e1n, 9 de noviembre de 2023.- A partir de ma\u00f1ana viernes, comenzar\u00e1n a funcionar las rutas directas de transporte Va y Ven que llegar\u00e1n a la Feria de Xmatkuil, que abre sus puertas en la edici\u00f3n 2023, cuyas salidas ser\u00e1n en Ciudad Caucel, los H\u00e9roes, Las Am\u00e9ricas y Um\u00e1n, inform\u00f3 la Agencia de Transporte [&hellip;]<\/p>\n","protected":false},"author":3,"featured_media":100833,"comment_status":"closed","ping_status":"closed","sticky":false,"template":"","format":"standard","meta":{"footnotes":""},"categories":[3],"tags":[],"class_list":{"0":"post-100832","1":"post","2":"type-post","3":"status-publish","4":"format-standard","5":"has-post-thumbnail","7":"category-yucatan"},"yoast_head":"<!-- This site is optimized with the Yoast SEO plugin v27.5 - https:\/\/yoast.com\/product\/yoast-seo-wordpress\/ -->\n<title>A partir de ma\u00f1ana, rutas Va y Ven iniciar\u00e1n operaciones hacia la Feria de Xmatkuil - Yucat\u00e1n en corto<\/title>\n<meta name=\"robots\" content=\"index, follow, max-snippet:-1, max-image-preview:large, max-video-preview:-1\" \/>\n<link rel=\"canonical\" href=\"https:\/\/www.yucatanencorto.com\/noticias\/a-partir-de-manana-rutas-va-y-ven-iniciaran-operaciones-hacia-la-feria-de-xmatkuil\/\" \/>\n<meta property=\"og:locale\" content=\"es_ES\" \/>\n<meta property=\"og:type\" content=\"article\" \/>\n<meta property=\"og:title\" content=\"A partir de ma\u00f1ana, rutas Va y Ven iniciar\u00e1n operaciones hacia la Feria de Xmatkuil - Yucat\u00e1n en corto\" \/>\n<meta property=\"og:description\" content=\"M\u00e9rida, Yucat\u00e1n, 9 de noviembre de 2023.- A partir de ma\u00f1ana viernes, comenzar\u00e1n a funcionar las rutas directas de transporte Va y Ven que llegar\u00e1n a la Feria de Xmatkuil, que abre sus puertas en la edici\u00f3n 2023, cuyas salidas ser\u00e1n en Ciudad Caucel, los H\u00e9roes, Las Am\u00e9ricas y Um\u00e1n, inform\u00f3 la Agencia de Transporte [&hellip;]\" \/>\n<meta property=\"og:url\" content=\"https:\/\/www.yucatanencorto.com\/noticias\/a-partir-de-manana-rutas-va-y-ven-iniciaran-operaciones-hacia-la-feria-de-xmatkuil\/\" \/>\n<meta property=\"og:site_name\" content=\"Yucat\u00e1n en corto\" \/>\n<meta property=\"article:publisher\" content=\"http:\/\/www.facebook.com\/yucatanencorto\" \/>\n<meta property=\"article:published_time\" content=\"2023-11-10T05:31:04+00:00\" \/>\n<meta property=\"og:image\" content=\"https:\/\/www.yucatanencorto.com\/noticias\/wp-content\/uploads\/2023\/11\/IMG-20231109-WA0051-scaled.jpg\" \/>\n\t<meta property=\"og:image:width\" content=\"768\" \/>\n\t<meta property=\"og:image:height\" content=\"768\" \/>\n\t<meta property=\"og:image:type\" content=\"image\/jpeg\" \/>\n<meta name=\"author\" content=\"Redes\" \/>\n<meta name=\"twitter:card\" content=\"summary_large_image\" \/>\n<meta name=\"twitter:creator\" content=\"@yucatanencorto\" \/>\n<meta name=\"twitter:site\" content=\"@yucatanencorto\" \/>\n<meta name=\"twitter:label1\" content=\"Escrito por\" \/>\n\t<meta name=\"twitter:data1\" content=\"Redes\" \/>\n\t<meta name=\"twitter:label2\" content=\"Tiempo de lectura\" \/>\n\t<meta name=\"twitter:data2\" content=\"2 minutos\" \/>\n<script type=\"application\/ld+json\" class=\"yoast-schema-graph\">{\"@context\":\"https:\\\/\\\/schema.org\",\"@graph\":[{\"@type\":\"Article\",\"@id\":\"https:\\\/\\\/www.yucatanencorto.com\\\/noticias\\\/a-partir-de-manana-rutas-va-y-ven-iniciaran-operaciones-hacia-la-feria-de-xmatkuil\\\/#article\",\"isPartOf\":{\"@id\":\"https:\\\/\\\/www.yucatanencorto.com\\\/noticias\\\/a-partir-de-manana-rutas-va-y-ven-iniciaran-operaciones-hacia-la-feria-de-xmatkuil\\\/\"},\"author\":{\"name\":\"Redes\",\"@id\":\"https:\\\/\\\/www.yucatanencorto.com\\\/noticias\\\/#\\\/schema\\\/person\\\/e2fbdfaf30a07014a43940ce989f3119\"},\"headline\":\"A partir de ma\u00f1ana, rutas Va y Ven iniciar\u00e1n operaciones hacia la Feria de Xmatkuil\",\"datePublished\":\"2023-11-10T05:31:04+00:00\",\"mainEntityOfPage\":{\"@id\":\"https:\\\/\\\/www.yucatanencorto.com\\\/noticias\\\/a-partir-de-manana-rutas-va-y-ven-iniciaran-operaciones-hacia-la-feria-de-xmatkuil\\\/\"},\"wordCount\":436,\"image\":{\"@id\":\"https:\\\/\\\/www.yucatanencorto.com\\\/noticias\\\/a-partir-de-manana-rutas-va-y-ven-iniciaran-operaciones-hacia-la-feria-de-xmatkuil\\\/#primaryimage\"},\"thumbnailUrl\":\"https:\\\/\\\/www.yucatanencorto.com\\\/noticias\\\/wp-content\\\/uploads\\\/2023\\\/11\\\/IMG-20231109-WA0051-scaled.jpg\",\"articleSection\":[\"Yucat\u00e1n\"],\"inLanguage\":\"es\"},{\"@type\":\"WebPage\",\"@id\":\"https:\\\/\\\/www.yucatanencorto.com\\\/noticias\\\/a-partir-de-manana-rutas-va-y-ven-iniciaran-operaciones-hacia-la-feria-de-xmatkuil\\\/\",\"url\":\"https:\\\/\\\/www.yucatanencorto.com\\\/noticias\\\/a-partir-de-manana-rutas-va-y-ven-iniciaran-operaciones-hacia-la-feria-de-xmatkuil\\\/\",\"name\":\"A partir de ma\u00f1ana, rutas Va y Ven iniciar\u00e1n operaciones hacia la Feria de Xmatkuil - Yucat\u00e1n en corto\",\"isPartOf\":{\"@id\":\"https:\\\/\\\/www.yucatanencorto.com\\\/noticias\\\/#website\"},\"primaryImageOfPage\":{\"@id\":\"https:\\\/\\\/www.yucatanencorto.com\\\/noticias\\\/a-partir-de-manana-rutas-va-y-ven-iniciaran-operaciones-hacia-la-feria-de-xmatkuil\\\/#primaryimage\"},\"image\":{\"@id\":\"https:\\\/\\\/www.yucatanencorto.com\\\/noticias\\\/a-partir-de-manana-rutas-va-y-ven-iniciaran-operaciones-hacia-la-feria-de-xmatkuil\\\/#primaryimage\"},\"thumbnailUrl\":\"https:\\\/\\\/www.yucatanencorto.com\\\/noticias\\\/wp-content\\\/uploads\\\/2023\\\/11\\\/IMG-20231109-WA0051-scaled.jpg\",\"datePublished\":\"2023-11-10T05:31:04+00:00\",\"author\":{\"@id\":\"https:\\\/\\\/www.yucatanencorto.com\\\/noticias\\\/#\\\/schema\\\/person\\\/e2fbdfaf30a07014a43940ce989f3119\"},\"breadcrumb\":{\"@id\":\"https:\\\/\\\/www.yucatanencorto.com\\\/noticias\\\/a-partir-de-manana-rutas-va-y-ven-iniciaran-operaciones-hacia-la-feria-de-xmatkuil\\\/#breadcrumb\"},\"inLanguage\":\"es\",\"potentialAction\":[{\"@type\":\"ReadAction\",\"target\":[\"https:\\\/\\\/www.yucatanencorto.com\\\/noticias\\\/a-partir-de-manana-rutas-va-y-ven-iniciaran-operaciones-hacia-la-feria-de-xmatkuil\\\/\"]}]},{\"@type\":\"ImageObject\",\"inLanguage\":\"es\",\"@id\":\"https:\\\/\\\/www.yucatanencorto.com\\\/noticias\\\/a-partir-de-manana-rutas-va-y-ven-iniciaran-operaciones-hacia-la-feria-de-xmatkuil\\\/#primaryimage\",\"url\":\"https:\\\/\\\/www.yucatanencorto.com\\\/noticias\\\/wp-content\\\/uploads\\\/2023\\\/11\\\/IMG-20231109-WA0051-scaled.jpg\",\"contentUrl\":\"https:\\\/\\\/www.yucatanencorto.com\\\/noticias\\\/wp-content\\\/uploads\\\/2023\\\/11\\\/IMG-20231109-WA0051-scaled.jpg\",\"width\":768,\"height\":768},{\"@type\":\"BreadcrumbList\",\"@id\":\"https:\\\/\\\/www.yucatanencorto.com\\\/noticias\\\/a-partir-de-manana-rutas-va-y-ven-iniciaran-operaciones-hacia-la-feria-de-xmatkuil\\\/#breadcrumb\",\"itemListElement\":[{\"@type\":\"ListItem\",\"position\":1,\"name\":\"Portada\",\"item\":\"https:\\\/\\\/www.yucatanencorto.com\\\/noticias\\\/\"},{\"@type\":\"ListItem\",\"position\":2,\"name\":\"A partir de ma\u00f1ana, rutas Va y Ven iniciar\u00e1n operaciones hacia la Feria de Xmatkuil\"}]},{\"@type\":\"WebSite\",\"@id\":\"https:\\\/\\\/www.yucatanencorto.com\\\/noticias\\\/#website\",\"url\":\"https:\\\/\\\/www.yucatanencorto.com\\\/noticias\\\/\",\"name\":\"Yucat\u00e1n en corto\",\"description\":\"Noticias\",\"potentialAction\":[{\"@type\":\"SearchAction\",\"target\":{\"@type\":\"EntryPoint\",\"urlTemplate\":\"https:\\\/\\\/www.yucatanencorto.com\\\/noticias\\\/?s={search_term_string}\"},\"query-input\":{\"@type\":\"PropertyValueSpecification\",\"valueRequired\":true,\"valueName\":\"search_term_string\"}}],\"inLanguage\":\"es\"},{\"@type\":\"Person\",\"@id\":\"https:\\\/\\\/www.yucatanencorto.com\\\/noticias\\\/#\\\/schema\\\/person\\\/e2fbdfaf30a07014a43940ce989f3119\",\"name\":\"Redes\",\"image\":{\"@type\":\"ImageObject\",\"inLanguage\":\"es\",\"@id\":\"https:\\\/\\\/secure.gravatar.com\\\/avatar\\\/5931a2d21dd7cc834f44c8c34fe56d90ed6d536ef452cbf870c7485b524dddd7?s=96&d=mm&r=g\",\"url\":\"https:\\\/\\\/secure.gravatar.com\\\/avatar\\\/5931a2d21dd7cc834f44c8c34fe56d90ed6d536ef452cbf870c7485b524dddd7?s=96&d=mm&r=g\",\"contentUrl\":\"https:\\\/\\\/secure.gravatar.com\\\/avatar\\\/5931a2d21dd7cc834f44c8c34fe56d90ed6d536ef452cbf870c7485b524dddd7?s=96&d=mm&r=g\",\"caption\":\"Redes\"},\"url\":\"https:\\\/\\\/www.yucatanencorto.com\\\/noticias\\\/author\\\/redes\\\/\"}]}<\/script>\n<!-- \/ Yoast SEO plugin. -->","yoast_head_json":{"title":"A partir de ma\u00f1ana, rutas Va y Ven iniciar\u00e1n operaciones hacia la Feria de Xmatkuil - Yucat\u00e1n en corto","robots":{"index":"index","follow":"follow","max-snippet":"max-snippet:-1","max-image-preview":"max-image-preview:large","max-video-preview":"max-video-preview:-1"},"canonical":"https:\/\/www.yucatanencorto.com\/noticias\/a-partir-de-manana-rutas-va-y-ven-iniciaran-operaciones-hacia-la-feria-de-xmatkuil\/","og_locale":"es_ES","og_type":"article","og_title":"A partir de ma\u00f1ana, rutas Va y Ven iniciar\u00e1n operaciones hacia la Feria de Xmatkuil - Yucat\u00e1n en corto","og_description":"M\u00e9rida, Yucat\u00e1n, 9 de noviembre de 2023.- A partir de ma\u00f1ana viernes, comenzar\u00e1n a funcionar las rutas directas de transporte Va y Ven que llegar\u00e1n a la Feria de Xmatkuil, que abre sus puertas en la edici\u00f3n 2023, cuyas salidas ser\u00e1n en Ciudad Caucel, los H\u00e9roes, Las Am\u00e9ricas y Um\u00e1n, inform\u00f3 la Agencia de Transporte [&hellip;]","og_url":"https:\/\/www.yucatanencorto.com\/noticias\/a-partir-de-manana-rutas-va-y-ven-iniciaran-operaciones-hacia-la-feria-de-xmatkuil\/","og_site_name":"Yucat\u00e1n en corto","article_publisher":"http:\/\/www.facebook.com\/yucatanencorto","article_published_time":"2023-11-10T05:31:04+00:00","og_image":[{"width":768,"height":768,"url":"https:\/\/www.yucatanencorto.com\/noticias\/wp-content\/uploads\/2023\/11\/IMG-20231109-WA0051-scaled.jpg","type":"image\/jpeg"}],"author":"Redes","twitter_card":"summary_large_image","twitter_creator":"@yucatanencorto","twitter_site":"@yucatanencorto","twitter_misc":{"Escrito por":"Redes","Tiempo de lectura":"2 minutos"},"schema":{"@context":"https:\/\/schema.org","@graph":[{"@type":"Article","@id":"https:\/\/www.yucatanencorto.com\/noticias\/a-partir-de-manana-rutas-va-y-ven-iniciaran-operaciones-hacia-la-feria-de-xmatkuil\/#article","isPartOf":{"@id":"https:\/\/www.yucatanencorto.com\/noticias\/a-partir-de-manana-rutas-va-y-ven-iniciaran-operaciones-hacia-la-feria-de-xmatkuil\/"},"author":{"name":"Redes","@id":"https:\/\/www.yucatanencorto.com\/noticias\/#\/schema\/person\/e2fbdfaf30a07014a43940ce989f3119"},"headline":"A partir de ma\u00f1ana, rutas Va y Ven iniciar\u00e1n operaciones hacia la Feria de Xmatkuil","datePublished":"2023-11-10T05:31:04+00:00","mainEntityOfPage":{"@id":"https:\/\/www.yucatanencorto.com\/noticias\/a-partir-de-manana-rutas-va-y-ven-iniciaran-operaciones-hacia-la-feria-de-xmatkuil\/"},"wordCount":436,"image":{"@id":"https:\/\/www.yucatanencorto.com\/noticias\/a-partir-de-manana-rutas-va-y-ven-iniciaran-operaciones-hacia-la-feria-de-xmatkuil\/#primaryimage"},"thumbnailUrl":"https:\/\/www.yucatanencorto.com\/noticias\/wp-content\/uploads\/2023\/11\/IMG-20231109-WA0051-scaled.jpg","articleSection":["Yucat\u00e1n"],"inLanguage":"es"},{"@type":"WebPage","@id":"https:\/\/www.yucatanencorto.com\/noticias\/a-partir-de-manana-rutas-va-y-ven-iniciaran-operaciones-hacia-la-feria-de-xmatkuil\/","url":"https:\/\/www.yucatanencorto.com\/noticias\/a-partir-de-manana-rutas-va-y-ven-iniciaran-operaciones-hacia-la-feria-de-xmatkuil\/","name":"A partir de ma\u00f1ana, rutas Va y Ven iniciar\u00e1n operaciones hacia la Feria de Xmatkuil - Yucat\u00e1n en corto","isPartOf":{"@id":"https:\/\/www.yucatanencorto.com\/noticias\/#website"},"primaryImageOfPage":{"@id":"https:\/\/www.yucatanencorto.com\/noticias\/a-partir-de-manana-rutas-va-y-ven-iniciaran-operaciones-hacia-la-feria-de-xmatkuil\/#primaryimage"},"image":{"@id":"https:\/\/www.yucatanencorto.com\/noticias\/a-partir-de-manana-rutas-va-y-ven-iniciaran-operaciones-hacia-la-feria-de-xmatkuil\/#primaryimage"},"thumbnailUrl":"https:\/\/www.yucatanencorto.com\/noticias\/wp-content\/uploads\/2023\/11\/IMG-20231109-WA0051-scaled.jpg","datePublished":"2023-11-10T05:31:04+00:00","author":{"@id":"https:\/\/www.yucatanencorto.com\/noticias\/#\/schema\/person\/e2fbdfaf30a07014a43940ce989f3119"},"breadcrumb":{"@id":"https:\/\/www.yucatanencorto.com\/noticias\/a-partir-de-manana-rutas-va-y-ven-iniciaran-operaciones-hacia-la-feria-de-xmatkuil\/#breadcrumb"},"inLanguage":"es","potentialAction":[{"@type":"ReadAction","target":["https:\/\/www.yucatanencorto.com\/noticias\/a-partir-de-manana-rutas-va-y-ven-iniciaran-operaciones-hacia-la-feria-de-xmatkuil\/"]}]},{"@type":"ImageObject","inLanguage":"es","@id":"https:\/\/www.yucatanencorto.com\/noticias\/a-partir-de-manana-rutas-va-y-ven-iniciaran-operaciones-hacia-la-feria-de-xmatkuil\/#primaryimage","url":"https:\/\/www.yucatanencorto.com\/noticias\/wp-content\/uploads\/2023\/11\/IMG-20231109-WA0051-scaled.jpg","contentUrl":"https:\/\/www.yucatanencorto.com\/noticias\/wp-content\/uploads\/2023\/11\/IMG-20231109-WA0051-scaled.jpg","width":768,"height":768},{"@type":"BreadcrumbList","@id":"https:\/\/www.yucatanencorto.com\/noticias\/a-partir-de-manana-rutas-va-y-ven-iniciaran-operaciones-hacia-la-feria-de-xmatkuil\/#breadcrumb","itemListElement":[{"@type":"ListItem","position":1,"name":"Portada","item":"https:\/\/www.yucatanencorto.com\/noticias\/"},{"@type":"ListItem","position":2,"name":"A partir de ma\u00f1ana, rutas Va y Ven iniciar\u00e1n operaciones hacia la Feria de Xmatkuil"}]},{"@type":"WebSite","@id":"https:\/\/www.yucatanencorto.com\/noticias\/#website","url":"https:\/\/www.yucatanencorto.com\/noticias\/","name":"Yucat\u00e1n en corto","description":"Noticias","potentialAction":[{"@type":"SearchAction","target":{"@type":"EntryPoint","urlTemplate":"https:\/\/www.yucatanencorto.com\/noticias\/?s={search_term_string}"},"query-input":{"@type":"PropertyValueSpecification","valueRequired":true,"valueName":"search_term_string"}}],"inLanguage":"es"},{"@type":"Person","@id":"https:\/\/www.yucatanencorto.com\/noticias\/#\/schema\/person\/e2fbdfaf30a07014a43940ce989f3119","name":"Redes","image":{"@type":"ImageObject","inLanguage":"es","@id":"https:\/\/secure.gravatar.com\/avatar\/5931a2d21dd7cc834f44c8c34fe56d90ed6d536ef452cbf870c7485b524dddd7?s=96&d=mm&r=g","url":"https:\/\/secure.gravatar.com\/avatar\/5931a2d21dd7cc834f44c8c34fe56d90ed6d536ef452cbf870c7485b524dddd7?s=96&d=mm&r=g","contentUrl":"https:\/\/secure.gravatar.com\/avatar\/5931a2d21dd7cc834f44c8c34fe56d90ed6d536ef452cbf870c7485b524dddd7?s=96&d=mm&r=g","caption":"Redes"},"url":"https:\/\/www.yucatanencorto.com\/noticias\/author\/redes\/"}]}},"_links":{"self":[{"href":"https:\/\/www.yucatanencorto.com\/noticias\/wp-json\/wp\/v2\/posts\/100832","targetHints":{"allow":["GET"]}}],"collection":[{"href":"https:\/\/www.yucatanencorto.com\/noticias\/wp-json\/wp\/v2\/posts"}],"about":[{"href":"https:\/\/www.yucatanencorto.com\/noticias\/wp-json\/wp\/v2\/types\/post"}],"author":[{"embeddable":true,"href":"https:\/\/www.yucatanencorto.com\/noticias\/wp-json\/wp\/v2\/users\/3"}],"replies":[{"embeddable":true,"href":"https:\/\/www.yucatanencorto.com\/noticias\/wp-json\/wp\/v2\/comments?post=100832"}],"version-history":[{"count":0,"href":"https:\/\/www.yucatanencorto.com\/noticias\/wp-json\/wp\/v2\/posts\/100832\/revisions"}],"wp:featuredmedia":[{"embeddable":true,"href":"https:\/\/www.yucatanencorto.com\/noticias\/wp-json\/wp\/v2\/media\/100833"}],"wp:attachment":[{"href":"https:\/\/www.yucatanencorto.com\/noticias\/wp-json\/wp\/v2\/media?parent=100832"}],"wp:term":[{"taxonomy":"category","embeddable":true,"href":"https:\/\/www.yucatanencorto.com\/noticias\/wp-json\/wp\/v2\/categories?post=100832"},{"taxonomy":"post_tag","embeddable":true,"href":"https:\/\/www.yucatanencorto.com\/noticias\/wp-json\/wp\/v2\/tags?post=100832"}],"curies":[{"name":"wp","href":"https:\/\/api.w.org\/{rel}","templated":true}]}}