{"id":100836,"date":"2023-11-10T17:46:46","date_gmt":"2023-11-10T23:46:46","guid":{"rendered":"https:\/\/www.yucatanencorto.com\/noticias\/?p=100836"},"modified":"2023-11-10T17:46:46","modified_gmt":"2023-11-10T23:46:46","slug":"avanzan-los-trabajos-del-nuevo-felinario-de-animaya","status":"publish","type":"post","link":"https:\/\/www.yucatanencorto.com\/noticias\/avanzan-los-trabajos-del-nuevo-felinario-de-animaya\/","title":{"rendered":"Avanzan los trabajos del nuevo Felinario de Animaya"},"content":{"rendered":"<p><img loading=\"lazy\" decoding=\"async\" class=\"alignnone size-full wp-image-100838\" src=\"https:\/\/www.yucatanencorto.com\/noticias\/wp-content\/uploads\/2023\/11\/IMG-20231110-WA0020-scaled.jpg\" alt=\"\" width=\"768\" height=\"546\" srcset=\"https:\/\/www.yucatanencorto.com\/noticias\/wp-content\/uploads\/2023\/11\/IMG-20231110-WA0020-scaled.jpg 768w, https:\/\/www.yucatanencorto.com\/noticias\/wp-content\/uploads\/2023\/11\/IMG-20231110-WA0020-696x495.jpg 696w, https:\/\/www.yucatanencorto.com\/noticias\/wp-content\/uploads\/2023\/11\/IMG-20231110-WA0020-1068x759.jpg 1068w, https:\/\/www.yucatanencorto.com\/noticias\/wp-content\/uploads\/2023\/11\/IMG-20231110-WA0020-591x420.jpg 591w, https:\/\/www.yucatanencorto.com\/noticias\/wp-content\/uploads\/2023\/11\/IMG-20231110-WA0020-100x70.jpg 100w\" sizes=\"auto, (max-width: 768px) 100vw, 768px\" \/><\/p>\n<p>M\u00e9rida, Yucat\u00e1n, 10 de noviembre de 2023.- Para mantener las acciones enfocadas a cuidar y respetar a las diversas especies que conforman la biodiversidad del Municipio, el Ayuntamiento de M\u00e9rida impulsa y consolida obras que protegen a la fauna y que a su vez sean espacios de sano esparcimiento para las familias, se\u00f1al\u00f3 el Alcalde Alejandro Ruz Castro.<\/p>\n<p>El Presidente Municipal realiz\u00f3 una visita de supervisi\u00f3n para constatar los avances de la construcci\u00f3n del Felinario \u201cBalam Balam\u201d del Parque Zool\u00f3gico Bicentenario \u201cAnimaya\u201d, el cual est\u00e1 dise\u00f1ado para conservar, cuidar y criar diferentes especies de felinos, en algunos casos, en peligro de extinci\u00f3n.<\/p>\n<p>Acompa\u00f1ado de los directores David Lor\u00eda Magdub, de Obras P\u00fablicas y Jos\u00e9 Collado Soberanis, de Servicios P\u00fablicos Municipales, as\u00ed como de Salvador Mota Solano, tesorero de la Asociaci\u00f3n de Zool\u00f3gicos, Criaderos y Acuarios de M\u00e9xico A.C. (AZCARM) y director del criadero \u201cYupendii\u201d; Ruz Castro indic\u00f3 que esta obra, en la que se invierten 36 millones 989 mil 296.69 pesos ser\u00e1 un recinto digno, acorde a las condiciones \u00f3ptimas del h\u00e1bitat de estas especies, para el disfrute de familias con pleno respeto a la naturaleza.<\/p>\n<p>\u201cEstamos consolidando acciones que garanticen el cuidado y preservaci\u00f3n de la fauna silvestre del Municipio, as\u00ed como la reintegraci\u00f3n segura de especies a su h\u00e1bitat natural. Adem\u00e1s de ser sustentable, la construcci\u00f3n de esta obra, se traduce en el bienestar y la protecci\u00f3n de la fauna\u201d, dijo.<\/p>\n<p>En cuanto a la obra, Lor\u00eda Magdub explic\u00f3 que el felinario \u201cBalam Balam\u201d presenta un 20% de avance y se asentar\u00e1 sobre una superficie de 16,800 metros cuadrados, y estar\u00e1 lista para el mes de abril de 2024 en el marco del 14 aniversario de \u201cAnimaya\u201d.<\/p>\n<p>\u201cTiene un dise\u00f1o \u00fanico en la regi\u00f3n, ya que los visitantes podr\u00e1n admirar a los ejemplares desde dos perspectivas: a nivel del suelo por medio de ventanas de vidrio especial o tener vista panor\u00e1mica desde las alturas\u201d, expuso.<\/p>\n<p>En cuanto a su conformaci\u00f3n, contar\u00e1 con un corredor de servicios, \u00e1rea de acceso, \u00e1rea audiovisual, 8 recintos, exhibidores con sus casas de noche, \u00e1rea de exposici\u00f3n, \u00e1rea de hondonada, un lago y \u00e1reas verdes, andador de servicios y calzada de visitantes.<\/p>\n<p>Tambi\u00e9n tendr\u00e1 una sala audiovisual para realizar actividades a fin de crear conciencia y brindar informaci\u00f3n sobre el respeto y la importancia de los felinos en la vida de los seres humanos, \u201cy lo m\u00e1s importante es que el espacio de los felinos estar\u00e1 dise\u00f1ado para brindarles \u00e1reas amplias que les permitan hacer su d\u00eda a d\u00eda lo m\u00e1s apegado a su h\u00e1bitat natural\u201d, detall\u00f3.<\/p>\n<p>M\u00e1s adelante, el Presidente Municipal inform\u00f3 que actualmente la poblaci\u00f3n de felinos en \u201cAnimaya\u201d se compone de 16 ejemplares de especies como el le\u00f3n africano, tigre de bengala, jaguar, ocelote, tigrillo y jaguarundi o emuch, y se considera la posibilidad de trasladar a los pumas y leopardo que actualmente est\u00e1n en el Zool\u00f3gico Del Centenario.<\/p>\n<p>\u201cEs importante se\u00f1alar que los felinos que hoy se encuentran en \u201cAnimaya\u201d, en su mayor\u00eda proceden de rescates y fueron depositados en la UMA (Unidad de Manejo para la Conservaci\u00f3n de la Vida Silvestre) por las autoridades federales competentes\u201d, explic\u00f3 Ruz Castro.<\/p>\n<p>Cabe mencionar que en enero de 2011 \u201cAnimaya\u201d obtuvo su registro de UMA, independiz\u00e1ndose as\u00ed del Centenario y fue en 2021 cuando la Secretar\u00eda del Medio Ambiente y Recursos Naturales (Semarnat) autoriz\u00f3 el cambio de denominaci\u00f3n del Parque Zool\u00f3gico por el de \u201cCentro de Conservaci\u00f3n de la Vida Silvestre Animaya\u201d.<\/p>\n<p>Actualmente, este sitio cuenta con un programa de rescate y rehabilitaci\u00f3n y recibe cerca de 350 animales procedentes del tr\u00e1fico ilegal, entregas ciudadanas y ejemplares que han sufrido las consecuencias de la actividad humana. La mayor\u00eda de estos ejemplares, una vez que son rehabilitados, son reintegrados a su h\u00e1bitat natural.<\/p>\n","protected":false},"excerpt":{"rendered":"<p>M\u00e9rida, Yucat\u00e1n, 10 de noviembre de 2023.- Para mantener las acciones enfocadas a cuidar y respetar a las diversas especies que conforman la biodiversidad del Municipio, el Ayuntamiento de M\u00e9rida impulsa y consolida obras que protegen a la fauna y que a su vez sean espacios de sano esparcimiento para las familias, se\u00f1al\u00f3 el Alcalde [&hellip;]<\/p>\n","protected":false},"author":3,"featured_media":100838,"comment_status":"closed","ping_status":"closed","sticky":false,"template":"","format":"standard","meta":{"footnotes":""},"categories":[2],"tags":[],"class_list":{"0":"post-100836","1":"post","2":"type-post","3":"status-publish","4":"format-standard","5":"has-post-thumbnail","7":"category-merida"},"yoast_head":"<!-- This site is optimized with the Yoast SEO plugin v27.5 - https:\/\/yoast.com\/product\/yoast-seo-wordpress\/ -->\n<title>Avanzan los trabajos del nuevo Felinario de Animaya - Yucat\u00e1n en corto<\/title>\n<meta name=\"robots\" content=\"index, follow, max-snippet:-1, max-image-preview:large, max-video-preview:-1\" \/>\n<link rel=\"canonical\" href=\"https:\/\/www.yucatanencorto.com\/noticias\/avanzan-los-trabajos-del-nuevo-felinario-de-animaya\/\" \/>\n<meta property=\"og:locale\" content=\"es_ES\" \/>\n<meta property=\"og:type\" content=\"article\" \/>\n<meta property=\"og:title\" content=\"Avanzan los trabajos del nuevo Felinario de Animaya - Yucat\u00e1n en corto\" \/>\n<meta property=\"og:description\" content=\"M\u00e9rida, Yucat\u00e1n, 10 de noviembre de 2023.- Para mantener las acciones enfocadas a cuidar y respetar a las diversas especies que conforman la biodiversidad del Municipio, el Ayuntamiento de M\u00e9rida impulsa y consolida obras que protegen a la fauna y que a su vez sean espacios de sano esparcimiento para las familias, se\u00f1al\u00f3 el Alcalde [&hellip;]\" \/>\n<meta property=\"og:url\" content=\"https:\/\/www.yucatanencorto.com\/noticias\/avanzan-los-trabajos-del-nuevo-felinario-de-animaya\/\" \/>\n<meta property=\"og:site_name\" content=\"Yucat\u00e1n en corto\" \/>\n<meta property=\"article:publisher\" content=\"http:\/\/www.facebook.com\/yucatanencorto\" \/>\n<meta property=\"article:published_time\" content=\"2023-11-10T23:46:46+00:00\" \/>\n<meta property=\"og:image\" content=\"https:\/\/www.yucatanencorto.com\/noticias\/wp-content\/uploads\/2023\/11\/IMG-20231110-WA0020-scaled.jpg\" \/>\n\t<meta property=\"og:image:width\" content=\"768\" \/>\n\t<meta property=\"og:image:height\" content=\"546\" \/>\n\t<meta property=\"og:image:type\" content=\"image\/jpeg\" \/>\n<meta name=\"author\" content=\"Redes\" \/>\n<meta name=\"twitter:card\" content=\"summary_large_image\" \/>\n<meta name=\"twitter:creator\" content=\"@yucatanencorto\" \/>\n<meta name=\"twitter:site\" content=\"@yucatanencorto\" \/>\n<meta name=\"twitter:label1\" content=\"Escrito por\" \/>\n\t<meta name=\"twitter:data1\" content=\"Redes\" \/>\n\t<meta name=\"twitter:label2\" content=\"Tiempo de lectura\" \/>\n\t<meta name=\"twitter:data2\" content=\"4 minutos\" \/>\n<script type=\"application\/ld+json\" class=\"yoast-schema-graph\">{\"@context\":\"https:\\\/\\\/schema.org\",\"@graph\":[{\"@type\":\"Article\",\"@id\":\"https:\\\/\\\/www.yucatanencorto.com\\\/noticias\\\/avanzan-los-trabajos-del-nuevo-felinario-de-animaya\\\/#article\",\"isPartOf\":{\"@id\":\"https:\\\/\\\/www.yucatanencorto.com\\\/noticias\\\/avanzan-los-trabajos-del-nuevo-felinario-de-animaya\\\/\"},\"author\":{\"name\":\"Redes\",\"@id\":\"https:\\\/\\\/www.yucatanencorto.com\\\/noticias\\\/#\\\/schema\\\/person\\\/e2fbdfaf30a07014a43940ce989f3119\"},\"headline\":\"Avanzan los trabajos del nuevo Felinario de Animaya\",\"datePublished\":\"2023-11-10T23:46:46+00:00\",\"mainEntityOfPage\":{\"@id\":\"https:\\\/\\\/www.yucatanencorto.com\\\/noticias\\\/avanzan-los-trabajos-del-nuevo-felinario-de-animaya\\\/\"},\"wordCount\":672,\"image\":{\"@id\":\"https:\\\/\\\/www.yucatanencorto.com\\\/noticias\\\/avanzan-los-trabajos-del-nuevo-felinario-de-animaya\\\/#primaryimage\"},\"thumbnailUrl\":\"https:\\\/\\\/www.yucatanencorto.com\\\/noticias\\\/wp-content\\\/uploads\\\/2023\\\/11\\\/IMG-20231110-WA0020-scaled.jpg\",\"articleSection\":[\"M\u00e9rida\"],\"inLanguage\":\"es\"},{\"@type\":\"WebPage\",\"@id\":\"https:\\\/\\\/www.yucatanencorto.com\\\/noticias\\\/avanzan-los-trabajos-del-nuevo-felinario-de-animaya\\\/\",\"url\":\"https:\\\/\\\/www.yucatanencorto.com\\\/noticias\\\/avanzan-los-trabajos-del-nuevo-felinario-de-animaya\\\/\",\"name\":\"Avanzan los trabajos del nuevo Felinario de Animaya - Yucat\u00e1n en corto\",\"isPartOf\":{\"@id\":\"https:\\\/\\\/www.yucatanencorto.com\\\/noticias\\\/#website\"},\"primaryImageOfPage\":{\"@id\":\"https:\\\/\\\/www.yucatanencorto.com\\\/noticias\\\/avanzan-los-trabajos-del-nuevo-felinario-de-animaya\\\/#primaryimage\"},\"image\":{\"@id\":\"https:\\\/\\\/www.yucatanencorto.com\\\/noticias\\\/avanzan-los-trabajos-del-nuevo-felinario-de-animaya\\\/#primaryimage\"},\"thumbnailUrl\":\"https:\\\/\\\/www.yucatanencorto.com\\\/noticias\\\/wp-content\\\/uploads\\\/2023\\\/11\\\/IMG-20231110-WA0020-scaled.jpg\",\"datePublished\":\"2023-11-10T23:46:46+00:00\",\"author\":{\"@id\":\"https:\\\/\\\/www.yucatanencorto.com\\\/noticias\\\/#\\\/schema\\\/person\\\/e2fbdfaf30a07014a43940ce989f3119\"},\"breadcrumb\":{\"@id\":\"https:\\\/\\\/www.yucatanencorto.com\\\/noticias\\\/avanzan-los-trabajos-del-nuevo-felinario-de-animaya\\\/#breadcrumb\"},\"inLanguage\":\"es\",\"potentialAction\":[{\"@type\":\"ReadAction\",\"target\":[\"https:\\\/\\\/www.yucatanencorto.com\\\/noticias\\\/avanzan-los-trabajos-del-nuevo-felinario-de-animaya\\\/\"]}]},{\"@type\":\"ImageObject\",\"inLanguage\":\"es\",\"@id\":\"https:\\\/\\\/www.yucatanencorto.com\\\/noticias\\\/avanzan-los-trabajos-del-nuevo-felinario-de-animaya\\\/#primaryimage\",\"url\":\"https:\\\/\\\/www.yucatanencorto.com\\\/noticias\\\/wp-content\\\/uploads\\\/2023\\\/11\\\/IMG-20231110-WA0020-scaled.jpg\",\"contentUrl\":\"https:\\\/\\\/www.yucatanencorto.com\\\/noticias\\\/wp-content\\\/uploads\\\/2023\\\/11\\\/IMG-20231110-WA0020-scaled.jpg\",\"width\":768,\"height\":546},{\"@type\":\"BreadcrumbList\",\"@id\":\"https:\\\/\\\/www.yucatanencorto.com\\\/noticias\\\/avanzan-los-trabajos-del-nuevo-felinario-de-animaya\\\/#breadcrumb\",\"itemListElement\":[{\"@type\":\"ListItem\",\"position\":1,\"name\":\"Portada\",\"item\":\"https:\\\/\\\/www.yucatanencorto.com\\\/noticias\\\/\"},{\"@type\":\"ListItem\",\"position\":2,\"name\":\"Avanzan los trabajos del nuevo Felinario de Animaya\"}]},{\"@type\":\"WebSite\",\"@id\":\"https:\\\/\\\/www.yucatanencorto.com\\\/noticias\\\/#website\",\"url\":\"https:\\\/\\\/www.yucatanencorto.com\\\/noticias\\\/\",\"name\":\"Yucat\u00e1n en corto\",\"description\":\"Noticias\",\"potentialAction\":[{\"@type\":\"SearchAction\",\"target\":{\"@type\":\"EntryPoint\",\"urlTemplate\":\"https:\\\/\\\/www.yucatanencorto.com\\\/noticias\\\/?s={search_term_string}\"},\"query-input\":{\"@type\":\"PropertyValueSpecification\",\"valueRequired\":true,\"valueName\":\"search_term_string\"}}],\"inLanguage\":\"es\"},{\"@type\":\"Person\",\"@id\":\"https:\\\/\\\/www.yucatanencorto.com\\\/noticias\\\/#\\\/schema\\\/person\\\/e2fbdfaf30a07014a43940ce989f3119\",\"name\":\"Redes\",\"image\":{\"@type\":\"ImageObject\",\"inLanguage\":\"es\",\"@id\":\"https:\\\/\\\/secure.gravatar.com\\\/avatar\\\/5931a2d21dd7cc834f44c8c34fe56d90ed6d536ef452cbf870c7485b524dddd7?s=96&d=mm&r=g\",\"url\":\"https:\\\/\\\/secure.gravatar.com\\\/avatar\\\/5931a2d21dd7cc834f44c8c34fe56d90ed6d536ef452cbf870c7485b524dddd7?s=96&d=mm&r=g\",\"contentUrl\":\"https:\\\/\\\/secure.gravatar.com\\\/avatar\\\/5931a2d21dd7cc834f44c8c34fe56d90ed6d536ef452cbf870c7485b524dddd7?s=96&d=mm&r=g\",\"caption\":\"Redes\"},\"url\":\"https:\\\/\\\/www.yucatanencorto.com\\\/noticias\\\/author\\\/redes\\\/\"}]}<\/script>\n<!-- \/ Yoast SEO plugin. -->","yoast_head_json":{"title":"Avanzan los trabajos del nuevo Felinario de Animaya - Yucat\u00e1n en corto","robots":{"index":"index","follow":"follow","max-snippet":"max-snippet:-1","max-image-preview":"max-image-preview:large","max-video-preview":"max-video-preview:-1"},"canonical":"https:\/\/www.yucatanencorto.com\/noticias\/avanzan-los-trabajos-del-nuevo-felinario-de-animaya\/","og_locale":"es_ES","og_type":"article","og_title":"Avanzan los trabajos del nuevo Felinario de Animaya - Yucat\u00e1n en corto","og_description":"M\u00e9rida, Yucat\u00e1n, 10 de noviembre de 2023.- Para mantener las acciones enfocadas a cuidar y respetar a las diversas especies que conforman la biodiversidad del Municipio, el Ayuntamiento de M\u00e9rida impulsa y consolida obras que protegen a la fauna y que a su vez sean espacios de sano esparcimiento para las familias, se\u00f1al\u00f3 el Alcalde [&hellip;]","og_url":"https:\/\/www.yucatanencorto.com\/noticias\/avanzan-los-trabajos-del-nuevo-felinario-de-animaya\/","og_site_name":"Yucat\u00e1n en corto","article_publisher":"http:\/\/www.facebook.com\/yucatanencorto","article_published_time":"2023-11-10T23:46:46+00:00","og_image":[{"width":768,"height":546,"url":"https:\/\/www.yucatanencorto.com\/noticias\/wp-content\/uploads\/2023\/11\/IMG-20231110-WA0020-scaled.jpg","type":"image\/jpeg"}],"author":"Redes","twitter_card":"summary_large_image","twitter_creator":"@yucatanencorto","twitter_site":"@yucatanencorto","twitter_misc":{"Escrito por":"Redes","Tiempo de lectura":"4 minutos"},"schema":{"@context":"https:\/\/schema.org","@graph":[{"@type":"Article","@id":"https:\/\/www.yucatanencorto.com\/noticias\/avanzan-los-trabajos-del-nuevo-felinario-de-animaya\/#article","isPartOf":{"@id":"https:\/\/www.yucatanencorto.com\/noticias\/avanzan-los-trabajos-del-nuevo-felinario-de-animaya\/"},"author":{"name":"Redes","@id":"https:\/\/www.yucatanencorto.com\/noticias\/#\/schema\/person\/e2fbdfaf30a07014a43940ce989f3119"},"headline":"Avanzan los trabajos del nuevo Felinario de Animaya","datePublished":"2023-11-10T23:46:46+00:00","mainEntityOfPage":{"@id":"https:\/\/www.yucatanencorto.com\/noticias\/avanzan-los-trabajos-del-nuevo-felinario-de-animaya\/"},"wordCount":672,"image":{"@id":"https:\/\/www.yucatanencorto.com\/noticias\/avanzan-los-trabajos-del-nuevo-felinario-de-animaya\/#primaryimage"},"thumbnailUrl":"https:\/\/www.yucatanencorto.com\/noticias\/wp-content\/uploads\/2023\/11\/IMG-20231110-WA0020-scaled.jpg","articleSection":["M\u00e9rida"],"inLanguage":"es"},{"@type":"WebPage","@id":"https:\/\/www.yucatanencorto.com\/noticias\/avanzan-los-trabajos-del-nuevo-felinario-de-animaya\/","url":"https:\/\/www.yucatanencorto.com\/noticias\/avanzan-los-trabajos-del-nuevo-felinario-de-animaya\/","name":"Avanzan los trabajos del nuevo Felinario de Animaya - Yucat\u00e1n en corto","isPartOf":{"@id":"https:\/\/www.yucatanencorto.com\/noticias\/#website"},"primaryImageOfPage":{"@id":"https:\/\/www.yucatanencorto.com\/noticias\/avanzan-los-trabajos-del-nuevo-felinario-de-animaya\/#primaryimage"},"image":{"@id":"https:\/\/www.yucatanencorto.com\/noticias\/avanzan-los-trabajos-del-nuevo-felinario-de-animaya\/#primaryimage"},"thumbnailUrl":"https:\/\/www.yucatanencorto.com\/noticias\/wp-content\/uploads\/2023\/11\/IMG-20231110-WA0020-scaled.jpg","datePublished":"2023-11-10T23:46:46+00:00","author":{"@id":"https:\/\/www.yucatanencorto.com\/noticias\/#\/schema\/person\/e2fbdfaf30a07014a43940ce989f3119"},"breadcrumb":{"@id":"https:\/\/www.yucatanencorto.com\/noticias\/avanzan-los-trabajos-del-nuevo-felinario-de-animaya\/#breadcrumb"},"inLanguage":"es","potentialAction":[{"@type":"ReadAction","target":["https:\/\/www.yucatanencorto.com\/noticias\/avanzan-los-trabajos-del-nuevo-felinario-de-animaya\/"]}]},{"@type":"ImageObject","inLanguage":"es","@id":"https:\/\/www.yucatanencorto.com\/noticias\/avanzan-los-trabajos-del-nuevo-felinario-de-animaya\/#primaryimage","url":"https:\/\/www.yucatanencorto.com\/noticias\/wp-content\/uploads\/2023\/11\/IMG-20231110-WA0020-scaled.jpg","contentUrl":"https:\/\/www.yucatanencorto.com\/noticias\/wp-content\/uploads\/2023\/11\/IMG-20231110-WA0020-scaled.jpg","width":768,"height":546},{"@type":"BreadcrumbList","@id":"https:\/\/www.yucatanencorto.com\/noticias\/avanzan-los-trabajos-del-nuevo-felinario-de-animaya\/#breadcrumb","itemListElement":[{"@type":"ListItem","position":1,"name":"Portada","item":"https:\/\/www.yucatanencorto.com\/noticias\/"},{"@type":"ListItem","position":2,"name":"Avanzan los trabajos del nuevo Felinario de Animaya"}]},{"@type":"WebSite","@id":"https:\/\/www.yucatanencorto.com\/noticias\/#website","url":"https:\/\/www.yucatanencorto.com\/noticias\/","name":"Yucat\u00e1n en corto","description":"Noticias","potentialAction":[{"@type":"SearchAction","target":{"@type":"EntryPoint","urlTemplate":"https:\/\/www.yucatanencorto.com\/noticias\/?s={search_term_string}"},"query-input":{"@type":"PropertyValueSpecification","valueRequired":true,"valueName":"search_term_string"}}],"inLanguage":"es"},{"@type":"Person","@id":"https:\/\/www.yucatanencorto.com\/noticias\/#\/schema\/person\/e2fbdfaf30a07014a43940ce989f3119","name":"Redes","image":{"@type":"ImageObject","inLanguage":"es","@id":"https:\/\/secure.gravatar.com\/avatar\/5931a2d21dd7cc834f44c8c34fe56d90ed6d536ef452cbf870c7485b524dddd7?s=96&d=mm&r=g","url":"https:\/\/secure.gravatar.com\/avatar\/5931a2d21dd7cc834f44c8c34fe56d90ed6d536ef452cbf870c7485b524dddd7?s=96&d=mm&r=g","contentUrl":"https:\/\/secure.gravatar.com\/avatar\/5931a2d21dd7cc834f44c8c34fe56d90ed6d536ef452cbf870c7485b524dddd7?s=96&d=mm&r=g","caption":"Redes"},"url":"https:\/\/www.yucatanencorto.com\/noticias\/author\/redes\/"}]}},"_links":{"self":[{"href":"https:\/\/www.yucatanencorto.com\/noticias\/wp-json\/wp\/v2\/posts\/100836","targetHints":{"allow":["GET"]}}],"collection":[{"href":"https:\/\/www.yucatanencorto.com\/noticias\/wp-json\/wp\/v2\/posts"}],"about":[{"href":"https:\/\/www.yucatanencorto.com\/noticias\/wp-json\/wp\/v2\/types\/post"}],"author":[{"embeddable":true,"href":"https:\/\/www.yucatanencorto.com\/noticias\/wp-json\/wp\/v2\/users\/3"}],"replies":[{"embeddable":true,"href":"https:\/\/www.yucatanencorto.com\/noticias\/wp-json\/wp\/v2\/comments?post=100836"}],"version-history":[{"count":0,"href":"https:\/\/www.yucatanencorto.com\/noticias\/wp-json\/wp\/v2\/posts\/100836\/revisions"}],"wp:featuredmedia":[{"embeddable":true,"href":"https:\/\/www.yucatanencorto.com\/noticias\/wp-json\/wp\/v2\/media\/100838"}],"wp:attachment":[{"href":"https:\/\/www.yucatanencorto.com\/noticias\/wp-json\/wp\/v2\/media?parent=100836"}],"wp:term":[{"taxonomy":"category","embeddable":true,"href":"https:\/\/www.yucatanencorto.com\/noticias\/wp-json\/wp\/v2\/categories?post=100836"},{"taxonomy":"post_tag","embeddable":true,"href":"https:\/\/www.yucatanencorto.com\/noticias\/wp-json\/wp\/v2\/tags?post=100836"}],"curies":[{"name":"wp","href":"https:\/\/api.w.org\/{rel}","templated":true}]}}