{"id":100840,"date":"2023-11-10T18:37:18","date_gmt":"2023-11-11T00:37:18","guid":{"rendered":"https:\/\/www.yucatanencorto.com\/noticias\/?p=100840"},"modified":"2023-11-10T18:37:18","modified_gmt":"2023-11-11T00:37:18","slug":"apoyan-a-pescadores-de-celestun","status":"publish","type":"post","link":"https:\/\/www.yucatanencorto.com\/noticias\/apoyan-a-pescadores-de-celestun\/","title":{"rendered":"Apoyan a pescadores de Celest\u00fan"},"content":{"rendered":"<p><img loading=\"lazy\" decoding=\"async\" class=\"alignnone size-full wp-image-100841\" src=\"https:\/\/www.yucatanencorto.com\/noticias\/wp-content\/uploads\/2023\/11\/IMG-20231110-WA0028-scaled.jpg\" alt=\"\" width=\"768\" height=\"512\" srcset=\"https:\/\/www.yucatanencorto.com\/noticias\/wp-content\/uploads\/2023\/11\/IMG-20231110-WA0028-scaled.jpg 768w, https:\/\/www.yucatanencorto.com\/noticias\/wp-content\/uploads\/2023\/11\/IMG-20231110-WA0028-696x464.jpg 696w, https:\/\/www.yucatanencorto.com\/noticias\/wp-content\/uploads\/2023\/11\/IMG-20231110-WA0028-1068x712.jpg 1068w, https:\/\/www.yucatanencorto.com\/noticias\/wp-content\/uploads\/2023\/11\/IMG-20231110-WA0028-630x420.jpg 630w\" sizes=\"auto, (max-width: 768px) 100vw, 768px\" \/><\/p>\n<p>Celest\u00fan, Yucat\u00e1n, 10 de noviembre de 2023.- Para impulsar al sector tur\u00edstico y apoyar a quienes dependen de esta actividad en el estado, el Gobernador Mauricio Vila Dosal entreg\u00f3 los trabajos de de rehabilitaci\u00f3n del Parador Tur\u00edstico de Celest\u00fan, as\u00ed como de la imagen urbana de acceso a este puerto, obras en las que se invirtieron recursos por casi 40 millones de pesos, en beneficio de m\u00e1s de 8 mil 600 habitantes.<\/p>\n<p>&nbsp;<\/p>\n<p>En gira de trabajo por este municipio, el Gobernador tambi\u00e9n entreg\u00f3 50 motores para lanchas, con valor de 10.2 millones de pesos, a igual n\u00famero de cooperativas y prestadores de servicios de la zona, que contribuyen a cuidar el medio ambiente y mejorar el servicio para los visitantes. Adem\u00e1s, otorg\u00f3 equipamiento a casas de cultura, certificado de viviendas, apoyos del programa de Maricultura Costera e inici\u00f3 la distribuci\u00f3n de chamarras del esquema Impulso Escolar.<\/p>\n<p>&nbsp;<\/p>\n<p>Junto al Alcalde anfitri\u00f3n, Jos\u00e9 Asunci\u00f3n Ram\u00edrez Perera, Vila Dosal recorri\u00f3 el remodelado Parque Ecoturismo Jalt\u00fan, donde adem\u00e1s de trabajos de limpieza, se rehabilit\u00f3 el ojo de agua y el comedor en beneficio de m\u00e1s de 10 personas de la cooperativa de esa zona.<\/p>\n<p>&nbsp;<\/p>\n<p>Al dirigir un mensaje, el Gobernador asegur\u00f3 que seguir\u00e1 trabajando de la mano de los alcaldes, para que Yucat\u00e1n no solamente siga siendo un gran estado para vivir, sino tambi\u00e9n un estado que tur\u00edsticamente se siga impulsando.<\/p>\n<p>&nbsp;<\/p>\n<p>\u00abLa verdad es que el 2022 es el a\u00f1o que m\u00e1s turistas hemos recibido en nuestra historia, este 2023 lo va a superar, pero vamos a seguir promoviendo Celest\u00fan a todos los lugares que vayamos a nivel nacional, a nivel internacional\u00bb, subray\u00f3.<\/p>\n<p>&nbsp;<\/p>\n<p>Por lo que toca al mejoramiento de la imagen urbana de la calle de acceso que beneficiara a la reactivaci\u00f3n econ\u00f3mica, social, y cultural, as\u00ed como a los visitantes que consuman y disfruten de los diferentes servicios que se ofrecer\u00e1n, los trabajos incluyeron la demolici\u00f3n de camell\u00f3n central existente, desmantelamiento de luminarios, rehabilitaci\u00f3n de red el\u00e9ctrica para recibir nuevos luminarios, construcci\u00f3n de nuevo camell\u00f3n central de acuerdo a proyecto, suministro e instalaci\u00f3n de nuevos luminarios, suministro de vegetaci\u00f3n y \u00e1rboles de acuerdo a dise\u00f1o.<\/p>\n<p>&nbsp;<\/p>\n<p>Asimismo, construcci\u00f3n de banqueta nueva en el lado sur, construcci\u00f3n de intersecciones peatonales y sello de riego tap\u00f3n en calle existente. En cuanto al mirador tur\u00edstico las labores consistieron en demolici\u00f3n de mirador existente, construcci\u00f3n de nuevo mirador, suministro e instalaci\u00f3n de iluminaci\u00f3n, construcci\u00f3n de estacionamiento para 3 coches y suministro de vegetaci\u00f3n de acuerdo a dise\u00f1o.<\/p>\n<p>&nbsp;<\/p>\n<p>Por lo que toca al parador tur\u00edstico, se intervinieron el \u00e1rea de taquilla, 6 locales comerciales, la palapa principal, la cafeter\u00eda, bodegas, enfermer\u00eda, oficinas,<\/p>\n<p>29 cajones de estacionamiento, ba\u00f1os de hombres y mujeres, banquetas, fachada y pasillo de servicio.<\/p>\n<p>&nbsp;<\/p>\n<p>Tambi\u00e9n se realiz\u00f3 la remodelaci\u00f3n de fachada con letras 3D de aluminio, construcci\u00f3n de muros nuevos, colocaci\u00f3n de rejacero, construcci\u00f3n de nuevos accesos: pasos peatonales, rampas, banquetas y rehabilitaci\u00f3n del estacionamiento y colocaci\u00f3n de nuevo adocreto.<\/p>\n<p>&nbsp;<\/p>\n<p>De igual forma, se realiz\u00f3 la reconstrucci\u00f3n de muelle de atraque para uso mixto en zona del Parador Tur\u00edstico Celest\u00fan. Los prestadores de servicios tur\u00edsticos pueden realizar su labor otorgando mayor comodidad y seguridad a los usuarios.<\/p>\n<p>&nbsp;<\/p>\n<p>Tambi\u00e9n, los pescadores pueden resguardar sus embarcaciones, cargar y descargar la producci\u00f3n de las mismas, con seguridad y comodidad, realizando su actividad pesquera en mejores condiciones.<\/p>\n<p>&nbsp;<\/p>\n<p>A trav\u00e9s del programa de Maricultura Costera, el Gobernador entreg\u00f3 jaulas flotantes para la crianza y engorda de peces marinos como estrategia conjunta a la zona de refugio pesquero de Celest\u00fan.<\/p>\n<p>&nbsp;<\/p>\n<p>Al dar detalles de este esquema, el titular de la Secretar\u00eda de Pesca y Acuacultura Sustentable del Estado (Sepasy), Rafael Combaluzier Medina, explic\u00f3 que las zonas de refugio pesquero son la herramienta para recuperar las pesquer\u00edas en el estado. Son zonas donde la comunidad se pone de acuerdo y decretan un pol\u00edgono dentro del mar donde no se pesca y hay ciertas reglas para que ah\u00ed se reproduzcan las especies y permite actividades como la maricultura.<\/p>\n<p>&nbsp;<\/p>\n<p>Record\u00f3 que a principios de la administraci\u00f3n se logr\u00f3 el decreto de esta zona de refugio pesquero, Pol\u00edgono, con 324 kil\u00f3metros cuadrados, la primera en el Golfo y la m\u00e1s grande del pa\u00eds. \u00abQueremos terminar la administraci\u00f3n decretando 12 zonas de refugio en todo el estado, ya se meti\u00f3 la solicitud de 4 m\u00e1s\u00bb.<\/p>\n<p>&nbsp;<\/p>\n<p>El funcionario agreg\u00f3 que adem\u00e1s de las jaulas flotantes, que es una actividad que se puede hacer dentro de la zona y que va a permitir que los pescadores alimenten a los pescados para mejorar la reproducci\u00f3n, se entregar\u00e1n 4,200 cortinas pintas.<\/p>\n<p>&nbsp;<\/p>\n<p>En cuanto al programa Impulso Escolar, inici\u00f3 la distribuci\u00f3n de 200,063 chamarras para proteger del fr\u00edo durante la \u00e9poca invernal, a los estudiantes de 1,259 escuelas p\u00fablicas de educaci\u00f3n primaria.<\/p>\n<p>&nbsp;<\/p>\n<p>Al dar detalles de las acciones de viviendas, el titular de la Secretar\u00eda de Desarrollo Social (Sedesol), Roger Torres Peniche record\u00f3 que en lo que va de la actual administraci\u00f3n se han realizado en Celest\u00fan 108 acciones entre cuartos dormitorios, pisos firmes, sanitarios y cocinas ecol\u00f3gicas. En esta ocasi\u00f3n se entregaron 8 acciones en este municipio.<\/p>\n<p>&nbsp;<\/p>\n<p>Tambi\u00e9n, como parte del programa de Equipamiento a Casas y Espacios de Cultura, se entregaron pantallas, mobiliario, guitarras, bocinas amplificadas, teclados, micr\u00f3fonos y talleristas con una inversi\u00f3n superior a los 9 millones de pesos.<\/p>\n","protected":false},"excerpt":{"rendered":"<p>Celest\u00fan, Yucat\u00e1n, 10 de noviembre de 2023.- Para impulsar al sector tur\u00edstico y apoyar a quienes dependen de esta actividad en el estado, el Gobernador Mauricio Vila Dosal entreg\u00f3 los trabajos de de rehabilitaci\u00f3n del Parador Tur\u00edstico de Celest\u00fan, as\u00ed como de la imagen urbana de acceso a este puerto, obras en las que se [&hellip;]<\/p>\n","protected":false},"author":3,"featured_media":100841,"comment_status":"closed","ping_status":"closed","sticky":false,"template":"","format":"standard","meta":{"footnotes":""},"categories":[3],"tags":[],"class_list":{"0":"post-100840","1":"post","2":"type-post","3":"status-publish","4":"format-standard","5":"has-post-thumbnail","7":"category-yucatan"},"yoast_head":"<!-- This site is optimized with the Yoast SEO plugin v27.5 - https:\/\/yoast.com\/product\/yoast-seo-wordpress\/ -->\n<title>Apoyan a pescadores de Celest\u00fan - Yucat\u00e1n en corto<\/title>\n<meta name=\"robots\" content=\"index, follow, max-snippet:-1, max-image-preview:large, max-video-preview:-1\" \/>\n<link rel=\"canonical\" href=\"https:\/\/www.yucatanencorto.com\/noticias\/apoyan-a-pescadores-de-celestun\/\" \/>\n<meta property=\"og:locale\" content=\"es_ES\" \/>\n<meta property=\"og:type\" content=\"article\" \/>\n<meta property=\"og:title\" content=\"Apoyan a pescadores de Celest\u00fan - Yucat\u00e1n en corto\" \/>\n<meta property=\"og:description\" content=\"Celest\u00fan, Yucat\u00e1n, 10 de noviembre de 2023.- Para impulsar al sector tur\u00edstico y apoyar a quienes dependen de esta actividad en el estado, el Gobernador Mauricio Vila Dosal entreg\u00f3 los trabajos de de rehabilitaci\u00f3n del Parador Tur\u00edstico de Celest\u00fan, as\u00ed como de la imagen urbana de acceso a este puerto, obras en las que se [&hellip;]\" \/>\n<meta property=\"og:url\" content=\"https:\/\/www.yucatanencorto.com\/noticias\/apoyan-a-pescadores-de-celestun\/\" \/>\n<meta property=\"og:site_name\" content=\"Yucat\u00e1n en corto\" \/>\n<meta property=\"article:publisher\" content=\"http:\/\/www.facebook.com\/yucatanencorto\" \/>\n<meta property=\"article:published_time\" content=\"2023-11-11T00:37:18+00:00\" \/>\n<meta property=\"og:image\" content=\"https:\/\/www.yucatanencorto.com\/noticias\/wp-content\/uploads\/2023\/11\/IMG-20231110-WA0028-scaled.jpg\" \/>\n\t<meta property=\"og:image:width\" content=\"768\" \/>\n\t<meta property=\"og:image:height\" content=\"512\" \/>\n\t<meta property=\"og:image:type\" content=\"image\/jpeg\" \/>\n<meta name=\"author\" content=\"Redes\" \/>\n<meta name=\"twitter:card\" content=\"summary_large_image\" \/>\n<meta name=\"twitter:creator\" content=\"@yucatanencorto\" \/>\n<meta name=\"twitter:site\" content=\"@yucatanencorto\" \/>\n<meta name=\"twitter:label1\" content=\"Escrito por\" \/>\n\t<meta name=\"twitter:data1\" content=\"Redes\" \/>\n\t<meta name=\"twitter:label2\" content=\"Tiempo de lectura\" \/>\n\t<meta name=\"twitter:data2\" content=\"5 minutos\" \/>\n<script type=\"application\/ld+json\" class=\"yoast-schema-graph\">{\"@context\":\"https:\\\/\\\/schema.org\",\"@graph\":[{\"@type\":\"Article\",\"@id\":\"https:\\\/\\\/www.yucatanencorto.com\\\/noticias\\\/apoyan-a-pescadores-de-celestun\\\/#article\",\"isPartOf\":{\"@id\":\"https:\\\/\\\/www.yucatanencorto.com\\\/noticias\\\/apoyan-a-pescadores-de-celestun\\\/\"},\"author\":{\"name\":\"Redes\",\"@id\":\"https:\\\/\\\/www.yucatanencorto.com\\\/noticias\\\/#\\\/schema\\\/person\\\/e2fbdfaf30a07014a43940ce989f3119\"},\"headline\":\"Apoyan a pescadores de Celest\u00fan\",\"datePublished\":\"2023-11-11T00:37:18+00:00\",\"mainEntityOfPage\":{\"@id\":\"https:\\\/\\\/www.yucatanencorto.com\\\/noticias\\\/apoyan-a-pescadores-de-celestun\\\/\"},\"wordCount\":963,\"image\":{\"@id\":\"https:\\\/\\\/www.yucatanencorto.com\\\/noticias\\\/apoyan-a-pescadores-de-celestun\\\/#primaryimage\"},\"thumbnailUrl\":\"https:\\\/\\\/www.yucatanencorto.com\\\/noticias\\\/wp-content\\\/uploads\\\/2023\\\/11\\\/IMG-20231110-WA0028-scaled.jpg\",\"articleSection\":[\"Yucat\u00e1n\"],\"inLanguage\":\"es\"},{\"@type\":\"WebPage\",\"@id\":\"https:\\\/\\\/www.yucatanencorto.com\\\/noticias\\\/apoyan-a-pescadores-de-celestun\\\/\",\"url\":\"https:\\\/\\\/www.yucatanencorto.com\\\/noticias\\\/apoyan-a-pescadores-de-celestun\\\/\",\"name\":\"Apoyan a pescadores de Celest\u00fan - Yucat\u00e1n en corto\",\"isPartOf\":{\"@id\":\"https:\\\/\\\/www.yucatanencorto.com\\\/noticias\\\/#website\"},\"primaryImageOfPage\":{\"@id\":\"https:\\\/\\\/www.yucatanencorto.com\\\/noticias\\\/apoyan-a-pescadores-de-celestun\\\/#primaryimage\"},\"image\":{\"@id\":\"https:\\\/\\\/www.yucatanencorto.com\\\/noticias\\\/apoyan-a-pescadores-de-celestun\\\/#primaryimage\"},\"thumbnailUrl\":\"https:\\\/\\\/www.yucatanencorto.com\\\/noticias\\\/wp-content\\\/uploads\\\/2023\\\/11\\\/IMG-20231110-WA0028-scaled.jpg\",\"datePublished\":\"2023-11-11T00:37:18+00:00\",\"author\":{\"@id\":\"https:\\\/\\\/www.yucatanencorto.com\\\/noticias\\\/#\\\/schema\\\/person\\\/e2fbdfaf30a07014a43940ce989f3119\"},\"breadcrumb\":{\"@id\":\"https:\\\/\\\/www.yucatanencorto.com\\\/noticias\\\/apoyan-a-pescadores-de-celestun\\\/#breadcrumb\"},\"inLanguage\":\"es\",\"potentialAction\":[{\"@type\":\"ReadAction\",\"target\":[\"https:\\\/\\\/www.yucatanencorto.com\\\/noticias\\\/apoyan-a-pescadores-de-celestun\\\/\"]}]},{\"@type\":\"ImageObject\",\"inLanguage\":\"es\",\"@id\":\"https:\\\/\\\/www.yucatanencorto.com\\\/noticias\\\/apoyan-a-pescadores-de-celestun\\\/#primaryimage\",\"url\":\"https:\\\/\\\/www.yucatanencorto.com\\\/noticias\\\/wp-content\\\/uploads\\\/2023\\\/11\\\/IMG-20231110-WA0028-scaled.jpg\",\"contentUrl\":\"https:\\\/\\\/www.yucatanencorto.com\\\/noticias\\\/wp-content\\\/uploads\\\/2023\\\/11\\\/IMG-20231110-WA0028-scaled.jpg\",\"width\":768,\"height\":512},{\"@type\":\"BreadcrumbList\",\"@id\":\"https:\\\/\\\/www.yucatanencorto.com\\\/noticias\\\/apoyan-a-pescadores-de-celestun\\\/#breadcrumb\",\"itemListElement\":[{\"@type\":\"ListItem\",\"position\":1,\"name\":\"Portada\",\"item\":\"https:\\\/\\\/www.yucatanencorto.com\\\/noticias\\\/\"},{\"@type\":\"ListItem\",\"position\":2,\"name\":\"Apoyan a pescadores de Celest\u00fan\"}]},{\"@type\":\"WebSite\",\"@id\":\"https:\\\/\\\/www.yucatanencorto.com\\\/noticias\\\/#website\",\"url\":\"https:\\\/\\\/www.yucatanencorto.com\\\/noticias\\\/\",\"name\":\"Yucat\u00e1n en corto\",\"description\":\"Noticias\",\"potentialAction\":[{\"@type\":\"SearchAction\",\"target\":{\"@type\":\"EntryPoint\",\"urlTemplate\":\"https:\\\/\\\/www.yucatanencorto.com\\\/noticias\\\/?s={search_term_string}\"},\"query-input\":{\"@type\":\"PropertyValueSpecification\",\"valueRequired\":true,\"valueName\":\"search_term_string\"}}],\"inLanguage\":\"es\"},{\"@type\":\"Person\",\"@id\":\"https:\\\/\\\/www.yucatanencorto.com\\\/noticias\\\/#\\\/schema\\\/person\\\/e2fbdfaf30a07014a43940ce989f3119\",\"name\":\"Redes\",\"image\":{\"@type\":\"ImageObject\",\"inLanguage\":\"es\",\"@id\":\"https:\\\/\\\/secure.gravatar.com\\\/avatar\\\/5931a2d21dd7cc834f44c8c34fe56d90ed6d536ef452cbf870c7485b524dddd7?s=96&d=mm&r=g\",\"url\":\"https:\\\/\\\/secure.gravatar.com\\\/avatar\\\/5931a2d21dd7cc834f44c8c34fe56d90ed6d536ef452cbf870c7485b524dddd7?s=96&d=mm&r=g\",\"contentUrl\":\"https:\\\/\\\/secure.gravatar.com\\\/avatar\\\/5931a2d21dd7cc834f44c8c34fe56d90ed6d536ef452cbf870c7485b524dddd7?s=96&d=mm&r=g\",\"caption\":\"Redes\"},\"url\":\"https:\\\/\\\/www.yucatanencorto.com\\\/noticias\\\/author\\\/redes\\\/\"}]}<\/script>\n<!-- \/ Yoast SEO plugin. -->","yoast_head_json":{"title":"Apoyan a pescadores de Celest\u00fan - Yucat\u00e1n en corto","robots":{"index":"index","follow":"follow","max-snippet":"max-snippet:-1","max-image-preview":"max-image-preview:large","max-video-preview":"max-video-preview:-1"},"canonical":"https:\/\/www.yucatanencorto.com\/noticias\/apoyan-a-pescadores-de-celestun\/","og_locale":"es_ES","og_type":"article","og_title":"Apoyan a pescadores de Celest\u00fan - Yucat\u00e1n en corto","og_description":"Celest\u00fan, Yucat\u00e1n, 10 de noviembre de 2023.- Para impulsar al sector tur\u00edstico y apoyar a quienes dependen de esta actividad en el estado, el Gobernador Mauricio Vila Dosal entreg\u00f3 los trabajos de de rehabilitaci\u00f3n del Parador Tur\u00edstico de Celest\u00fan, as\u00ed como de la imagen urbana de acceso a este puerto, obras en las que se [&hellip;]","og_url":"https:\/\/www.yucatanencorto.com\/noticias\/apoyan-a-pescadores-de-celestun\/","og_site_name":"Yucat\u00e1n en corto","article_publisher":"http:\/\/www.facebook.com\/yucatanencorto","article_published_time":"2023-11-11T00:37:18+00:00","og_image":[{"width":768,"height":512,"url":"https:\/\/www.yucatanencorto.com\/noticias\/wp-content\/uploads\/2023\/11\/IMG-20231110-WA0028-scaled.jpg","type":"image\/jpeg"}],"author":"Redes","twitter_card":"summary_large_image","twitter_creator":"@yucatanencorto","twitter_site":"@yucatanencorto","twitter_misc":{"Escrito por":"Redes","Tiempo de lectura":"5 minutos"},"schema":{"@context":"https:\/\/schema.org","@graph":[{"@type":"Article","@id":"https:\/\/www.yucatanencorto.com\/noticias\/apoyan-a-pescadores-de-celestun\/#article","isPartOf":{"@id":"https:\/\/www.yucatanencorto.com\/noticias\/apoyan-a-pescadores-de-celestun\/"},"author":{"name":"Redes","@id":"https:\/\/www.yucatanencorto.com\/noticias\/#\/schema\/person\/e2fbdfaf30a07014a43940ce989f3119"},"headline":"Apoyan a pescadores de Celest\u00fan","datePublished":"2023-11-11T00:37:18+00:00","mainEntityOfPage":{"@id":"https:\/\/www.yucatanencorto.com\/noticias\/apoyan-a-pescadores-de-celestun\/"},"wordCount":963,"image":{"@id":"https:\/\/www.yucatanencorto.com\/noticias\/apoyan-a-pescadores-de-celestun\/#primaryimage"},"thumbnailUrl":"https:\/\/www.yucatanencorto.com\/noticias\/wp-content\/uploads\/2023\/11\/IMG-20231110-WA0028-scaled.jpg","articleSection":["Yucat\u00e1n"],"inLanguage":"es"},{"@type":"WebPage","@id":"https:\/\/www.yucatanencorto.com\/noticias\/apoyan-a-pescadores-de-celestun\/","url":"https:\/\/www.yucatanencorto.com\/noticias\/apoyan-a-pescadores-de-celestun\/","name":"Apoyan a pescadores de Celest\u00fan - Yucat\u00e1n en corto","isPartOf":{"@id":"https:\/\/www.yucatanencorto.com\/noticias\/#website"},"primaryImageOfPage":{"@id":"https:\/\/www.yucatanencorto.com\/noticias\/apoyan-a-pescadores-de-celestun\/#primaryimage"},"image":{"@id":"https:\/\/www.yucatanencorto.com\/noticias\/apoyan-a-pescadores-de-celestun\/#primaryimage"},"thumbnailUrl":"https:\/\/www.yucatanencorto.com\/noticias\/wp-content\/uploads\/2023\/11\/IMG-20231110-WA0028-scaled.jpg","datePublished":"2023-11-11T00:37:18+00:00","author":{"@id":"https:\/\/www.yucatanencorto.com\/noticias\/#\/schema\/person\/e2fbdfaf30a07014a43940ce989f3119"},"breadcrumb":{"@id":"https:\/\/www.yucatanencorto.com\/noticias\/apoyan-a-pescadores-de-celestun\/#breadcrumb"},"inLanguage":"es","potentialAction":[{"@type":"ReadAction","target":["https:\/\/www.yucatanencorto.com\/noticias\/apoyan-a-pescadores-de-celestun\/"]}]},{"@type":"ImageObject","inLanguage":"es","@id":"https:\/\/www.yucatanencorto.com\/noticias\/apoyan-a-pescadores-de-celestun\/#primaryimage","url":"https:\/\/www.yucatanencorto.com\/noticias\/wp-content\/uploads\/2023\/11\/IMG-20231110-WA0028-scaled.jpg","contentUrl":"https:\/\/www.yucatanencorto.com\/noticias\/wp-content\/uploads\/2023\/11\/IMG-20231110-WA0028-scaled.jpg","width":768,"height":512},{"@type":"BreadcrumbList","@id":"https:\/\/www.yucatanencorto.com\/noticias\/apoyan-a-pescadores-de-celestun\/#breadcrumb","itemListElement":[{"@type":"ListItem","position":1,"name":"Portada","item":"https:\/\/www.yucatanencorto.com\/noticias\/"},{"@type":"ListItem","position":2,"name":"Apoyan a pescadores de Celest\u00fan"}]},{"@type":"WebSite","@id":"https:\/\/www.yucatanencorto.com\/noticias\/#website","url":"https:\/\/www.yucatanencorto.com\/noticias\/","name":"Yucat\u00e1n en corto","description":"Noticias","potentialAction":[{"@type":"SearchAction","target":{"@type":"EntryPoint","urlTemplate":"https:\/\/www.yucatanencorto.com\/noticias\/?s={search_term_string}"},"query-input":{"@type":"PropertyValueSpecification","valueRequired":true,"valueName":"search_term_string"}}],"inLanguage":"es"},{"@type":"Person","@id":"https:\/\/www.yucatanencorto.com\/noticias\/#\/schema\/person\/e2fbdfaf30a07014a43940ce989f3119","name":"Redes","image":{"@type":"ImageObject","inLanguage":"es","@id":"https:\/\/secure.gravatar.com\/avatar\/5931a2d21dd7cc834f44c8c34fe56d90ed6d536ef452cbf870c7485b524dddd7?s=96&d=mm&r=g","url":"https:\/\/secure.gravatar.com\/avatar\/5931a2d21dd7cc834f44c8c34fe56d90ed6d536ef452cbf870c7485b524dddd7?s=96&d=mm&r=g","contentUrl":"https:\/\/secure.gravatar.com\/avatar\/5931a2d21dd7cc834f44c8c34fe56d90ed6d536ef452cbf870c7485b524dddd7?s=96&d=mm&r=g","caption":"Redes"},"url":"https:\/\/www.yucatanencorto.com\/noticias\/author\/redes\/"}]}},"_links":{"self":[{"href":"https:\/\/www.yucatanencorto.com\/noticias\/wp-json\/wp\/v2\/posts\/100840","targetHints":{"allow":["GET"]}}],"collection":[{"href":"https:\/\/www.yucatanencorto.com\/noticias\/wp-json\/wp\/v2\/posts"}],"about":[{"href":"https:\/\/www.yucatanencorto.com\/noticias\/wp-json\/wp\/v2\/types\/post"}],"author":[{"embeddable":true,"href":"https:\/\/www.yucatanencorto.com\/noticias\/wp-json\/wp\/v2\/users\/3"}],"replies":[{"embeddable":true,"href":"https:\/\/www.yucatanencorto.com\/noticias\/wp-json\/wp\/v2\/comments?post=100840"}],"version-history":[{"count":0,"href":"https:\/\/www.yucatanencorto.com\/noticias\/wp-json\/wp\/v2\/posts\/100840\/revisions"}],"wp:featuredmedia":[{"embeddable":true,"href":"https:\/\/www.yucatanencorto.com\/noticias\/wp-json\/wp\/v2\/media\/100841"}],"wp:attachment":[{"href":"https:\/\/www.yucatanencorto.com\/noticias\/wp-json\/wp\/v2\/media?parent=100840"}],"wp:term":[{"taxonomy":"category","embeddable":true,"href":"https:\/\/www.yucatanencorto.com\/noticias\/wp-json\/wp\/v2\/categories?post=100840"},{"taxonomy":"post_tag","embeddable":true,"href":"https:\/\/www.yucatanencorto.com\/noticias\/wp-json\/wp\/v2\/tags?post=100840"}],"curies":[{"name":"wp","href":"https:\/\/api.w.org\/{rel}","templated":true}]}}