{"id":100843,"date":"2023-11-11T00:10:07","date_gmt":"2023-11-11T06:10:07","guid":{"rendered":"https:\/\/www.yucatanencorto.com\/noticias\/?p=100843"},"modified":"2023-11-11T00:10:07","modified_gmt":"2023-11-11T06:10:07","slug":"renan-barrera-y-el-sector-magisterial-sumaran-esfuerzos-para-cuidar-a-yucatan","status":"publish","type":"post","link":"https:\/\/www.yucatanencorto.com\/noticias\/renan-barrera-y-el-sector-magisterial-sumaran-esfuerzos-para-cuidar-a-yucatan\/","title":{"rendered":"Ren\u00e1n Barrera y el Sector Magisterial sumar\u00e1n esfuerzos para cuidar a Yucat\u00e1n\u00a0 \u00a0   \u00a0"},"content":{"rendered":"<p><img loading=\"lazy\" decoding=\"async\" class=\"alignnone size-full wp-image-100844\" src=\"https:\/\/www.yucatanencorto.com\/noticias\/wp-content\/uploads\/2023\/11\/IMG-20231110-WA0031-scaled.jpg\" alt=\"\" width=\"768\" height=\"512\" srcset=\"https:\/\/www.yucatanencorto.com\/noticias\/wp-content\/uploads\/2023\/11\/IMG-20231110-WA0031-scaled.jpg 768w, https:\/\/www.yucatanencorto.com\/noticias\/wp-content\/uploads\/2023\/11\/IMG-20231110-WA0031-696x464.jpg 696w, https:\/\/www.yucatanencorto.com\/noticias\/wp-content\/uploads\/2023\/11\/IMG-20231110-WA0031-631x420.jpg 631w\" sizes=\"auto, (max-width: 768px) 100vw, 768px\" \/><\/p>\n<p>Tetiz, Yucat\u00e1n, a 10 de noviembre de 2023.- Para construir un mejor futuro para las pr\u00f3ximas generaciones, el precandidato a la gubernatura de Yucat\u00e1n por el Partido Acci\u00f3n Nacional (PAN), Ren\u00e1n Barrera Concha, y los militantes y simpatizantes del Sector Magisterial de Yucat\u00e1n (OMY) refrendaron su respaldo al proyecto para la transformaci\u00f3n segura basada en m\u00e1s oportunidades para las y los yucatecos.<\/p>\n<p>Ante las y los maestros de Tetiz, Kinchil, Samahil, Uc\u00fa y Celest\u00fan, indic\u00f3 que entre las actividades prioritarias a consolidar est\u00e1 la educaci\u00f3n, principalmente la continuaci\u00f3n de las mejoras laborales que elevar\u00e1n la calidad de la educativa para las y los alumnos.<\/p>\n<p>\u201cEl tema educativo tiene que ser la prioridad n\u00famero uno de la propuesta que estamos construyendo, por ello, tenemos que impulsar a este importante sector con proyectos, entender en qu\u00e9 punto estamos y mejorar las condiciones para las y los educadores y estudiantes, para que podamos tener mejores sociedades\u201d, apunt\u00f3 el precandidato a los militantes y simpatizantes panistas.<\/p>\n<p>Agreg\u00f3 que, para continuar con la transformaci\u00f3n segura de Yucat\u00e1n, es necesario seguir uniendo fuerzas, sumando voluntades, haciendo equipo dejando a un lado las distintas ideolog\u00edas pol\u00edticas, con la finalidad de preservar la seguridad y calidad de vida del estado.<\/p>\n<p>\u201cEstamos empezando esta ruta de poder cuidar a Yucat\u00e1n, por eso estoy aqu\u00ed, adem\u00e1s de unirnos por mejorar en materia de educaci\u00f3n, \u00a1un\u00e1monos para defender juntos a Yucat\u00e1n, porque nos necesita a todos! Somos un pueblo noble y trabajador\u201d, expres\u00f3 el pol\u00edtico yucateco.<\/p>\n<p>Por su parte, la maestra Nallely Franco Zozaya, representante del sector magisterial, afirm\u00f3 que las capacitaciones para las y los maestros es vital para educar eficazmente a las nuevas generaciones, as\u00ed como atender la infraestructura de las escuelas.<\/p>\n<p>\u201cEstamos aqu\u00ed para escuchar a Ren\u00e1n Barrera, para decir nuestras inquietudes y refrendar nuestro apoyo por usted. Hacemos a un lado los colores partidistas, porque buscamos el bien com\u00fan, mejores oportunidades para los maestros y nuestros estudiantes\u201d, dijo la maestra Rosario Kant\u00fan Cuyt\u00fan Dzul.<\/p>\n<p>En su intervenci\u00f3n, el presidente municipal de Tetiz, Melesio Canch\u00e9 Ru\u00edz, respald\u00f3 las palabras del sector magisterial y coincidi\u00f3 en que haciendo equipo lograr\u00e1n consolidar la transformaci\u00f3n de Yucat\u00e1n en 2024.<\/p>\n<p>\u201cNuestro futuro gobernador representar\u00e1 a este gremio, a los yucatecos, y al estado, para buscar el bien com\u00fan, \u00a1Dios lo bendiga y nosotros estamos para hacer equipo, sin rivalidad, porque nosotros al ritmo que nos tocan bailamos! \u00a1Aqu\u00ed en Tetiz lo respaldamos!\u201d, concluy\u00f3 el comisario de extracci\u00f3n priista.<\/p>\n","protected":false},"excerpt":{"rendered":"<p>Tetiz, Yucat\u00e1n, a 10 de noviembre de 2023.- Para construir un mejor futuro para las pr\u00f3ximas generaciones, el precandidato a la gubernatura de Yucat\u00e1n por el Partido Acci\u00f3n Nacional (PAN), Ren\u00e1n Barrera Concha, y los militantes y simpatizantes del Sector Magisterial de Yucat\u00e1n (OMY) refrendaron su respaldo al proyecto para la transformaci\u00f3n segura basada en [&hellip;]<\/p>\n","protected":false},"author":3,"featured_media":100844,"comment_status":"closed","ping_status":"closed","sticky":false,"template":"","format":"standard","meta":{"footnotes":""},"categories":[2],"tags":[],"class_list":{"0":"post-100843","1":"post","2":"type-post","3":"status-publish","4":"format-standard","5":"has-post-thumbnail","7":"category-merida"},"yoast_head":"<!-- This site is optimized with the Yoast SEO plugin v27.5 - https:\/\/yoast.com\/product\/yoast-seo-wordpress\/ -->\n<title>Ren\u00e1n Barrera y el Sector Magisterial sumar\u00e1n esfuerzos para cuidar a Yucat\u00e1n\u00a0 \u00a0  \u00a0 - Yucat\u00e1n en corto<\/title>\n<meta name=\"robots\" content=\"index, follow, max-snippet:-1, max-image-preview:large, max-video-preview:-1\" \/>\n<link rel=\"canonical\" href=\"https:\/\/www.yucatanencorto.com\/noticias\/renan-barrera-y-el-sector-magisterial-sumaran-esfuerzos-para-cuidar-a-yucatan\/\" \/>\n<meta property=\"og:locale\" content=\"es_ES\" \/>\n<meta property=\"og:type\" content=\"article\" \/>\n<meta property=\"og:title\" content=\"Ren\u00e1n Barrera y el Sector Magisterial sumar\u00e1n esfuerzos para cuidar a Yucat\u00e1n\u00a0 \u00a0  \u00a0 - Yucat\u00e1n en corto\" \/>\n<meta property=\"og:description\" content=\"Tetiz, Yucat\u00e1n, a 10 de noviembre de 2023.- Para construir un mejor futuro para las pr\u00f3ximas generaciones, el precandidato a la gubernatura de Yucat\u00e1n por el Partido Acci\u00f3n Nacional (PAN), Ren\u00e1n Barrera Concha, y los militantes y simpatizantes del Sector Magisterial de Yucat\u00e1n (OMY) refrendaron su respaldo al proyecto para la transformaci\u00f3n segura basada en [&hellip;]\" \/>\n<meta property=\"og:url\" content=\"https:\/\/www.yucatanencorto.com\/noticias\/renan-barrera-y-el-sector-magisterial-sumaran-esfuerzos-para-cuidar-a-yucatan\/\" \/>\n<meta property=\"og:site_name\" content=\"Yucat\u00e1n en corto\" \/>\n<meta property=\"article:publisher\" content=\"http:\/\/www.facebook.com\/yucatanencorto\" \/>\n<meta property=\"article:published_time\" content=\"2023-11-11T06:10:07+00:00\" \/>\n<meta property=\"og:image\" content=\"https:\/\/www.yucatanencorto.com\/noticias\/wp-content\/uploads\/2023\/11\/IMG-20231110-WA0031-scaled.jpg\" \/>\n\t<meta property=\"og:image:width\" content=\"768\" \/>\n\t<meta property=\"og:image:height\" content=\"512\" \/>\n\t<meta property=\"og:image:type\" content=\"image\/jpeg\" \/>\n<meta name=\"author\" content=\"Redes\" \/>\n<meta name=\"twitter:card\" content=\"summary_large_image\" \/>\n<meta name=\"twitter:creator\" content=\"@yucatanencorto\" \/>\n<meta name=\"twitter:site\" content=\"@yucatanencorto\" \/>\n<meta name=\"twitter:label1\" content=\"Escrito por\" \/>\n\t<meta name=\"twitter:data1\" content=\"Redes\" \/>\n\t<meta name=\"twitter:label2\" content=\"Tiempo de lectura\" \/>\n\t<meta name=\"twitter:data2\" content=\"3 minutos\" \/>\n<script type=\"application\/ld+json\" class=\"yoast-schema-graph\">{\"@context\":\"https:\\\/\\\/schema.org\",\"@graph\":[{\"@type\":\"Article\",\"@id\":\"https:\\\/\\\/www.yucatanencorto.com\\\/noticias\\\/renan-barrera-y-el-sector-magisterial-sumaran-esfuerzos-para-cuidar-a-yucatan\\\/#article\",\"isPartOf\":{\"@id\":\"https:\\\/\\\/www.yucatanencorto.com\\\/noticias\\\/renan-barrera-y-el-sector-magisterial-sumaran-esfuerzos-para-cuidar-a-yucatan\\\/\"},\"author\":{\"name\":\"Redes\",\"@id\":\"https:\\\/\\\/www.yucatanencorto.com\\\/noticias\\\/#\\\/schema\\\/person\\\/e2fbdfaf30a07014a43940ce989f3119\"},\"headline\":\"Ren\u00e1n Barrera y el Sector Magisterial sumar\u00e1n esfuerzos para cuidar a Yucat\u00e1n\u00a0 \u00a0 \u00a0\",\"datePublished\":\"2023-11-11T06:10:07+00:00\",\"mainEntityOfPage\":{\"@id\":\"https:\\\/\\\/www.yucatanencorto.com\\\/noticias\\\/renan-barrera-y-el-sector-magisterial-sumaran-esfuerzos-para-cuidar-a-yucatan\\\/\"},\"wordCount\":453,\"image\":{\"@id\":\"https:\\\/\\\/www.yucatanencorto.com\\\/noticias\\\/renan-barrera-y-el-sector-magisterial-sumaran-esfuerzos-para-cuidar-a-yucatan\\\/#primaryimage\"},\"thumbnailUrl\":\"https:\\\/\\\/www.yucatanencorto.com\\\/noticias\\\/wp-content\\\/uploads\\\/2023\\\/11\\\/IMG-20231110-WA0031-scaled.jpg\",\"articleSection\":[\"M\u00e9rida\"],\"inLanguage\":\"es\"},{\"@type\":\"WebPage\",\"@id\":\"https:\\\/\\\/www.yucatanencorto.com\\\/noticias\\\/renan-barrera-y-el-sector-magisterial-sumaran-esfuerzos-para-cuidar-a-yucatan\\\/\",\"url\":\"https:\\\/\\\/www.yucatanencorto.com\\\/noticias\\\/renan-barrera-y-el-sector-magisterial-sumaran-esfuerzos-para-cuidar-a-yucatan\\\/\",\"name\":\"Ren\u00e1n Barrera y el Sector Magisterial sumar\u00e1n esfuerzos para cuidar a Yucat\u00e1n\u00a0 \u00a0 \u00a0 - Yucat\u00e1n en corto\",\"isPartOf\":{\"@id\":\"https:\\\/\\\/www.yucatanencorto.com\\\/noticias\\\/#website\"},\"primaryImageOfPage\":{\"@id\":\"https:\\\/\\\/www.yucatanencorto.com\\\/noticias\\\/renan-barrera-y-el-sector-magisterial-sumaran-esfuerzos-para-cuidar-a-yucatan\\\/#primaryimage\"},\"image\":{\"@id\":\"https:\\\/\\\/www.yucatanencorto.com\\\/noticias\\\/renan-barrera-y-el-sector-magisterial-sumaran-esfuerzos-para-cuidar-a-yucatan\\\/#primaryimage\"},\"thumbnailUrl\":\"https:\\\/\\\/www.yucatanencorto.com\\\/noticias\\\/wp-content\\\/uploads\\\/2023\\\/11\\\/IMG-20231110-WA0031-scaled.jpg\",\"datePublished\":\"2023-11-11T06:10:07+00:00\",\"author\":{\"@id\":\"https:\\\/\\\/www.yucatanencorto.com\\\/noticias\\\/#\\\/schema\\\/person\\\/e2fbdfaf30a07014a43940ce989f3119\"},\"breadcrumb\":{\"@id\":\"https:\\\/\\\/www.yucatanencorto.com\\\/noticias\\\/renan-barrera-y-el-sector-magisterial-sumaran-esfuerzos-para-cuidar-a-yucatan\\\/#breadcrumb\"},\"inLanguage\":\"es\",\"potentialAction\":[{\"@type\":\"ReadAction\",\"target\":[\"https:\\\/\\\/www.yucatanencorto.com\\\/noticias\\\/renan-barrera-y-el-sector-magisterial-sumaran-esfuerzos-para-cuidar-a-yucatan\\\/\"]}]},{\"@type\":\"ImageObject\",\"inLanguage\":\"es\",\"@id\":\"https:\\\/\\\/www.yucatanencorto.com\\\/noticias\\\/renan-barrera-y-el-sector-magisterial-sumaran-esfuerzos-para-cuidar-a-yucatan\\\/#primaryimage\",\"url\":\"https:\\\/\\\/www.yucatanencorto.com\\\/noticias\\\/wp-content\\\/uploads\\\/2023\\\/11\\\/IMG-20231110-WA0031-scaled.jpg\",\"contentUrl\":\"https:\\\/\\\/www.yucatanencorto.com\\\/noticias\\\/wp-content\\\/uploads\\\/2023\\\/11\\\/IMG-20231110-WA0031-scaled.jpg\",\"width\":768,\"height\":512},{\"@type\":\"BreadcrumbList\",\"@id\":\"https:\\\/\\\/www.yucatanencorto.com\\\/noticias\\\/renan-barrera-y-el-sector-magisterial-sumaran-esfuerzos-para-cuidar-a-yucatan\\\/#breadcrumb\",\"itemListElement\":[{\"@type\":\"ListItem\",\"position\":1,\"name\":\"Portada\",\"item\":\"https:\\\/\\\/www.yucatanencorto.com\\\/noticias\\\/\"},{\"@type\":\"ListItem\",\"position\":2,\"name\":\"Ren\u00e1n Barrera y el Sector Magisterial sumar\u00e1n esfuerzos para cuidar a Yucat\u00e1n\u00a0 \u00a0 \u00a0\"}]},{\"@type\":\"WebSite\",\"@id\":\"https:\\\/\\\/www.yucatanencorto.com\\\/noticias\\\/#website\",\"url\":\"https:\\\/\\\/www.yucatanencorto.com\\\/noticias\\\/\",\"name\":\"Yucat\u00e1n en corto\",\"description\":\"Noticias\",\"potentialAction\":[{\"@type\":\"SearchAction\",\"target\":{\"@type\":\"EntryPoint\",\"urlTemplate\":\"https:\\\/\\\/www.yucatanencorto.com\\\/noticias\\\/?s={search_term_string}\"},\"query-input\":{\"@type\":\"PropertyValueSpecification\",\"valueRequired\":true,\"valueName\":\"search_term_string\"}}],\"inLanguage\":\"es\"},{\"@type\":\"Person\",\"@id\":\"https:\\\/\\\/www.yucatanencorto.com\\\/noticias\\\/#\\\/schema\\\/person\\\/e2fbdfaf30a07014a43940ce989f3119\",\"name\":\"Redes\",\"image\":{\"@type\":\"ImageObject\",\"inLanguage\":\"es\",\"@id\":\"https:\\\/\\\/secure.gravatar.com\\\/avatar\\\/5931a2d21dd7cc834f44c8c34fe56d90ed6d536ef452cbf870c7485b524dddd7?s=96&d=mm&r=g\",\"url\":\"https:\\\/\\\/secure.gravatar.com\\\/avatar\\\/5931a2d21dd7cc834f44c8c34fe56d90ed6d536ef452cbf870c7485b524dddd7?s=96&d=mm&r=g\",\"contentUrl\":\"https:\\\/\\\/secure.gravatar.com\\\/avatar\\\/5931a2d21dd7cc834f44c8c34fe56d90ed6d536ef452cbf870c7485b524dddd7?s=96&d=mm&r=g\",\"caption\":\"Redes\"},\"url\":\"https:\\\/\\\/www.yucatanencorto.com\\\/noticias\\\/author\\\/redes\\\/\"}]}<\/script>\n<!-- \/ Yoast SEO plugin. -->","yoast_head_json":{"title":"Ren\u00e1n Barrera y el Sector Magisterial sumar\u00e1n esfuerzos para cuidar a Yucat\u00e1n\u00a0 \u00a0  \u00a0 - Yucat\u00e1n en corto","robots":{"index":"index","follow":"follow","max-snippet":"max-snippet:-1","max-image-preview":"max-image-preview:large","max-video-preview":"max-video-preview:-1"},"canonical":"https:\/\/www.yucatanencorto.com\/noticias\/renan-barrera-y-el-sector-magisterial-sumaran-esfuerzos-para-cuidar-a-yucatan\/","og_locale":"es_ES","og_type":"article","og_title":"Ren\u00e1n Barrera y el Sector Magisterial sumar\u00e1n esfuerzos para cuidar a Yucat\u00e1n\u00a0 \u00a0  \u00a0 - Yucat\u00e1n en corto","og_description":"Tetiz, Yucat\u00e1n, a 10 de noviembre de 2023.- Para construir un mejor futuro para las pr\u00f3ximas generaciones, el precandidato a la gubernatura de Yucat\u00e1n por el Partido Acci\u00f3n Nacional (PAN), Ren\u00e1n Barrera Concha, y los militantes y simpatizantes del Sector Magisterial de Yucat\u00e1n (OMY) refrendaron su respaldo al proyecto para la transformaci\u00f3n segura basada en [&hellip;]","og_url":"https:\/\/www.yucatanencorto.com\/noticias\/renan-barrera-y-el-sector-magisterial-sumaran-esfuerzos-para-cuidar-a-yucatan\/","og_site_name":"Yucat\u00e1n en corto","article_publisher":"http:\/\/www.facebook.com\/yucatanencorto","article_published_time":"2023-11-11T06:10:07+00:00","og_image":[{"width":768,"height":512,"url":"https:\/\/www.yucatanencorto.com\/noticias\/wp-content\/uploads\/2023\/11\/IMG-20231110-WA0031-scaled.jpg","type":"image\/jpeg"}],"author":"Redes","twitter_card":"summary_large_image","twitter_creator":"@yucatanencorto","twitter_site":"@yucatanencorto","twitter_misc":{"Escrito por":"Redes","Tiempo de lectura":"3 minutos"},"schema":{"@context":"https:\/\/schema.org","@graph":[{"@type":"Article","@id":"https:\/\/www.yucatanencorto.com\/noticias\/renan-barrera-y-el-sector-magisterial-sumaran-esfuerzos-para-cuidar-a-yucatan\/#article","isPartOf":{"@id":"https:\/\/www.yucatanencorto.com\/noticias\/renan-barrera-y-el-sector-magisterial-sumaran-esfuerzos-para-cuidar-a-yucatan\/"},"author":{"name":"Redes","@id":"https:\/\/www.yucatanencorto.com\/noticias\/#\/schema\/person\/e2fbdfaf30a07014a43940ce989f3119"},"headline":"Ren\u00e1n Barrera y el Sector Magisterial sumar\u00e1n esfuerzos para cuidar a Yucat\u00e1n\u00a0 \u00a0 \u00a0","datePublished":"2023-11-11T06:10:07+00:00","mainEntityOfPage":{"@id":"https:\/\/www.yucatanencorto.com\/noticias\/renan-barrera-y-el-sector-magisterial-sumaran-esfuerzos-para-cuidar-a-yucatan\/"},"wordCount":453,"image":{"@id":"https:\/\/www.yucatanencorto.com\/noticias\/renan-barrera-y-el-sector-magisterial-sumaran-esfuerzos-para-cuidar-a-yucatan\/#primaryimage"},"thumbnailUrl":"https:\/\/www.yucatanencorto.com\/noticias\/wp-content\/uploads\/2023\/11\/IMG-20231110-WA0031-scaled.jpg","articleSection":["M\u00e9rida"],"inLanguage":"es"},{"@type":"WebPage","@id":"https:\/\/www.yucatanencorto.com\/noticias\/renan-barrera-y-el-sector-magisterial-sumaran-esfuerzos-para-cuidar-a-yucatan\/","url":"https:\/\/www.yucatanencorto.com\/noticias\/renan-barrera-y-el-sector-magisterial-sumaran-esfuerzos-para-cuidar-a-yucatan\/","name":"Ren\u00e1n Barrera y el Sector Magisterial sumar\u00e1n esfuerzos para cuidar a Yucat\u00e1n\u00a0 \u00a0 \u00a0 - Yucat\u00e1n en corto","isPartOf":{"@id":"https:\/\/www.yucatanencorto.com\/noticias\/#website"},"primaryImageOfPage":{"@id":"https:\/\/www.yucatanencorto.com\/noticias\/renan-barrera-y-el-sector-magisterial-sumaran-esfuerzos-para-cuidar-a-yucatan\/#primaryimage"},"image":{"@id":"https:\/\/www.yucatanencorto.com\/noticias\/renan-barrera-y-el-sector-magisterial-sumaran-esfuerzos-para-cuidar-a-yucatan\/#primaryimage"},"thumbnailUrl":"https:\/\/www.yucatanencorto.com\/noticias\/wp-content\/uploads\/2023\/11\/IMG-20231110-WA0031-scaled.jpg","datePublished":"2023-11-11T06:10:07+00:00","author":{"@id":"https:\/\/www.yucatanencorto.com\/noticias\/#\/schema\/person\/e2fbdfaf30a07014a43940ce989f3119"},"breadcrumb":{"@id":"https:\/\/www.yucatanencorto.com\/noticias\/renan-barrera-y-el-sector-magisterial-sumaran-esfuerzos-para-cuidar-a-yucatan\/#breadcrumb"},"inLanguage":"es","potentialAction":[{"@type":"ReadAction","target":["https:\/\/www.yucatanencorto.com\/noticias\/renan-barrera-y-el-sector-magisterial-sumaran-esfuerzos-para-cuidar-a-yucatan\/"]}]},{"@type":"ImageObject","inLanguage":"es","@id":"https:\/\/www.yucatanencorto.com\/noticias\/renan-barrera-y-el-sector-magisterial-sumaran-esfuerzos-para-cuidar-a-yucatan\/#primaryimage","url":"https:\/\/www.yucatanencorto.com\/noticias\/wp-content\/uploads\/2023\/11\/IMG-20231110-WA0031-scaled.jpg","contentUrl":"https:\/\/www.yucatanencorto.com\/noticias\/wp-content\/uploads\/2023\/11\/IMG-20231110-WA0031-scaled.jpg","width":768,"height":512},{"@type":"BreadcrumbList","@id":"https:\/\/www.yucatanencorto.com\/noticias\/renan-barrera-y-el-sector-magisterial-sumaran-esfuerzos-para-cuidar-a-yucatan\/#breadcrumb","itemListElement":[{"@type":"ListItem","position":1,"name":"Portada","item":"https:\/\/www.yucatanencorto.com\/noticias\/"},{"@type":"ListItem","position":2,"name":"Ren\u00e1n Barrera y el Sector Magisterial sumar\u00e1n esfuerzos para cuidar a Yucat\u00e1n\u00a0 \u00a0 \u00a0"}]},{"@type":"WebSite","@id":"https:\/\/www.yucatanencorto.com\/noticias\/#website","url":"https:\/\/www.yucatanencorto.com\/noticias\/","name":"Yucat\u00e1n en corto","description":"Noticias","potentialAction":[{"@type":"SearchAction","target":{"@type":"EntryPoint","urlTemplate":"https:\/\/www.yucatanencorto.com\/noticias\/?s={search_term_string}"},"query-input":{"@type":"PropertyValueSpecification","valueRequired":true,"valueName":"search_term_string"}}],"inLanguage":"es"},{"@type":"Person","@id":"https:\/\/www.yucatanencorto.com\/noticias\/#\/schema\/person\/e2fbdfaf30a07014a43940ce989f3119","name":"Redes","image":{"@type":"ImageObject","inLanguage":"es","@id":"https:\/\/secure.gravatar.com\/avatar\/5931a2d21dd7cc834f44c8c34fe56d90ed6d536ef452cbf870c7485b524dddd7?s=96&d=mm&r=g","url":"https:\/\/secure.gravatar.com\/avatar\/5931a2d21dd7cc834f44c8c34fe56d90ed6d536ef452cbf870c7485b524dddd7?s=96&d=mm&r=g","contentUrl":"https:\/\/secure.gravatar.com\/avatar\/5931a2d21dd7cc834f44c8c34fe56d90ed6d536ef452cbf870c7485b524dddd7?s=96&d=mm&r=g","caption":"Redes"},"url":"https:\/\/www.yucatanencorto.com\/noticias\/author\/redes\/"}]}},"_links":{"self":[{"href":"https:\/\/www.yucatanencorto.com\/noticias\/wp-json\/wp\/v2\/posts\/100843","targetHints":{"allow":["GET"]}}],"collection":[{"href":"https:\/\/www.yucatanencorto.com\/noticias\/wp-json\/wp\/v2\/posts"}],"about":[{"href":"https:\/\/www.yucatanencorto.com\/noticias\/wp-json\/wp\/v2\/types\/post"}],"author":[{"embeddable":true,"href":"https:\/\/www.yucatanencorto.com\/noticias\/wp-json\/wp\/v2\/users\/3"}],"replies":[{"embeddable":true,"href":"https:\/\/www.yucatanencorto.com\/noticias\/wp-json\/wp\/v2\/comments?post=100843"}],"version-history":[{"count":0,"href":"https:\/\/www.yucatanencorto.com\/noticias\/wp-json\/wp\/v2\/posts\/100843\/revisions"}],"wp:featuredmedia":[{"embeddable":true,"href":"https:\/\/www.yucatanencorto.com\/noticias\/wp-json\/wp\/v2\/media\/100844"}],"wp:attachment":[{"href":"https:\/\/www.yucatanencorto.com\/noticias\/wp-json\/wp\/v2\/media?parent=100843"}],"wp:term":[{"taxonomy":"category","embeddable":true,"href":"https:\/\/www.yucatanencorto.com\/noticias\/wp-json\/wp\/v2\/categories?post=100843"},{"taxonomy":"post_tag","embeddable":true,"href":"https:\/\/www.yucatanencorto.com\/noticias\/wp-json\/wp\/v2\/tags?post=100843"}],"curies":[{"name":"wp","href":"https:\/\/api.w.org\/{rel}","templated":true}]}}