{"id":101113,"date":"2023-11-28T12:59:00","date_gmt":"2023-11-28T18:59:00","guid":{"rendered":"https:\/\/www.yucatanencorto.com\/noticias\/?p=101113"},"modified":"2023-11-28T12:59:07","modified_gmt":"2023-11-28T18:59:07","slug":"esta-es-la-hora-exacta-a-la-que-deberias-cenar-para-no-engordar","status":"publish","type":"post","link":"https:\/\/www.yucatanencorto.com\/noticias\/esta-es-la-hora-exacta-a-la-que-deberias-cenar-para-no-engordar\/","title":{"rendered":"Esta es la HORA EXACTA a la que deber\u00edas cenar para no engordar"},"content":{"rendered":"<p><img loading=\"lazy\" decoding=\"async\" class=\"alignnone size-full wp-image-101114\" src=\"https:\/\/www.yucatanencorto.com\/noticias\/wp-content\/uploads\/2023\/11\/Captura-de-pantalla-2023-11-28-125820-scaled.jpg\" alt=\"\" width=\"768\" height=\"461\" srcset=\"https:\/\/www.yucatanencorto.com\/noticias\/wp-content\/uploads\/2023\/11\/Captura-de-pantalla-2023-11-28-125820-scaled.jpg 768w, https:\/\/www.yucatanencorto.com\/noticias\/wp-content\/uploads\/2023\/11\/Captura-de-pantalla-2023-11-28-125820-696x418.jpg 696w, https:\/\/www.yucatanencorto.com\/noticias\/wp-content\/uploads\/2023\/11\/Captura-de-pantalla-2023-11-28-125820-1068x641.jpg 1068w, https:\/\/www.yucatanencorto.com\/noticias\/wp-content\/uploads\/2023\/11\/Captura-de-pantalla-2023-11-28-125820-699x420.jpg 699w\" sizes=\"auto, (max-width: 768px) 100vw, 768px\" \/><\/p>\n<p>El horario de la\u00a0cena\u00a0var\u00eda dependiendo del hogar y las\u00a0rutinas\u00a0de quienes viven en el. Se entiende a la ultima comida del d\u00eda como una oportunidad de reencuentro entre seres queridos y de conversaci\u00f3n, por lo que es com\u00fan que\u00a0est\u00e9 determinada por el momento en el que todos pueden sentarse a la mesa.<\/p>\n<p>No obstante, el horario en el que cenamos puede repercutir en nuestra\u00a0salud general\u00a0y por ello es importante conocer cu\u00e1l es el m\u00e1s propicio para no alterar el buen funcionamiento de nuestro metabolismo.<\/p>\n<h2 class=\"article-sub-heading\">Cu\u00e1l es el mejor momento para cenar y no engordar<\/h2>\n<p data-t=\"{&quot;n&quot;:&quot;blueLinks&quot;}\">Un estudio de la Universidad de Harvard demostr\u00f3 la importancia de mantener un horario fijo aproximado para cenar y devel\u00f3 cu\u00e1l es la mejor hora para hacerlo.<\/p>\n<p data-t=\"{&quot;n&quot;:&quot;blueLinks&quot;}\">La investigaci\u00f3n sigui\u00f3 de cerca a 16 personas con sobrepeso a las que se les asignaron horarios diferentes para ingerir la comida pero compart\u00edan la misma dieta. Durante la mitad del estudio, los participantes terminaron su cena\u00a0seis horas y media antes de irse a dormir. Los d\u00edas restantes lo hicieron tan solo dos horas y media antes.<\/p>\n<p data-t=\"{&quot;n&quot;:&quot;blueLinks&quot;}\">Los resultados del estudio comprobaron que\u00a0comer m\u00e1s tarde\u00a0y cerca del horario de dormir no s\u00f3lo aument\u00f3 la sensaci\u00f3n de hambre de los participantes sino que tambi\u00e9n disminuy\u00f3 la cantidad de calor\u00edas que quemaron, favoreciendo a la acumulaci\u00f3n de grasa.<\/p>\n<p data-t=\"{&quot;n&quot;:&quot;blueLinks&quot;}\">Si bien los expertos aseguran que cenar tarde cada tanto no es da\u00f1ino, pues no se trata de un h\u00e1bito, lo recomendable es que programes tus comidas para seis horas y media antes de acostarte, por ejemplo\u00a0si sueles dormir a las 23:00 h, tu \u00faltima ingesta importante deber\u00eda ser antes de las 17 h.<\/p>\n<h2 class=\"article-sub-heading\">C\u00f3mo tu horario puede impactar en la calidad del sue\u00f1o<\/h2>\n<p data-t=\"{&quot;n&quot;:&quot;blueLinks&quot;}\">Cenar tarde no solo es perjudicial para la s\u00edntesis de grasas de tu organismo sino que tambi\u00e9n puede\u00a0afectar severamente tu descanso. Los alimentos con grandes cantidades de az\u00facar o los hidratos de carbono pueden modificar tus niveles de energ\u00eda y favorecer al insomnio cuando el cuerpo no ha tenido tiempo suficiente de realizar la digesti\u00f3n por la proximidad de horarios.<\/p>\n<div class=\"intra-article-module\" data-t=\"{&quot;n&quot;:&quot;intraArticle&quot;,&quot;t&quot;:13}\"><\/div>\n<p data-t=\"{&quot;n&quot;:&quot;blueLinks&quot;}\">Adem\u00e1s, la sensaci\u00f3n de pesadez puede resultar molesta y dificultar la conciliaci\u00f3n de sue\u00f1o o disminuir la calidad de nuestro descanso, ya que es habitual que tendamos a despertarnos.<\/p>\n<p data-t=\"{&quot;n&quot;:&quot;blueLinks&quot;}\">Al cambiar este simple h\u00e1bito, notar\u00e1s r\u00e1pidamente un impacto positivo en tus\u00a0ciclos nocturnos\u00a0y en la manera en la que tu metabolismo reacciona frente a las comidas.<\/p>\n<p data-t=\"{&quot;n&quot;:&quot;blueLinks&quot;}\">\n","protected":false},"excerpt":{"rendered":"<p>El horario de la\u00a0cena\u00a0var\u00eda dependiendo del hogar y las\u00a0rutinas\u00a0de quienes viven en el. Se entiende a la ultima comida del d\u00eda como una oportunidad de reencuentro entre seres queridos y de conversaci\u00f3n, por lo que es com\u00fan que\u00a0est\u00e9 determinada por el momento en el que todos pueden sentarse a la mesa. No obstante, el horario [&hellip;]<\/p>\n","protected":false},"author":3,"featured_media":101114,"comment_status":"closed","ping_status":"closed","sticky":false,"template":"","format":"standard","meta":{"footnotes":""},"categories":[10],"tags":[],"class_list":{"0":"post-101113","1":"post","2":"type-post","3":"status-publish","4":"format-standard","5":"has-post-thumbnail","7":"category-bienestar"},"yoast_head":"<!-- This site is optimized with the Yoast SEO plugin v27.5 - https:\/\/yoast.com\/product\/yoast-seo-wordpress\/ -->\n<title>Esta es la HORA EXACTA a la que deber\u00edas cenar para no engordar - Yucat\u00e1n en corto<\/title>\n<meta name=\"robots\" content=\"index, follow, max-snippet:-1, max-image-preview:large, max-video-preview:-1\" \/>\n<link rel=\"canonical\" href=\"https:\/\/www.yucatanencorto.com\/noticias\/esta-es-la-hora-exacta-a-la-que-deberias-cenar-para-no-engordar\/\" \/>\n<meta property=\"og:locale\" content=\"es_ES\" \/>\n<meta property=\"og:type\" content=\"article\" \/>\n<meta property=\"og:title\" content=\"Esta es la HORA EXACTA a la que deber\u00edas cenar para no engordar - Yucat\u00e1n en corto\" \/>\n<meta property=\"og:description\" content=\"El horario de la\u00a0cena\u00a0var\u00eda dependiendo del hogar y las\u00a0rutinas\u00a0de quienes viven en el. Se entiende a la ultima comida del d\u00eda como una oportunidad de reencuentro entre seres queridos y de conversaci\u00f3n, por lo que es com\u00fan que\u00a0est\u00e9 determinada por el momento en el que todos pueden sentarse a la mesa. No obstante, el horario [&hellip;]\" \/>\n<meta property=\"og:url\" content=\"https:\/\/www.yucatanencorto.com\/noticias\/esta-es-la-hora-exacta-a-la-que-deberias-cenar-para-no-engordar\/\" \/>\n<meta property=\"og:site_name\" content=\"Yucat\u00e1n en corto\" \/>\n<meta property=\"article:publisher\" content=\"http:\/\/www.facebook.com\/yucatanencorto\" \/>\n<meta property=\"article:published_time\" content=\"2023-11-28T18:59:00+00:00\" \/>\n<meta property=\"article:modified_time\" content=\"2023-11-28T18:59:07+00:00\" \/>\n<meta property=\"og:image\" content=\"https:\/\/www.yucatanencorto.com\/noticias\/wp-content\/uploads\/2023\/11\/Captura-de-pantalla-2023-11-28-125820-scaled.jpg\" \/>\n\t<meta property=\"og:image:width\" content=\"768\" \/>\n\t<meta property=\"og:image:height\" content=\"461\" \/>\n\t<meta property=\"og:image:type\" content=\"image\/jpeg\" \/>\n<meta name=\"author\" content=\"Redes\" \/>\n<meta name=\"twitter:card\" content=\"summary_large_image\" \/>\n<meta name=\"twitter:creator\" content=\"@yucatanencorto\" \/>\n<meta name=\"twitter:site\" content=\"@yucatanencorto\" \/>\n<meta name=\"twitter:label1\" content=\"Escrito por\" \/>\n\t<meta name=\"twitter:data1\" content=\"Redes\" \/>\n\t<meta name=\"twitter:label2\" content=\"Tiempo de lectura\" \/>\n\t<meta name=\"twitter:data2\" content=\"3 minutos\" \/>\n<script type=\"application\/ld+json\" class=\"yoast-schema-graph\">{\"@context\":\"https:\\\/\\\/schema.org\",\"@graph\":[{\"@type\":\"Article\",\"@id\":\"https:\\\/\\\/www.yucatanencorto.com\\\/noticias\\\/esta-es-la-hora-exacta-a-la-que-deberias-cenar-para-no-engordar\\\/#article\",\"isPartOf\":{\"@id\":\"https:\\\/\\\/www.yucatanencorto.com\\\/noticias\\\/esta-es-la-hora-exacta-a-la-que-deberias-cenar-para-no-engordar\\\/\"},\"author\":{\"name\":\"Redes\",\"@id\":\"https:\\\/\\\/www.yucatanencorto.com\\\/noticias\\\/#\\\/schema\\\/person\\\/e2fbdfaf30a07014a43940ce989f3119\"},\"headline\":\"Esta es la HORA EXACTA a la que deber\u00edas cenar para no engordar\",\"datePublished\":\"2023-11-28T18:59:00+00:00\",\"dateModified\":\"2023-11-28T18:59:07+00:00\",\"mainEntityOfPage\":{\"@id\":\"https:\\\/\\\/www.yucatanencorto.com\\\/noticias\\\/esta-es-la-hora-exacta-a-la-que-deberias-cenar-para-no-engordar\\\/\"},\"wordCount\":454,\"image\":{\"@id\":\"https:\\\/\\\/www.yucatanencorto.com\\\/noticias\\\/esta-es-la-hora-exacta-a-la-que-deberias-cenar-para-no-engordar\\\/#primaryimage\"},\"thumbnailUrl\":\"https:\\\/\\\/www.yucatanencorto.com\\\/noticias\\\/wp-content\\\/uploads\\\/2023\\\/11\\\/Captura-de-pantalla-2023-11-28-125820-scaled.jpg\",\"articleSection\":[\"Bienestar\"],\"inLanguage\":\"es\"},{\"@type\":\"WebPage\",\"@id\":\"https:\\\/\\\/www.yucatanencorto.com\\\/noticias\\\/esta-es-la-hora-exacta-a-la-que-deberias-cenar-para-no-engordar\\\/\",\"url\":\"https:\\\/\\\/www.yucatanencorto.com\\\/noticias\\\/esta-es-la-hora-exacta-a-la-que-deberias-cenar-para-no-engordar\\\/\",\"name\":\"Esta es la HORA EXACTA a la que deber\u00edas cenar para no engordar - Yucat\u00e1n en corto\",\"isPartOf\":{\"@id\":\"https:\\\/\\\/www.yucatanencorto.com\\\/noticias\\\/#website\"},\"primaryImageOfPage\":{\"@id\":\"https:\\\/\\\/www.yucatanencorto.com\\\/noticias\\\/esta-es-la-hora-exacta-a-la-que-deberias-cenar-para-no-engordar\\\/#primaryimage\"},\"image\":{\"@id\":\"https:\\\/\\\/www.yucatanencorto.com\\\/noticias\\\/esta-es-la-hora-exacta-a-la-que-deberias-cenar-para-no-engordar\\\/#primaryimage\"},\"thumbnailUrl\":\"https:\\\/\\\/www.yucatanencorto.com\\\/noticias\\\/wp-content\\\/uploads\\\/2023\\\/11\\\/Captura-de-pantalla-2023-11-28-125820-scaled.jpg\",\"datePublished\":\"2023-11-28T18:59:00+00:00\",\"dateModified\":\"2023-11-28T18:59:07+00:00\",\"author\":{\"@id\":\"https:\\\/\\\/www.yucatanencorto.com\\\/noticias\\\/#\\\/schema\\\/person\\\/e2fbdfaf30a07014a43940ce989f3119\"},\"breadcrumb\":{\"@id\":\"https:\\\/\\\/www.yucatanencorto.com\\\/noticias\\\/esta-es-la-hora-exacta-a-la-que-deberias-cenar-para-no-engordar\\\/#breadcrumb\"},\"inLanguage\":\"es\",\"potentialAction\":[{\"@type\":\"ReadAction\",\"target\":[\"https:\\\/\\\/www.yucatanencorto.com\\\/noticias\\\/esta-es-la-hora-exacta-a-la-que-deberias-cenar-para-no-engordar\\\/\"]}]},{\"@type\":\"ImageObject\",\"inLanguage\":\"es\",\"@id\":\"https:\\\/\\\/www.yucatanencorto.com\\\/noticias\\\/esta-es-la-hora-exacta-a-la-que-deberias-cenar-para-no-engordar\\\/#primaryimage\",\"url\":\"https:\\\/\\\/www.yucatanencorto.com\\\/noticias\\\/wp-content\\\/uploads\\\/2023\\\/11\\\/Captura-de-pantalla-2023-11-28-125820-scaled.jpg\",\"contentUrl\":\"https:\\\/\\\/www.yucatanencorto.com\\\/noticias\\\/wp-content\\\/uploads\\\/2023\\\/11\\\/Captura-de-pantalla-2023-11-28-125820-scaled.jpg\",\"width\":768,\"height\":461},{\"@type\":\"BreadcrumbList\",\"@id\":\"https:\\\/\\\/www.yucatanencorto.com\\\/noticias\\\/esta-es-la-hora-exacta-a-la-que-deberias-cenar-para-no-engordar\\\/#breadcrumb\",\"itemListElement\":[{\"@type\":\"ListItem\",\"position\":1,\"name\":\"Portada\",\"item\":\"https:\\\/\\\/www.yucatanencorto.com\\\/noticias\\\/\"},{\"@type\":\"ListItem\",\"position\":2,\"name\":\"Esta es la HORA EXACTA a la que deber\u00edas cenar para no engordar\"}]},{\"@type\":\"WebSite\",\"@id\":\"https:\\\/\\\/www.yucatanencorto.com\\\/noticias\\\/#website\",\"url\":\"https:\\\/\\\/www.yucatanencorto.com\\\/noticias\\\/\",\"name\":\"Yucat\u00e1n en corto\",\"description\":\"Noticias\",\"potentialAction\":[{\"@type\":\"SearchAction\",\"target\":{\"@type\":\"EntryPoint\",\"urlTemplate\":\"https:\\\/\\\/www.yucatanencorto.com\\\/noticias\\\/?s={search_term_string}\"},\"query-input\":{\"@type\":\"PropertyValueSpecification\",\"valueRequired\":true,\"valueName\":\"search_term_string\"}}],\"inLanguage\":\"es\"},{\"@type\":\"Person\",\"@id\":\"https:\\\/\\\/www.yucatanencorto.com\\\/noticias\\\/#\\\/schema\\\/person\\\/e2fbdfaf30a07014a43940ce989f3119\",\"name\":\"Redes\",\"image\":{\"@type\":\"ImageObject\",\"inLanguage\":\"es\",\"@id\":\"https:\\\/\\\/secure.gravatar.com\\\/avatar\\\/5931a2d21dd7cc834f44c8c34fe56d90ed6d536ef452cbf870c7485b524dddd7?s=96&d=mm&r=g\",\"url\":\"https:\\\/\\\/secure.gravatar.com\\\/avatar\\\/5931a2d21dd7cc834f44c8c34fe56d90ed6d536ef452cbf870c7485b524dddd7?s=96&d=mm&r=g\",\"contentUrl\":\"https:\\\/\\\/secure.gravatar.com\\\/avatar\\\/5931a2d21dd7cc834f44c8c34fe56d90ed6d536ef452cbf870c7485b524dddd7?s=96&d=mm&r=g\",\"caption\":\"Redes\"},\"url\":\"https:\\\/\\\/www.yucatanencorto.com\\\/noticias\\\/author\\\/redes\\\/\"}]}<\/script>\n<!-- \/ Yoast SEO plugin. -->","yoast_head_json":{"title":"Esta es la HORA EXACTA a la que deber\u00edas cenar para no engordar - Yucat\u00e1n en corto","robots":{"index":"index","follow":"follow","max-snippet":"max-snippet:-1","max-image-preview":"max-image-preview:large","max-video-preview":"max-video-preview:-1"},"canonical":"https:\/\/www.yucatanencorto.com\/noticias\/esta-es-la-hora-exacta-a-la-que-deberias-cenar-para-no-engordar\/","og_locale":"es_ES","og_type":"article","og_title":"Esta es la HORA EXACTA a la que deber\u00edas cenar para no engordar - Yucat\u00e1n en corto","og_description":"El horario de la\u00a0cena\u00a0var\u00eda dependiendo del hogar y las\u00a0rutinas\u00a0de quienes viven en el. Se entiende a la ultima comida del d\u00eda como una oportunidad de reencuentro entre seres queridos y de conversaci\u00f3n, por lo que es com\u00fan que\u00a0est\u00e9 determinada por el momento en el que todos pueden sentarse a la mesa. No obstante, el horario [&hellip;]","og_url":"https:\/\/www.yucatanencorto.com\/noticias\/esta-es-la-hora-exacta-a-la-que-deberias-cenar-para-no-engordar\/","og_site_name":"Yucat\u00e1n en corto","article_publisher":"http:\/\/www.facebook.com\/yucatanencorto","article_published_time":"2023-11-28T18:59:00+00:00","article_modified_time":"2023-11-28T18:59:07+00:00","og_image":[{"width":768,"height":461,"url":"https:\/\/www.yucatanencorto.com\/noticias\/wp-content\/uploads\/2023\/11\/Captura-de-pantalla-2023-11-28-125820-scaled.jpg","type":"image\/jpeg"}],"author":"Redes","twitter_card":"summary_large_image","twitter_creator":"@yucatanencorto","twitter_site":"@yucatanencorto","twitter_misc":{"Escrito por":"Redes","Tiempo de lectura":"3 minutos"},"schema":{"@context":"https:\/\/schema.org","@graph":[{"@type":"Article","@id":"https:\/\/www.yucatanencorto.com\/noticias\/esta-es-la-hora-exacta-a-la-que-deberias-cenar-para-no-engordar\/#article","isPartOf":{"@id":"https:\/\/www.yucatanencorto.com\/noticias\/esta-es-la-hora-exacta-a-la-que-deberias-cenar-para-no-engordar\/"},"author":{"name":"Redes","@id":"https:\/\/www.yucatanencorto.com\/noticias\/#\/schema\/person\/e2fbdfaf30a07014a43940ce989f3119"},"headline":"Esta es la HORA EXACTA a la que deber\u00edas cenar para no engordar","datePublished":"2023-11-28T18:59:00+00:00","dateModified":"2023-11-28T18:59:07+00:00","mainEntityOfPage":{"@id":"https:\/\/www.yucatanencorto.com\/noticias\/esta-es-la-hora-exacta-a-la-que-deberias-cenar-para-no-engordar\/"},"wordCount":454,"image":{"@id":"https:\/\/www.yucatanencorto.com\/noticias\/esta-es-la-hora-exacta-a-la-que-deberias-cenar-para-no-engordar\/#primaryimage"},"thumbnailUrl":"https:\/\/www.yucatanencorto.com\/noticias\/wp-content\/uploads\/2023\/11\/Captura-de-pantalla-2023-11-28-125820-scaled.jpg","articleSection":["Bienestar"],"inLanguage":"es"},{"@type":"WebPage","@id":"https:\/\/www.yucatanencorto.com\/noticias\/esta-es-la-hora-exacta-a-la-que-deberias-cenar-para-no-engordar\/","url":"https:\/\/www.yucatanencorto.com\/noticias\/esta-es-la-hora-exacta-a-la-que-deberias-cenar-para-no-engordar\/","name":"Esta es la HORA EXACTA a la que deber\u00edas cenar para no engordar - Yucat\u00e1n en corto","isPartOf":{"@id":"https:\/\/www.yucatanencorto.com\/noticias\/#website"},"primaryImageOfPage":{"@id":"https:\/\/www.yucatanencorto.com\/noticias\/esta-es-la-hora-exacta-a-la-que-deberias-cenar-para-no-engordar\/#primaryimage"},"image":{"@id":"https:\/\/www.yucatanencorto.com\/noticias\/esta-es-la-hora-exacta-a-la-que-deberias-cenar-para-no-engordar\/#primaryimage"},"thumbnailUrl":"https:\/\/www.yucatanencorto.com\/noticias\/wp-content\/uploads\/2023\/11\/Captura-de-pantalla-2023-11-28-125820-scaled.jpg","datePublished":"2023-11-28T18:59:00+00:00","dateModified":"2023-11-28T18:59:07+00:00","author":{"@id":"https:\/\/www.yucatanencorto.com\/noticias\/#\/schema\/person\/e2fbdfaf30a07014a43940ce989f3119"},"breadcrumb":{"@id":"https:\/\/www.yucatanencorto.com\/noticias\/esta-es-la-hora-exacta-a-la-que-deberias-cenar-para-no-engordar\/#breadcrumb"},"inLanguage":"es","potentialAction":[{"@type":"ReadAction","target":["https:\/\/www.yucatanencorto.com\/noticias\/esta-es-la-hora-exacta-a-la-que-deberias-cenar-para-no-engordar\/"]}]},{"@type":"ImageObject","inLanguage":"es","@id":"https:\/\/www.yucatanencorto.com\/noticias\/esta-es-la-hora-exacta-a-la-que-deberias-cenar-para-no-engordar\/#primaryimage","url":"https:\/\/www.yucatanencorto.com\/noticias\/wp-content\/uploads\/2023\/11\/Captura-de-pantalla-2023-11-28-125820-scaled.jpg","contentUrl":"https:\/\/www.yucatanencorto.com\/noticias\/wp-content\/uploads\/2023\/11\/Captura-de-pantalla-2023-11-28-125820-scaled.jpg","width":768,"height":461},{"@type":"BreadcrumbList","@id":"https:\/\/www.yucatanencorto.com\/noticias\/esta-es-la-hora-exacta-a-la-que-deberias-cenar-para-no-engordar\/#breadcrumb","itemListElement":[{"@type":"ListItem","position":1,"name":"Portada","item":"https:\/\/www.yucatanencorto.com\/noticias\/"},{"@type":"ListItem","position":2,"name":"Esta es la HORA EXACTA a la que deber\u00edas cenar para no engordar"}]},{"@type":"WebSite","@id":"https:\/\/www.yucatanencorto.com\/noticias\/#website","url":"https:\/\/www.yucatanencorto.com\/noticias\/","name":"Yucat\u00e1n en corto","description":"Noticias","potentialAction":[{"@type":"SearchAction","target":{"@type":"EntryPoint","urlTemplate":"https:\/\/www.yucatanencorto.com\/noticias\/?s={search_term_string}"},"query-input":{"@type":"PropertyValueSpecification","valueRequired":true,"valueName":"search_term_string"}}],"inLanguage":"es"},{"@type":"Person","@id":"https:\/\/www.yucatanencorto.com\/noticias\/#\/schema\/person\/e2fbdfaf30a07014a43940ce989f3119","name":"Redes","image":{"@type":"ImageObject","inLanguage":"es","@id":"https:\/\/secure.gravatar.com\/avatar\/5931a2d21dd7cc834f44c8c34fe56d90ed6d536ef452cbf870c7485b524dddd7?s=96&d=mm&r=g","url":"https:\/\/secure.gravatar.com\/avatar\/5931a2d21dd7cc834f44c8c34fe56d90ed6d536ef452cbf870c7485b524dddd7?s=96&d=mm&r=g","contentUrl":"https:\/\/secure.gravatar.com\/avatar\/5931a2d21dd7cc834f44c8c34fe56d90ed6d536ef452cbf870c7485b524dddd7?s=96&d=mm&r=g","caption":"Redes"},"url":"https:\/\/www.yucatanencorto.com\/noticias\/author\/redes\/"}]}},"_links":{"self":[{"href":"https:\/\/www.yucatanencorto.com\/noticias\/wp-json\/wp\/v2\/posts\/101113","targetHints":{"allow":["GET"]}}],"collection":[{"href":"https:\/\/www.yucatanencorto.com\/noticias\/wp-json\/wp\/v2\/posts"}],"about":[{"href":"https:\/\/www.yucatanencorto.com\/noticias\/wp-json\/wp\/v2\/types\/post"}],"author":[{"embeddable":true,"href":"https:\/\/www.yucatanencorto.com\/noticias\/wp-json\/wp\/v2\/users\/3"}],"replies":[{"embeddable":true,"href":"https:\/\/www.yucatanencorto.com\/noticias\/wp-json\/wp\/v2\/comments?post=101113"}],"version-history":[{"count":0,"href":"https:\/\/www.yucatanencorto.com\/noticias\/wp-json\/wp\/v2\/posts\/101113\/revisions"}],"wp:featuredmedia":[{"embeddable":true,"href":"https:\/\/www.yucatanencorto.com\/noticias\/wp-json\/wp\/v2\/media\/101114"}],"wp:attachment":[{"href":"https:\/\/www.yucatanencorto.com\/noticias\/wp-json\/wp\/v2\/media?parent=101113"}],"wp:term":[{"taxonomy":"category","embeddable":true,"href":"https:\/\/www.yucatanencorto.com\/noticias\/wp-json\/wp\/v2\/categories?post=101113"},{"taxonomy":"post_tag","embeddable":true,"href":"https:\/\/www.yucatanencorto.com\/noticias\/wp-json\/wp\/v2\/tags?post=101113"}],"curies":[{"name":"wp","href":"https:\/\/api.w.org\/{rel}","templated":true}]}}