{"id":101121,"date":"2023-11-28T18:34:23","date_gmt":"2023-11-29T00:34:23","guid":{"rendered":"https:\/\/www.yucatanencorto.com\/noticias\/?p=101121"},"modified":"2023-11-28T18:34:23","modified_gmt":"2023-11-29T00:34:23","slug":"probaran-en-humanos-seguridad-de-vacuna-terapeutica-contra-la-enfermedad-de-chagas","status":"publish","type":"post","link":"https:\/\/www.yucatanencorto.com\/noticias\/probaran-en-humanos-seguridad-de-vacuna-terapeutica-contra-la-enfermedad-de-chagas\/","title":{"rendered":"Probar\u00e1n en humanos seguridad de vacuna terap\u00e9utica contra la enfermedad de Chagas\u00a0\u00a0"},"content":{"rendered":"<p><img loading=\"lazy\" decoding=\"async\" class=\"alignnone size-full wp-image-101122\" src=\"https:\/\/www.yucatanencorto.com\/noticias\/wp-content\/uploads\/2023\/11\/IMG-20231128-WA0049-scaled.jpg\" alt=\"\" width=\"768\" height=\"512\" srcset=\"https:\/\/www.yucatanencorto.com\/noticias\/wp-content\/uploads\/2023\/11\/IMG-20231128-WA0049-scaled.jpg 768w, https:\/\/www.yucatanencorto.com\/noticias\/wp-content\/uploads\/2023\/11\/IMG-20231128-WA0049-696x464.jpg 696w, https:\/\/www.yucatanencorto.com\/noticias\/wp-content\/uploads\/2023\/11\/IMG-20231128-WA0049-1068x712.jpg 1068w, https:\/\/www.yucatanencorto.com\/noticias\/wp-content\/uploads\/2023\/11\/IMG-20231128-WA0049-630x420.jpg 630w\" sizes=\"auto, (max-width: 768px) 100vw, 768px\" \/><\/p>\n<p>M\u00e9rida, Yucat\u00e1n, 28 de noviembre de 2023.- Ser\u00e1 a inicios del 2024 cuando el Centro de Investigaciones Regionales Dr. Hideyo Noguchi de la Universidad Aut\u00f3noma de Yucat\u00e1n (CIR-UADY) y el Colegio de Medicina de Baylor (BCM) comiencen los estudios de Fase Cl\u00ednica 1a de la vacuna terap\u00e9utica contra la enfermedad de Chagas, con el fin de evaluar su seguridad en humanos.<\/p>\n<p>&nbsp;<\/p>\n<p>El responsable del Laboratorio de Parasitolog\u00eda del CIR-UADY, Vladimir Cruz, indic\u00f3 que el biol\u00f3gico basado en una prote\u00edna recombinante Tc24, la cual se aplicar\u00e1 a 60 pacientes voluntarios sanos, originarios o que residan en la Ciudad de M\u00e9xico y de preferencia que no hayan vivido en \u00e1reas end\u00e9micas de la enfermedad.<\/p>\n<p>&nbsp;<\/p>\n<p>A\u00f1adi\u00f3 que las muestras que se tomen a estos voluntarios ser\u00e1n trasladadas al laboratorio de parasitolog\u00eda del CIR-UADY para que sean analizadas en ensayos inmunol\u00f3gicos; esta primera fase, explic\u00f3, tendr\u00e1 duraci\u00f3n de un a\u00f1o.<\/p>\n<p>&nbsp;<\/p>\n<p>\u201cEsta podr\u00eda ser la primera vacuna terap\u00e9utica que se tenga a nivel mundial contra la enfermedad de Chagas y es el resultado del trabajo de colaboraci\u00f3n con instituciones como el Cinvestav, BCM y la Universidad de Tulane y del financiamiento del Instituto para la Salud Carlos Slim de casi cerca de 15 a\u00f1os; este candidato a vacuna ha atravesado muchas evaluaciones precl\u00ednicas experimentales, afortunadamente es un buen candidato y eso nos ha permitido que pueda escalar hasta llegar a los estudios cl\u00ednicos\u201d, abund\u00f3.<\/p>\n<p>&nbsp;<\/p>\n<p>El profesor investigador record\u00f3 que este biol\u00f3gico se evalu\u00f3 por primera vez como vacuna DNA en el laboratorio de Parasitolog\u00eda del CIR-UADY desde hace aproximadamente 15 a\u00f1os, bajo la responsabilidad del doctor Eric Dumonteil. Los estudios precl\u00ednicos en ratones permitieron determinar la dosis, el adyuvante adecuado y los esquemas de inmunizaci\u00f3n.<\/p>\n<p>&nbsp;<\/p>\n<p>Respecto a que se haya logrado llegar a la prueba en humanos, se\u00f1al\u00f3 que es de suma importancia ya que pas\u00f3 lo que los cient\u00edficos llaman el Valle de la Muerte, etapa en la cual el 80% de los candidatos a vacunas se quedan en el olvido por temas administrativos o de presupuesto.<\/p>\n<p>&nbsp;<\/p>\n<p>\u201cEsperamos que todo salga bien y que en un futuro cercano podamos contar con una vacuna contra esta enfermedad que ha afectado tanto a la poblaci\u00f3n yucateca y de toda Am\u00e9rica Latina\u201d, finaliz\u00f3.<\/p>\n<p>&nbsp;<\/p>\n<p>Se estima que en Yucat\u00e1n existen al menos 60 mil personas infectadas con el par\u00e1sito Trypanosoma cruzi, causante de la enfermedad de Chagas. De acuerdo con especialistas del CIR-UADY, estos par\u00e1sitos permanecen ocultos en el organismo sin presentar signos cl\u00ednicos o f\u00edsicos, pero con el paso de los a\u00f1os entre el 30 y 40 por ciento de los pacientes desarrollan alg\u00fan s\u00edntoma.<\/p>\n<p>&nbsp;<\/p>\n<p>Generalmente, con el paso de los a\u00f1os, derivado de la enfermedad de Chagas, se presentan anormalidades en el funcionamiento del coraz\u00f3n y cardiomiopat\u00edas que pueden provocar una insuficiencia card\u00edaca y la muerte.<\/p>\n","protected":false},"excerpt":{"rendered":"<p>M\u00e9rida, Yucat\u00e1n, 28 de noviembre de 2023.- Ser\u00e1 a inicios del 2024 cuando el Centro de Investigaciones Regionales Dr. Hideyo Noguchi de la Universidad Aut\u00f3noma de Yucat\u00e1n (CIR-UADY) y el Colegio de Medicina de Baylor (BCM) comiencen los estudios de Fase Cl\u00ednica 1a de la vacuna terap\u00e9utica contra la enfermedad de Chagas, con el fin [&hellip;]<\/p>\n","protected":false},"author":3,"featured_media":101122,"comment_status":"closed","ping_status":"closed","sticky":false,"template":"","format":"standard","meta":{"footnotes":""},"categories":[3],"tags":[],"class_list":{"0":"post-101121","1":"post","2":"type-post","3":"status-publish","4":"format-standard","5":"has-post-thumbnail","7":"category-yucatan"},"yoast_head":"<!-- This site is optimized with the Yoast SEO plugin v27.4 - https:\/\/yoast.com\/product\/yoast-seo-wordpress\/ -->\n<title>Probar\u00e1n en humanos seguridad de vacuna terap\u00e9utica contra la enfermedad de Chagas\u00a0\u00a0 - Yucat\u00e1n en corto<\/title>\n<meta name=\"robots\" content=\"index, follow, max-snippet:-1, max-image-preview:large, max-video-preview:-1\" \/>\n<link rel=\"canonical\" href=\"https:\/\/www.yucatanencorto.com\/noticias\/probaran-en-humanos-seguridad-de-vacuna-terapeutica-contra-la-enfermedad-de-chagas\/\" \/>\n<meta property=\"og:locale\" content=\"es_ES\" \/>\n<meta property=\"og:type\" content=\"article\" \/>\n<meta property=\"og:title\" content=\"Probar\u00e1n en humanos seguridad de vacuna terap\u00e9utica contra la enfermedad de Chagas\u00a0\u00a0 - Yucat\u00e1n en corto\" \/>\n<meta property=\"og:description\" content=\"M\u00e9rida, Yucat\u00e1n, 28 de noviembre de 2023.- Ser\u00e1 a inicios del 2024 cuando el Centro de Investigaciones Regionales Dr. Hideyo Noguchi de la Universidad Aut\u00f3noma de Yucat\u00e1n (CIR-UADY) y el Colegio de Medicina de Baylor (BCM) comiencen los estudios de Fase Cl\u00ednica 1a de la vacuna terap\u00e9utica contra la enfermedad de Chagas, con el fin [&hellip;]\" \/>\n<meta property=\"og:url\" content=\"https:\/\/www.yucatanencorto.com\/noticias\/probaran-en-humanos-seguridad-de-vacuna-terapeutica-contra-la-enfermedad-de-chagas\/\" \/>\n<meta property=\"og:site_name\" content=\"Yucat\u00e1n en corto\" \/>\n<meta property=\"article:publisher\" content=\"http:\/\/www.facebook.com\/yucatanencorto\" \/>\n<meta property=\"article:published_time\" content=\"2023-11-29T00:34:23+00:00\" \/>\n<meta property=\"og:image\" content=\"https:\/\/www.yucatanencorto.com\/noticias\/wp-content\/uploads\/2023\/11\/IMG-20231128-WA0049-scaled.jpg\" \/>\n\t<meta property=\"og:image:width\" content=\"768\" \/>\n\t<meta property=\"og:image:height\" content=\"512\" \/>\n\t<meta property=\"og:image:type\" content=\"image\/jpeg\" \/>\n<meta name=\"author\" content=\"Redes\" \/>\n<meta name=\"twitter:card\" content=\"summary_large_image\" \/>\n<meta name=\"twitter:creator\" content=\"@yucatanencorto\" \/>\n<meta name=\"twitter:site\" content=\"@yucatanencorto\" \/>\n<meta name=\"twitter:label1\" content=\"Escrito por\" \/>\n\t<meta name=\"twitter:data1\" content=\"Redes\" \/>\n\t<meta name=\"twitter:label2\" content=\"Tiempo de lectura\" \/>\n\t<meta name=\"twitter:data2\" content=\"3 minutos\" \/>\n<script type=\"application\/ld+json\" class=\"yoast-schema-graph\">{\"@context\":\"https:\\\/\\\/schema.org\",\"@graph\":[{\"@type\":\"Article\",\"@id\":\"https:\\\/\\\/www.yucatanencorto.com\\\/noticias\\\/probaran-en-humanos-seguridad-de-vacuna-terapeutica-contra-la-enfermedad-de-chagas\\\/#article\",\"isPartOf\":{\"@id\":\"https:\\\/\\\/www.yucatanencorto.com\\\/noticias\\\/probaran-en-humanos-seguridad-de-vacuna-terapeutica-contra-la-enfermedad-de-chagas\\\/\"},\"author\":{\"name\":\"Redes\",\"@id\":\"https:\\\/\\\/www.yucatanencorto.com\\\/noticias\\\/#\\\/schema\\\/person\\\/e2fbdfaf30a07014a43940ce989f3119\"},\"headline\":\"Probar\u00e1n en humanos seguridad de vacuna terap\u00e9utica contra la enfermedad de Chagas\u00a0\u00a0\",\"datePublished\":\"2023-11-29T00:34:23+00:00\",\"mainEntityOfPage\":{\"@id\":\"https:\\\/\\\/www.yucatanencorto.com\\\/noticias\\\/probaran-en-humanos-seguridad-de-vacuna-terapeutica-contra-la-enfermedad-de-chagas\\\/\"},\"wordCount\":517,\"image\":{\"@id\":\"https:\\\/\\\/www.yucatanencorto.com\\\/noticias\\\/probaran-en-humanos-seguridad-de-vacuna-terapeutica-contra-la-enfermedad-de-chagas\\\/#primaryimage\"},\"thumbnailUrl\":\"https:\\\/\\\/www.yucatanencorto.com\\\/noticias\\\/wp-content\\\/uploads\\\/2023\\\/11\\\/IMG-20231128-WA0049-scaled.jpg\",\"articleSection\":[\"Yucat\u00e1n\"],\"inLanguage\":\"es\"},{\"@type\":\"WebPage\",\"@id\":\"https:\\\/\\\/www.yucatanencorto.com\\\/noticias\\\/probaran-en-humanos-seguridad-de-vacuna-terapeutica-contra-la-enfermedad-de-chagas\\\/\",\"url\":\"https:\\\/\\\/www.yucatanencorto.com\\\/noticias\\\/probaran-en-humanos-seguridad-de-vacuna-terapeutica-contra-la-enfermedad-de-chagas\\\/\",\"name\":\"Probar\u00e1n en humanos seguridad de vacuna terap\u00e9utica contra la enfermedad de Chagas\u00a0\u00a0 - Yucat\u00e1n en corto\",\"isPartOf\":{\"@id\":\"https:\\\/\\\/www.yucatanencorto.com\\\/noticias\\\/#website\"},\"primaryImageOfPage\":{\"@id\":\"https:\\\/\\\/www.yucatanencorto.com\\\/noticias\\\/probaran-en-humanos-seguridad-de-vacuna-terapeutica-contra-la-enfermedad-de-chagas\\\/#primaryimage\"},\"image\":{\"@id\":\"https:\\\/\\\/www.yucatanencorto.com\\\/noticias\\\/probaran-en-humanos-seguridad-de-vacuna-terapeutica-contra-la-enfermedad-de-chagas\\\/#primaryimage\"},\"thumbnailUrl\":\"https:\\\/\\\/www.yucatanencorto.com\\\/noticias\\\/wp-content\\\/uploads\\\/2023\\\/11\\\/IMG-20231128-WA0049-scaled.jpg\",\"datePublished\":\"2023-11-29T00:34:23+00:00\",\"author\":{\"@id\":\"https:\\\/\\\/www.yucatanencorto.com\\\/noticias\\\/#\\\/schema\\\/person\\\/e2fbdfaf30a07014a43940ce989f3119\"},\"breadcrumb\":{\"@id\":\"https:\\\/\\\/www.yucatanencorto.com\\\/noticias\\\/probaran-en-humanos-seguridad-de-vacuna-terapeutica-contra-la-enfermedad-de-chagas\\\/#breadcrumb\"},\"inLanguage\":\"es\",\"potentialAction\":[{\"@type\":\"ReadAction\",\"target\":[\"https:\\\/\\\/www.yucatanencorto.com\\\/noticias\\\/probaran-en-humanos-seguridad-de-vacuna-terapeutica-contra-la-enfermedad-de-chagas\\\/\"]}]},{\"@type\":\"ImageObject\",\"inLanguage\":\"es\",\"@id\":\"https:\\\/\\\/www.yucatanencorto.com\\\/noticias\\\/probaran-en-humanos-seguridad-de-vacuna-terapeutica-contra-la-enfermedad-de-chagas\\\/#primaryimage\",\"url\":\"https:\\\/\\\/www.yucatanencorto.com\\\/noticias\\\/wp-content\\\/uploads\\\/2023\\\/11\\\/IMG-20231128-WA0049-scaled.jpg\",\"contentUrl\":\"https:\\\/\\\/www.yucatanencorto.com\\\/noticias\\\/wp-content\\\/uploads\\\/2023\\\/11\\\/IMG-20231128-WA0049-scaled.jpg\",\"width\":768,\"height\":512},{\"@type\":\"BreadcrumbList\",\"@id\":\"https:\\\/\\\/www.yucatanencorto.com\\\/noticias\\\/probaran-en-humanos-seguridad-de-vacuna-terapeutica-contra-la-enfermedad-de-chagas\\\/#breadcrumb\",\"itemListElement\":[{\"@type\":\"ListItem\",\"position\":1,\"name\":\"Portada\",\"item\":\"https:\\\/\\\/www.yucatanencorto.com\\\/noticias\\\/\"},{\"@type\":\"ListItem\",\"position\":2,\"name\":\"Probar\u00e1n en humanos seguridad de vacuna terap\u00e9utica contra la enfermedad de Chagas\u00a0\u00a0\"}]},{\"@type\":\"WebSite\",\"@id\":\"https:\\\/\\\/www.yucatanencorto.com\\\/noticias\\\/#website\",\"url\":\"https:\\\/\\\/www.yucatanencorto.com\\\/noticias\\\/\",\"name\":\"Yucat\u00e1n en corto\",\"description\":\"Noticias\",\"potentialAction\":[{\"@type\":\"SearchAction\",\"target\":{\"@type\":\"EntryPoint\",\"urlTemplate\":\"https:\\\/\\\/www.yucatanencorto.com\\\/noticias\\\/?s={search_term_string}\"},\"query-input\":{\"@type\":\"PropertyValueSpecification\",\"valueRequired\":true,\"valueName\":\"search_term_string\"}}],\"inLanguage\":\"es\"},{\"@type\":\"Person\",\"@id\":\"https:\\\/\\\/www.yucatanencorto.com\\\/noticias\\\/#\\\/schema\\\/person\\\/e2fbdfaf30a07014a43940ce989f3119\",\"name\":\"Redes\",\"image\":{\"@type\":\"ImageObject\",\"inLanguage\":\"es\",\"@id\":\"https:\\\/\\\/secure.gravatar.com\\\/avatar\\\/5931a2d21dd7cc834f44c8c34fe56d90ed6d536ef452cbf870c7485b524dddd7?s=96&d=mm&r=g\",\"url\":\"https:\\\/\\\/secure.gravatar.com\\\/avatar\\\/5931a2d21dd7cc834f44c8c34fe56d90ed6d536ef452cbf870c7485b524dddd7?s=96&d=mm&r=g\",\"contentUrl\":\"https:\\\/\\\/secure.gravatar.com\\\/avatar\\\/5931a2d21dd7cc834f44c8c34fe56d90ed6d536ef452cbf870c7485b524dddd7?s=96&d=mm&r=g\",\"caption\":\"Redes\"},\"url\":\"https:\\\/\\\/www.yucatanencorto.com\\\/noticias\\\/author\\\/redes\\\/\"}]}<\/script>\n<!-- \/ Yoast SEO plugin. -->","yoast_head_json":{"title":"Probar\u00e1n en humanos seguridad de vacuna terap\u00e9utica contra la enfermedad de Chagas\u00a0\u00a0 - Yucat\u00e1n en corto","robots":{"index":"index","follow":"follow","max-snippet":"max-snippet:-1","max-image-preview":"max-image-preview:large","max-video-preview":"max-video-preview:-1"},"canonical":"https:\/\/www.yucatanencorto.com\/noticias\/probaran-en-humanos-seguridad-de-vacuna-terapeutica-contra-la-enfermedad-de-chagas\/","og_locale":"es_ES","og_type":"article","og_title":"Probar\u00e1n en humanos seguridad de vacuna terap\u00e9utica contra la enfermedad de Chagas\u00a0\u00a0 - Yucat\u00e1n en corto","og_description":"M\u00e9rida, Yucat\u00e1n, 28 de noviembre de 2023.- Ser\u00e1 a inicios del 2024 cuando el Centro de Investigaciones Regionales Dr. Hideyo Noguchi de la Universidad Aut\u00f3noma de Yucat\u00e1n (CIR-UADY) y el Colegio de Medicina de Baylor (BCM) comiencen los estudios de Fase Cl\u00ednica 1a de la vacuna terap\u00e9utica contra la enfermedad de Chagas, con el fin [&hellip;]","og_url":"https:\/\/www.yucatanencorto.com\/noticias\/probaran-en-humanos-seguridad-de-vacuna-terapeutica-contra-la-enfermedad-de-chagas\/","og_site_name":"Yucat\u00e1n en corto","article_publisher":"http:\/\/www.facebook.com\/yucatanencorto","article_published_time":"2023-11-29T00:34:23+00:00","og_image":[{"width":768,"height":512,"url":"https:\/\/www.yucatanencorto.com\/noticias\/wp-content\/uploads\/2023\/11\/IMG-20231128-WA0049-scaled.jpg","type":"image\/jpeg"}],"author":"Redes","twitter_card":"summary_large_image","twitter_creator":"@yucatanencorto","twitter_site":"@yucatanencorto","twitter_misc":{"Escrito por":"Redes","Tiempo de lectura":"3 minutos"},"schema":{"@context":"https:\/\/schema.org","@graph":[{"@type":"Article","@id":"https:\/\/www.yucatanencorto.com\/noticias\/probaran-en-humanos-seguridad-de-vacuna-terapeutica-contra-la-enfermedad-de-chagas\/#article","isPartOf":{"@id":"https:\/\/www.yucatanencorto.com\/noticias\/probaran-en-humanos-seguridad-de-vacuna-terapeutica-contra-la-enfermedad-de-chagas\/"},"author":{"name":"Redes","@id":"https:\/\/www.yucatanencorto.com\/noticias\/#\/schema\/person\/e2fbdfaf30a07014a43940ce989f3119"},"headline":"Probar\u00e1n en humanos seguridad de vacuna terap\u00e9utica contra la enfermedad de Chagas\u00a0\u00a0","datePublished":"2023-11-29T00:34:23+00:00","mainEntityOfPage":{"@id":"https:\/\/www.yucatanencorto.com\/noticias\/probaran-en-humanos-seguridad-de-vacuna-terapeutica-contra-la-enfermedad-de-chagas\/"},"wordCount":517,"image":{"@id":"https:\/\/www.yucatanencorto.com\/noticias\/probaran-en-humanos-seguridad-de-vacuna-terapeutica-contra-la-enfermedad-de-chagas\/#primaryimage"},"thumbnailUrl":"https:\/\/www.yucatanencorto.com\/noticias\/wp-content\/uploads\/2023\/11\/IMG-20231128-WA0049-scaled.jpg","articleSection":["Yucat\u00e1n"],"inLanguage":"es"},{"@type":"WebPage","@id":"https:\/\/www.yucatanencorto.com\/noticias\/probaran-en-humanos-seguridad-de-vacuna-terapeutica-contra-la-enfermedad-de-chagas\/","url":"https:\/\/www.yucatanencorto.com\/noticias\/probaran-en-humanos-seguridad-de-vacuna-terapeutica-contra-la-enfermedad-de-chagas\/","name":"Probar\u00e1n en humanos seguridad de vacuna terap\u00e9utica contra la enfermedad de Chagas\u00a0\u00a0 - Yucat\u00e1n en corto","isPartOf":{"@id":"https:\/\/www.yucatanencorto.com\/noticias\/#website"},"primaryImageOfPage":{"@id":"https:\/\/www.yucatanencorto.com\/noticias\/probaran-en-humanos-seguridad-de-vacuna-terapeutica-contra-la-enfermedad-de-chagas\/#primaryimage"},"image":{"@id":"https:\/\/www.yucatanencorto.com\/noticias\/probaran-en-humanos-seguridad-de-vacuna-terapeutica-contra-la-enfermedad-de-chagas\/#primaryimage"},"thumbnailUrl":"https:\/\/www.yucatanencorto.com\/noticias\/wp-content\/uploads\/2023\/11\/IMG-20231128-WA0049-scaled.jpg","datePublished":"2023-11-29T00:34:23+00:00","author":{"@id":"https:\/\/www.yucatanencorto.com\/noticias\/#\/schema\/person\/e2fbdfaf30a07014a43940ce989f3119"},"breadcrumb":{"@id":"https:\/\/www.yucatanencorto.com\/noticias\/probaran-en-humanos-seguridad-de-vacuna-terapeutica-contra-la-enfermedad-de-chagas\/#breadcrumb"},"inLanguage":"es","potentialAction":[{"@type":"ReadAction","target":["https:\/\/www.yucatanencorto.com\/noticias\/probaran-en-humanos-seguridad-de-vacuna-terapeutica-contra-la-enfermedad-de-chagas\/"]}]},{"@type":"ImageObject","inLanguage":"es","@id":"https:\/\/www.yucatanencorto.com\/noticias\/probaran-en-humanos-seguridad-de-vacuna-terapeutica-contra-la-enfermedad-de-chagas\/#primaryimage","url":"https:\/\/www.yucatanencorto.com\/noticias\/wp-content\/uploads\/2023\/11\/IMG-20231128-WA0049-scaled.jpg","contentUrl":"https:\/\/www.yucatanencorto.com\/noticias\/wp-content\/uploads\/2023\/11\/IMG-20231128-WA0049-scaled.jpg","width":768,"height":512},{"@type":"BreadcrumbList","@id":"https:\/\/www.yucatanencorto.com\/noticias\/probaran-en-humanos-seguridad-de-vacuna-terapeutica-contra-la-enfermedad-de-chagas\/#breadcrumb","itemListElement":[{"@type":"ListItem","position":1,"name":"Portada","item":"https:\/\/www.yucatanencorto.com\/noticias\/"},{"@type":"ListItem","position":2,"name":"Probar\u00e1n en humanos seguridad de vacuna terap\u00e9utica contra la enfermedad de Chagas\u00a0\u00a0"}]},{"@type":"WebSite","@id":"https:\/\/www.yucatanencorto.com\/noticias\/#website","url":"https:\/\/www.yucatanencorto.com\/noticias\/","name":"Yucat\u00e1n en corto","description":"Noticias","potentialAction":[{"@type":"SearchAction","target":{"@type":"EntryPoint","urlTemplate":"https:\/\/www.yucatanencorto.com\/noticias\/?s={search_term_string}"},"query-input":{"@type":"PropertyValueSpecification","valueRequired":true,"valueName":"search_term_string"}}],"inLanguage":"es"},{"@type":"Person","@id":"https:\/\/www.yucatanencorto.com\/noticias\/#\/schema\/person\/e2fbdfaf30a07014a43940ce989f3119","name":"Redes","image":{"@type":"ImageObject","inLanguage":"es","@id":"https:\/\/secure.gravatar.com\/avatar\/5931a2d21dd7cc834f44c8c34fe56d90ed6d536ef452cbf870c7485b524dddd7?s=96&d=mm&r=g","url":"https:\/\/secure.gravatar.com\/avatar\/5931a2d21dd7cc834f44c8c34fe56d90ed6d536ef452cbf870c7485b524dddd7?s=96&d=mm&r=g","contentUrl":"https:\/\/secure.gravatar.com\/avatar\/5931a2d21dd7cc834f44c8c34fe56d90ed6d536ef452cbf870c7485b524dddd7?s=96&d=mm&r=g","caption":"Redes"},"url":"https:\/\/www.yucatanencorto.com\/noticias\/author\/redes\/"}]}},"_links":{"self":[{"href":"https:\/\/www.yucatanencorto.com\/noticias\/wp-json\/wp\/v2\/posts\/101121","targetHints":{"allow":["GET"]}}],"collection":[{"href":"https:\/\/www.yucatanencorto.com\/noticias\/wp-json\/wp\/v2\/posts"}],"about":[{"href":"https:\/\/www.yucatanencorto.com\/noticias\/wp-json\/wp\/v2\/types\/post"}],"author":[{"embeddable":true,"href":"https:\/\/www.yucatanencorto.com\/noticias\/wp-json\/wp\/v2\/users\/3"}],"replies":[{"embeddable":true,"href":"https:\/\/www.yucatanencorto.com\/noticias\/wp-json\/wp\/v2\/comments?post=101121"}],"version-history":[{"count":0,"href":"https:\/\/www.yucatanencorto.com\/noticias\/wp-json\/wp\/v2\/posts\/101121\/revisions"}],"wp:featuredmedia":[{"embeddable":true,"href":"https:\/\/www.yucatanencorto.com\/noticias\/wp-json\/wp\/v2\/media\/101122"}],"wp:attachment":[{"href":"https:\/\/www.yucatanencorto.com\/noticias\/wp-json\/wp\/v2\/media?parent=101121"}],"wp:term":[{"taxonomy":"category","embeddable":true,"href":"https:\/\/www.yucatanencorto.com\/noticias\/wp-json\/wp\/v2\/categories?post=101121"},{"taxonomy":"post_tag","embeddable":true,"href":"https:\/\/www.yucatanencorto.com\/noticias\/wp-json\/wp\/v2\/tags?post=101121"}],"curies":[{"name":"wp","href":"https:\/\/api.w.org\/{rel}","templated":true}]}}