{"id":101134,"date":"2023-11-29T17:16:28","date_gmt":"2023-11-29T23:16:28","guid":{"rendered":"https:\/\/www.yucatanencorto.com\/noticias\/?p=101134"},"modified":"2023-11-29T17:16:28","modified_gmt":"2023-11-29T23:16:28","slug":"yucatan-busca-la-proteccion-y-restitucion-de-los-derechos-de-ninas-ninos-y-adolescentes","status":"publish","type":"post","link":"https:\/\/www.yucatanencorto.com\/noticias\/yucatan-busca-la-proteccion-y-restitucion-de-los-derechos-de-ninas-ninos-y-adolescentes\/","title":{"rendered":"Yucat\u00e1n busca la protecci\u00f3n y restituci\u00f3n de los derechos de ni\u00f1as, ni\u00f1os y adolescentes"},"content":{"rendered":"<p dir=\"ltr\"><img loading=\"lazy\" decoding=\"async\" class=\"alignnone size-full wp-image-101135\" src=\"https:\/\/www.yucatanencorto.com\/noticias\/wp-content\/uploads\/2023\/11\/image00002-5.png\" alt=\"\" width=\"768\" height=\"510\" srcset=\"https:\/\/www.yucatanencorto.com\/noticias\/wp-content\/uploads\/2023\/11\/image00002-5.png 768w, https:\/\/www.yucatanencorto.com\/noticias\/wp-content\/uploads\/2023\/11\/image00002-5-696x462.png 696w, https:\/\/www.yucatanencorto.com\/noticias\/wp-content\/uploads\/2023\/11\/image00002-5-1068x709.png 1068w, https:\/\/www.yucatanencorto.com\/noticias\/wp-content\/uploads\/2023\/11\/image00002-5-633x420.png 633w\" sizes=\"auto, (max-width: 768px) 100vw, 768px\" \/><\/p>\n<p dir=\"ltr\">M\u00e9rida, Yucat\u00e1n, 29 de noviembre de 2023.- Yucat\u00e1n se convierte en estado pionero en trabajar una Agenda transversal con los distintos poderes ejecutivo, legislativo y judicial, as\u00ed como organizaciones aut\u00f3nomas, en materia de protecci\u00f3n y restituci\u00f3n de los derechos de ni\u00f1as, ni\u00f1os y adolescentes v\u00edctimas de violencias, como parte de los esfuerzos que realiza el Gobierno de Mauricio Vila Dosal, a trav\u00e9s de buenas pr\u00e1cticas e intervenciones innovadoras garantes del ejercicio del inter\u00e9s superior de la ni\u00f1ez.<\/p>\n<p dir=\"ltr\">\n<p dir=\"ltr\">En ese marco, la Secretaria Ejecutiva del Sistema de Protecci\u00f3n Integral de Ni\u00f1as, Ni\u00f1os y Adolescentes de Yucat\u00e1n (SIPINNAY), Mar\u00eda Elena Rivas Acevedo, y la responsable Institucional y Enlace de la Agenda de Ni\u00f1ez y Adolescencia por parte de la Universidad Aut\u00f3noma de Yucat\u00e1n (UADY), Reyna Faride Pe\u00f1a Castillo, presentaron el primer Congreso Internacional de Ni\u00f1ez y Adolescencia, en donde, desde Yucat\u00e1n, se compartir\u00e1n experiencias de \u00e9xito de los pa\u00edses de Espa\u00f1a, Chile, Argentina y M\u00e9xico, para la construcci\u00f3n de pol\u00edticas p\u00fablicas a favor de este sector.<\/p>\n<p dir=\"ltr\">\n<p dir=\"ltr\">\u201cEstamos trabajando de manera integral en este tema, generando pol\u00edticas p\u00fablicas que dejen los cimientos de lo que necesitamos mejorar para la atenci\u00f3n de las ni\u00f1as, ni\u00f1os y adolescentes v\u00edctimas de violencias, de la mano de expertos e instituciones aut\u00f3nomas\u201d, se\u00f1al\u00f3 la funcionaria estatal.<\/p>\n<p dir=\"ltr\">\n<p dir=\"ltr\">En rueda de prensa, Rivas Acevedo explic\u00f3 que Yucat\u00e1n es de las primeras entidades en trabajar en una Agenda de ni\u00f1ez y adolescencia con 4 l\u00edneas estrat\u00e9gicas: Buenas pr\u00e1cticas en Procuraci\u00f3n e impartici\u00f3n de Justicia, Modelo de atenci\u00f3n integral para Centros de asistencia social, Buenas pr\u00e1cticas en materia de Adopci\u00f3n y el Congreso de Ni\u00f1ez y Adolescencia 2023, que se llevar\u00e1 a cabo del 7 al 9 de diciembre en el Centro de Convenciones Yucat\u00e1n Siglo XXI y ser\u00e1 completamente gratuito y abierto.<\/p>\n<p dir=\"ltr\">\n<p dir=\"ltr\">La titular de la Secretar\u00eda Ejecutiva del SIPINNAY indic\u00f3 que, desde hace un a\u00f1o, la entidad ha trabajado para garantizar un enfoque de justicia terap\u00e9utica en las etapas cr\u00edticas de participaci\u00f3n de ni\u00f1as, ni\u00f1os y adolescentes en su proceso de acceso a la justicia; lo que conlleva resultados en pol\u00edtica p\u00fablica con un modelo estatal para atenci\u00f3n a ni\u00f1as, ni\u00f1os y adolescentes v\u00edctimas de violencias y un est\u00e1ndar estatal de entrevista de escucha especializada, con procesos m\u00e1s sensibles en el acceso a la justicia de ni\u00f1as, ni\u00f1os y adolescentes.<\/p>\n<p dir=\"ltr\">\n<p dir=\"ltr\">Como parte de las acciones, se ha trabajado en la formaci\u00f3n del funcionariado p\u00fablico a trav\u00e9s de talleres especializados en metodolog\u00edas para intervenciones psicol\u00f3gicas, reparadoras, responsables y protegidas con ni\u00f1as, ni\u00f1os y adolescentes. Se capacitaron a m\u00e1s de 300 servidoras y servidores p\u00fablicos de distintas dependencias, como la Fiscal\u00eda General del Estado, el Poder Judicial, la Procuradur\u00eda de Protecci\u00f3n de Ni\u00f1as, Ni\u00f1os y Adolescentes, la Comisi\u00f3n Ejecutiva Estatal de Atenci\u00f3n a V\u00edctimas, entre otras.<\/p>\n<p dir=\"ltr\">\n<p dir=\"ltr\">Acerca del Congreso Internacional de Ni\u00f1ez y Adolescencia, la Responsable Institucional y Enlace de la Agenda de Ni\u00f1ez y Adolescencia por parte de la Uady, Reyna Faride Pe\u00f1a Castillo, se\u00f1al\u00f3 que se realiza con el objetivo de promover espacios formativos en buenas pr\u00e1cticas especializadas en materia de protecci\u00f3n y restituci\u00f3n de los derechos de ni\u00f1as, ni\u00f1os y adolescentes v\u00edctimas de violencias.<\/p>\n<p dir=\"ltr\">\n<p dir=\"ltr\">Con la participaci\u00f3n de expertos y especialistas de los pa\u00edses de Espa\u00f1a, Chile, Argentina y M\u00e9xico, desde Yucat\u00e1n se fomentar\u00e1 la especializaci\u00f3n del funcionariado p\u00fablico que forma parte del Sistema de Justicia, la promoci\u00f3n de la perspectiva de ni\u00f1ez y adolescencia en el sector acad\u00e9mico y sociedad civil organizada y se dar\u00e1n a conocer experiencias nacionales e internacionales de modelos exitosos en procuraci\u00f3n e impartici\u00f3n de justicia, reparaci\u00f3n del trauma psicol\u00f3gico y procesos de adopci\u00f3n.<\/p>\n<p dir=\"ltr\">\n<p dir=\"ltr\">El director de la Unidad Especializada en Delitos Sexuales y de Explotaci\u00f3n Sexual, de la Fiscal\u00eda Nacional de Chile, Maurizio Sovino Mel\u00e9ndez, compartir\u00e1 historias de \u00e9xito en la toma de testimonios de Ni\u00f1as, Ni\u00f1os y Adolescentes con el panel \u201c\u00a1No me preguntes m\u00e1s!\u201d; as\u00ed como la participaci\u00f3n de la Jueza del segundo Tribunal Oral en lo Penal de Santiago, Chile, Nora Rosati Jerez; la Psic\u00f3loga Mag\u00edster en Intervenci\u00f3n Psicojur\u00eddica y Forense, Alicia Andrea Fuentes Rebolledo y la directora Ejecutiva de Fundaci\u00f3n Amparo y Justicia, Catalina Fern\u00e1ndez Cruzat.<\/p>\n<p dir=\"ltr\">\n<p dir=\"ltr\">Del mismo pa\u00eds, expondr\u00e1n sobre las brechas y oportunidades en la construcci\u00f3n de una justicia adaptada para Ni\u00f1as y Ni\u00f1os con discapacidad intelectual y del desarrollo, la directora alterna del Instituto Milenio para la Investigaci\u00f3n del Cuidado (MICARE), Marcela Tenorio Delgado y la profesora de la Escuela de Psicolog\u00eda de la Universidad de los Andes, Paulina Sof\u00eda Arango Uribe.<\/p>\n<p dir=\"ltr\">\n<p dir=\"ltr\">Por parte de Argentina, se presentar\u00e1, \u201cEl arte de las intervenciones cl\u00ednicas en la Ni\u00f1ez y Adolescencia vulnerada en sus derechos\u201d, impartido por Paula Mariel Moreno, Psic\u00f3loga, especialista en trauma, trauma infantil y en el abordaje del maltrato infantil y el \u201cApego y desarrollo impactados por experiencias adversas\u201d, de In\u00e9s Di B\u00e1rtolo, Directora del Centro Apego y V\u00ednculos y especialista en Teor\u00eda del Apego, Evaluaci\u00f3n Cl\u00ednica, Psicoterapia, Reparaci\u00f3n vincular, Adopci\u00f3n.<\/p>\n<p dir=\"ltr\">\n<p dir=\"ltr\">Mientras que, representando a Espa\u00f1a, la especialista y docente Investigadora en temas de Victimolog\u00eda y Pol\u00edtica Criminal y Presidenta de la Sociedad Vasca de Justicia Restaurativa, Gemma Varona Mart\u00ednez, hablar\u00e1 sobre la Victimizaci\u00f3n infanto-juvenil y sobre la importancia de la justicia terap\u00e9utica, as\u00ed como la Ley de Protecci\u00f3n Integral a la Infancia y la Adolescencia frente a la Violencia de Espa\u00f1a.<\/p>\n<p dir=\"ltr\">\n<p dir=\"ltr\">Por M\u00e9xico, se presentar\u00e1 el panel \u201cHacia un sistema de justicia adaptado a la Ni\u00f1ez y la Adolescencia como prevenci\u00f3n y respuesta frente a la violencia\u201d de Nicol\u00e1s Espejo Yaksic, Investigador del Centro de Estudios Constitucionales de la SCJN; con \u201cRecuperaci\u00f3n de relatos de NNA v\u00edctimas de delitos\u201d, expondr\u00e1 \u00d3scar Cort\u00e9s P\u00e9rez, Profesor de la Facultad de Psicolog\u00eda y Facultad de Derecho de la Universidad Aut\u00f3noma de San Luis Potos\u00ed; la terapia EMDR como soluci\u00f3n a las experiencias adversas en la Ni\u00f1ez y la Adolescencia por parte de Lucina Artigas D\u00edaz, cofundadora y presidenta de EMDR M\u00e9xico y cofundadora y directora ejecutiva del Centro Internacional de Psicotraumatolog\u00eda S.C. y \u201cExperiencias adversas en la Ni\u00f1ez y la Adolescencia: or\u00edgenes y soluciones\u201d de Milagros Cueto Aguirre, Coordinadora ejecutiva de supervisoras y terapeutas certificadas de EMDR M\u00e9xico.<\/p>\n","protected":false},"excerpt":{"rendered":"<p>M\u00e9rida, Yucat\u00e1n, 29 de noviembre de 2023.- Yucat\u00e1n se convierte en estado pionero en trabajar una Agenda transversal con los distintos poderes ejecutivo, legislativo y judicial, as\u00ed como organizaciones aut\u00f3nomas, en materia de protecci\u00f3n y restituci\u00f3n de los derechos de ni\u00f1as, ni\u00f1os y adolescentes v\u00edctimas de violencias, como parte de los esfuerzos que realiza el [&hellip;]<\/p>\n","protected":false},"author":3,"featured_media":101135,"comment_status":"closed","ping_status":"closed","sticky":false,"template":"","format":"standard","meta":{"footnotes":""},"categories":[3],"tags":[],"class_list":{"0":"post-101134","1":"post","2":"type-post","3":"status-publish","4":"format-standard","5":"has-post-thumbnail","7":"category-yucatan"},"yoast_head":"<!-- This site is optimized with the Yoast SEO plugin v27.4 - https:\/\/yoast.com\/product\/yoast-seo-wordpress\/ -->\n<title>Yucat\u00e1n busca la protecci\u00f3n y restituci\u00f3n de los derechos de ni\u00f1as, ni\u00f1os y adolescentes - Yucat\u00e1n en corto<\/title>\n<meta name=\"robots\" content=\"index, follow, max-snippet:-1, max-image-preview:large, max-video-preview:-1\" \/>\n<link rel=\"canonical\" href=\"https:\/\/www.yucatanencorto.com\/noticias\/yucatan-busca-la-proteccion-y-restitucion-de-los-derechos-de-ninas-ninos-y-adolescentes\/\" \/>\n<meta property=\"og:locale\" content=\"es_ES\" \/>\n<meta property=\"og:type\" content=\"article\" \/>\n<meta property=\"og:title\" content=\"Yucat\u00e1n busca la protecci\u00f3n y restituci\u00f3n de los derechos de ni\u00f1as, ni\u00f1os y adolescentes - Yucat\u00e1n en corto\" \/>\n<meta property=\"og:description\" content=\"M\u00e9rida, Yucat\u00e1n, 29 de noviembre de 2023.- Yucat\u00e1n se convierte en estado pionero en trabajar una Agenda transversal con los distintos poderes ejecutivo, legislativo y judicial, as\u00ed como organizaciones aut\u00f3nomas, en materia de protecci\u00f3n y restituci\u00f3n de los derechos de ni\u00f1as, ni\u00f1os y adolescentes v\u00edctimas de violencias, como parte de los esfuerzos que realiza el [&hellip;]\" \/>\n<meta property=\"og:url\" content=\"https:\/\/www.yucatanencorto.com\/noticias\/yucatan-busca-la-proteccion-y-restitucion-de-los-derechos-de-ninas-ninos-y-adolescentes\/\" \/>\n<meta property=\"og:site_name\" content=\"Yucat\u00e1n en corto\" \/>\n<meta property=\"article:publisher\" content=\"http:\/\/www.facebook.com\/yucatanencorto\" \/>\n<meta property=\"article:published_time\" content=\"2023-11-29T23:16:28+00:00\" \/>\n<meta property=\"og:image\" content=\"https:\/\/www.yucatanencorto.com\/noticias\/wp-content\/uploads\/2023\/11\/image00002-5.png\" \/>\n\t<meta property=\"og:image:width\" content=\"768\" \/>\n\t<meta property=\"og:image:height\" content=\"510\" \/>\n\t<meta property=\"og:image:type\" content=\"image\/png\" \/>\n<meta name=\"author\" content=\"Redes\" \/>\n<meta name=\"twitter:card\" content=\"summary_large_image\" \/>\n<meta name=\"twitter:creator\" content=\"@yucatanencorto\" \/>\n<meta name=\"twitter:site\" content=\"@yucatanencorto\" \/>\n<meta name=\"twitter:label1\" content=\"Escrito por\" \/>\n\t<meta name=\"twitter:data1\" content=\"Redes\" \/>\n\t<meta name=\"twitter:label2\" content=\"Tiempo de lectura\" \/>\n\t<meta name=\"twitter:data2\" content=\"5 minutos\" \/>\n<script type=\"application\/ld+json\" class=\"yoast-schema-graph\">{\"@context\":\"https:\\\/\\\/schema.org\",\"@graph\":[{\"@type\":\"Article\",\"@id\":\"https:\\\/\\\/www.yucatanencorto.com\\\/noticias\\\/yucatan-busca-la-proteccion-y-restitucion-de-los-derechos-de-ninas-ninos-y-adolescentes\\\/#article\",\"isPartOf\":{\"@id\":\"https:\\\/\\\/www.yucatanencorto.com\\\/noticias\\\/yucatan-busca-la-proteccion-y-restitucion-de-los-derechos-de-ninas-ninos-y-adolescentes\\\/\"},\"author\":{\"name\":\"Redes\",\"@id\":\"https:\\\/\\\/www.yucatanencorto.com\\\/noticias\\\/#\\\/schema\\\/person\\\/e2fbdfaf30a07014a43940ce989f3119\"},\"headline\":\"Yucat\u00e1n busca la protecci\u00f3n y restituci\u00f3n de los derechos de ni\u00f1as, ni\u00f1os y adolescentes\",\"datePublished\":\"2023-11-29T23:16:28+00:00\",\"mainEntityOfPage\":{\"@id\":\"https:\\\/\\\/www.yucatanencorto.com\\\/noticias\\\/yucatan-busca-la-proteccion-y-restitucion-de-los-derechos-de-ninas-ninos-y-adolescentes\\\/\"},\"wordCount\":1184,\"image\":{\"@id\":\"https:\\\/\\\/www.yucatanencorto.com\\\/noticias\\\/yucatan-busca-la-proteccion-y-restitucion-de-los-derechos-de-ninas-ninos-y-adolescentes\\\/#primaryimage\"},\"thumbnailUrl\":\"https:\\\/\\\/www.yucatanencorto.com\\\/noticias\\\/wp-content\\\/uploads\\\/2023\\\/11\\\/image00002-5.png\",\"articleSection\":[\"Yucat\u00e1n\"],\"inLanguage\":\"es\"},{\"@type\":\"WebPage\",\"@id\":\"https:\\\/\\\/www.yucatanencorto.com\\\/noticias\\\/yucatan-busca-la-proteccion-y-restitucion-de-los-derechos-de-ninas-ninos-y-adolescentes\\\/\",\"url\":\"https:\\\/\\\/www.yucatanencorto.com\\\/noticias\\\/yucatan-busca-la-proteccion-y-restitucion-de-los-derechos-de-ninas-ninos-y-adolescentes\\\/\",\"name\":\"Yucat\u00e1n busca la protecci\u00f3n y restituci\u00f3n de los derechos de ni\u00f1as, ni\u00f1os y adolescentes - Yucat\u00e1n en corto\",\"isPartOf\":{\"@id\":\"https:\\\/\\\/www.yucatanencorto.com\\\/noticias\\\/#website\"},\"primaryImageOfPage\":{\"@id\":\"https:\\\/\\\/www.yucatanencorto.com\\\/noticias\\\/yucatan-busca-la-proteccion-y-restitucion-de-los-derechos-de-ninas-ninos-y-adolescentes\\\/#primaryimage\"},\"image\":{\"@id\":\"https:\\\/\\\/www.yucatanencorto.com\\\/noticias\\\/yucatan-busca-la-proteccion-y-restitucion-de-los-derechos-de-ninas-ninos-y-adolescentes\\\/#primaryimage\"},\"thumbnailUrl\":\"https:\\\/\\\/www.yucatanencorto.com\\\/noticias\\\/wp-content\\\/uploads\\\/2023\\\/11\\\/image00002-5.png\",\"datePublished\":\"2023-11-29T23:16:28+00:00\",\"author\":{\"@id\":\"https:\\\/\\\/www.yucatanencorto.com\\\/noticias\\\/#\\\/schema\\\/person\\\/e2fbdfaf30a07014a43940ce989f3119\"},\"breadcrumb\":{\"@id\":\"https:\\\/\\\/www.yucatanencorto.com\\\/noticias\\\/yucatan-busca-la-proteccion-y-restitucion-de-los-derechos-de-ninas-ninos-y-adolescentes\\\/#breadcrumb\"},\"inLanguage\":\"es\",\"potentialAction\":[{\"@type\":\"ReadAction\",\"target\":[\"https:\\\/\\\/www.yucatanencorto.com\\\/noticias\\\/yucatan-busca-la-proteccion-y-restitucion-de-los-derechos-de-ninas-ninos-y-adolescentes\\\/\"]}]},{\"@type\":\"ImageObject\",\"inLanguage\":\"es\",\"@id\":\"https:\\\/\\\/www.yucatanencorto.com\\\/noticias\\\/yucatan-busca-la-proteccion-y-restitucion-de-los-derechos-de-ninas-ninos-y-adolescentes\\\/#primaryimage\",\"url\":\"https:\\\/\\\/www.yucatanencorto.com\\\/noticias\\\/wp-content\\\/uploads\\\/2023\\\/11\\\/image00002-5.png\",\"contentUrl\":\"https:\\\/\\\/www.yucatanencorto.com\\\/noticias\\\/wp-content\\\/uploads\\\/2023\\\/11\\\/image00002-5.png\",\"width\":768,\"height\":510},{\"@type\":\"BreadcrumbList\",\"@id\":\"https:\\\/\\\/www.yucatanencorto.com\\\/noticias\\\/yucatan-busca-la-proteccion-y-restitucion-de-los-derechos-de-ninas-ninos-y-adolescentes\\\/#breadcrumb\",\"itemListElement\":[{\"@type\":\"ListItem\",\"position\":1,\"name\":\"Portada\",\"item\":\"https:\\\/\\\/www.yucatanencorto.com\\\/noticias\\\/\"},{\"@type\":\"ListItem\",\"position\":2,\"name\":\"Yucat\u00e1n busca la protecci\u00f3n y restituci\u00f3n de los derechos de ni\u00f1as, ni\u00f1os y adolescentes\"}]},{\"@type\":\"WebSite\",\"@id\":\"https:\\\/\\\/www.yucatanencorto.com\\\/noticias\\\/#website\",\"url\":\"https:\\\/\\\/www.yucatanencorto.com\\\/noticias\\\/\",\"name\":\"Yucat\u00e1n en corto\",\"description\":\"Noticias\",\"potentialAction\":[{\"@type\":\"SearchAction\",\"target\":{\"@type\":\"EntryPoint\",\"urlTemplate\":\"https:\\\/\\\/www.yucatanencorto.com\\\/noticias\\\/?s={search_term_string}\"},\"query-input\":{\"@type\":\"PropertyValueSpecification\",\"valueRequired\":true,\"valueName\":\"search_term_string\"}}],\"inLanguage\":\"es\"},{\"@type\":\"Person\",\"@id\":\"https:\\\/\\\/www.yucatanencorto.com\\\/noticias\\\/#\\\/schema\\\/person\\\/e2fbdfaf30a07014a43940ce989f3119\",\"name\":\"Redes\",\"image\":{\"@type\":\"ImageObject\",\"inLanguage\":\"es\",\"@id\":\"https:\\\/\\\/secure.gravatar.com\\\/avatar\\\/5931a2d21dd7cc834f44c8c34fe56d90ed6d536ef452cbf870c7485b524dddd7?s=96&d=mm&r=g\",\"url\":\"https:\\\/\\\/secure.gravatar.com\\\/avatar\\\/5931a2d21dd7cc834f44c8c34fe56d90ed6d536ef452cbf870c7485b524dddd7?s=96&d=mm&r=g\",\"contentUrl\":\"https:\\\/\\\/secure.gravatar.com\\\/avatar\\\/5931a2d21dd7cc834f44c8c34fe56d90ed6d536ef452cbf870c7485b524dddd7?s=96&d=mm&r=g\",\"caption\":\"Redes\"},\"url\":\"https:\\\/\\\/www.yucatanencorto.com\\\/noticias\\\/author\\\/redes\\\/\"}]}<\/script>\n<!-- \/ Yoast SEO plugin. -->","yoast_head_json":{"title":"Yucat\u00e1n busca la protecci\u00f3n y restituci\u00f3n de los derechos de ni\u00f1as, ni\u00f1os y adolescentes - Yucat\u00e1n en corto","robots":{"index":"index","follow":"follow","max-snippet":"max-snippet:-1","max-image-preview":"max-image-preview:large","max-video-preview":"max-video-preview:-1"},"canonical":"https:\/\/www.yucatanencorto.com\/noticias\/yucatan-busca-la-proteccion-y-restitucion-de-los-derechos-de-ninas-ninos-y-adolescentes\/","og_locale":"es_ES","og_type":"article","og_title":"Yucat\u00e1n busca la protecci\u00f3n y restituci\u00f3n de los derechos de ni\u00f1as, ni\u00f1os y adolescentes - Yucat\u00e1n en corto","og_description":"M\u00e9rida, Yucat\u00e1n, 29 de noviembre de 2023.- Yucat\u00e1n se convierte en estado pionero en trabajar una Agenda transversal con los distintos poderes ejecutivo, legislativo y judicial, as\u00ed como organizaciones aut\u00f3nomas, en materia de protecci\u00f3n y restituci\u00f3n de los derechos de ni\u00f1as, ni\u00f1os y adolescentes v\u00edctimas de violencias, como parte de los esfuerzos que realiza el [&hellip;]","og_url":"https:\/\/www.yucatanencorto.com\/noticias\/yucatan-busca-la-proteccion-y-restitucion-de-los-derechos-de-ninas-ninos-y-adolescentes\/","og_site_name":"Yucat\u00e1n en corto","article_publisher":"http:\/\/www.facebook.com\/yucatanencorto","article_published_time":"2023-11-29T23:16:28+00:00","og_image":[{"width":768,"height":510,"url":"https:\/\/www.yucatanencorto.com\/noticias\/wp-content\/uploads\/2023\/11\/image00002-5.png","type":"image\/png"}],"author":"Redes","twitter_card":"summary_large_image","twitter_creator":"@yucatanencorto","twitter_site":"@yucatanencorto","twitter_misc":{"Escrito por":"Redes","Tiempo de lectura":"5 minutos"},"schema":{"@context":"https:\/\/schema.org","@graph":[{"@type":"Article","@id":"https:\/\/www.yucatanencorto.com\/noticias\/yucatan-busca-la-proteccion-y-restitucion-de-los-derechos-de-ninas-ninos-y-adolescentes\/#article","isPartOf":{"@id":"https:\/\/www.yucatanencorto.com\/noticias\/yucatan-busca-la-proteccion-y-restitucion-de-los-derechos-de-ninas-ninos-y-adolescentes\/"},"author":{"name":"Redes","@id":"https:\/\/www.yucatanencorto.com\/noticias\/#\/schema\/person\/e2fbdfaf30a07014a43940ce989f3119"},"headline":"Yucat\u00e1n busca la protecci\u00f3n y restituci\u00f3n de los derechos de ni\u00f1as, ni\u00f1os y adolescentes","datePublished":"2023-11-29T23:16:28+00:00","mainEntityOfPage":{"@id":"https:\/\/www.yucatanencorto.com\/noticias\/yucatan-busca-la-proteccion-y-restitucion-de-los-derechos-de-ninas-ninos-y-adolescentes\/"},"wordCount":1184,"image":{"@id":"https:\/\/www.yucatanencorto.com\/noticias\/yucatan-busca-la-proteccion-y-restitucion-de-los-derechos-de-ninas-ninos-y-adolescentes\/#primaryimage"},"thumbnailUrl":"https:\/\/www.yucatanencorto.com\/noticias\/wp-content\/uploads\/2023\/11\/image00002-5.png","articleSection":["Yucat\u00e1n"],"inLanguage":"es"},{"@type":"WebPage","@id":"https:\/\/www.yucatanencorto.com\/noticias\/yucatan-busca-la-proteccion-y-restitucion-de-los-derechos-de-ninas-ninos-y-adolescentes\/","url":"https:\/\/www.yucatanencorto.com\/noticias\/yucatan-busca-la-proteccion-y-restitucion-de-los-derechos-de-ninas-ninos-y-adolescentes\/","name":"Yucat\u00e1n busca la protecci\u00f3n y restituci\u00f3n de los derechos de ni\u00f1as, ni\u00f1os y adolescentes - Yucat\u00e1n en corto","isPartOf":{"@id":"https:\/\/www.yucatanencorto.com\/noticias\/#website"},"primaryImageOfPage":{"@id":"https:\/\/www.yucatanencorto.com\/noticias\/yucatan-busca-la-proteccion-y-restitucion-de-los-derechos-de-ninas-ninos-y-adolescentes\/#primaryimage"},"image":{"@id":"https:\/\/www.yucatanencorto.com\/noticias\/yucatan-busca-la-proteccion-y-restitucion-de-los-derechos-de-ninas-ninos-y-adolescentes\/#primaryimage"},"thumbnailUrl":"https:\/\/www.yucatanencorto.com\/noticias\/wp-content\/uploads\/2023\/11\/image00002-5.png","datePublished":"2023-11-29T23:16:28+00:00","author":{"@id":"https:\/\/www.yucatanencorto.com\/noticias\/#\/schema\/person\/e2fbdfaf30a07014a43940ce989f3119"},"breadcrumb":{"@id":"https:\/\/www.yucatanencorto.com\/noticias\/yucatan-busca-la-proteccion-y-restitucion-de-los-derechos-de-ninas-ninos-y-adolescentes\/#breadcrumb"},"inLanguage":"es","potentialAction":[{"@type":"ReadAction","target":["https:\/\/www.yucatanencorto.com\/noticias\/yucatan-busca-la-proteccion-y-restitucion-de-los-derechos-de-ninas-ninos-y-adolescentes\/"]}]},{"@type":"ImageObject","inLanguage":"es","@id":"https:\/\/www.yucatanencorto.com\/noticias\/yucatan-busca-la-proteccion-y-restitucion-de-los-derechos-de-ninas-ninos-y-adolescentes\/#primaryimage","url":"https:\/\/www.yucatanencorto.com\/noticias\/wp-content\/uploads\/2023\/11\/image00002-5.png","contentUrl":"https:\/\/www.yucatanencorto.com\/noticias\/wp-content\/uploads\/2023\/11\/image00002-5.png","width":768,"height":510},{"@type":"BreadcrumbList","@id":"https:\/\/www.yucatanencorto.com\/noticias\/yucatan-busca-la-proteccion-y-restitucion-de-los-derechos-de-ninas-ninos-y-adolescentes\/#breadcrumb","itemListElement":[{"@type":"ListItem","position":1,"name":"Portada","item":"https:\/\/www.yucatanencorto.com\/noticias\/"},{"@type":"ListItem","position":2,"name":"Yucat\u00e1n busca la protecci\u00f3n y restituci\u00f3n de los derechos de ni\u00f1as, ni\u00f1os y adolescentes"}]},{"@type":"WebSite","@id":"https:\/\/www.yucatanencorto.com\/noticias\/#website","url":"https:\/\/www.yucatanencorto.com\/noticias\/","name":"Yucat\u00e1n en corto","description":"Noticias","potentialAction":[{"@type":"SearchAction","target":{"@type":"EntryPoint","urlTemplate":"https:\/\/www.yucatanencorto.com\/noticias\/?s={search_term_string}"},"query-input":{"@type":"PropertyValueSpecification","valueRequired":true,"valueName":"search_term_string"}}],"inLanguage":"es"},{"@type":"Person","@id":"https:\/\/www.yucatanencorto.com\/noticias\/#\/schema\/person\/e2fbdfaf30a07014a43940ce989f3119","name":"Redes","image":{"@type":"ImageObject","inLanguage":"es","@id":"https:\/\/secure.gravatar.com\/avatar\/5931a2d21dd7cc834f44c8c34fe56d90ed6d536ef452cbf870c7485b524dddd7?s=96&d=mm&r=g","url":"https:\/\/secure.gravatar.com\/avatar\/5931a2d21dd7cc834f44c8c34fe56d90ed6d536ef452cbf870c7485b524dddd7?s=96&d=mm&r=g","contentUrl":"https:\/\/secure.gravatar.com\/avatar\/5931a2d21dd7cc834f44c8c34fe56d90ed6d536ef452cbf870c7485b524dddd7?s=96&d=mm&r=g","caption":"Redes"},"url":"https:\/\/www.yucatanencorto.com\/noticias\/author\/redes\/"}]}},"_links":{"self":[{"href":"https:\/\/www.yucatanencorto.com\/noticias\/wp-json\/wp\/v2\/posts\/101134","targetHints":{"allow":["GET"]}}],"collection":[{"href":"https:\/\/www.yucatanencorto.com\/noticias\/wp-json\/wp\/v2\/posts"}],"about":[{"href":"https:\/\/www.yucatanencorto.com\/noticias\/wp-json\/wp\/v2\/types\/post"}],"author":[{"embeddable":true,"href":"https:\/\/www.yucatanencorto.com\/noticias\/wp-json\/wp\/v2\/users\/3"}],"replies":[{"embeddable":true,"href":"https:\/\/www.yucatanencorto.com\/noticias\/wp-json\/wp\/v2\/comments?post=101134"}],"version-history":[{"count":0,"href":"https:\/\/www.yucatanencorto.com\/noticias\/wp-json\/wp\/v2\/posts\/101134\/revisions"}],"wp:featuredmedia":[{"embeddable":true,"href":"https:\/\/www.yucatanencorto.com\/noticias\/wp-json\/wp\/v2\/media\/101135"}],"wp:attachment":[{"href":"https:\/\/www.yucatanencorto.com\/noticias\/wp-json\/wp\/v2\/media?parent=101134"}],"wp:term":[{"taxonomy":"category","embeddable":true,"href":"https:\/\/www.yucatanencorto.com\/noticias\/wp-json\/wp\/v2\/categories?post=101134"},{"taxonomy":"post_tag","embeddable":true,"href":"https:\/\/www.yucatanencorto.com\/noticias\/wp-json\/wp\/v2\/tags?post=101134"}],"curies":[{"name":"wp","href":"https:\/\/api.w.org\/{rel}","templated":true}]}}