{"id":101144,"date":"2023-11-30T15:03:33","date_gmt":"2023-11-30T21:03:33","guid":{"rendered":"https:\/\/www.yucatanencorto.com\/noticias\/?p=101144"},"modified":"2023-11-30T15:03:33","modified_gmt":"2023-11-30T21:03:33","slug":"ultimo-dia-para-vincular-whatsapp-a-gmail-google-eliminara-cuentas-inactivas","status":"publish","type":"post","link":"https:\/\/www.yucatanencorto.com\/noticias\/ultimo-dia-para-vincular-whatsapp-a-gmail-google-eliminara-cuentas-inactivas\/","title":{"rendered":"\u00daltimo d\u00eda para vincular WhatsApp a Gmail: Google eliminar\u00e1 cuentas inactivas"},"content":{"rendered":"<p data-t=\"{&quot;n&quot;:&quot;blueLinks&quot;}\"><img loading=\"lazy\" decoding=\"async\" class=\"alignnone size-full wp-image-101145\" src=\"https:\/\/www.yucatanencorto.com\/noticias\/wp-content\/uploads\/2023\/11\/Captura-de-pantalla-2023-11-30-150314-scaled.jpg\" alt=\"\" width=\"768\" height=\"498\" srcset=\"https:\/\/www.yucatanencorto.com\/noticias\/wp-content\/uploads\/2023\/11\/Captura-de-pantalla-2023-11-30-150314-scaled.jpg 768w, https:\/\/www.yucatanencorto.com\/noticias\/wp-content\/uploads\/2023\/11\/Captura-de-pantalla-2023-11-30-150314-696x451.jpg 696w, https:\/\/www.yucatanencorto.com\/noticias\/wp-content\/uploads\/2023\/11\/Captura-de-pantalla-2023-11-30-150314-1068x692.jpg 1068w, https:\/\/www.yucatanencorto.com\/noticias\/wp-content\/uploads\/2023\/11\/Captura-de-pantalla-2023-11-30-150314-648x420.jpg 648w\" sizes=\"auto, (max-width: 768px) 100vw, 768px\" \/><\/p>\n<p data-t=\"{&quot;n&quot;:&quot;blueLinks&quot;}\">El pr\u00f3ximo 1 de diciembre marcar\u00e1 un hito en la gesti\u00f3n de cuentas de correo electr\u00f3nico de Google, la compa\u00f1\u00eda\u00a0Alphabet, matriz de Google, ha anunciado la eliminaci\u00f3n de todas las cuentas inactivas de Gmail que no hayan sido utilizadas en m\u00e1s de dos a\u00f1os. Este proceso afectar\u00e1 a un amplio n\u00famero de usuarios que, sin darse cuenta, podr\u00edan perder acceso a sus correos electr\u00f3nicos, documentos almacenados y, en particular, a sus copias de seguridad de WhatsApp.<\/p>\n<p data-t=\"{&quot;n&quot;:&quot;blueLinks&quot;}\">Muchas personas conf\u00edan en la seguridad y accesibilidad que ofrece Gmail para respaldar sus conversaciones, archivos multimedia y datos relacionados con WhatsApp. Con la eliminaci\u00f3n de cuentas de Gmail inactivas, estas copias de seguridad estar\u00e1n en riesgo de ser eliminadas si no se toman las medidas adecuadas antes del 1 de diciembre.<\/p>\n<p data-t=\"{&quot;n&quot;:&quot;blueLinks&quot;}\">La\u00a0medida preventiva para garantizar la preservaci\u00f3n de las copias de seguridad de WhatsApp es vincular la cuenta de Gmail\u00a0a la aplicaci\u00f3n de mensajer\u00eda. Este proceso no solo garantiza la continuidad del respaldo de datos, sino que tambi\u00e9n se presenta como la \u00fanica v\u00eda para evitar la eliminaci\u00f3n de cuentas inactivas.<\/p>\n<p>&nbsp;<\/p>\n<p class=\"continue-read-break\" data-t=\"{&quot;n&quot;:&quot;blueLinks&quot;}\">Este\u00a030 de noviembre ser\u00eda el \u00faltimo d\u00eda para realizar el respaldo de vinculaci\u00f3n\u00a0y protegere as\u00ed tus cuentas, en el sentido de que es el 01 de diciembre cuando las cuentas inactivas seana eliminadas definitivamente sin proceso de reversi\u00f3n.<\/p>\n<h2 class=\"article-sub-heading\">Pasos para vincular WhatsApp a una cuenta de Gmail<\/h2>\n<p data-t=\"{&quot;n&quot;:&quot;blueLinks&quot;}\">Si el usuario opta por cambiar su cuenta de Gmail, debe seguir los siguientes pasos:<\/p>\n<p data-t=\"{&quot;n&quot;:&quot;blueLinks&quot;}\">\u25c9 Iniciar sesi\u00f3n en la nueva cuenta de Gmail.<\/p>\n<p data-t=\"{&quot;n&quot;:&quot;blueLinks&quot;}\">\u25c9 Acceder a la aplicaci\u00f3n WhatsApp y dirigirse a la secci\u00f3n de Ajustes.<\/p>\n<p data-t=\"{&quot;n&quot;:&quot;blueLinks&quot;}\">\u25c9 Desplazarse hacia la opci\u00f3n \u00abChat\u00bb y luego hacia abajo.<\/p>\n<p data-t=\"{&quot;n&quot;:&quot;blueLinks&quot;}\">\u25c9 Seleccionar \u00abCuenta de Google\u00bb y presionar \u00abA\u00f1adir cuenta\u00bb.<\/p>\n<p data-t=\"{&quot;n&quot;:&quot;blueLinks&quot;}\">\u25c9 Ingresar la nueva cuenta de Google para vincularla a la aplicaci\u00f3n y almacenar all\u00ed la copia de seguridad.<\/p>\n<p data-t=\"{&quot;n&quot;:&quot;blueLinks&quot;}\">\u25c9 Mant\u00e9n tu Copia de Seguridad: Acciones Inmediatas a Realizar<\/p>\n<h2 class=\"article-sub-heading\">Recomendaci\u00f3n de inicio de sesi\u00f3n en Gmail<\/h2>\n<p data-t=\"{&quot;n&quot;:&quot;blueLinks&quot;}\">Si el usuario prefiere mantener su cuenta de Gmail actual, simplemente iniciar sesi\u00f3n en su correo electr\u00f3nico antes del 1 de diciembre evitar\u00e1 la eliminaci\u00f3n de la cuenta inactiva. En cambio, aquellos que elijan cambiar su cuenta de Gmail para respaldar WhatsApp\u00a0deben completar este proceso antes de la fecha l\u00edmite.<\/p>\n<p data-t=\"{&quot;n&quot;:&quot;blueLinks&quot;}\">Es importante destacar que, si estos pasos no se realizan antes del 1 de diciembre,\u00a0Google\u00a0proceder\u00e1 a eliminar las copias de seguridad almacenadas en sus servidores, poniendo en riesgo la integridad de los datos respaldados por los usuarios de\u00a0WhatsApp.<\/p>\n<p data-t=\"{&quot;n&quot;:&quot;blueLinks&quot;}\">La vinculaci\u00f3n de WhatsApp a Gmail emerge como una\u00a0estrategia crucial para mantener la seguridad de los datos\u00a0almacenados en la aplicaci\u00f3n de mensajer\u00eda. Con la eliminaci\u00f3n programada de cuentas inactivas, los usuarios deben actuar con prontitud siguiendo las indicaciones proporcionadas.<\/p>\n<p data-t=\"{&quot;n&quot;:&quot;blueLinks&quot;}\">La p\u00e9rdida de archivos y conversaciones es un riesgo real que puede evitarse mediante la adopci\u00f3n de las medidas preventivas pertinentes antes del pr\u00f3ximo 1 de diciembre.<\/p>\n","protected":false},"excerpt":{"rendered":"<p>El pr\u00f3ximo 1 de diciembre marcar\u00e1 un hito en la gesti\u00f3n de cuentas de correo electr\u00f3nico de Google, la compa\u00f1\u00eda\u00a0Alphabet, matriz de Google, ha anunciado la eliminaci\u00f3n de todas las cuentas inactivas de Gmail que no hayan sido utilizadas en m\u00e1s de dos a\u00f1os. Este proceso afectar\u00e1 a un amplio n\u00famero de usuarios que, sin [&hellip;]<\/p>\n","protected":false},"author":3,"featured_media":101145,"comment_status":"closed","ping_status":"closed","sticky":false,"template":"","format":"standard","meta":{"footnotes":""},"categories":[11],"tags":[],"class_list":{"0":"post-101144","1":"post","2":"type-post","3":"status-publish","4":"format-standard","5":"has-post-thumbnail","7":"category-tecnologia-y-ciencia"},"yoast_head":"<!-- This site is optimized with the Yoast SEO plugin v27.4 - https:\/\/yoast.com\/product\/yoast-seo-wordpress\/ -->\n<title>\u00daltimo d\u00eda para vincular WhatsApp a Gmail: Google eliminar\u00e1 cuentas inactivas - Yucat\u00e1n en corto<\/title>\n<meta name=\"robots\" content=\"index, follow, max-snippet:-1, max-image-preview:large, max-video-preview:-1\" \/>\n<link rel=\"canonical\" href=\"https:\/\/www.yucatanencorto.com\/noticias\/ultimo-dia-para-vincular-whatsapp-a-gmail-google-eliminara-cuentas-inactivas\/\" \/>\n<meta property=\"og:locale\" content=\"es_ES\" \/>\n<meta property=\"og:type\" content=\"article\" \/>\n<meta property=\"og:title\" content=\"\u00daltimo d\u00eda para vincular WhatsApp a Gmail: Google eliminar\u00e1 cuentas inactivas - Yucat\u00e1n en corto\" \/>\n<meta property=\"og:description\" content=\"El pr\u00f3ximo 1 de diciembre marcar\u00e1 un hito en la gesti\u00f3n de cuentas de correo electr\u00f3nico de Google, la compa\u00f1\u00eda\u00a0Alphabet, matriz de Google, ha anunciado la eliminaci\u00f3n de todas las cuentas inactivas de Gmail que no hayan sido utilizadas en m\u00e1s de dos a\u00f1os. Este proceso afectar\u00e1 a un amplio n\u00famero de usuarios que, sin [&hellip;]\" \/>\n<meta property=\"og:url\" content=\"https:\/\/www.yucatanencorto.com\/noticias\/ultimo-dia-para-vincular-whatsapp-a-gmail-google-eliminara-cuentas-inactivas\/\" \/>\n<meta property=\"og:site_name\" content=\"Yucat\u00e1n en corto\" \/>\n<meta property=\"article:publisher\" content=\"http:\/\/www.facebook.com\/yucatanencorto\" \/>\n<meta property=\"article:published_time\" content=\"2023-11-30T21:03:33+00:00\" \/>\n<meta property=\"og:image\" content=\"https:\/\/www.yucatanencorto.com\/noticias\/wp-content\/uploads\/2023\/11\/Captura-de-pantalla-2023-11-30-150314-scaled.jpg\" \/>\n\t<meta property=\"og:image:width\" content=\"768\" \/>\n\t<meta property=\"og:image:height\" content=\"498\" \/>\n\t<meta property=\"og:image:type\" content=\"image\/jpeg\" \/>\n<meta name=\"author\" content=\"Redes\" \/>\n<meta name=\"twitter:card\" content=\"summary_large_image\" \/>\n<meta name=\"twitter:creator\" content=\"@yucatanencorto\" \/>\n<meta name=\"twitter:site\" content=\"@yucatanencorto\" \/>\n<meta name=\"twitter:label1\" content=\"Escrito por\" \/>\n\t<meta name=\"twitter:data1\" content=\"Redes\" \/>\n\t<meta name=\"twitter:label2\" content=\"Tiempo de lectura\" \/>\n\t<meta name=\"twitter:data2\" content=\"3 minutos\" \/>\n<script type=\"application\/ld+json\" class=\"yoast-schema-graph\">{\"@context\":\"https:\\\/\\\/schema.org\",\"@graph\":[{\"@type\":\"Article\",\"@id\":\"https:\\\/\\\/www.yucatanencorto.com\\\/noticias\\\/ultimo-dia-para-vincular-whatsapp-a-gmail-google-eliminara-cuentas-inactivas\\\/#article\",\"isPartOf\":{\"@id\":\"https:\\\/\\\/www.yucatanencorto.com\\\/noticias\\\/ultimo-dia-para-vincular-whatsapp-a-gmail-google-eliminara-cuentas-inactivas\\\/\"},\"author\":{\"name\":\"Redes\",\"@id\":\"https:\\\/\\\/www.yucatanencorto.com\\\/noticias\\\/#\\\/schema\\\/person\\\/e2fbdfaf30a07014a43940ce989f3119\"},\"headline\":\"\u00daltimo d\u00eda para vincular WhatsApp a Gmail: Google eliminar\u00e1 cuentas inactivas\",\"datePublished\":\"2023-11-30T21:03:33+00:00\",\"mainEntityOfPage\":{\"@id\":\"https:\\\/\\\/www.yucatanencorto.com\\\/noticias\\\/ultimo-dia-para-vincular-whatsapp-a-gmail-google-eliminara-cuentas-inactivas\\\/\"},\"wordCount\":525,\"image\":{\"@id\":\"https:\\\/\\\/www.yucatanencorto.com\\\/noticias\\\/ultimo-dia-para-vincular-whatsapp-a-gmail-google-eliminara-cuentas-inactivas\\\/#primaryimage\"},\"thumbnailUrl\":\"https:\\\/\\\/www.yucatanencorto.com\\\/noticias\\\/wp-content\\\/uploads\\\/2023\\\/11\\\/Captura-de-pantalla-2023-11-30-150314-scaled.jpg\",\"articleSection\":[\"Tecnolog\u00eda y Ciencia\"],\"inLanguage\":\"es\"},{\"@type\":\"WebPage\",\"@id\":\"https:\\\/\\\/www.yucatanencorto.com\\\/noticias\\\/ultimo-dia-para-vincular-whatsapp-a-gmail-google-eliminara-cuentas-inactivas\\\/\",\"url\":\"https:\\\/\\\/www.yucatanencorto.com\\\/noticias\\\/ultimo-dia-para-vincular-whatsapp-a-gmail-google-eliminara-cuentas-inactivas\\\/\",\"name\":\"\u00daltimo d\u00eda para vincular WhatsApp a Gmail: Google eliminar\u00e1 cuentas inactivas - Yucat\u00e1n en corto\",\"isPartOf\":{\"@id\":\"https:\\\/\\\/www.yucatanencorto.com\\\/noticias\\\/#website\"},\"primaryImageOfPage\":{\"@id\":\"https:\\\/\\\/www.yucatanencorto.com\\\/noticias\\\/ultimo-dia-para-vincular-whatsapp-a-gmail-google-eliminara-cuentas-inactivas\\\/#primaryimage\"},\"image\":{\"@id\":\"https:\\\/\\\/www.yucatanencorto.com\\\/noticias\\\/ultimo-dia-para-vincular-whatsapp-a-gmail-google-eliminara-cuentas-inactivas\\\/#primaryimage\"},\"thumbnailUrl\":\"https:\\\/\\\/www.yucatanencorto.com\\\/noticias\\\/wp-content\\\/uploads\\\/2023\\\/11\\\/Captura-de-pantalla-2023-11-30-150314-scaled.jpg\",\"datePublished\":\"2023-11-30T21:03:33+00:00\",\"author\":{\"@id\":\"https:\\\/\\\/www.yucatanencorto.com\\\/noticias\\\/#\\\/schema\\\/person\\\/e2fbdfaf30a07014a43940ce989f3119\"},\"breadcrumb\":{\"@id\":\"https:\\\/\\\/www.yucatanencorto.com\\\/noticias\\\/ultimo-dia-para-vincular-whatsapp-a-gmail-google-eliminara-cuentas-inactivas\\\/#breadcrumb\"},\"inLanguage\":\"es\",\"potentialAction\":[{\"@type\":\"ReadAction\",\"target\":[\"https:\\\/\\\/www.yucatanencorto.com\\\/noticias\\\/ultimo-dia-para-vincular-whatsapp-a-gmail-google-eliminara-cuentas-inactivas\\\/\"]}]},{\"@type\":\"ImageObject\",\"inLanguage\":\"es\",\"@id\":\"https:\\\/\\\/www.yucatanencorto.com\\\/noticias\\\/ultimo-dia-para-vincular-whatsapp-a-gmail-google-eliminara-cuentas-inactivas\\\/#primaryimage\",\"url\":\"https:\\\/\\\/www.yucatanencorto.com\\\/noticias\\\/wp-content\\\/uploads\\\/2023\\\/11\\\/Captura-de-pantalla-2023-11-30-150314-scaled.jpg\",\"contentUrl\":\"https:\\\/\\\/www.yucatanencorto.com\\\/noticias\\\/wp-content\\\/uploads\\\/2023\\\/11\\\/Captura-de-pantalla-2023-11-30-150314-scaled.jpg\",\"width\":768,\"height\":498},{\"@type\":\"BreadcrumbList\",\"@id\":\"https:\\\/\\\/www.yucatanencorto.com\\\/noticias\\\/ultimo-dia-para-vincular-whatsapp-a-gmail-google-eliminara-cuentas-inactivas\\\/#breadcrumb\",\"itemListElement\":[{\"@type\":\"ListItem\",\"position\":1,\"name\":\"Portada\",\"item\":\"https:\\\/\\\/www.yucatanencorto.com\\\/noticias\\\/\"},{\"@type\":\"ListItem\",\"position\":2,\"name\":\"\u00daltimo d\u00eda para vincular WhatsApp a Gmail: Google eliminar\u00e1 cuentas inactivas\"}]},{\"@type\":\"WebSite\",\"@id\":\"https:\\\/\\\/www.yucatanencorto.com\\\/noticias\\\/#website\",\"url\":\"https:\\\/\\\/www.yucatanencorto.com\\\/noticias\\\/\",\"name\":\"Yucat\u00e1n en corto\",\"description\":\"Noticias\",\"potentialAction\":[{\"@type\":\"SearchAction\",\"target\":{\"@type\":\"EntryPoint\",\"urlTemplate\":\"https:\\\/\\\/www.yucatanencorto.com\\\/noticias\\\/?s={search_term_string}\"},\"query-input\":{\"@type\":\"PropertyValueSpecification\",\"valueRequired\":true,\"valueName\":\"search_term_string\"}}],\"inLanguage\":\"es\"},{\"@type\":\"Person\",\"@id\":\"https:\\\/\\\/www.yucatanencorto.com\\\/noticias\\\/#\\\/schema\\\/person\\\/e2fbdfaf30a07014a43940ce989f3119\",\"name\":\"Redes\",\"image\":{\"@type\":\"ImageObject\",\"inLanguage\":\"es\",\"@id\":\"https:\\\/\\\/secure.gravatar.com\\\/avatar\\\/5931a2d21dd7cc834f44c8c34fe56d90ed6d536ef452cbf870c7485b524dddd7?s=96&d=mm&r=g\",\"url\":\"https:\\\/\\\/secure.gravatar.com\\\/avatar\\\/5931a2d21dd7cc834f44c8c34fe56d90ed6d536ef452cbf870c7485b524dddd7?s=96&d=mm&r=g\",\"contentUrl\":\"https:\\\/\\\/secure.gravatar.com\\\/avatar\\\/5931a2d21dd7cc834f44c8c34fe56d90ed6d536ef452cbf870c7485b524dddd7?s=96&d=mm&r=g\",\"caption\":\"Redes\"},\"url\":\"https:\\\/\\\/www.yucatanencorto.com\\\/noticias\\\/author\\\/redes\\\/\"}]}<\/script>\n<!-- \/ Yoast SEO plugin. -->","yoast_head_json":{"title":"\u00daltimo d\u00eda para vincular WhatsApp a Gmail: Google eliminar\u00e1 cuentas inactivas - Yucat\u00e1n en corto","robots":{"index":"index","follow":"follow","max-snippet":"max-snippet:-1","max-image-preview":"max-image-preview:large","max-video-preview":"max-video-preview:-1"},"canonical":"https:\/\/www.yucatanencorto.com\/noticias\/ultimo-dia-para-vincular-whatsapp-a-gmail-google-eliminara-cuentas-inactivas\/","og_locale":"es_ES","og_type":"article","og_title":"\u00daltimo d\u00eda para vincular WhatsApp a Gmail: Google eliminar\u00e1 cuentas inactivas - Yucat\u00e1n en corto","og_description":"El pr\u00f3ximo 1 de diciembre marcar\u00e1 un hito en la gesti\u00f3n de cuentas de correo electr\u00f3nico de Google, la compa\u00f1\u00eda\u00a0Alphabet, matriz de Google, ha anunciado la eliminaci\u00f3n de todas las cuentas inactivas de Gmail que no hayan sido utilizadas en m\u00e1s de dos a\u00f1os. Este proceso afectar\u00e1 a un amplio n\u00famero de usuarios que, sin [&hellip;]","og_url":"https:\/\/www.yucatanencorto.com\/noticias\/ultimo-dia-para-vincular-whatsapp-a-gmail-google-eliminara-cuentas-inactivas\/","og_site_name":"Yucat\u00e1n en corto","article_publisher":"http:\/\/www.facebook.com\/yucatanencorto","article_published_time":"2023-11-30T21:03:33+00:00","og_image":[{"width":768,"height":498,"url":"https:\/\/www.yucatanencorto.com\/noticias\/wp-content\/uploads\/2023\/11\/Captura-de-pantalla-2023-11-30-150314-scaled.jpg","type":"image\/jpeg"}],"author":"Redes","twitter_card":"summary_large_image","twitter_creator":"@yucatanencorto","twitter_site":"@yucatanencorto","twitter_misc":{"Escrito por":"Redes","Tiempo de lectura":"3 minutos"},"schema":{"@context":"https:\/\/schema.org","@graph":[{"@type":"Article","@id":"https:\/\/www.yucatanencorto.com\/noticias\/ultimo-dia-para-vincular-whatsapp-a-gmail-google-eliminara-cuentas-inactivas\/#article","isPartOf":{"@id":"https:\/\/www.yucatanencorto.com\/noticias\/ultimo-dia-para-vincular-whatsapp-a-gmail-google-eliminara-cuentas-inactivas\/"},"author":{"name":"Redes","@id":"https:\/\/www.yucatanencorto.com\/noticias\/#\/schema\/person\/e2fbdfaf30a07014a43940ce989f3119"},"headline":"\u00daltimo d\u00eda para vincular WhatsApp a Gmail: Google eliminar\u00e1 cuentas inactivas","datePublished":"2023-11-30T21:03:33+00:00","mainEntityOfPage":{"@id":"https:\/\/www.yucatanencorto.com\/noticias\/ultimo-dia-para-vincular-whatsapp-a-gmail-google-eliminara-cuentas-inactivas\/"},"wordCount":525,"image":{"@id":"https:\/\/www.yucatanencorto.com\/noticias\/ultimo-dia-para-vincular-whatsapp-a-gmail-google-eliminara-cuentas-inactivas\/#primaryimage"},"thumbnailUrl":"https:\/\/www.yucatanencorto.com\/noticias\/wp-content\/uploads\/2023\/11\/Captura-de-pantalla-2023-11-30-150314-scaled.jpg","articleSection":["Tecnolog\u00eda y Ciencia"],"inLanguage":"es"},{"@type":"WebPage","@id":"https:\/\/www.yucatanencorto.com\/noticias\/ultimo-dia-para-vincular-whatsapp-a-gmail-google-eliminara-cuentas-inactivas\/","url":"https:\/\/www.yucatanencorto.com\/noticias\/ultimo-dia-para-vincular-whatsapp-a-gmail-google-eliminara-cuentas-inactivas\/","name":"\u00daltimo d\u00eda para vincular WhatsApp a Gmail: Google eliminar\u00e1 cuentas inactivas - Yucat\u00e1n en corto","isPartOf":{"@id":"https:\/\/www.yucatanencorto.com\/noticias\/#website"},"primaryImageOfPage":{"@id":"https:\/\/www.yucatanencorto.com\/noticias\/ultimo-dia-para-vincular-whatsapp-a-gmail-google-eliminara-cuentas-inactivas\/#primaryimage"},"image":{"@id":"https:\/\/www.yucatanencorto.com\/noticias\/ultimo-dia-para-vincular-whatsapp-a-gmail-google-eliminara-cuentas-inactivas\/#primaryimage"},"thumbnailUrl":"https:\/\/www.yucatanencorto.com\/noticias\/wp-content\/uploads\/2023\/11\/Captura-de-pantalla-2023-11-30-150314-scaled.jpg","datePublished":"2023-11-30T21:03:33+00:00","author":{"@id":"https:\/\/www.yucatanencorto.com\/noticias\/#\/schema\/person\/e2fbdfaf30a07014a43940ce989f3119"},"breadcrumb":{"@id":"https:\/\/www.yucatanencorto.com\/noticias\/ultimo-dia-para-vincular-whatsapp-a-gmail-google-eliminara-cuentas-inactivas\/#breadcrumb"},"inLanguage":"es","potentialAction":[{"@type":"ReadAction","target":["https:\/\/www.yucatanencorto.com\/noticias\/ultimo-dia-para-vincular-whatsapp-a-gmail-google-eliminara-cuentas-inactivas\/"]}]},{"@type":"ImageObject","inLanguage":"es","@id":"https:\/\/www.yucatanencorto.com\/noticias\/ultimo-dia-para-vincular-whatsapp-a-gmail-google-eliminara-cuentas-inactivas\/#primaryimage","url":"https:\/\/www.yucatanencorto.com\/noticias\/wp-content\/uploads\/2023\/11\/Captura-de-pantalla-2023-11-30-150314-scaled.jpg","contentUrl":"https:\/\/www.yucatanencorto.com\/noticias\/wp-content\/uploads\/2023\/11\/Captura-de-pantalla-2023-11-30-150314-scaled.jpg","width":768,"height":498},{"@type":"BreadcrumbList","@id":"https:\/\/www.yucatanencorto.com\/noticias\/ultimo-dia-para-vincular-whatsapp-a-gmail-google-eliminara-cuentas-inactivas\/#breadcrumb","itemListElement":[{"@type":"ListItem","position":1,"name":"Portada","item":"https:\/\/www.yucatanencorto.com\/noticias\/"},{"@type":"ListItem","position":2,"name":"\u00daltimo d\u00eda para vincular WhatsApp a Gmail: Google eliminar\u00e1 cuentas inactivas"}]},{"@type":"WebSite","@id":"https:\/\/www.yucatanencorto.com\/noticias\/#website","url":"https:\/\/www.yucatanencorto.com\/noticias\/","name":"Yucat\u00e1n en corto","description":"Noticias","potentialAction":[{"@type":"SearchAction","target":{"@type":"EntryPoint","urlTemplate":"https:\/\/www.yucatanencorto.com\/noticias\/?s={search_term_string}"},"query-input":{"@type":"PropertyValueSpecification","valueRequired":true,"valueName":"search_term_string"}}],"inLanguage":"es"},{"@type":"Person","@id":"https:\/\/www.yucatanencorto.com\/noticias\/#\/schema\/person\/e2fbdfaf30a07014a43940ce989f3119","name":"Redes","image":{"@type":"ImageObject","inLanguage":"es","@id":"https:\/\/secure.gravatar.com\/avatar\/5931a2d21dd7cc834f44c8c34fe56d90ed6d536ef452cbf870c7485b524dddd7?s=96&d=mm&r=g","url":"https:\/\/secure.gravatar.com\/avatar\/5931a2d21dd7cc834f44c8c34fe56d90ed6d536ef452cbf870c7485b524dddd7?s=96&d=mm&r=g","contentUrl":"https:\/\/secure.gravatar.com\/avatar\/5931a2d21dd7cc834f44c8c34fe56d90ed6d536ef452cbf870c7485b524dddd7?s=96&d=mm&r=g","caption":"Redes"},"url":"https:\/\/www.yucatanencorto.com\/noticias\/author\/redes\/"}]}},"_links":{"self":[{"href":"https:\/\/www.yucatanencorto.com\/noticias\/wp-json\/wp\/v2\/posts\/101144","targetHints":{"allow":["GET"]}}],"collection":[{"href":"https:\/\/www.yucatanencorto.com\/noticias\/wp-json\/wp\/v2\/posts"}],"about":[{"href":"https:\/\/www.yucatanencorto.com\/noticias\/wp-json\/wp\/v2\/types\/post"}],"author":[{"embeddable":true,"href":"https:\/\/www.yucatanencorto.com\/noticias\/wp-json\/wp\/v2\/users\/3"}],"replies":[{"embeddable":true,"href":"https:\/\/www.yucatanencorto.com\/noticias\/wp-json\/wp\/v2\/comments?post=101144"}],"version-history":[{"count":0,"href":"https:\/\/www.yucatanencorto.com\/noticias\/wp-json\/wp\/v2\/posts\/101144\/revisions"}],"wp:featuredmedia":[{"embeddable":true,"href":"https:\/\/www.yucatanencorto.com\/noticias\/wp-json\/wp\/v2\/media\/101145"}],"wp:attachment":[{"href":"https:\/\/www.yucatanencorto.com\/noticias\/wp-json\/wp\/v2\/media?parent=101144"}],"wp:term":[{"taxonomy":"category","embeddable":true,"href":"https:\/\/www.yucatanencorto.com\/noticias\/wp-json\/wp\/v2\/categories?post=101144"},{"taxonomy":"post_tag","embeddable":true,"href":"https:\/\/www.yucatanencorto.com\/noticias\/wp-json\/wp\/v2\/tags?post=101144"}],"curies":[{"name":"wp","href":"https:\/\/api.w.org\/{rel}","templated":true}]}}