{"id":101148,"date":"2023-11-30T16:48:16","date_gmt":"2023-11-30T22:48:16","guid":{"rendered":"https:\/\/www.yucatanencorto.com\/noticias\/?p=101148"},"modified":"2023-11-30T16:48:16","modified_gmt":"2023-11-30T22:48:16","slug":"buscan-cuidar-y-proteger-la-paz-y-seguridad-de-los-meridanos","status":"publish","type":"post","link":"https:\/\/www.yucatanencorto.com\/noticias\/buscan-cuidar-y-proteger-la-paz-y-seguridad-de-los-meridanos\/","title":{"rendered":"Buscan cuidar y proteger la paz y seguridad de los meridanos"},"content":{"rendered":"<p><img loading=\"lazy\" decoding=\"async\" class=\"alignnone size-full wp-image-101149\" src=\"https:\/\/www.yucatanencorto.com\/noticias\/wp-content\/uploads\/2023\/11\/IMG-20231130-WA0040-scaled.jpg\" alt=\"\" width=\"768\" height=\"512\" srcset=\"https:\/\/www.yucatanencorto.com\/noticias\/wp-content\/uploads\/2023\/11\/IMG-20231130-WA0040-scaled.jpg 768w, https:\/\/www.yucatanencorto.com\/noticias\/wp-content\/uploads\/2023\/11\/IMG-20231130-WA0040-696x464.jpg 696w, https:\/\/www.yucatanencorto.com\/noticias\/wp-content\/uploads\/2023\/11\/IMG-20231130-WA0040-1068x712.jpg 1068w, https:\/\/www.yucatanencorto.com\/noticias\/wp-content\/uploads\/2023\/11\/IMG-20231130-WA0040-630x420.jpg 630w\" sizes=\"auto, (max-width: 768px) 100vw, 768px\" \/><\/p>\n<p>M\u00e9rida es una de las ciudades m\u00e1s seguras de M\u00e9xico gracias al trabajo en equipo entre\u00a0 autoridades y ciudadanos, destac\u00f3 la precandidata del PAN Yucat\u00e1n a la presidencia municipal de M\u00e9rida, Cecilia Patr\u00f3n Laviada.<\/p>\n<p>\u201cLos meridanos nos preocupamos por nuestra comunidad, por nuestros vecinos y nuestra familia, y as\u00ed lo seguiremos haciendo, en una sola M\u00e9rida m\u00e1s segura para todos\u201d.<\/p>\n<p>Ante militantes y simpatizantes del oriente, sur y poniente de la ciudad, Cecilia destac\u00f3 el trabajo de los gobiernos de Acci\u00f3n Nacional, que han permitido a la fecha contar con equipos de primer nivel, como son las m\u00e1s de 7 mil c\u00e1maras de vigilancia, arcos viales, modernas patrullas, helic\u00f3ptero, entre otros.<\/p>\n<p>\u00abAdem\u00e1s se reconoce la labor de los elementos de seguridad, quienes cuentan con acceso a cr\u00e9ditos de vivienda, salarios dignos y becas universitarias para sus hijos\u00bb, record\u00f3.<\/p>\n<p>En el Congreso se implementaron leyes para que los gobiernos no puedan disminuir los recursos destinados para seguridad, lo que da como resultado una mayor tranquilidad y mejor calidad de vida para las familias meridanas.<\/p>\n<p>La \u00faltima Encuesta Nacional de Seguridad P\u00fablica Urbana revel\u00f3 a M\u00e9rida con una percepci\u00f3n de inseguridad del 27.1 por ciento, muy por debajo de la media nacional que es del 61.4 por ciento, colocando a la capital yucateca a nivel nacional como una de las mejores ciudades de M\u00e9xico, destacando as\u00ed sus bondades para el desarrollo econ\u00f3mico, profesional, tur\u00edstico, social y de calidad de vida.<\/p>\n<p>\u201cLa ciudad m\u00e1s segura de M\u00e9xico, donde podemos salir tranquilamente a la puerta de nuestros hogares y caminar libremente, y esto impacta en la vida diaria de nuestras familias meridanas\u201d, subray\u00f3 la precandidata.<\/p>\n<p>En estos encuentros vecinales la acompa\u00f1aron las diputadas Karem Achach Ram\u00edrez y Dafne L\u00f3pez Osorio, as\u00ed como los precandidatos del PAN a diputados locales Gonzalo Puerto Gonz\u00e1lez, Distrito 8; Carmen Gonz\u00e1lez Mart\u00edn, Distrito 4, y Felipe Pacheco Sansores, Distrito 6.<\/p>\n","protected":false},"excerpt":{"rendered":"<p>M\u00e9rida es una de las ciudades m\u00e1s seguras de M\u00e9xico gracias al trabajo en equipo entre\u00a0 autoridades y ciudadanos, destac\u00f3 la precandidata del PAN Yucat\u00e1n a la presidencia municipal de M\u00e9rida, Cecilia Patr\u00f3n Laviada. \u201cLos meridanos nos preocupamos por nuestra comunidad, por nuestros vecinos y nuestra familia, y as\u00ed lo seguiremos haciendo, en una sola [&hellip;]<\/p>\n","protected":false},"author":3,"featured_media":101149,"comment_status":"closed","ping_status":"closed","sticky":false,"template":"","format":"standard","meta":{"footnotes":""},"categories":[3],"tags":[],"class_list":{"0":"post-101148","1":"post","2":"type-post","3":"status-publish","4":"format-standard","5":"has-post-thumbnail","7":"category-yucatan"},"yoast_head":"<!-- This site is optimized with the Yoast SEO plugin v27.4 - https:\/\/yoast.com\/product\/yoast-seo-wordpress\/ -->\n<title>Buscan cuidar y proteger la paz y seguridad de los meridanos - Yucat\u00e1n en corto<\/title>\n<meta name=\"robots\" content=\"index, follow, max-snippet:-1, max-image-preview:large, max-video-preview:-1\" \/>\n<link rel=\"canonical\" href=\"https:\/\/www.yucatanencorto.com\/noticias\/buscan-cuidar-y-proteger-la-paz-y-seguridad-de-los-meridanos\/\" \/>\n<meta property=\"og:locale\" content=\"es_ES\" \/>\n<meta property=\"og:type\" content=\"article\" \/>\n<meta property=\"og:title\" content=\"Buscan cuidar y proteger la paz y seguridad de los meridanos - Yucat\u00e1n en corto\" \/>\n<meta property=\"og:description\" content=\"M\u00e9rida es una de las ciudades m\u00e1s seguras de M\u00e9xico gracias al trabajo en equipo entre\u00a0 autoridades y ciudadanos, destac\u00f3 la precandidata del PAN Yucat\u00e1n a la presidencia municipal de M\u00e9rida, Cecilia Patr\u00f3n Laviada. \u201cLos meridanos nos preocupamos por nuestra comunidad, por nuestros vecinos y nuestra familia, y as\u00ed lo seguiremos haciendo, en una sola [&hellip;]\" \/>\n<meta property=\"og:url\" content=\"https:\/\/www.yucatanencorto.com\/noticias\/buscan-cuidar-y-proteger-la-paz-y-seguridad-de-los-meridanos\/\" \/>\n<meta property=\"og:site_name\" content=\"Yucat\u00e1n en corto\" \/>\n<meta property=\"article:publisher\" content=\"http:\/\/www.facebook.com\/yucatanencorto\" \/>\n<meta property=\"article:published_time\" content=\"2023-11-30T22:48:16+00:00\" \/>\n<meta property=\"og:image\" content=\"https:\/\/www.yucatanencorto.com\/noticias\/wp-content\/uploads\/2023\/11\/IMG-20231130-WA0040-scaled.jpg\" \/>\n\t<meta property=\"og:image:width\" content=\"768\" \/>\n\t<meta property=\"og:image:height\" content=\"512\" \/>\n\t<meta property=\"og:image:type\" content=\"image\/jpeg\" \/>\n<meta name=\"author\" content=\"Redes\" \/>\n<meta name=\"twitter:card\" content=\"summary_large_image\" \/>\n<meta name=\"twitter:creator\" content=\"@yucatanencorto\" \/>\n<meta name=\"twitter:site\" content=\"@yucatanencorto\" \/>\n<meta name=\"twitter:label1\" content=\"Escrito por\" \/>\n\t<meta name=\"twitter:data1\" content=\"Redes\" \/>\n\t<meta name=\"twitter:label2\" content=\"Tiempo de lectura\" \/>\n\t<meta name=\"twitter:data2\" content=\"2 minutos\" \/>\n<script type=\"application\/ld+json\" class=\"yoast-schema-graph\">{\"@context\":\"https:\\\/\\\/schema.org\",\"@graph\":[{\"@type\":\"Article\",\"@id\":\"https:\\\/\\\/www.yucatanencorto.com\\\/noticias\\\/buscan-cuidar-y-proteger-la-paz-y-seguridad-de-los-meridanos\\\/#article\",\"isPartOf\":{\"@id\":\"https:\\\/\\\/www.yucatanencorto.com\\\/noticias\\\/buscan-cuidar-y-proteger-la-paz-y-seguridad-de-los-meridanos\\\/\"},\"author\":{\"name\":\"Redes\",\"@id\":\"https:\\\/\\\/www.yucatanencorto.com\\\/noticias\\\/#\\\/schema\\\/person\\\/e2fbdfaf30a07014a43940ce989f3119\"},\"headline\":\"Buscan cuidar y proteger la paz y seguridad de los meridanos\",\"datePublished\":\"2023-11-30T22:48:16+00:00\",\"mainEntityOfPage\":{\"@id\":\"https:\\\/\\\/www.yucatanencorto.com\\\/noticias\\\/buscan-cuidar-y-proteger-la-paz-y-seguridad-de-los-meridanos\\\/\"},\"wordCount\":344,\"image\":{\"@id\":\"https:\\\/\\\/www.yucatanencorto.com\\\/noticias\\\/buscan-cuidar-y-proteger-la-paz-y-seguridad-de-los-meridanos\\\/#primaryimage\"},\"thumbnailUrl\":\"https:\\\/\\\/www.yucatanencorto.com\\\/noticias\\\/wp-content\\\/uploads\\\/2023\\\/11\\\/IMG-20231130-WA0040-scaled.jpg\",\"articleSection\":[\"Yucat\u00e1n\"],\"inLanguage\":\"es\"},{\"@type\":\"WebPage\",\"@id\":\"https:\\\/\\\/www.yucatanencorto.com\\\/noticias\\\/buscan-cuidar-y-proteger-la-paz-y-seguridad-de-los-meridanos\\\/\",\"url\":\"https:\\\/\\\/www.yucatanencorto.com\\\/noticias\\\/buscan-cuidar-y-proteger-la-paz-y-seguridad-de-los-meridanos\\\/\",\"name\":\"Buscan cuidar y proteger la paz y seguridad de los meridanos - Yucat\u00e1n en corto\",\"isPartOf\":{\"@id\":\"https:\\\/\\\/www.yucatanencorto.com\\\/noticias\\\/#website\"},\"primaryImageOfPage\":{\"@id\":\"https:\\\/\\\/www.yucatanencorto.com\\\/noticias\\\/buscan-cuidar-y-proteger-la-paz-y-seguridad-de-los-meridanos\\\/#primaryimage\"},\"image\":{\"@id\":\"https:\\\/\\\/www.yucatanencorto.com\\\/noticias\\\/buscan-cuidar-y-proteger-la-paz-y-seguridad-de-los-meridanos\\\/#primaryimage\"},\"thumbnailUrl\":\"https:\\\/\\\/www.yucatanencorto.com\\\/noticias\\\/wp-content\\\/uploads\\\/2023\\\/11\\\/IMG-20231130-WA0040-scaled.jpg\",\"datePublished\":\"2023-11-30T22:48:16+00:00\",\"author\":{\"@id\":\"https:\\\/\\\/www.yucatanencorto.com\\\/noticias\\\/#\\\/schema\\\/person\\\/e2fbdfaf30a07014a43940ce989f3119\"},\"breadcrumb\":{\"@id\":\"https:\\\/\\\/www.yucatanencorto.com\\\/noticias\\\/buscan-cuidar-y-proteger-la-paz-y-seguridad-de-los-meridanos\\\/#breadcrumb\"},\"inLanguage\":\"es\",\"potentialAction\":[{\"@type\":\"ReadAction\",\"target\":[\"https:\\\/\\\/www.yucatanencorto.com\\\/noticias\\\/buscan-cuidar-y-proteger-la-paz-y-seguridad-de-los-meridanos\\\/\"]}]},{\"@type\":\"ImageObject\",\"inLanguage\":\"es\",\"@id\":\"https:\\\/\\\/www.yucatanencorto.com\\\/noticias\\\/buscan-cuidar-y-proteger-la-paz-y-seguridad-de-los-meridanos\\\/#primaryimage\",\"url\":\"https:\\\/\\\/www.yucatanencorto.com\\\/noticias\\\/wp-content\\\/uploads\\\/2023\\\/11\\\/IMG-20231130-WA0040-scaled.jpg\",\"contentUrl\":\"https:\\\/\\\/www.yucatanencorto.com\\\/noticias\\\/wp-content\\\/uploads\\\/2023\\\/11\\\/IMG-20231130-WA0040-scaled.jpg\",\"width\":768,\"height\":512},{\"@type\":\"BreadcrumbList\",\"@id\":\"https:\\\/\\\/www.yucatanencorto.com\\\/noticias\\\/buscan-cuidar-y-proteger-la-paz-y-seguridad-de-los-meridanos\\\/#breadcrumb\",\"itemListElement\":[{\"@type\":\"ListItem\",\"position\":1,\"name\":\"Portada\",\"item\":\"https:\\\/\\\/www.yucatanencorto.com\\\/noticias\\\/\"},{\"@type\":\"ListItem\",\"position\":2,\"name\":\"Buscan cuidar y proteger la paz y seguridad de los meridanos\"}]},{\"@type\":\"WebSite\",\"@id\":\"https:\\\/\\\/www.yucatanencorto.com\\\/noticias\\\/#website\",\"url\":\"https:\\\/\\\/www.yucatanencorto.com\\\/noticias\\\/\",\"name\":\"Yucat\u00e1n en corto\",\"description\":\"Noticias\",\"potentialAction\":[{\"@type\":\"SearchAction\",\"target\":{\"@type\":\"EntryPoint\",\"urlTemplate\":\"https:\\\/\\\/www.yucatanencorto.com\\\/noticias\\\/?s={search_term_string}\"},\"query-input\":{\"@type\":\"PropertyValueSpecification\",\"valueRequired\":true,\"valueName\":\"search_term_string\"}}],\"inLanguage\":\"es\"},{\"@type\":\"Person\",\"@id\":\"https:\\\/\\\/www.yucatanencorto.com\\\/noticias\\\/#\\\/schema\\\/person\\\/e2fbdfaf30a07014a43940ce989f3119\",\"name\":\"Redes\",\"image\":{\"@type\":\"ImageObject\",\"inLanguage\":\"es\",\"@id\":\"https:\\\/\\\/secure.gravatar.com\\\/avatar\\\/5931a2d21dd7cc834f44c8c34fe56d90ed6d536ef452cbf870c7485b524dddd7?s=96&d=mm&r=g\",\"url\":\"https:\\\/\\\/secure.gravatar.com\\\/avatar\\\/5931a2d21dd7cc834f44c8c34fe56d90ed6d536ef452cbf870c7485b524dddd7?s=96&d=mm&r=g\",\"contentUrl\":\"https:\\\/\\\/secure.gravatar.com\\\/avatar\\\/5931a2d21dd7cc834f44c8c34fe56d90ed6d536ef452cbf870c7485b524dddd7?s=96&d=mm&r=g\",\"caption\":\"Redes\"},\"url\":\"https:\\\/\\\/www.yucatanencorto.com\\\/noticias\\\/author\\\/redes\\\/\"}]}<\/script>\n<!-- \/ Yoast SEO plugin. -->","yoast_head_json":{"title":"Buscan cuidar y proteger la paz y seguridad de los meridanos - Yucat\u00e1n en corto","robots":{"index":"index","follow":"follow","max-snippet":"max-snippet:-1","max-image-preview":"max-image-preview:large","max-video-preview":"max-video-preview:-1"},"canonical":"https:\/\/www.yucatanencorto.com\/noticias\/buscan-cuidar-y-proteger-la-paz-y-seguridad-de-los-meridanos\/","og_locale":"es_ES","og_type":"article","og_title":"Buscan cuidar y proteger la paz y seguridad de los meridanos - Yucat\u00e1n en corto","og_description":"M\u00e9rida es una de las ciudades m\u00e1s seguras de M\u00e9xico gracias al trabajo en equipo entre\u00a0 autoridades y ciudadanos, destac\u00f3 la precandidata del PAN Yucat\u00e1n a la presidencia municipal de M\u00e9rida, Cecilia Patr\u00f3n Laviada. \u201cLos meridanos nos preocupamos por nuestra comunidad, por nuestros vecinos y nuestra familia, y as\u00ed lo seguiremos haciendo, en una sola [&hellip;]","og_url":"https:\/\/www.yucatanencorto.com\/noticias\/buscan-cuidar-y-proteger-la-paz-y-seguridad-de-los-meridanos\/","og_site_name":"Yucat\u00e1n en corto","article_publisher":"http:\/\/www.facebook.com\/yucatanencorto","article_published_time":"2023-11-30T22:48:16+00:00","og_image":[{"width":768,"height":512,"url":"https:\/\/www.yucatanencorto.com\/noticias\/wp-content\/uploads\/2023\/11\/IMG-20231130-WA0040-scaled.jpg","type":"image\/jpeg"}],"author":"Redes","twitter_card":"summary_large_image","twitter_creator":"@yucatanencorto","twitter_site":"@yucatanencorto","twitter_misc":{"Escrito por":"Redes","Tiempo de lectura":"2 minutos"},"schema":{"@context":"https:\/\/schema.org","@graph":[{"@type":"Article","@id":"https:\/\/www.yucatanencorto.com\/noticias\/buscan-cuidar-y-proteger-la-paz-y-seguridad-de-los-meridanos\/#article","isPartOf":{"@id":"https:\/\/www.yucatanencorto.com\/noticias\/buscan-cuidar-y-proteger-la-paz-y-seguridad-de-los-meridanos\/"},"author":{"name":"Redes","@id":"https:\/\/www.yucatanencorto.com\/noticias\/#\/schema\/person\/e2fbdfaf30a07014a43940ce989f3119"},"headline":"Buscan cuidar y proteger la paz y seguridad de los meridanos","datePublished":"2023-11-30T22:48:16+00:00","mainEntityOfPage":{"@id":"https:\/\/www.yucatanencorto.com\/noticias\/buscan-cuidar-y-proteger-la-paz-y-seguridad-de-los-meridanos\/"},"wordCount":344,"image":{"@id":"https:\/\/www.yucatanencorto.com\/noticias\/buscan-cuidar-y-proteger-la-paz-y-seguridad-de-los-meridanos\/#primaryimage"},"thumbnailUrl":"https:\/\/www.yucatanencorto.com\/noticias\/wp-content\/uploads\/2023\/11\/IMG-20231130-WA0040-scaled.jpg","articleSection":["Yucat\u00e1n"],"inLanguage":"es"},{"@type":"WebPage","@id":"https:\/\/www.yucatanencorto.com\/noticias\/buscan-cuidar-y-proteger-la-paz-y-seguridad-de-los-meridanos\/","url":"https:\/\/www.yucatanencorto.com\/noticias\/buscan-cuidar-y-proteger-la-paz-y-seguridad-de-los-meridanos\/","name":"Buscan cuidar y proteger la paz y seguridad de los meridanos - Yucat\u00e1n en corto","isPartOf":{"@id":"https:\/\/www.yucatanencorto.com\/noticias\/#website"},"primaryImageOfPage":{"@id":"https:\/\/www.yucatanencorto.com\/noticias\/buscan-cuidar-y-proteger-la-paz-y-seguridad-de-los-meridanos\/#primaryimage"},"image":{"@id":"https:\/\/www.yucatanencorto.com\/noticias\/buscan-cuidar-y-proteger-la-paz-y-seguridad-de-los-meridanos\/#primaryimage"},"thumbnailUrl":"https:\/\/www.yucatanencorto.com\/noticias\/wp-content\/uploads\/2023\/11\/IMG-20231130-WA0040-scaled.jpg","datePublished":"2023-11-30T22:48:16+00:00","author":{"@id":"https:\/\/www.yucatanencorto.com\/noticias\/#\/schema\/person\/e2fbdfaf30a07014a43940ce989f3119"},"breadcrumb":{"@id":"https:\/\/www.yucatanencorto.com\/noticias\/buscan-cuidar-y-proteger-la-paz-y-seguridad-de-los-meridanos\/#breadcrumb"},"inLanguage":"es","potentialAction":[{"@type":"ReadAction","target":["https:\/\/www.yucatanencorto.com\/noticias\/buscan-cuidar-y-proteger-la-paz-y-seguridad-de-los-meridanos\/"]}]},{"@type":"ImageObject","inLanguage":"es","@id":"https:\/\/www.yucatanencorto.com\/noticias\/buscan-cuidar-y-proteger-la-paz-y-seguridad-de-los-meridanos\/#primaryimage","url":"https:\/\/www.yucatanencorto.com\/noticias\/wp-content\/uploads\/2023\/11\/IMG-20231130-WA0040-scaled.jpg","contentUrl":"https:\/\/www.yucatanencorto.com\/noticias\/wp-content\/uploads\/2023\/11\/IMG-20231130-WA0040-scaled.jpg","width":768,"height":512},{"@type":"BreadcrumbList","@id":"https:\/\/www.yucatanencorto.com\/noticias\/buscan-cuidar-y-proteger-la-paz-y-seguridad-de-los-meridanos\/#breadcrumb","itemListElement":[{"@type":"ListItem","position":1,"name":"Portada","item":"https:\/\/www.yucatanencorto.com\/noticias\/"},{"@type":"ListItem","position":2,"name":"Buscan cuidar y proteger la paz y seguridad de los meridanos"}]},{"@type":"WebSite","@id":"https:\/\/www.yucatanencorto.com\/noticias\/#website","url":"https:\/\/www.yucatanencorto.com\/noticias\/","name":"Yucat\u00e1n en corto","description":"Noticias","potentialAction":[{"@type":"SearchAction","target":{"@type":"EntryPoint","urlTemplate":"https:\/\/www.yucatanencorto.com\/noticias\/?s={search_term_string}"},"query-input":{"@type":"PropertyValueSpecification","valueRequired":true,"valueName":"search_term_string"}}],"inLanguage":"es"},{"@type":"Person","@id":"https:\/\/www.yucatanencorto.com\/noticias\/#\/schema\/person\/e2fbdfaf30a07014a43940ce989f3119","name":"Redes","image":{"@type":"ImageObject","inLanguage":"es","@id":"https:\/\/secure.gravatar.com\/avatar\/5931a2d21dd7cc834f44c8c34fe56d90ed6d536ef452cbf870c7485b524dddd7?s=96&d=mm&r=g","url":"https:\/\/secure.gravatar.com\/avatar\/5931a2d21dd7cc834f44c8c34fe56d90ed6d536ef452cbf870c7485b524dddd7?s=96&d=mm&r=g","contentUrl":"https:\/\/secure.gravatar.com\/avatar\/5931a2d21dd7cc834f44c8c34fe56d90ed6d536ef452cbf870c7485b524dddd7?s=96&d=mm&r=g","caption":"Redes"},"url":"https:\/\/www.yucatanencorto.com\/noticias\/author\/redes\/"}]}},"_links":{"self":[{"href":"https:\/\/www.yucatanencorto.com\/noticias\/wp-json\/wp\/v2\/posts\/101148","targetHints":{"allow":["GET"]}}],"collection":[{"href":"https:\/\/www.yucatanencorto.com\/noticias\/wp-json\/wp\/v2\/posts"}],"about":[{"href":"https:\/\/www.yucatanencorto.com\/noticias\/wp-json\/wp\/v2\/types\/post"}],"author":[{"embeddable":true,"href":"https:\/\/www.yucatanencorto.com\/noticias\/wp-json\/wp\/v2\/users\/3"}],"replies":[{"embeddable":true,"href":"https:\/\/www.yucatanencorto.com\/noticias\/wp-json\/wp\/v2\/comments?post=101148"}],"version-history":[{"count":0,"href":"https:\/\/www.yucatanencorto.com\/noticias\/wp-json\/wp\/v2\/posts\/101148\/revisions"}],"wp:featuredmedia":[{"embeddable":true,"href":"https:\/\/www.yucatanencorto.com\/noticias\/wp-json\/wp\/v2\/media\/101149"}],"wp:attachment":[{"href":"https:\/\/www.yucatanencorto.com\/noticias\/wp-json\/wp\/v2\/media?parent=101148"}],"wp:term":[{"taxonomy":"category","embeddable":true,"href":"https:\/\/www.yucatanencorto.com\/noticias\/wp-json\/wp\/v2\/categories?post=101148"},{"taxonomy":"post_tag","embeddable":true,"href":"https:\/\/www.yucatanencorto.com\/noticias\/wp-json\/wp\/v2\/tags?post=101148"}],"curies":[{"name":"wp","href":"https:\/\/api.w.org\/{rel}","templated":true}]}}