{"id":101156,"date":"2023-11-30T19:08:46","date_gmt":"2023-12-01T01:08:46","guid":{"rendered":"https:\/\/www.yucatanencorto.com\/noticias\/?p=101156"},"modified":"2023-11-30T19:08:46","modified_gmt":"2023-12-01T01:08:46","slug":"impulsan-programas-y-acciones-para-el-desarrollo-justo-e-igualitario-de-las-y-los-ciudadanos","status":"publish","type":"post","link":"https:\/\/www.yucatanencorto.com\/noticias\/impulsan-programas-y-acciones-para-el-desarrollo-justo-e-igualitario-de-las-y-los-ciudadanos\/","title":{"rendered":"Impulsan programas y acciones para el desarrollo justo e igualitario de las y los ciudadanos"},"content":{"rendered":"<p><img loading=\"lazy\" decoding=\"async\" class=\"alignnone size-full wp-image-101157\" src=\"https:\/\/www.yucatanencorto.com\/noticias\/wp-content\/uploads\/2023\/11\/IMG-20231130-WA0041-scaled.jpg\" alt=\"\" width=\"768\" height=\"512\" srcset=\"https:\/\/www.yucatanencorto.com\/noticias\/wp-content\/uploads\/2023\/11\/IMG-20231130-WA0041-scaled.jpg 768w, https:\/\/www.yucatanencorto.com\/noticias\/wp-content\/uploads\/2023\/11\/IMG-20231130-WA0041-696x464.jpg 696w, https:\/\/www.yucatanencorto.com\/noticias\/wp-content\/uploads\/2023\/11\/IMG-20231130-WA0041-1068x713.jpg 1068w, https:\/\/www.yucatanencorto.com\/noticias\/wp-content\/uploads\/2023\/11\/IMG-20231130-WA0041-630x420.jpg 630w\" sizes=\"auto, (max-width: 768px) 100vw, 768px\" \/><\/p>\n<p>M\u00e9rida, Yucat\u00e1n a 30 de noviembre de 2023.- El Ayuntamiento que encabeza Alejandro Ruz Castro promueve las condiciones para fortalecer la autonom\u00eda de las ni\u00f1as, adolescentes y mujeres del Municipio, impulsando programas y acciones que contribuyen a su desarrollo y crecimiento profesional, y el de toda su familia.<\/p>\n<p>En ese contexto, las y los integrantes del Cabildo meridano aprobaron en sesi\u00f3n ordinaria las reglas de operaci\u00f3n del programa \u201cBecas para el Fortalecimiento de la Econom\u00eda de las Mujeres Meridanas, Mujeres Madres Aut\u00f3nomas\u201d, para que mediante la conclusi\u00f3n de sus estudios tengan mejores accesos y oportunidades de crecimiento en el \u00e1mbito profesional y laboral, y fortalecer as\u00ed su econom\u00eda familiar.<\/p>\n<p>El programa impulsado en su momento por el alcalde con licencia Ren\u00e1n Barrera Concha, establece el pago de diez mil pesos dividido en dos pagos semestrales, est\u00e1 dirigido a madres aut\u00f3nomas con hijas e hijos que tengan la custodia de los mismos, que no cuenten con alg\u00fan otro apoyo municipal, estatal o federal, que actualmente est\u00e9n cursando alg\u00fan grado de su educaci\u00f3n primaria, secundaria, preparatoria, carrera t\u00e9cnica, universidad y\/o alguna otra y tengan un promedio m\u00ednimo de 7.5.<\/p>\n<p>\u201cHoy este programa es ya una realidad con la aprobaci\u00f3n de estas reglas de operaci\u00f3n; mi reconocimiento al Instituto Municipal de la Mujer y tambi\u00e9n a todos los regidores y regidoras que participaron en las comisiones para enriquecer este proyecto que sin duda viene a sentar las bases y las condiciones para que estas madres aut\u00f3nomas que se encuentran estudiando puedan contar con mejores condiciones tanto para seguir estudiando como para fortalecer su econom\u00eda\u201d, expres\u00f3 Ruz Castro.<\/p>\n<p>El Instituto Municipal de la Mujer, ser\u00e1 el encargado de operar dicho programa.<\/p>\n<p>En otros asuntos, los integrantes del Cabildo autorizaron celebrar un Convenio de Colaboraci\u00f3n con el Instituto Electoral y de Participaci\u00f3n Ciudadana de Yucat\u00e1n, para llevar a cabo la organizaci\u00f3n y realizaci\u00f3n de la Consulta P\u00fablica que se celebrar\u00e1 el d\u00eda 28 o de enero del a\u00f1o 2024 en la capital yucateca.<\/p>\n<p>Dicha actividad se har\u00e1 a trav\u00e9s de la Secretar\u00eda de Participaci\u00f3n Ciudadana del Ayuntamiento de M\u00e9rida con el fin de que las y los ciudadanos decidan a qu\u00e9 espacios p\u00fablicos entre parques o \u00e1reas deportivas se destinar\u00e1 parte del presupuesto municipal el siguiente a\u00f1o.<\/p>\n<p>En el \u00e1mbito cultural, tambi\u00e9n se aprob\u00f3 a los recipiendarios del \u201cPremio Ayuntamiento de M\u00e9rida a la Cultura Ciudadana 2024\u201d, con el cual se reconoce p\u00fablicamente a las personas que han contribuido a realzar el campo de la cultura y las diversas expresiones art\u00edsticas en el Municipio y cuyas acciones son ejemplo para replicarse en otros municipios.<\/p>\n<p>En la categor\u00eda Valores ciudadanos se entregar\u00e1 el premio a Mar\u00eda Eugenia N\u00fa\u00f1ez Zapata; en Solidaridad Social recibir\u00e1 Edwin Farf\u00e1n Cervantes; Convivencia con el Entorno Ambiental a Yaanict\u00e9 Miel; Tradiciones, usos y costumbres al colectivo Weech; Historia y Cr\u00f3nica a Liliana Judith Hern\u00e1ndez Saltib\u00e1\u00f1ez; Gastronom\u00eda a Edwin Esteban Chulim Pech y en la categor\u00eda Empresas Culturales a ARS Comunidad SCP.<\/p>\n<p>En la sesi\u00f3n ordinaria de Cabildo tambi\u00e9n se estableci\u00f3 que la ceremonia de premiaci\u00f3n se efectuar\u00e1 el 11 de diciembre en el Patio Central del Centro Cultural de M\u00e9rida \u00abOlimpo\u00bb, donde intervendr\u00e1 como oradora hu\u00e9sped la ciudadana Liliana Judith Hern\u00e1ndez Saltib\u00e1\u00f1ez, en representaci\u00f3n de las y los galardonados.<\/p>\n<p>En otros asuntos, las y los regidores aprobaron adem\u00e1s 4 Licitaciones P\u00fablicas, requeridas por las direcciones de Servicios P\u00fablicos Municipales, de Obras P\u00fablicas y la Unidad de Desarrollo Sustentable, por conducto de la Direcci\u00f3n de Administraci\u00f3n; las Convocatorias 30 y 31, juntamente con las bases de cinco licitaciones p\u00fablicas, requeridas por la Direcci\u00f3n de Obras P\u00fablicas para implementaci\u00f3n de servicios b\u00e1sicos p\u00fablicos en la colonia Buenavista; la construcci\u00f3n y rehabilitaci\u00f3n del parque (1ra Etapa) del Fraccionamiento Villas; rehabilitaci\u00f3n de Planta de Tratamiento en los mercados Chen-Bech, Chuburn\u00e1, Santiago y Santa Ana y la rehabilitaci\u00f3n de diversos monumentos en distintos puntos de la ciudad.<\/p>\n<p>Finalmente, tambi\u00e9n se acept\u00f3 en donaci\u00f3n, a t\u00edtulo gratuito un tablaje catastral, n\u00famero 53343, de la comisar\u00eda de Chablekal, donado por los se\u00f1ores Juan Francisco Molina Casares, Alejandra de Lourdes Millet Palomeque, Rogelio Tirzo Molina Casares, Leonor Elena Casares Espinosa, e Ignacio Octavio Pablo Molina Casares.<\/p>\n","protected":false},"excerpt":{"rendered":"<p>M\u00e9rida, Yucat\u00e1n a 30 de noviembre de 2023.- El Ayuntamiento que encabeza Alejandro Ruz Castro promueve las condiciones para fortalecer la autonom\u00eda de las ni\u00f1as, adolescentes y mujeres del Municipio, impulsando programas y acciones que contribuyen a su desarrollo y crecimiento profesional, y el de toda su familia. En ese contexto, las y los integrantes [&hellip;]<\/p>\n","protected":false},"author":3,"featured_media":101157,"comment_status":"closed","ping_status":"closed","sticky":false,"template":"","format":"standard","meta":{"footnotes":""},"categories":[3],"tags":[],"class_list":{"0":"post-101156","1":"post","2":"type-post","3":"status-publish","4":"format-standard","5":"has-post-thumbnail","7":"category-yucatan"},"yoast_head":"<!-- This site is optimized with the Yoast SEO plugin v27.4 - https:\/\/yoast.com\/product\/yoast-seo-wordpress\/ -->\n<title>Impulsan programas y acciones para el desarrollo justo e igualitario de las y los ciudadanos - Yucat\u00e1n en corto<\/title>\n<meta name=\"robots\" content=\"index, follow, max-snippet:-1, max-image-preview:large, max-video-preview:-1\" \/>\n<link rel=\"canonical\" href=\"https:\/\/www.yucatanencorto.com\/noticias\/impulsan-programas-y-acciones-para-el-desarrollo-justo-e-igualitario-de-las-y-los-ciudadanos\/\" \/>\n<meta property=\"og:locale\" content=\"es_ES\" \/>\n<meta property=\"og:type\" content=\"article\" \/>\n<meta property=\"og:title\" content=\"Impulsan programas y acciones para el desarrollo justo e igualitario de las y los ciudadanos - Yucat\u00e1n en corto\" \/>\n<meta property=\"og:description\" content=\"M\u00e9rida, Yucat\u00e1n a 30 de noviembre de 2023.- El Ayuntamiento que encabeza Alejandro Ruz Castro promueve las condiciones para fortalecer la autonom\u00eda de las ni\u00f1as, adolescentes y mujeres del Municipio, impulsando programas y acciones que contribuyen a su desarrollo y crecimiento profesional, y el de toda su familia. En ese contexto, las y los integrantes [&hellip;]\" \/>\n<meta property=\"og:url\" content=\"https:\/\/www.yucatanencorto.com\/noticias\/impulsan-programas-y-acciones-para-el-desarrollo-justo-e-igualitario-de-las-y-los-ciudadanos\/\" \/>\n<meta property=\"og:site_name\" content=\"Yucat\u00e1n en corto\" \/>\n<meta property=\"article:publisher\" content=\"http:\/\/www.facebook.com\/yucatanencorto\" \/>\n<meta property=\"article:published_time\" content=\"2023-12-01T01:08:46+00:00\" \/>\n<meta property=\"og:image\" content=\"https:\/\/www.yucatanencorto.com\/noticias\/wp-content\/uploads\/2023\/11\/IMG-20231130-WA0041-scaled.jpg\" \/>\n\t<meta property=\"og:image:width\" content=\"768\" \/>\n\t<meta property=\"og:image:height\" content=\"512\" \/>\n\t<meta property=\"og:image:type\" content=\"image\/jpeg\" \/>\n<meta name=\"author\" content=\"Redes\" \/>\n<meta name=\"twitter:card\" content=\"summary_large_image\" \/>\n<meta name=\"twitter:creator\" content=\"@yucatanencorto\" \/>\n<meta name=\"twitter:site\" content=\"@yucatanencorto\" \/>\n<meta name=\"twitter:label1\" content=\"Escrito por\" \/>\n\t<meta name=\"twitter:data1\" content=\"Redes\" \/>\n\t<meta name=\"twitter:label2\" content=\"Tiempo de lectura\" \/>\n\t<meta name=\"twitter:data2\" content=\"4 minutos\" \/>\n<script type=\"application\/ld+json\" class=\"yoast-schema-graph\">{\"@context\":\"https:\\\/\\\/schema.org\",\"@graph\":[{\"@type\":\"Article\",\"@id\":\"https:\\\/\\\/www.yucatanencorto.com\\\/noticias\\\/impulsan-programas-y-acciones-para-el-desarrollo-justo-e-igualitario-de-las-y-los-ciudadanos\\\/#article\",\"isPartOf\":{\"@id\":\"https:\\\/\\\/www.yucatanencorto.com\\\/noticias\\\/impulsan-programas-y-acciones-para-el-desarrollo-justo-e-igualitario-de-las-y-los-ciudadanos\\\/\"},\"author\":{\"name\":\"Redes\",\"@id\":\"https:\\\/\\\/www.yucatanencorto.com\\\/noticias\\\/#\\\/schema\\\/person\\\/e2fbdfaf30a07014a43940ce989f3119\"},\"headline\":\"Impulsan programas y acciones para el desarrollo justo e igualitario de las y los ciudadanos\",\"datePublished\":\"2023-12-01T01:08:46+00:00\",\"mainEntityOfPage\":{\"@id\":\"https:\\\/\\\/www.yucatanencorto.com\\\/noticias\\\/impulsan-programas-y-acciones-para-el-desarrollo-justo-e-igualitario-de-las-y-los-ciudadanos\\\/\"},\"wordCount\":772,\"image\":{\"@id\":\"https:\\\/\\\/www.yucatanencorto.com\\\/noticias\\\/impulsan-programas-y-acciones-para-el-desarrollo-justo-e-igualitario-de-las-y-los-ciudadanos\\\/#primaryimage\"},\"thumbnailUrl\":\"https:\\\/\\\/www.yucatanencorto.com\\\/noticias\\\/wp-content\\\/uploads\\\/2023\\\/11\\\/IMG-20231130-WA0041-scaled.jpg\",\"articleSection\":[\"Yucat\u00e1n\"],\"inLanguage\":\"es\"},{\"@type\":\"WebPage\",\"@id\":\"https:\\\/\\\/www.yucatanencorto.com\\\/noticias\\\/impulsan-programas-y-acciones-para-el-desarrollo-justo-e-igualitario-de-las-y-los-ciudadanos\\\/\",\"url\":\"https:\\\/\\\/www.yucatanencorto.com\\\/noticias\\\/impulsan-programas-y-acciones-para-el-desarrollo-justo-e-igualitario-de-las-y-los-ciudadanos\\\/\",\"name\":\"Impulsan programas y acciones para el desarrollo justo e igualitario de las y los ciudadanos - Yucat\u00e1n en corto\",\"isPartOf\":{\"@id\":\"https:\\\/\\\/www.yucatanencorto.com\\\/noticias\\\/#website\"},\"primaryImageOfPage\":{\"@id\":\"https:\\\/\\\/www.yucatanencorto.com\\\/noticias\\\/impulsan-programas-y-acciones-para-el-desarrollo-justo-e-igualitario-de-las-y-los-ciudadanos\\\/#primaryimage\"},\"image\":{\"@id\":\"https:\\\/\\\/www.yucatanencorto.com\\\/noticias\\\/impulsan-programas-y-acciones-para-el-desarrollo-justo-e-igualitario-de-las-y-los-ciudadanos\\\/#primaryimage\"},\"thumbnailUrl\":\"https:\\\/\\\/www.yucatanencorto.com\\\/noticias\\\/wp-content\\\/uploads\\\/2023\\\/11\\\/IMG-20231130-WA0041-scaled.jpg\",\"datePublished\":\"2023-12-01T01:08:46+00:00\",\"author\":{\"@id\":\"https:\\\/\\\/www.yucatanencorto.com\\\/noticias\\\/#\\\/schema\\\/person\\\/e2fbdfaf30a07014a43940ce989f3119\"},\"breadcrumb\":{\"@id\":\"https:\\\/\\\/www.yucatanencorto.com\\\/noticias\\\/impulsan-programas-y-acciones-para-el-desarrollo-justo-e-igualitario-de-las-y-los-ciudadanos\\\/#breadcrumb\"},\"inLanguage\":\"es\",\"potentialAction\":[{\"@type\":\"ReadAction\",\"target\":[\"https:\\\/\\\/www.yucatanencorto.com\\\/noticias\\\/impulsan-programas-y-acciones-para-el-desarrollo-justo-e-igualitario-de-las-y-los-ciudadanos\\\/\"]}]},{\"@type\":\"ImageObject\",\"inLanguage\":\"es\",\"@id\":\"https:\\\/\\\/www.yucatanencorto.com\\\/noticias\\\/impulsan-programas-y-acciones-para-el-desarrollo-justo-e-igualitario-de-las-y-los-ciudadanos\\\/#primaryimage\",\"url\":\"https:\\\/\\\/www.yucatanencorto.com\\\/noticias\\\/wp-content\\\/uploads\\\/2023\\\/11\\\/IMG-20231130-WA0041-scaled.jpg\",\"contentUrl\":\"https:\\\/\\\/www.yucatanencorto.com\\\/noticias\\\/wp-content\\\/uploads\\\/2023\\\/11\\\/IMG-20231130-WA0041-scaled.jpg\",\"width\":768,\"height\":512},{\"@type\":\"BreadcrumbList\",\"@id\":\"https:\\\/\\\/www.yucatanencorto.com\\\/noticias\\\/impulsan-programas-y-acciones-para-el-desarrollo-justo-e-igualitario-de-las-y-los-ciudadanos\\\/#breadcrumb\",\"itemListElement\":[{\"@type\":\"ListItem\",\"position\":1,\"name\":\"Portada\",\"item\":\"https:\\\/\\\/www.yucatanencorto.com\\\/noticias\\\/\"},{\"@type\":\"ListItem\",\"position\":2,\"name\":\"Impulsan programas y acciones para el desarrollo justo e igualitario de las y los ciudadanos\"}]},{\"@type\":\"WebSite\",\"@id\":\"https:\\\/\\\/www.yucatanencorto.com\\\/noticias\\\/#website\",\"url\":\"https:\\\/\\\/www.yucatanencorto.com\\\/noticias\\\/\",\"name\":\"Yucat\u00e1n en corto\",\"description\":\"Noticias\",\"potentialAction\":[{\"@type\":\"SearchAction\",\"target\":{\"@type\":\"EntryPoint\",\"urlTemplate\":\"https:\\\/\\\/www.yucatanencorto.com\\\/noticias\\\/?s={search_term_string}\"},\"query-input\":{\"@type\":\"PropertyValueSpecification\",\"valueRequired\":true,\"valueName\":\"search_term_string\"}}],\"inLanguage\":\"es\"},{\"@type\":\"Person\",\"@id\":\"https:\\\/\\\/www.yucatanencorto.com\\\/noticias\\\/#\\\/schema\\\/person\\\/e2fbdfaf30a07014a43940ce989f3119\",\"name\":\"Redes\",\"image\":{\"@type\":\"ImageObject\",\"inLanguage\":\"es\",\"@id\":\"https:\\\/\\\/secure.gravatar.com\\\/avatar\\\/5931a2d21dd7cc834f44c8c34fe56d90ed6d536ef452cbf870c7485b524dddd7?s=96&d=mm&r=g\",\"url\":\"https:\\\/\\\/secure.gravatar.com\\\/avatar\\\/5931a2d21dd7cc834f44c8c34fe56d90ed6d536ef452cbf870c7485b524dddd7?s=96&d=mm&r=g\",\"contentUrl\":\"https:\\\/\\\/secure.gravatar.com\\\/avatar\\\/5931a2d21dd7cc834f44c8c34fe56d90ed6d536ef452cbf870c7485b524dddd7?s=96&d=mm&r=g\",\"caption\":\"Redes\"},\"url\":\"https:\\\/\\\/www.yucatanencorto.com\\\/noticias\\\/author\\\/redes\\\/\"}]}<\/script>\n<!-- \/ Yoast SEO plugin. -->","yoast_head_json":{"title":"Impulsan programas y acciones para el desarrollo justo e igualitario de las y los ciudadanos - Yucat\u00e1n en corto","robots":{"index":"index","follow":"follow","max-snippet":"max-snippet:-1","max-image-preview":"max-image-preview:large","max-video-preview":"max-video-preview:-1"},"canonical":"https:\/\/www.yucatanencorto.com\/noticias\/impulsan-programas-y-acciones-para-el-desarrollo-justo-e-igualitario-de-las-y-los-ciudadanos\/","og_locale":"es_ES","og_type":"article","og_title":"Impulsan programas y acciones para el desarrollo justo e igualitario de las y los ciudadanos - Yucat\u00e1n en corto","og_description":"M\u00e9rida, Yucat\u00e1n a 30 de noviembre de 2023.- El Ayuntamiento que encabeza Alejandro Ruz Castro promueve las condiciones para fortalecer la autonom\u00eda de las ni\u00f1as, adolescentes y mujeres del Municipio, impulsando programas y acciones que contribuyen a su desarrollo y crecimiento profesional, y el de toda su familia. En ese contexto, las y los integrantes [&hellip;]","og_url":"https:\/\/www.yucatanencorto.com\/noticias\/impulsan-programas-y-acciones-para-el-desarrollo-justo-e-igualitario-de-las-y-los-ciudadanos\/","og_site_name":"Yucat\u00e1n en corto","article_publisher":"http:\/\/www.facebook.com\/yucatanencorto","article_published_time":"2023-12-01T01:08:46+00:00","og_image":[{"width":768,"height":512,"url":"https:\/\/www.yucatanencorto.com\/noticias\/wp-content\/uploads\/2023\/11\/IMG-20231130-WA0041-scaled.jpg","type":"image\/jpeg"}],"author":"Redes","twitter_card":"summary_large_image","twitter_creator":"@yucatanencorto","twitter_site":"@yucatanencorto","twitter_misc":{"Escrito por":"Redes","Tiempo de lectura":"4 minutos"},"schema":{"@context":"https:\/\/schema.org","@graph":[{"@type":"Article","@id":"https:\/\/www.yucatanencorto.com\/noticias\/impulsan-programas-y-acciones-para-el-desarrollo-justo-e-igualitario-de-las-y-los-ciudadanos\/#article","isPartOf":{"@id":"https:\/\/www.yucatanencorto.com\/noticias\/impulsan-programas-y-acciones-para-el-desarrollo-justo-e-igualitario-de-las-y-los-ciudadanos\/"},"author":{"name":"Redes","@id":"https:\/\/www.yucatanencorto.com\/noticias\/#\/schema\/person\/e2fbdfaf30a07014a43940ce989f3119"},"headline":"Impulsan programas y acciones para el desarrollo justo e igualitario de las y los ciudadanos","datePublished":"2023-12-01T01:08:46+00:00","mainEntityOfPage":{"@id":"https:\/\/www.yucatanencorto.com\/noticias\/impulsan-programas-y-acciones-para-el-desarrollo-justo-e-igualitario-de-las-y-los-ciudadanos\/"},"wordCount":772,"image":{"@id":"https:\/\/www.yucatanencorto.com\/noticias\/impulsan-programas-y-acciones-para-el-desarrollo-justo-e-igualitario-de-las-y-los-ciudadanos\/#primaryimage"},"thumbnailUrl":"https:\/\/www.yucatanencorto.com\/noticias\/wp-content\/uploads\/2023\/11\/IMG-20231130-WA0041-scaled.jpg","articleSection":["Yucat\u00e1n"],"inLanguage":"es"},{"@type":"WebPage","@id":"https:\/\/www.yucatanencorto.com\/noticias\/impulsan-programas-y-acciones-para-el-desarrollo-justo-e-igualitario-de-las-y-los-ciudadanos\/","url":"https:\/\/www.yucatanencorto.com\/noticias\/impulsan-programas-y-acciones-para-el-desarrollo-justo-e-igualitario-de-las-y-los-ciudadanos\/","name":"Impulsan programas y acciones para el desarrollo justo e igualitario de las y los ciudadanos - Yucat\u00e1n en corto","isPartOf":{"@id":"https:\/\/www.yucatanencorto.com\/noticias\/#website"},"primaryImageOfPage":{"@id":"https:\/\/www.yucatanencorto.com\/noticias\/impulsan-programas-y-acciones-para-el-desarrollo-justo-e-igualitario-de-las-y-los-ciudadanos\/#primaryimage"},"image":{"@id":"https:\/\/www.yucatanencorto.com\/noticias\/impulsan-programas-y-acciones-para-el-desarrollo-justo-e-igualitario-de-las-y-los-ciudadanos\/#primaryimage"},"thumbnailUrl":"https:\/\/www.yucatanencorto.com\/noticias\/wp-content\/uploads\/2023\/11\/IMG-20231130-WA0041-scaled.jpg","datePublished":"2023-12-01T01:08:46+00:00","author":{"@id":"https:\/\/www.yucatanencorto.com\/noticias\/#\/schema\/person\/e2fbdfaf30a07014a43940ce989f3119"},"breadcrumb":{"@id":"https:\/\/www.yucatanencorto.com\/noticias\/impulsan-programas-y-acciones-para-el-desarrollo-justo-e-igualitario-de-las-y-los-ciudadanos\/#breadcrumb"},"inLanguage":"es","potentialAction":[{"@type":"ReadAction","target":["https:\/\/www.yucatanencorto.com\/noticias\/impulsan-programas-y-acciones-para-el-desarrollo-justo-e-igualitario-de-las-y-los-ciudadanos\/"]}]},{"@type":"ImageObject","inLanguage":"es","@id":"https:\/\/www.yucatanencorto.com\/noticias\/impulsan-programas-y-acciones-para-el-desarrollo-justo-e-igualitario-de-las-y-los-ciudadanos\/#primaryimage","url":"https:\/\/www.yucatanencorto.com\/noticias\/wp-content\/uploads\/2023\/11\/IMG-20231130-WA0041-scaled.jpg","contentUrl":"https:\/\/www.yucatanencorto.com\/noticias\/wp-content\/uploads\/2023\/11\/IMG-20231130-WA0041-scaled.jpg","width":768,"height":512},{"@type":"BreadcrumbList","@id":"https:\/\/www.yucatanencorto.com\/noticias\/impulsan-programas-y-acciones-para-el-desarrollo-justo-e-igualitario-de-las-y-los-ciudadanos\/#breadcrumb","itemListElement":[{"@type":"ListItem","position":1,"name":"Portada","item":"https:\/\/www.yucatanencorto.com\/noticias\/"},{"@type":"ListItem","position":2,"name":"Impulsan programas y acciones para el desarrollo justo e igualitario de las y los ciudadanos"}]},{"@type":"WebSite","@id":"https:\/\/www.yucatanencorto.com\/noticias\/#website","url":"https:\/\/www.yucatanencorto.com\/noticias\/","name":"Yucat\u00e1n en corto","description":"Noticias","potentialAction":[{"@type":"SearchAction","target":{"@type":"EntryPoint","urlTemplate":"https:\/\/www.yucatanencorto.com\/noticias\/?s={search_term_string}"},"query-input":{"@type":"PropertyValueSpecification","valueRequired":true,"valueName":"search_term_string"}}],"inLanguage":"es"},{"@type":"Person","@id":"https:\/\/www.yucatanencorto.com\/noticias\/#\/schema\/person\/e2fbdfaf30a07014a43940ce989f3119","name":"Redes","image":{"@type":"ImageObject","inLanguage":"es","@id":"https:\/\/secure.gravatar.com\/avatar\/5931a2d21dd7cc834f44c8c34fe56d90ed6d536ef452cbf870c7485b524dddd7?s=96&d=mm&r=g","url":"https:\/\/secure.gravatar.com\/avatar\/5931a2d21dd7cc834f44c8c34fe56d90ed6d536ef452cbf870c7485b524dddd7?s=96&d=mm&r=g","contentUrl":"https:\/\/secure.gravatar.com\/avatar\/5931a2d21dd7cc834f44c8c34fe56d90ed6d536ef452cbf870c7485b524dddd7?s=96&d=mm&r=g","caption":"Redes"},"url":"https:\/\/www.yucatanencorto.com\/noticias\/author\/redes\/"}]}},"_links":{"self":[{"href":"https:\/\/www.yucatanencorto.com\/noticias\/wp-json\/wp\/v2\/posts\/101156","targetHints":{"allow":["GET"]}}],"collection":[{"href":"https:\/\/www.yucatanencorto.com\/noticias\/wp-json\/wp\/v2\/posts"}],"about":[{"href":"https:\/\/www.yucatanencorto.com\/noticias\/wp-json\/wp\/v2\/types\/post"}],"author":[{"embeddable":true,"href":"https:\/\/www.yucatanencorto.com\/noticias\/wp-json\/wp\/v2\/users\/3"}],"replies":[{"embeddable":true,"href":"https:\/\/www.yucatanencorto.com\/noticias\/wp-json\/wp\/v2\/comments?post=101156"}],"version-history":[{"count":0,"href":"https:\/\/www.yucatanencorto.com\/noticias\/wp-json\/wp\/v2\/posts\/101156\/revisions"}],"wp:featuredmedia":[{"embeddable":true,"href":"https:\/\/www.yucatanencorto.com\/noticias\/wp-json\/wp\/v2\/media\/101157"}],"wp:attachment":[{"href":"https:\/\/www.yucatanencorto.com\/noticias\/wp-json\/wp\/v2\/media?parent=101156"}],"wp:term":[{"taxonomy":"category","embeddable":true,"href":"https:\/\/www.yucatanencorto.com\/noticias\/wp-json\/wp\/v2\/categories?post=101156"},{"taxonomy":"post_tag","embeddable":true,"href":"https:\/\/www.yucatanencorto.com\/noticias\/wp-json\/wp\/v2\/tags?post=101156"}],"curies":[{"name":"wp","href":"https:\/\/api.w.org\/{rel}","templated":true}]}}