{"id":101163,"date":"2023-12-01T16:54:46","date_gmt":"2023-12-01T22:54:46","guid":{"rendered":"https:\/\/www.yucatanencorto.com\/noticias\/?p=101163"},"modified":"2023-12-01T16:54:46","modified_gmt":"2023-12-01T22:54:46","slug":"voy-al-volante-conduzco-a-mi-futuro-llega-a-mas-de-12-mil-jovenes-de-25-instituciones-educativas","status":"publish","type":"post","link":"https:\/\/www.yucatanencorto.com\/noticias\/voy-al-volante-conduzco-a-mi-futuro-llega-a-mas-de-12-mil-jovenes-de-25-instituciones-educativas\/","title":{"rendered":"\u201cVoy al volante, conduzco a mi futuro\u201d, llega a m\u00e1s de 12 mil j\u00f3venes de 25 instituciones educativas"},"content":{"rendered":"<div dir=\"ltr\">\n<p><img loading=\"lazy\" decoding=\"async\" class=\"alignnone size-full wp-image-101164\" src=\"https:\/\/www.yucatanencorto.com\/noticias\/wp-content\/uploads\/2023\/12\/2023-12-01-at-4.02.43-PM-scaled.jpeg\" alt=\"\" width=\"768\" height=\"457\" srcset=\"https:\/\/www.yucatanencorto.com\/noticias\/wp-content\/uploads\/2023\/12\/2023-12-01-at-4.02.43-PM-scaled.jpeg 768w, https:\/\/www.yucatanencorto.com\/noticias\/wp-content\/uploads\/2023\/12\/2023-12-01-at-4.02.43-PM-696x414.jpeg 696w, https:\/\/www.yucatanencorto.com\/noticias\/wp-content\/uploads\/2023\/12\/2023-12-01-at-4.02.43-PM-1068x635.jpeg 1068w, https:\/\/www.yucatanencorto.com\/noticias\/wp-content\/uploads\/2023\/12\/2023-12-01-at-4.02.43-PM-706x420.jpeg 706w\" sizes=\"auto, (max-width: 768px) 100vw, 768px\" \/><\/p>\n<p>M\u00e9rida, Yucat\u00e1n 1 diciembre de 2023-. Ante 2,500 estudiantes y representantes de diversas escuelas del municipio, el Alcalde Alejandro Ruz Castro encabez\u00f3 la clausura del programa \u201cVoy al Volante, Conduzco a mi Futuro\u201d, que durante m\u00e1s de dos meses llev\u00f3 platicas y actividades de prevenci\u00f3n del consumo de drogas y de alcohol a 12 mil alumnas y alumnos de 25 universidades y preparatorias de M\u00e9rida.<\/p>\n<\/div>\n<div dir=\"ltr\">\n<p>Este programa, tambi\u00e9n sensibiliz\u00f3 a las y los j\u00f3venes sobre su responsabilidad al conducir, a fin de tomar decisiones que permitan salvar vidas.<\/p>\n<p>El Presidente Municipal destac\u00f3 que el consumo desmedido de drogas y alcohol son factores potenciales de accidentes viales, por lo que no vale la pena arriesgar la propia vida y la de los dem\u00e1s por conducir bajo el efecto del alcohol u otras sustancias t\u00f3xicas.<\/p>\n<p>\u201cSer joven tambi\u00e9n trae responsabilidades que se deben ir asumiendo, sobre todo, haciendo conciencia del compromiso con nuestras familias y con nosotros mismos al estar al frente de un volante\u201d, afirm\u00f3.<\/p>\n<p>Se\u00f1al\u00f3 que por este motivo el Ayuntamiento continuar\u00e1 acompa\u00f1ando a los j\u00f3venes en programas preventivos que los orienten para ser responsables con toda su comunidad.<\/p>\n<p>\u201cRespetar los se\u00f1alamientos de tr\u00e1nsito es responsabilidad tanto de peatones como de los conductores, ya que la seguridad vial en M\u00e9rida es tarea de todos\u201d, indic\u00f3.<\/p>\n<p>Asimismo, inform\u00f3 que de la mano del programa DARE, en 15 a\u00f1os de servicio en M\u00e9rida, se ha llegado a m\u00e1s de 365 mil estudiantes de educaci\u00f3n preescolar, primaria, secundaria y preparatoria, con pl\u00e1ticas preventivas en contra de las adicciones.<\/p>\n<p>Al respecto, el director de la Polic\u00eda Municipal, comandante Mario Arturo Romero Escalante record\u00f3 que \u201cVoy al Volante, Conduzco a mi Futuro\u201d, que inici\u00f3 el 7 de septiembre pasado y concluy\u00f3 el 30 de noviembre, se implement\u00f3 en M\u00e9rida con base en las experiencias del programa \u201cDe 0 a 100\u201d, producido por la empresa VIRTUS, que ha desarrollado estrategias de prevenci\u00f3n desde 2005, enfocadas principalmente a combatir el abuso del alcohol y las drogas.<\/p>\n<p>De igual forma, dio a conocer que \u201cVoy al Volante, Conduzco a mi Futuro\u201d, no s\u00f3lo incluy\u00f3 pl\u00e1ticas de prevenci\u00f3n sino tambi\u00e9n un simulador de realidad virtual que permiti\u00f3 a las y los j\u00f3venes experimentar lo que ser\u00eda conducir bajo los efectos del alcohol, experiencia que fue de gran utilidad para el programa, ya que dio origen a un diagn\u00f3stico que ser\u00e1 entregado a cada plantel educativo donde se realiz\u00f3 el programa, con el prop\u00f3sito de presentar una propuesta y un plan de trabajo personalizado para cada escuela.<\/p>\n<p>\u201cEste diagn\u00f3stico tambi\u00e9n se har\u00e1 llegar al programa estatal Juventudes Yucat\u00e1n para contribuir a las acciones preventivas del gobierno del Estado\u201d, agreg\u00f3.<\/p>\n<p>Entre las escuelas que participaron en \u201cVoy al Volante, Conduzco a mi Futuro\u201d, mencion\u00f3 a la Universidad Tecnol\u00f3gica Metropolitana (UTM), Universidad Polit\u00e9cnica de Yucat\u00e1n (UPY), y Tecnol\u00f3gico de M\u00e9rida campus norte y poniente; as\u00ed como, Cobay Chenk\u00fa, Preparatoria CTM y el CONALEP II, entre otras.<\/p>\n<p>Sobre la importancia de realizar acciones de prevenci\u00f3n contra el abuso del alcohol, inform\u00f3 que en 2022 se registraron m\u00e1s de 400 personas lesionadas y 19 fallecidas en siniestros viales ocurridos en el Anillo Perif\u00e9rico de M\u00e9rida.<\/p>\n<p>\u201cDe ese n\u00famero de v\u00edctimas, una gran parte fueron j\u00f3venes de entre 19 y 28 a\u00f1os y muchos hechos de tr\u00e1nsito fueron ocasionados por manejar bajo los efectos del alcohol\u201d, precis\u00f3.<\/p>\n<p>Agreg\u00f3 que en M\u00e9xico 13 mil 500 personas han perdido la vida y casi 36 mil han resultado lesionadas en hechos de tr\u00e1nsito hasta 2021.<\/p>\n<p>Por este motivo, Romero Escalante se comprometi\u00f3 a redoblar los esfuerzos de la Polic\u00eda Municipal para continuar trabajando a favor de la prevenci\u00f3n contra las adicciones en escuelas y en colonias del municipio, ya que una intervenci\u00f3n a tiempo puede salvar muchas vidas.<\/p>\n<p>En el evento realizado en el Poliforum Zamn\u00e1, tambi\u00e9n particip\u00f3 Luis Gerardo Corripio, director de VIRTUS, quien invit\u00f3 a las y los j\u00f3venes a no normalizar los hechos de tr\u00e1nsito y a ser responsables al conducir un veh\u00edculo, ya que \u00e9sta es la diferencia entre la vida y la muerte.<\/p>\n<p>En ese sentido, Jatniel Casanova Dur\u00e1n, estudiante del Tecnol\u00f3gico de M\u00e9rida campus Norte, agradeci\u00f3 al Alcalde por la realizaci\u00f3n de este programa, ya que permite a los j\u00f3venes crear conciencia sobre las consecuencias del abuso del alcohol y de las drogas, especialmente con relaci\u00f3n a los siniestros viales.<\/p>\n<p>\u201cEste programa puede salvar vidas, pues, aunque uno no tome, s\u00ed podemos llevarle el mensaje a nuestros amigos para que \u00e9stos no caigan en conductas peligrosas que les puedan costar la vida\u201d, expres\u00f3.<\/p>\n<p>David Ren\u00e9 Quintal Salazar, estudiante del CONALEP I, se\u00f1al\u00f3 que la experiencia virtual del programa le ayud\u00f3 a tomar conciencia sobre lo peligroso que puede ser mezclar el alcohol con el volante.<\/p>\n<p>\u201cOjal\u00e1 el Alcalde siga haciendo programas como \u00e9ste que nos ayudan a darnos cuenta que debemos ser m\u00e1s responsables con nuestras decisiones de vida y a no dejarnos llevar por los mensajes en los medios que propician el consumo de alcohol y\/o drogas\u201d, coment\u00f3.<\/p>\n<\/div>\n<div dir=\"ltr\">\n<p>El cierre del \u201cVoy al Volante, Conduzco a mi Futuro\u201d tambi\u00e9n cont\u00f3 con la presencia del escritor, activista y conferencista, Juan Sebasti\u00e1n Marroqu\u00edn Santos, quien habl\u00f3 sobre su experiencia de vida como hijo del narcotraficante Pablo Escobar Gaviria. Posteriormente, el conductor Facundo G\u00f3mez cerr\u00f3 la jornada con la segunda y \u00faltima conferencia del d\u00eda.<\/p>\n<\/div>\n<div dir=\"ltr\">\n<p>Acompa\u00f1aron al Alcalde su esposa y presidenta del DIF Municipal, Ver\u00f3nica Cetina Arjona; el Secretario Municipal, Julio Sauma Castillo y la Regidora Presidenta de la Comisi\u00f3n de Seguridad P\u00fablica y Tr\u00e1nsito, Celia Rivas Rodr\u00edguez; as\u00ed como directores municipales y regidores.<\/p>\n<\/div>\n","protected":false},"excerpt":{"rendered":"<p>M\u00e9rida, Yucat\u00e1n 1 diciembre de 2023-. Ante 2,500 estudiantes y representantes de diversas escuelas del municipio, el Alcalde Alejandro Ruz Castro encabez\u00f3 la clausura del programa \u201cVoy al Volante, Conduzco a mi Futuro\u201d, que durante m\u00e1s de dos meses llev\u00f3 platicas y actividades de prevenci\u00f3n del consumo de drogas y de alcohol a 12 mil [&hellip;]<\/p>\n","protected":false},"author":3,"featured_media":101164,"comment_status":"closed","ping_status":"closed","sticky":false,"template":"","format":"standard","meta":{"footnotes":""},"categories":[2],"tags":[],"class_list":{"0":"post-101163","1":"post","2":"type-post","3":"status-publish","4":"format-standard","5":"has-post-thumbnail","7":"category-merida"},"yoast_head":"<!-- This site is optimized with the Yoast SEO plugin v27.4 - https:\/\/yoast.com\/product\/yoast-seo-wordpress\/ -->\n<title>\u201cVoy al volante, conduzco a mi futuro\u201d, llega a m\u00e1s de 12 mil j\u00f3venes de 25 instituciones educativas - Yucat\u00e1n en corto<\/title>\n<meta name=\"robots\" content=\"index, follow, max-snippet:-1, max-image-preview:large, max-video-preview:-1\" \/>\n<link rel=\"canonical\" href=\"https:\/\/www.yucatanencorto.com\/noticias\/voy-al-volante-conduzco-a-mi-futuro-llega-a-mas-de-12-mil-jovenes-de-25-instituciones-educativas\/\" \/>\n<meta property=\"og:locale\" content=\"es_ES\" \/>\n<meta property=\"og:type\" content=\"article\" \/>\n<meta property=\"og:title\" content=\"\u201cVoy al volante, conduzco a mi futuro\u201d, llega a m\u00e1s de 12 mil j\u00f3venes de 25 instituciones educativas - Yucat\u00e1n en corto\" \/>\n<meta property=\"og:description\" content=\"M\u00e9rida, Yucat\u00e1n 1 diciembre de 2023-. Ante 2,500 estudiantes y representantes de diversas escuelas del municipio, el Alcalde Alejandro Ruz Castro encabez\u00f3 la clausura del programa \u201cVoy al Volante, Conduzco a mi Futuro\u201d, que durante m\u00e1s de dos meses llev\u00f3 platicas y actividades de prevenci\u00f3n del consumo de drogas y de alcohol a 12 mil [&hellip;]\" \/>\n<meta property=\"og:url\" content=\"https:\/\/www.yucatanencorto.com\/noticias\/voy-al-volante-conduzco-a-mi-futuro-llega-a-mas-de-12-mil-jovenes-de-25-instituciones-educativas\/\" \/>\n<meta property=\"og:site_name\" content=\"Yucat\u00e1n en corto\" \/>\n<meta property=\"article:publisher\" content=\"http:\/\/www.facebook.com\/yucatanencorto\" \/>\n<meta property=\"article:published_time\" content=\"2023-12-01T22:54:46+00:00\" \/>\n<meta property=\"og:image\" content=\"https:\/\/www.yucatanencorto.com\/noticias\/wp-content\/uploads\/2023\/12\/2023-12-01-at-4.02.43-PM-scaled.jpeg\" \/>\n\t<meta property=\"og:image:width\" content=\"768\" \/>\n\t<meta property=\"og:image:height\" content=\"457\" \/>\n\t<meta property=\"og:image:type\" content=\"image\/jpeg\" \/>\n<meta name=\"author\" content=\"Redes\" \/>\n<meta name=\"twitter:card\" content=\"summary_large_image\" \/>\n<meta name=\"twitter:creator\" content=\"@yucatanencorto\" \/>\n<meta name=\"twitter:site\" content=\"@yucatanencorto\" \/>\n<meta name=\"twitter:label1\" content=\"Escrito por\" \/>\n\t<meta name=\"twitter:data1\" content=\"Redes\" \/>\n\t<meta name=\"twitter:label2\" content=\"Tiempo de lectura\" \/>\n\t<meta name=\"twitter:data2\" content=\"5 minutos\" \/>\n<script type=\"application\/ld+json\" class=\"yoast-schema-graph\">{\"@context\":\"https:\\\/\\\/schema.org\",\"@graph\":[{\"@type\":\"Article\",\"@id\":\"https:\\\/\\\/www.yucatanencorto.com\\\/noticias\\\/voy-al-volante-conduzco-a-mi-futuro-llega-a-mas-de-12-mil-jovenes-de-25-instituciones-educativas\\\/#article\",\"isPartOf\":{\"@id\":\"https:\\\/\\\/www.yucatanencorto.com\\\/noticias\\\/voy-al-volante-conduzco-a-mi-futuro-llega-a-mas-de-12-mil-jovenes-de-25-instituciones-educativas\\\/\"},\"author\":{\"name\":\"Redes\",\"@id\":\"https:\\\/\\\/www.yucatanencorto.com\\\/noticias\\\/#\\\/schema\\\/person\\\/e2fbdfaf30a07014a43940ce989f3119\"},\"headline\":\"\u201cVoy al volante, conduzco a mi futuro\u201d, llega a m\u00e1s de 12 mil j\u00f3venes de 25 instituciones educativas\",\"datePublished\":\"2023-12-01T22:54:46+00:00\",\"mainEntityOfPage\":{\"@id\":\"https:\\\/\\\/www.yucatanencorto.com\\\/noticias\\\/voy-al-volante-conduzco-a-mi-futuro-llega-a-mas-de-12-mil-jovenes-de-25-instituciones-educativas\\\/\"},\"wordCount\":997,\"image\":{\"@id\":\"https:\\\/\\\/www.yucatanencorto.com\\\/noticias\\\/voy-al-volante-conduzco-a-mi-futuro-llega-a-mas-de-12-mil-jovenes-de-25-instituciones-educativas\\\/#primaryimage\"},\"thumbnailUrl\":\"https:\\\/\\\/www.yucatanencorto.com\\\/noticias\\\/wp-content\\\/uploads\\\/2023\\\/12\\\/2023-12-01-at-4.02.43-PM-scaled.jpeg\",\"articleSection\":[\"M\u00e9rida\"],\"inLanguage\":\"es\"},{\"@type\":\"WebPage\",\"@id\":\"https:\\\/\\\/www.yucatanencorto.com\\\/noticias\\\/voy-al-volante-conduzco-a-mi-futuro-llega-a-mas-de-12-mil-jovenes-de-25-instituciones-educativas\\\/\",\"url\":\"https:\\\/\\\/www.yucatanencorto.com\\\/noticias\\\/voy-al-volante-conduzco-a-mi-futuro-llega-a-mas-de-12-mil-jovenes-de-25-instituciones-educativas\\\/\",\"name\":\"\u201cVoy al volante, conduzco a mi futuro\u201d, llega a m\u00e1s de 12 mil j\u00f3venes de 25 instituciones educativas - Yucat\u00e1n en corto\",\"isPartOf\":{\"@id\":\"https:\\\/\\\/www.yucatanencorto.com\\\/noticias\\\/#website\"},\"primaryImageOfPage\":{\"@id\":\"https:\\\/\\\/www.yucatanencorto.com\\\/noticias\\\/voy-al-volante-conduzco-a-mi-futuro-llega-a-mas-de-12-mil-jovenes-de-25-instituciones-educativas\\\/#primaryimage\"},\"image\":{\"@id\":\"https:\\\/\\\/www.yucatanencorto.com\\\/noticias\\\/voy-al-volante-conduzco-a-mi-futuro-llega-a-mas-de-12-mil-jovenes-de-25-instituciones-educativas\\\/#primaryimage\"},\"thumbnailUrl\":\"https:\\\/\\\/www.yucatanencorto.com\\\/noticias\\\/wp-content\\\/uploads\\\/2023\\\/12\\\/2023-12-01-at-4.02.43-PM-scaled.jpeg\",\"datePublished\":\"2023-12-01T22:54:46+00:00\",\"author\":{\"@id\":\"https:\\\/\\\/www.yucatanencorto.com\\\/noticias\\\/#\\\/schema\\\/person\\\/e2fbdfaf30a07014a43940ce989f3119\"},\"breadcrumb\":{\"@id\":\"https:\\\/\\\/www.yucatanencorto.com\\\/noticias\\\/voy-al-volante-conduzco-a-mi-futuro-llega-a-mas-de-12-mil-jovenes-de-25-instituciones-educativas\\\/#breadcrumb\"},\"inLanguage\":\"es\",\"potentialAction\":[{\"@type\":\"ReadAction\",\"target\":[\"https:\\\/\\\/www.yucatanencorto.com\\\/noticias\\\/voy-al-volante-conduzco-a-mi-futuro-llega-a-mas-de-12-mil-jovenes-de-25-instituciones-educativas\\\/\"]}]},{\"@type\":\"ImageObject\",\"inLanguage\":\"es\",\"@id\":\"https:\\\/\\\/www.yucatanencorto.com\\\/noticias\\\/voy-al-volante-conduzco-a-mi-futuro-llega-a-mas-de-12-mil-jovenes-de-25-instituciones-educativas\\\/#primaryimage\",\"url\":\"https:\\\/\\\/www.yucatanencorto.com\\\/noticias\\\/wp-content\\\/uploads\\\/2023\\\/12\\\/2023-12-01-at-4.02.43-PM-scaled.jpeg\",\"contentUrl\":\"https:\\\/\\\/www.yucatanencorto.com\\\/noticias\\\/wp-content\\\/uploads\\\/2023\\\/12\\\/2023-12-01-at-4.02.43-PM-scaled.jpeg\",\"width\":768,\"height\":457},{\"@type\":\"BreadcrumbList\",\"@id\":\"https:\\\/\\\/www.yucatanencorto.com\\\/noticias\\\/voy-al-volante-conduzco-a-mi-futuro-llega-a-mas-de-12-mil-jovenes-de-25-instituciones-educativas\\\/#breadcrumb\",\"itemListElement\":[{\"@type\":\"ListItem\",\"position\":1,\"name\":\"Portada\",\"item\":\"https:\\\/\\\/www.yucatanencorto.com\\\/noticias\\\/\"},{\"@type\":\"ListItem\",\"position\":2,\"name\":\"\u201cVoy al volante, conduzco a mi futuro\u201d, llega a m\u00e1s de 12 mil j\u00f3venes de 25 instituciones educativas\"}]},{\"@type\":\"WebSite\",\"@id\":\"https:\\\/\\\/www.yucatanencorto.com\\\/noticias\\\/#website\",\"url\":\"https:\\\/\\\/www.yucatanencorto.com\\\/noticias\\\/\",\"name\":\"Yucat\u00e1n en corto\",\"description\":\"Noticias\",\"potentialAction\":[{\"@type\":\"SearchAction\",\"target\":{\"@type\":\"EntryPoint\",\"urlTemplate\":\"https:\\\/\\\/www.yucatanencorto.com\\\/noticias\\\/?s={search_term_string}\"},\"query-input\":{\"@type\":\"PropertyValueSpecification\",\"valueRequired\":true,\"valueName\":\"search_term_string\"}}],\"inLanguage\":\"es\"},{\"@type\":\"Person\",\"@id\":\"https:\\\/\\\/www.yucatanencorto.com\\\/noticias\\\/#\\\/schema\\\/person\\\/e2fbdfaf30a07014a43940ce989f3119\",\"name\":\"Redes\",\"image\":{\"@type\":\"ImageObject\",\"inLanguage\":\"es\",\"@id\":\"https:\\\/\\\/secure.gravatar.com\\\/avatar\\\/5931a2d21dd7cc834f44c8c34fe56d90ed6d536ef452cbf870c7485b524dddd7?s=96&d=mm&r=g\",\"url\":\"https:\\\/\\\/secure.gravatar.com\\\/avatar\\\/5931a2d21dd7cc834f44c8c34fe56d90ed6d536ef452cbf870c7485b524dddd7?s=96&d=mm&r=g\",\"contentUrl\":\"https:\\\/\\\/secure.gravatar.com\\\/avatar\\\/5931a2d21dd7cc834f44c8c34fe56d90ed6d536ef452cbf870c7485b524dddd7?s=96&d=mm&r=g\",\"caption\":\"Redes\"},\"url\":\"https:\\\/\\\/www.yucatanencorto.com\\\/noticias\\\/author\\\/redes\\\/\"}]}<\/script>\n<!-- \/ Yoast SEO plugin. -->","yoast_head_json":{"title":"\u201cVoy al volante, conduzco a mi futuro\u201d, llega a m\u00e1s de 12 mil j\u00f3venes de 25 instituciones educativas - Yucat\u00e1n en corto","robots":{"index":"index","follow":"follow","max-snippet":"max-snippet:-1","max-image-preview":"max-image-preview:large","max-video-preview":"max-video-preview:-1"},"canonical":"https:\/\/www.yucatanencorto.com\/noticias\/voy-al-volante-conduzco-a-mi-futuro-llega-a-mas-de-12-mil-jovenes-de-25-instituciones-educativas\/","og_locale":"es_ES","og_type":"article","og_title":"\u201cVoy al volante, conduzco a mi futuro\u201d, llega a m\u00e1s de 12 mil j\u00f3venes de 25 instituciones educativas - Yucat\u00e1n en corto","og_description":"M\u00e9rida, Yucat\u00e1n 1 diciembre de 2023-. Ante 2,500 estudiantes y representantes de diversas escuelas del municipio, el Alcalde Alejandro Ruz Castro encabez\u00f3 la clausura del programa \u201cVoy al Volante, Conduzco a mi Futuro\u201d, que durante m\u00e1s de dos meses llev\u00f3 platicas y actividades de prevenci\u00f3n del consumo de drogas y de alcohol a 12 mil [&hellip;]","og_url":"https:\/\/www.yucatanencorto.com\/noticias\/voy-al-volante-conduzco-a-mi-futuro-llega-a-mas-de-12-mil-jovenes-de-25-instituciones-educativas\/","og_site_name":"Yucat\u00e1n en corto","article_publisher":"http:\/\/www.facebook.com\/yucatanencorto","article_published_time":"2023-12-01T22:54:46+00:00","og_image":[{"width":768,"height":457,"url":"https:\/\/www.yucatanencorto.com\/noticias\/wp-content\/uploads\/2023\/12\/2023-12-01-at-4.02.43-PM-scaled.jpeg","type":"image\/jpeg"}],"author":"Redes","twitter_card":"summary_large_image","twitter_creator":"@yucatanencorto","twitter_site":"@yucatanencorto","twitter_misc":{"Escrito por":"Redes","Tiempo de lectura":"5 minutos"},"schema":{"@context":"https:\/\/schema.org","@graph":[{"@type":"Article","@id":"https:\/\/www.yucatanencorto.com\/noticias\/voy-al-volante-conduzco-a-mi-futuro-llega-a-mas-de-12-mil-jovenes-de-25-instituciones-educativas\/#article","isPartOf":{"@id":"https:\/\/www.yucatanencorto.com\/noticias\/voy-al-volante-conduzco-a-mi-futuro-llega-a-mas-de-12-mil-jovenes-de-25-instituciones-educativas\/"},"author":{"name":"Redes","@id":"https:\/\/www.yucatanencorto.com\/noticias\/#\/schema\/person\/e2fbdfaf30a07014a43940ce989f3119"},"headline":"\u201cVoy al volante, conduzco a mi futuro\u201d, llega a m\u00e1s de 12 mil j\u00f3venes de 25 instituciones educativas","datePublished":"2023-12-01T22:54:46+00:00","mainEntityOfPage":{"@id":"https:\/\/www.yucatanencorto.com\/noticias\/voy-al-volante-conduzco-a-mi-futuro-llega-a-mas-de-12-mil-jovenes-de-25-instituciones-educativas\/"},"wordCount":997,"image":{"@id":"https:\/\/www.yucatanencorto.com\/noticias\/voy-al-volante-conduzco-a-mi-futuro-llega-a-mas-de-12-mil-jovenes-de-25-instituciones-educativas\/#primaryimage"},"thumbnailUrl":"https:\/\/www.yucatanencorto.com\/noticias\/wp-content\/uploads\/2023\/12\/2023-12-01-at-4.02.43-PM-scaled.jpeg","articleSection":["M\u00e9rida"],"inLanguage":"es"},{"@type":"WebPage","@id":"https:\/\/www.yucatanencorto.com\/noticias\/voy-al-volante-conduzco-a-mi-futuro-llega-a-mas-de-12-mil-jovenes-de-25-instituciones-educativas\/","url":"https:\/\/www.yucatanencorto.com\/noticias\/voy-al-volante-conduzco-a-mi-futuro-llega-a-mas-de-12-mil-jovenes-de-25-instituciones-educativas\/","name":"\u201cVoy al volante, conduzco a mi futuro\u201d, llega a m\u00e1s de 12 mil j\u00f3venes de 25 instituciones educativas - Yucat\u00e1n en corto","isPartOf":{"@id":"https:\/\/www.yucatanencorto.com\/noticias\/#website"},"primaryImageOfPage":{"@id":"https:\/\/www.yucatanencorto.com\/noticias\/voy-al-volante-conduzco-a-mi-futuro-llega-a-mas-de-12-mil-jovenes-de-25-instituciones-educativas\/#primaryimage"},"image":{"@id":"https:\/\/www.yucatanencorto.com\/noticias\/voy-al-volante-conduzco-a-mi-futuro-llega-a-mas-de-12-mil-jovenes-de-25-instituciones-educativas\/#primaryimage"},"thumbnailUrl":"https:\/\/www.yucatanencorto.com\/noticias\/wp-content\/uploads\/2023\/12\/2023-12-01-at-4.02.43-PM-scaled.jpeg","datePublished":"2023-12-01T22:54:46+00:00","author":{"@id":"https:\/\/www.yucatanencorto.com\/noticias\/#\/schema\/person\/e2fbdfaf30a07014a43940ce989f3119"},"breadcrumb":{"@id":"https:\/\/www.yucatanencorto.com\/noticias\/voy-al-volante-conduzco-a-mi-futuro-llega-a-mas-de-12-mil-jovenes-de-25-instituciones-educativas\/#breadcrumb"},"inLanguage":"es","potentialAction":[{"@type":"ReadAction","target":["https:\/\/www.yucatanencorto.com\/noticias\/voy-al-volante-conduzco-a-mi-futuro-llega-a-mas-de-12-mil-jovenes-de-25-instituciones-educativas\/"]}]},{"@type":"ImageObject","inLanguage":"es","@id":"https:\/\/www.yucatanencorto.com\/noticias\/voy-al-volante-conduzco-a-mi-futuro-llega-a-mas-de-12-mil-jovenes-de-25-instituciones-educativas\/#primaryimage","url":"https:\/\/www.yucatanencorto.com\/noticias\/wp-content\/uploads\/2023\/12\/2023-12-01-at-4.02.43-PM-scaled.jpeg","contentUrl":"https:\/\/www.yucatanencorto.com\/noticias\/wp-content\/uploads\/2023\/12\/2023-12-01-at-4.02.43-PM-scaled.jpeg","width":768,"height":457},{"@type":"BreadcrumbList","@id":"https:\/\/www.yucatanencorto.com\/noticias\/voy-al-volante-conduzco-a-mi-futuro-llega-a-mas-de-12-mil-jovenes-de-25-instituciones-educativas\/#breadcrumb","itemListElement":[{"@type":"ListItem","position":1,"name":"Portada","item":"https:\/\/www.yucatanencorto.com\/noticias\/"},{"@type":"ListItem","position":2,"name":"\u201cVoy al volante, conduzco a mi futuro\u201d, llega a m\u00e1s de 12 mil j\u00f3venes de 25 instituciones educativas"}]},{"@type":"WebSite","@id":"https:\/\/www.yucatanencorto.com\/noticias\/#website","url":"https:\/\/www.yucatanencorto.com\/noticias\/","name":"Yucat\u00e1n en corto","description":"Noticias","potentialAction":[{"@type":"SearchAction","target":{"@type":"EntryPoint","urlTemplate":"https:\/\/www.yucatanencorto.com\/noticias\/?s={search_term_string}"},"query-input":{"@type":"PropertyValueSpecification","valueRequired":true,"valueName":"search_term_string"}}],"inLanguage":"es"},{"@type":"Person","@id":"https:\/\/www.yucatanencorto.com\/noticias\/#\/schema\/person\/e2fbdfaf30a07014a43940ce989f3119","name":"Redes","image":{"@type":"ImageObject","inLanguage":"es","@id":"https:\/\/secure.gravatar.com\/avatar\/5931a2d21dd7cc834f44c8c34fe56d90ed6d536ef452cbf870c7485b524dddd7?s=96&d=mm&r=g","url":"https:\/\/secure.gravatar.com\/avatar\/5931a2d21dd7cc834f44c8c34fe56d90ed6d536ef452cbf870c7485b524dddd7?s=96&d=mm&r=g","contentUrl":"https:\/\/secure.gravatar.com\/avatar\/5931a2d21dd7cc834f44c8c34fe56d90ed6d536ef452cbf870c7485b524dddd7?s=96&d=mm&r=g","caption":"Redes"},"url":"https:\/\/www.yucatanencorto.com\/noticias\/author\/redes\/"}]}},"_links":{"self":[{"href":"https:\/\/www.yucatanencorto.com\/noticias\/wp-json\/wp\/v2\/posts\/101163","targetHints":{"allow":["GET"]}}],"collection":[{"href":"https:\/\/www.yucatanencorto.com\/noticias\/wp-json\/wp\/v2\/posts"}],"about":[{"href":"https:\/\/www.yucatanencorto.com\/noticias\/wp-json\/wp\/v2\/types\/post"}],"author":[{"embeddable":true,"href":"https:\/\/www.yucatanencorto.com\/noticias\/wp-json\/wp\/v2\/users\/3"}],"replies":[{"embeddable":true,"href":"https:\/\/www.yucatanencorto.com\/noticias\/wp-json\/wp\/v2\/comments?post=101163"}],"version-history":[{"count":0,"href":"https:\/\/www.yucatanencorto.com\/noticias\/wp-json\/wp\/v2\/posts\/101163\/revisions"}],"wp:featuredmedia":[{"embeddable":true,"href":"https:\/\/www.yucatanencorto.com\/noticias\/wp-json\/wp\/v2\/media\/101164"}],"wp:attachment":[{"href":"https:\/\/www.yucatanencorto.com\/noticias\/wp-json\/wp\/v2\/media?parent=101163"}],"wp:term":[{"taxonomy":"category","embeddable":true,"href":"https:\/\/www.yucatanencorto.com\/noticias\/wp-json\/wp\/v2\/categories?post=101163"},{"taxonomy":"post_tag","embeddable":true,"href":"https:\/\/www.yucatanencorto.com\/noticias\/wp-json\/wp\/v2\/tags?post=101163"}],"curies":[{"name":"wp","href":"https:\/\/api.w.org\/{rel}","templated":true}]}}