{"id":101172,"date":"2023-12-01T19:58:07","date_gmt":"2023-12-02T01:58:07","guid":{"rendered":"https:\/\/www.yucatanencorto.com\/noticias\/?p=101172"},"modified":"2023-12-01T19:58:07","modified_gmt":"2023-12-02T01:58:07","slug":"debemos-escuchar-para-gobernar-renan-barrera","status":"publish","type":"post","link":"https:\/\/www.yucatanencorto.com\/noticias\/debemos-escuchar-para-gobernar-renan-barrera\/","title":{"rendered":"Debemos escuchar para gobernar: Ren\u00e1n Barrera\u00a0"},"content":{"rendered":"<p><img loading=\"lazy\" decoding=\"async\" class=\"alignnone size-full wp-image-101173\" src=\"https:\/\/www.yucatanencorto.com\/noticias\/wp-content\/uploads\/2023\/12\/IMG-20231201-WA0072-scaled.jpg\" alt=\"\" width=\"768\" height=\"513\" srcset=\"https:\/\/www.yucatanencorto.com\/noticias\/wp-content\/uploads\/2023\/12\/IMG-20231201-WA0072-scaled.jpg 768w, https:\/\/www.yucatanencorto.com\/noticias\/wp-content\/uploads\/2023\/12\/IMG-20231201-WA0072-696x465.jpg 696w, https:\/\/www.yucatanencorto.com\/noticias\/wp-content\/uploads\/2023\/12\/IMG-20231201-WA0072-1068x713.jpg 1068w, https:\/\/www.yucatanencorto.com\/noticias\/wp-content\/uploads\/2023\/12\/IMG-20231201-WA0072-629x420.jpg 629w\" sizes=\"auto, (max-width: 768px) 100vw, 768px\" \/><\/p>\n<p>M\u00e9rida, Yucat\u00e1n a 1 de diciembre de 2023.- Con la prioridad de conocer de voz de las y los yucatecos sus prioridades y necesidades, el coordinador del Equipo Yucat\u00e1n Ren\u00e1n Barrera recorre los municipios para sumar y elaborar una plataforma pol\u00edtica con acciones concretas para construir un estado con m\u00e1s oportunidades para las familias.<\/p>\n<p>En estos 27 d\u00edas de precampa\u00f1a, Barrera Concha ha recibido las muestras de afecto y respaldo de la militancia panista en los 26 municipios que ha recorrido donde ha privilegiado el di\u00e1logo y la participaci\u00f3n ciudadana como principales ejes para que en equipo se construya el futuro de Yucat\u00e1n.<\/p>\n<p>Con banderas ondeando del PAN y al grito de \u00a1Gobernador, gobernador! La militancia blanquiazul ha demostrado que Barrera Concha es el precandidato favorito y s\u00f3lido para conducir al estado a mantener los niveles de seguridad e impulsar m\u00e1s oportunidades tanto para las familias como para los sectores sociales, culturales y econ\u00f3micos de Yucat\u00e1n.<\/p>\n<p>\u201cDebemos escuchar para gobernar: porque en equipo es como se construyen los gobiernos y vamos a seguir creciendo de la mano de la gente\u201d, expres\u00f3.<\/p>\n<p>En los encuentros han asistido: trabajadores del campo, emprendedores, artesanos, j\u00f3venes, adultos mayores, pescadores, magisterio, entre otros sectores; en los que Barrera Concha ha exhortado a mantenerse en el lado correcto de la historia: \u201cYucat\u00e1n quiere dos cosas: defender nuestra seguridad y crecer parejo, \u00a1Que preservemos la paz y que lleguen m\u00e1s y mejores apoyos a todos los rincones del Estado!\u201d.<\/p>\n<p>En las convivencias por los municipios yucatecos, las y los militantes han arropado a Ren\u00e1n Barrera, compartiendo con \u00e9l la historia detr\u00e1s de cada emprendimiento, negocio familiar y parte de la gastronom\u00eda de cada municipio, por ejemplo: en Opich\u00e9n le convidaron pan de elote y queso napolitano; en Ticul comparti\u00f3 los salbutes de queso de bola; en el mercado municipal de Um\u00e1n le prepararon panuchos de huevo; adem\u00e1s las y los productores le obsequiaron miel, canastas de pan, artesan\u00edas, cosecha del campo, entre otros detalles.<\/p>\n<p>Los municipios recorridos hasta ahora son: Calotmul, Teabo, Motul, Chemax, M\u00e9rida, Conkal, Chochol\u00e1, Opich\u00e9n, Temoz\u00f3n, Hunucm\u00e1, Panab\u00e1, Tetiz, Kinchil, R\u00edo Lagartos, Um\u00e1n, Kopom\u00e1, Samahil, Chicxulub Pueblo, Man\u00ed, San Felipe, Temax, Maxcan\u00fa, Tekax, Oxkutzcab, Mayap\u00e1n y Sucil\u00e1.<\/p>\n","protected":false},"excerpt":{"rendered":"<p>M\u00e9rida, Yucat\u00e1n a 1 de diciembre de 2023.- Con la prioridad de conocer de voz de las y los yucatecos sus prioridades y necesidades, el coordinador del Equipo Yucat\u00e1n Ren\u00e1n Barrera recorre los municipios para sumar y elaborar una plataforma pol\u00edtica con acciones concretas para construir un estado con m\u00e1s oportunidades para las familias. En [&hellip;]<\/p>\n","protected":false},"author":3,"featured_media":101173,"comment_status":"closed","ping_status":"closed","sticky":false,"template":"","format":"standard","meta":{"footnotes":""},"categories":[2],"tags":[],"class_list":{"0":"post-101172","1":"post","2":"type-post","3":"status-publish","4":"format-standard","5":"has-post-thumbnail","7":"category-merida"},"yoast_head":"<!-- This site is optimized with the Yoast SEO plugin v27.5 - https:\/\/yoast.com\/product\/yoast-seo-wordpress\/ -->\n<title>Debemos escuchar para gobernar: Ren\u00e1n Barrera\u00a0 - Yucat\u00e1n en corto<\/title>\n<meta name=\"robots\" content=\"index, follow, max-snippet:-1, max-image-preview:large, max-video-preview:-1\" \/>\n<link rel=\"canonical\" href=\"https:\/\/www.yucatanencorto.com\/noticias\/debemos-escuchar-para-gobernar-renan-barrera\/\" \/>\n<meta property=\"og:locale\" content=\"es_ES\" \/>\n<meta property=\"og:type\" content=\"article\" \/>\n<meta property=\"og:title\" content=\"Debemos escuchar para gobernar: Ren\u00e1n Barrera\u00a0 - Yucat\u00e1n en corto\" \/>\n<meta property=\"og:description\" content=\"M\u00e9rida, Yucat\u00e1n a 1 de diciembre de 2023.- Con la prioridad de conocer de voz de las y los yucatecos sus prioridades y necesidades, el coordinador del Equipo Yucat\u00e1n Ren\u00e1n Barrera recorre los municipios para sumar y elaborar una plataforma pol\u00edtica con acciones concretas para construir un estado con m\u00e1s oportunidades para las familias. En [&hellip;]\" \/>\n<meta property=\"og:url\" content=\"https:\/\/www.yucatanencorto.com\/noticias\/debemos-escuchar-para-gobernar-renan-barrera\/\" \/>\n<meta property=\"og:site_name\" content=\"Yucat\u00e1n en corto\" \/>\n<meta property=\"article:publisher\" content=\"http:\/\/www.facebook.com\/yucatanencorto\" \/>\n<meta property=\"article:published_time\" content=\"2023-12-02T01:58:07+00:00\" \/>\n<meta property=\"og:image\" content=\"https:\/\/www.yucatanencorto.com\/noticias\/wp-content\/uploads\/2023\/12\/IMG-20231201-WA0072-scaled.jpg\" \/>\n\t<meta property=\"og:image:width\" content=\"768\" \/>\n\t<meta property=\"og:image:height\" content=\"513\" \/>\n\t<meta property=\"og:image:type\" content=\"image\/jpeg\" \/>\n<meta name=\"author\" content=\"Redes\" \/>\n<meta name=\"twitter:card\" content=\"summary_large_image\" \/>\n<meta name=\"twitter:creator\" content=\"@yucatanencorto\" \/>\n<meta name=\"twitter:site\" content=\"@yucatanencorto\" \/>\n<meta name=\"twitter:label1\" content=\"Escrito por\" \/>\n\t<meta name=\"twitter:data1\" content=\"Redes\" \/>\n\t<meta name=\"twitter:label2\" content=\"Tiempo de lectura\" \/>\n\t<meta name=\"twitter:data2\" content=\"2 minutos\" \/>\n<script type=\"application\/ld+json\" class=\"yoast-schema-graph\">{\"@context\":\"https:\\\/\\\/schema.org\",\"@graph\":[{\"@type\":\"Article\",\"@id\":\"https:\\\/\\\/www.yucatanencorto.com\\\/noticias\\\/debemos-escuchar-para-gobernar-renan-barrera\\\/#article\",\"isPartOf\":{\"@id\":\"https:\\\/\\\/www.yucatanencorto.com\\\/noticias\\\/debemos-escuchar-para-gobernar-renan-barrera\\\/\"},\"author\":{\"name\":\"Redes\",\"@id\":\"https:\\\/\\\/www.yucatanencorto.com\\\/noticias\\\/#\\\/schema\\\/person\\\/e2fbdfaf30a07014a43940ce989f3119\"},\"headline\":\"Debemos escuchar para gobernar: Ren\u00e1n Barrera\u00a0\",\"datePublished\":\"2023-12-02T01:58:07+00:00\",\"mainEntityOfPage\":{\"@id\":\"https:\\\/\\\/www.yucatanencorto.com\\\/noticias\\\/debemos-escuchar-para-gobernar-renan-barrera\\\/\"},\"wordCount\":398,\"image\":{\"@id\":\"https:\\\/\\\/www.yucatanencorto.com\\\/noticias\\\/debemos-escuchar-para-gobernar-renan-barrera\\\/#primaryimage\"},\"thumbnailUrl\":\"https:\\\/\\\/www.yucatanencorto.com\\\/noticias\\\/wp-content\\\/uploads\\\/2023\\\/12\\\/IMG-20231201-WA0072-scaled.jpg\",\"articleSection\":[\"M\u00e9rida\"],\"inLanguage\":\"es\"},{\"@type\":\"WebPage\",\"@id\":\"https:\\\/\\\/www.yucatanencorto.com\\\/noticias\\\/debemos-escuchar-para-gobernar-renan-barrera\\\/\",\"url\":\"https:\\\/\\\/www.yucatanencorto.com\\\/noticias\\\/debemos-escuchar-para-gobernar-renan-barrera\\\/\",\"name\":\"Debemos escuchar para gobernar: Ren\u00e1n Barrera\u00a0 - Yucat\u00e1n en corto\",\"isPartOf\":{\"@id\":\"https:\\\/\\\/www.yucatanencorto.com\\\/noticias\\\/#website\"},\"primaryImageOfPage\":{\"@id\":\"https:\\\/\\\/www.yucatanencorto.com\\\/noticias\\\/debemos-escuchar-para-gobernar-renan-barrera\\\/#primaryimage\"},\"image\":{\"@id\":\"https:\\\/\\\/www.yucatanencorto.com\\\/noticias\\\/debemos-escuchar-para-gobernar-renan-barrera\\\/#primaryimage\"},\"thumbnailUrl\":\"https:\\\/\\\/www.yucatanencorto.com\\\/noticias\\\/wp-content\\\/uploads\\\/2023\\\/12\\\/IMG-20231201-WA0072-scaled.jpg\",\"datePublished\":\"2023-12-02T01:58:07+00:00\",\"author\":{\"@id\":\"https:\\\/\\\/www.yucatanencorto.com\\\/noticias\\\/#\\\/schema\\\/person\\\/e2fbdfaf30a07014a43940ce989f3119\"},\"breadcrumb\":{\"@id\":\"https:\\\/\\\/www.yucatanencorto.com\\\/noticias\\\/debemos-escuchar-para-gobernar-renan-barrera\\\/#breadcrumb\"},\"inLanguage\":\"es\",\"potentialAction\":[{\"@type\":\"ReadAction\",\"target\":[\"https:\\\/\\\/www.yucatanencorto.com\\\/noticias\\\/debemos-escuchar-para-gobernar-renan-barrera\\\/\"]}]},{\"@type\":\"ImageObject\",\"inLanguage\":\"es\",\"@id\":\"https:\\\/\\\/www.yucatanencorto.com\\\/noticias\\\/debemos-escuchar-para-gobernar-renan-barrera\\\/#primaryimage\",\"url\":\"https:\\\/\\\/www.yucatanencorto.com\\\/noticias\\\/wp-content\\\/uploads\\\/2023\\\/12\\\/IMG-20231201-WA0072-scaled.jpg\",\"contentUrl\":\"https:\\\/\\\/www.yucatanencorto.com\\\/noticias\\\/wp-content\\\/uploads\\\/2023\\\/12\\\/IMG-20231201-WA0072-scaled.jpg\",\"width\":768,\"height\":513},{\"@type\":\"BreadcrumbList\",\"@id\":\"https:\\\/\\\/www.yucatanencorto.com\\\/noticias\\\/debemos-escuchar-para-gobernar-renan-barrera\\\/#breadcrumb\",\"itemListElement\":[{\"@type\":\"ListItem\",\"position\":1,\"name\":\"Portada\",\"item\":\"https:\\\/\\\/www.yucatanencorto.com\\\/noticias\\\/\"},{\"@type\":\"ListItem\",\"position\":2,\"name\":\"Debemos escuchar para gobernar: Ren\u00e1n Barrera\u00a0\"}]},{\"@type\":\"WebSite\",\"@id\":\"https:\\\/\\\/www.yucatanencorto.com\\\/noticias\\\/#website\",\"url\":\"https:\\\/\\\/www.yucatanencorto.com\\\/noticias\\\/\",\"name\":\"Yucat\u00e1n en corto\",\"description\":\"Noticias\",\"potentialAction\":[{\"@type\":\"SearchAction\",\"target\":{\"@type\":\"EntryPoint\",\"urlTemplate\":\"https:\\\/\\\/www.yucatanencorto.com\\\/noticias\\\/?s={search_term_string}\"},\"query-input\":{\"@type\":\"PropertyValueSpecification\",\"valueRequired\":true,\"valueName\":\"search_term_string\"}}],\"inLanguage\":\"es\"},{\"@type\":\"Person\",\"@id\":\"https:\\\/\\\/www.yucatanencorto.com\\\/noticias\\\/#\\\/schema\\\/person\\\/e2fbdfaf30a07014a43940ce989f3119\",\"name\":\"Redes\",\"image\":{\"@type\":\"ImageObject\",\"inLanguage\":\"es\",\"@id\":\"https:\\\/\\\/secure.gravatar.com\\\/avatar\\\/5931a2d21dd7cc834f44c8c34fe56d90ed6d536ef452cbf870c7485b524dddd7?s=96&d=mm&r=g\",\"url\":\"https:\\\/\\\/secure.gravatar.com\\\/avatar\\\/5931a2d21dd7cc834f44c8c34fe56d90ed6d536ef452cbf870c7485b524dddd7?s=96&d=mm&r=g\",\"contentUrl\":\"https:\\\/\\\/secure.gravatar.com\\\/avatar\\\/5931a2d21dd7cc834f44c8c34fe56d90ed6d536ef452cbf870c7485b524dddd7?s=96&d=mm&r=g\",\"caption\":\"Redes\"},\"url\":\"https:\\\/\\\/www.yucatanencorto.com\\\/noticias\\\/author\\\/redes\\\/\"}]}<\/script>\n<!-- \/ Yoast SEO plugin. -->","yoast_head_json":{"title":"Debemos escuchar para gobernar: Ren\u00e1n Barrera\u00a0 - Yucat\u00e1n en corto","robots":{"index":"index","follow":"follow","max-snippet":"max-snippet:-1","max-image-preview":"max-image-preview:large","max-video-preview":"max-video-preview:-1"},"canonical":"https:\/\/www.yucatanencorto.com\/noticias\/debemos-escuchar-para-gobernar-renan-barrera\/","og_locale":"es_ES","og_type":"article","og_title":"Debemos escuchar para gobernar: Ren\u00e1n Barrera\u00a0 - Yucat\u00e1n en corto","og_description":"M\u00e9rida, Yucat\u00e1n a 1 de diciembre de 2023.- Con la prioridad de conocer de voz de las y los yucatecos sus prioridades y necesidades, el coordinador del Equipo Yucat\u00e1n Ren\u00e1n Barrera recorre los municipios para sumar y elaborar una plataforma pol\u00edtica con acciones concretas para construir un estado con m\u00e1s oportunidades para las familias. En [&hellip;]","og_url":"https:\/\/www.yucatanencorto.com\/noticias\/debemos-escuchar-para-gobernar-renan-barrera\/","og_site_name":"Yucat\u00e1n en corto","article_publisher":"http:\/\/www.facebook.com\/yucatanencorto","article_published_time":"2023-12-02T01:58:07+00:00","og_image":[{"width":768,"height":513,"url":"https:\/\/www.yucatanencorto.com\/noticias\/wp-content\/uploads\/2023\/12\/IMG-20231201-WA0072-scaled.jpg","type":"image\/jpeg"}],"author":"Redes","twitter_card":"summary_large_image","twitter_creator":"@yucatanencorto","twitter_site":"@yucatanencorto","twitter_misc":{"Escrito por":"Redes","Tiempo de lectura":"2 minutos"},"schema":{"@context":"https:\/\/schema.org","@graph":[{"@type":"Article","@id":"https:\/\/www.yucatanencorto.com\/noticias\/debemos-escuchar-para-gobernar-renan-barrera\/#article","isPartOf":{"@id":"https:\/\/www.yucatanencorto.com\/noticias\/debemos-escuchar-para-gobernar-renan-barrera\/"},"author":{"name":"Redes","@id":"https:\/\/www.yucatanencorto.com\/noticias\/#\/schema\/person\/e2fbdfaf30a07014a43940ce989f3119"},"headline":"Debemos escuchar para gobernar: Ren\u00e1n Barrera\u00a0","datePublished":"2023-12-02T01:58:07+00:00","mainEntityOfPage":{"@id":"https:\/\/www.yucatanencorto.com\/noticias\/debemos-escuchar-para-gobernar-renan-barrera\/"},"wordCount":398,"image":{"@id":"https:\/\/www.yucatanencorto.com\/noticias\/debemos-escuchar-para-gobernar-renan-barrera\/#primaryimage"},"thumbnailUrl":"https:\/\/www.yucatanencorto.com\/noticias\/wp-content\/uploads\/2023\/12\/IMG-20231201-WA0072-scaled.jpg","articleSection":["M\u00e9rida"],"inLanguage":"es"},{"@type":"WebPage","@id":"https:\/\/www.yucatanencorto.com\/noticias\/debemos-escuchar-para-gobernar-renan-barrera\/","url":"https:\/\/www.yucatanencorto.com\/noticias\/debemos-escuchar-para-gobernar-renan-barrera\/","name":"Debemos escuchar para gobernar: Ren\u00e1n Barrera\u00a0 - Yucat\u00e1n en corto","isPartOf":{"@id":"https:\/\/www.yucatanencorto.com\/noticias\/#website"},"primaryImageOfPage":{"@id":"https:\/\/www.yucatanencorto.com\/noticias\/debemos-escuchar-para-gobernar-renan-barrera\/#primaryimage"},"image":{"@id":"https:\/\/www.yucatanencorto.com\/noticias\/debemos-escuchar-para-gobernar-renan-barrera\/#primaryimage"},"thumbnailUrl":"https:\/\/www.yucatanencorto.com\/noticias\/wp-content\/uploads\/2023\/12\/IMG-20231201-WA0072-scaled.jpg","datePublished":"2023-12-02T01:58:07+00:00","author":{"@id":"https:\/\/www.yucatanencorto.com\/noticias\/#\/schema\/person\/e2fbdfaf30a07014a43940ce989f3119"},"breadcrumb":{"@id":"https:\/\/www.yucatanencorto.com\/noticias\/debemos-escuchar-para-gobernar-renan-barrera\/#breadcrumb"},"inLanguage":"es","potentialAction":[{"@type":"ReadAction","target":["https:\/\/www.yucatanencorto.com\/noticias\/debemos-escuchar-para-gobernar-renan-barrera\/"]}]},{"@type":"ImageObject","inLanguage":"es","@id":"https:\/\/www.yucatanencorto.com\/noticias\/debemos-escuchar-para-gobernar-renan-barrera\/#primaryimage","url":"https:\/\/www.yucatanencorto.com\/noticias\/wp-content\/uploads\/2023\/12\/IMG-20231201-WA0072-scaled.jpg","contentUrl":"https:\/\/www.yucatanencorto.com\/noticias\/wp-content\/uploads\/2023\/12\/IMG-20231201-WA0072-scaled.jpg","width":768,"height":513},{"@type":"BreadcrumbList","@id":"https:\/\/www.yucatanencorto.com\/noticias\/debemos-escuchar-para-gobernar-renan-barrera\/#breadcrumb","itemListElement":[{"@type":"ListItem","position":1,"name":"Portada","item":"https:\/\/www.yucatanencorto.com\/noticias\/"},{"@type":"ListItem","position":2,"name":"Debemos escuchar para gobernar: Ren\u00e1n Barrera\u00a0"}]},{"@type":"WebSite","@id":"https:\/\/www.yucatanencorto.com\/noticias\/#website","url":"https:\/\/www.yucatanencorto.com\/noticias\/","name":"Yucat\u00e1n en corto","description":"Noticias","potentialAction":[{"@type":"SearchAction","target":{"@type":"EntryPoint","urlTemplate":"https:\/\/www.yucatanencorto.com\/noticias\/?s={search_term_string}"},"query-input":{"@type":"PropertyValueSpecification","valueRequired":true,"valueName":"search_term_string"}}],"inLanguage":"es"},{"@type":"Person","@id":"https:\/\/www.yucatanencorto.com\/noticias\/#\/schema\/person\/e2fbdfaf30a07014a43940ce989f3119","name":"Redes","image":{"@type":"ImageObject","inLanguage":"es","@id":"https:\/\/secure.gravatar.com\/avatar\/5931a2d21dd7cc834f44c8c34fe56d90ed6d536ef452cbf870c7485b524dddd7?s=96&d=mm&r=g","url":"https:\/\/secure.gravatar.com\/avatar\/5931a2d21dd7cc834f44c8c34fe56d90ed6d536ef452cbf870c7485b524dddd7?s=96&d=mm&r=g","contentUrl":"https:\/\/secure.gravatar.com\/avatar\/5931a2d21dd7cc834f44c8c34fe56d90ed6d536ef452cbf870c7485b524dddd7?s=96&d=mm&r=g","caption":"Redes"},"url":"https:\/\/www.yucatanencorto.com\/noticias\/author\/redes\/"}]}},"_links":{"self":[{"href":"https:\/\/www.yucatanencorto.com\/noticias\/wp-json\/wp\/v2\/posts\/101172","targetHints":{"allow":["GET"]}}],"collection":[{"href":"https:\/\/www.yucatanencorto.com\/noticias\/wp-json\/wp\/v2\/posts"}],"about":[{"href":"https:\/\/www.yucatanencorto.com\/noticias\/wp-json\/wp\/v2\/types\/post"}],"author":[{"embeddable":true,"href":"https:\/\/www.yucatanencorto.com\/noticias\/wp-json\/wp\/v2\/users\/3"}],"replies":[{"embeddable":true,"href":"https:\/\/www.yucatanencorto.com\/noticias\/wp-json\/wp\/v2\/comments?post=101172"}],"version-history":[{"count":0,"href":"https:\/\/www.yucatanencorto.com\/noticias\/wp-json\/wp\/v2\/posts\/101172\/revisions"}],"wp:featuredmedia":[{"embeddable":true,"href":"https:\/\/www.yucatanencorto.com\/noticias\/wp-json\/wp\/v2\/media\/101173"}],"wp:attachment":[{"href":"https:\/\/www.yucatanencorto.com\/noticias\/wp-json\/wp\/v2\/media?parent=101172"}],"wp:term":[{"taxonomy":"category","embeddable":true,"href":"https:\/\/www.yucatanencorto.com\/noticias\/wp-json\/wp\/v2\/categories?post=101172"},{"taxonomy":"post_tag","embeddable":true,"href":"https:\/\/www.yucatanencorto.com\/noticias\/wp-json\/wp\/v2\/tags?post=101172"}],"curies":[{"name":"wp","href":"https:\/\/api.w.org\/{rel}","templated":true}]}}