{"id":101175,"date":"2023-12-01T20:58:09","date_gmt":"2023-12-02T02:58:09","guid":{"rendered":"https:\/\/www.yucatanencorto.com\/noticias\/?p=101175"},"modified":"2023-12-01T20:58:09","modified_gmt":"2023-12-02T02:58:09","slug":"avanza-el-analisis-de-la-iniciativa-para-expedir-la-ley-de-la-agencia-de-transporte-del-estado","status":"publish","type":"post","link":"https:\/\/www.yucatanencorto.com\/noticias\/avanza-el-analisis-de-la-iniciativa-para-expedir-la-ley-de-la-agencia-de-transporte-del-estado\/","title":{"rendered":"Avanza el an\u00e1lisis de la iniciativa para expedir la Ley de la Agencia de Transporte del Estado  \u00a0"},"content":{"rendered":"<p><img loading=\"lazy\" decoding=\"async\" class=\"alignnone size-full wp-image-101176\" src=\"https:\/\/www.yucatanencorto.com\/noticias\/wp-content\/uploads\/2023\/12\/IMG-20231201-WA0073-scaled.jpg\" alt=\"\" width=\"768\" height=\"512\" srcset=\"https:\/\/www.yucatanencorto.com\/noticias\/wp-content\/uploads\/2023\/12\/IMG-20231201-WA0073-scaled.jpg 768w, https:\/\/www.yucatanencorto.com\/noticias\/wp-content\/uploads\/2023\/12\/IMG-20231201-WA0073-696x464.jpg 696w, https:\/\/www.yucatanencorto.com\/noticias\/wp-content\/uploads\/2023\/12\/IMG-20231201-WA0073-1068x712.jpg 1068w, https:\/\/www.yucatanencorto.com\/noticias\/wp-content\/uploads\/2023\/12\/IMG-20231201-WA0073-630x420.jpg 630w\" sizes=\"auto, (max-width: 768px) 100vw, 768px\" \/><\/p>\n<p>M\u00e9rida, Yucat\u00e1n a 1 de diciembre de 2023<\/p>\n<p>En sesi\u00f3n de la comisi\u00f3n de Puntos Constitucionales y Gobernaci\u00f3n durante la continuaci\u00f3n del an\u00e1lisis de la iniciativa presentada por el Ejecutivo Estatal sobre la expedici\u00f3n de la Ley de Agencia de Transporte y modificar la Ley de Movilidad y Seguridad Vial, el diputado V\u00edctor Hugo Lozano Poveda entreg\u00f3 una serie de observaciones que solicit\u00f3 se consideren al momento de elaborar el proyecto de dictamen con el fin de robustecer el ordenamiento normativo cuyos beneficios ser\u00e1n positivos para la sociedad.<\/p>\n<p>&nbsp;<\/p>\n<p>En ese sentido, el diputado Gaspar Quintal Parra tambi\u00e9n hizo entrega de diversas propuestas solicitando que se tomen en cuenta para anexar a la iniciativa.<\/p>\n<p>&nbsp;<\/p>\n<p>La diputada Carme Gonz\u00e1lez Mart\u00edn, presidenta de la comisi\u00f3n, instruy\u00f3 a la Secretar\u00eda General elaborar un proyecto de dictamen con las propuestas y observaciones entregadas cuidando la legalidad y la constitucionalidad, que se analizar\u00e1 en la siguiente sesi\u00f3n.<\/p>\n<p>&nbsp;<\/p>\n<p>Continuando con las actividades programadas para este viernes, por mayor\u00eda la comisi\u00f3n de Presupuesto, Patrimonio Estatal y Municipal aprob\u00f3 los proyectos de dictamen de las iniciativas enviadas por el Gobierno del Estado para modificar la Ley General de Hacienda, la Ley de Coordinaci\u00f3n Fiscal y C\u00f3digo Fiscal, as\u00ed como, expedir la Ley de Ingresos y Presupuesto de Egresos para el Ejercicio Fiscal 2024.<\/p>\n<p>&nbsp;<\/p>\n<p>Solicitaron a la Secretar\u00eda General la elaboraci\u00f3n de los proyectos de dictamen de las iniciativas de 105 leyes de ingresos municipales; de las nuevas leyes de Hacienda de Chichimil\u00e1, Hocab\u00e1, Mococh\u00e1, Motul, Oxkutzcab, Sacalum, Temax, Tetiz y Valladolid.<\/p>\n<p>&nbsp;<\/p>\n<p>Tambi\u00e9n, los proyectos de dictamen de la iniciativa de Ley de Ingresos y las reformas a la Ley de Hacienda de M\u00e9rida.<\/p>\n<p>&nbsp;<\/p>\n<p>Posteriormente en reuni\u00f3n de trabajo, las y los diputados de la comisi\u00f3n de Presupuesto, Patrimonio Estatal y Municipal recibieron a funcionarios estatales para ampliar la informaci\u00f3n referente al Paquete Presupuestal correspondiente al Ejercicio Fiscal 2024, espec\u00edficamente a los ingresos y presupuesto.<\/p>\n<p>&nbsp;<\/p>\n<p>Como se inform\u00f3, cada funcionario tuvo hasta 10 minutos para exponer y posteriormente, se realiz\u00f3 por bloques la ronda de preguntas y respuestas. En esta ocasi\u00f3n se cont\u00f3 con la presencia del secretario de Administraci\u00f3n y Finanzas y del director general de la Agencia de Administraci\u00f3n Fiscal del Estado, Roberto Su\u00e1rez Coldwell y Juan Carlos Rosel Flores, respectivamente.<\/p>\n<p>&nbsp;<\/p>\n<p>En primera instancia, el secretario Roberto Su\u00e1rez Coldwell destac\u00f3 que el paquete presupuestal refleja las responsabilidades financieras en un contexto en el cual se tiene una menor cantidad de recursos federales.<\/p>\n<p>&nbsp;<\/p>\n<p>El funcionario estatal expres\u00f3 que se ha presentado un presupuesto balanceado sin afectaciones por nuevas contribuciones, pero si m\u00e1s austeridad en gastos administrativos y operativos para continuar haciendo m\u00e1s con menos. \u201cFortalecer la prioridad que vemos en este presupuesto de seguridad, educaci\u00f3n, acceso a los servicios de salud y asegurar que se cuente con los apoyos para los que m\u00e1s necesitan\u201d.<\/p>\n<p>&nbsp;<\/p>\n<p>Posteriormente, para abundar sobre los egresos, el director Juan Carlos Rosel Flores record\u00f3 que durante la actual gesti\u00f3n se ha trabajado en coordinaci\u00f3n con el Consejo Ciudadano Consultivo del Presupuesto para posteriormente plantear ante el Congreso lo acordado. \u201cEstamos convencidos que con las aportaciones de cada uno de ustedes y con las diferentes visiones, podemos seguir construyendo el Yucat\u00e1n que todos queremos para el futuro\u201d.<\/p>\n<p>&nbsp;<\/p>\n<p>Vigilancia de la Cuenta P\u00fablica, Transparencia y Anticorrupci\u00f3n<\/p>\n<p>&nbsp;<\/p>\n<p>En sesi\u00f3n de la comisi\u00f3n de Vigilancia de la Cuenta P\u00fablica, Transparencia y Anticorrupci\u00f3n, se aprob\u00f3 el proyecto de dictamen que determina que Rub\u00e9n Arjona Ortiz, propuesto al cargo de Auditor Superior del Estado cumple con los requisitos constitucionales y legales.<\/p>\n","protected":false},"excerpt":{"rendered":"<p>M\u00e9rida, Yucat\u00e1n a 1 de diciembre de 2023 En sesi\u00f3n de la comisi\u00f3n de Puntos Constitucionales y Gobernaci\u00f3n durante la continuaci\u00f3n del an\u00e1lisis de la iniciativa presentada por el Ejecutivo Estatal sobre la expedici\u00f3n de la Ley de Agencia de Transporte y modificar la Ley de Movilidad y Seguridad Vial, el diputado V\u00edctor Hugo Lozano [&hellip;]<\/p>\n","protected":false},"author":3,"featured_media":101176,"comment_status":"closed","ping_status":"closed","sticky":false,"template":"","format":"standard","meta":{"footnotes":""},"categories":[3],"tags":[],"class_list":{"0":"post-101175","1":"post","2":"type-post","3":"status-publish","4":"format-standard","5":"has-post-thumbnail","7":"category-yucatan"},"yoast_head":"<!-- This site is optimized with the Yoast SEO plugin v27.5 - https:\/\/yoast.com\/product\/yoast-seo-wordpress\/ -->\n<title>Avanza el an\u00e1lisis de la iniciativa para expedir la Ley de la Agencia de Transporte del Estado \u00a0 - Yucat\u00e1n en corto<\/title>\n<meta name=\"robots\" content=\"index, follow, max-snippet:-1, max-image-preview:large, max-video-preview:-1\" \/>\n<link rel=\"canonical\" href=\"https:\/\/www.yucatanencorto.com\/noticias\/avanza-el-analisis-de-la-iniciativa-para-expedir-la-ley-de-la-agencia-de-transporte-del-estado\/\" \/>\n<meta property=\"og:locale\" content=\"es_ES\" \/>\n<meta property=\"og:type\" content=\"article\" \/>\n<meta property=\"og:title\" content=\"Avanza el an\u00e1lisis de la iniciativa para expedir la Ley de la Agencia de Transporte del Estado \u00a0 - Yucat\u00e1n en corto\" \/>\n<meta property=\"og:description\" content=\"M\u00e9rida, Yucat\u00e1n a 1 de diciembre de 2023 En sesi\u00f3n de la comisi\u00f3n de Puntos Constitucionales y Gobernaci\u00f3n durante la continuaci\u00f3n del an\u00e1lisis de la iniciativa presentada por el Ejecutivo Estatal sobre la expedici\u00f3n de la Ley de Agencia de Transporte y modificar la Ley de Movilidad y Seguridad Vial, el diputado V\u00edctor Hugo Lozano [&hellip;]\" \/>\n<meta property=\"og:url\" content=\"https:\/\/www.yucatanencorto.com\/noticias\/avanza-el-analisis-de-la-iniciativa-para-expedir-la-ley-de-la-agencia-de-transporte-del-estado\/\" \/>\n<meta property=\"og:site_name\" content=\"Yucat\u00e1n en corto\" \/>\n<meta property=\"article:publisher\" content=\"http:\/\/www.facebook.com\/yucatanencorto\" \/>\n<meta property=\"article:published_time\" content=\"2023-12-02T02:58:09+00:00\" \/>\n<meta property=\"og:image\" content=\"https:\/\/www.yucatanencorto.com\/noticias\/wp-content\/uploads\/2023\/12\/IMG-20231201-WA0073-scaled.jpg\" \/>\n\t<meta property=\"og:image:width\" content=\"768\" \/>\n\t<meta property=\"og:image:height\" content=\"512\" \/>\n\t<meta property=\"og:image:type\" content=\"image\/jpeg\" \/>\n<meta name=\"author\" content=\"Redes\" \/>\n<meta name=\"twitter:card\" content=\"summary_large_image\" \/>\n<meta name=\"twitter:creator\" content=\"@yucatanencorto\" \/>\n<meta name=\"twitter:site\" content=\"@yucatanencorto\" \/>\n<meta name=\"twitter:label1\" content=\"Escrito por\" \/>\n\t<meta name=\"twitter:data1\" content=\"Redes\" \/>\n\t<meta name=\"twitter:label2\" content=\"Tiempo de lectura\" \/>\n\t<meta name=\"twitter:data2\" content=\"3 minutos\" \/>\n<script type=\"application\/ld+json\" class=\"yoast-schema-graph\">{\"@context\":\"https:\\\/\\\/schema.org\",\"@graph\":[{\"@type\":\"Article\",\"@id\":\"https:\\\/\\\/www.yucatanencorto.com\\\/noticias\\\/avanza-el-analisis-de-la-iniciativa-para-expedir-la-ley-de-la-agencia-de-transporte-del-estado\\\/#article\",\"isPartOf\":{\"@id\":\"https:\\\/\\\/www.yucatanencorto.com\\\/noticias\\\/avanza-el-analisis-de-la-iniciativa-para-expedir-la-ley-de-la-agencia-de-transporte-del-estado\\\/\"},\"author\":{\"name\":\"Redes\",\"@id\":\"https:\\\/\\\/www.yucatanencorto.com\\\/noticias\\\/#\\\/schema\\\/person\\\/e2fbdfaf30a07014a43940ce989f3119\"},\"headline\":\"Avanza el an\u00e1lisis de la iniciativa para expedir la Ley de la Agencia de Transporte del Estado \u00a0\",\"datePublished\":\"2023-12-02T02:58:09+00:00\",\"mainEntityOfPage\":{\"@id\":\"https:\\\/\\\/www.yucatanencorto.com\\\/noticias\\\/avanza-el-analisis-de-la-iniciativa-para-expedir-la-ley-de-la-agencia-de-transporte-del-estado\\\/\"},\"wordCount\":650,\"image\":{\"@id\":\"https:\\\/\\\/www.yucatanencorto.com\\\/noticias\\\/avanza-el-analisis-de-la-iniciativa-para-expedir-la-ley-de-la-agencia-de-transporte-del-estado\\\/#primaryimage\"},\"thumbnailUrl\":\"https:\\\/\\\/www.yucatanencorto.com\\\/noticias\\\/wp-content\\\/uploads\\\/2023\\\/12\\\/IMG-20231201-WA0073-scaled.jpg\",\"articleSection\":[\"Yucat\u00e1n\"],\"inLanguage\":\"es\"},{\"@type\":\"WebPage\",\"@id\":\"https:\\\/\\\/www.yucatanencorto.com\\\/noticias\\\/avanza-el-analisis-de-la-iniciativa-para-expedir-la-ley-de-la-agencia-de-transporte-del-estado\\\/\",\"url\":\"https:\\\/\\\/www.yucatanencorto.com\\\/noticias\\\/avanza-el-analisis-de-la-iniciativa-para-expedir-la-ley-de-la-agencia-de-transporte-del-estado\\\/\",\"name\":\"Avanza el an\u00e1lisis de la iniciativa para expedir la Ley de la Agencia de Transporte del Estado \u00a0 - Yucat\u00e1n en corto\",\"isPartOf\":{\"@id\":\"https:\\\/\\\/www.yucatanencorto.com\\\/noticias\\\/#website\"},\"primaryImageOfPage\":{\"@id\":\"https:\\\/\\\/www.yucatanencorto.com\\\/noticias\\\/avanza-el-analisis-de-la-iniciativa-para-expedir-la-ley-de-la-agencia-de-transporte-del-estado\\\/#primaryimage\"},\"image\":{\"@id\":\"https:\\\/\\\/www.yucatanencorto.com\\\/noticias\\\/avanza-el-analisis-de-la-iniciativa-para-expedir-la-ley-de-la-agencia-de-transporte-del-estado\\\/#primaryimage\"},\"thumbnailUrl\":\"https:\\\/\\\/www.yucatanencorto.com\\\/noticias\\\/wp-content\\\/uploads\\\/2023\\\/12\\\/IMG-20231201-WA0073-scaled.jpg\",\"datePublished\":\"2023-12-02T02:58:09+00:00\",\"author\":{\"@id\":\"https:\\\/\\\/www.yucatanencorto.com\\\/noticias\\\/#\\\/schema\\\/person\\\/e2fbdfaf30a07014a43940ce989f3119\"},\"breadcrumb\":{\"@id\":\"https:\\\/\\\/www.yucatanencorto.com\\\/noticias\\\/avanza-el-analisis-de-la-iniciativa-para-expedir-la-ley-de-la-agencia-de-transporte-del-estado\\\/#breadcrumb\"},\"inLanguage\":\"es\",\"potentialAction\":[{\"@type\":\"ReadAction\",\"target\":[\"https:\\\/\\\/www.yucatanencorto.com\\\/noticias\\\/avanza-el-analisis-de-la-iniciativa-para-expedir-la-ley-de-la-agencia-de-transporte-del-estado\\\/\"]}]},{\"@type\":\"ImageObject\",\"inLanguage\":\"es\",\"@id\":\"https:\\\/\\\/www.yucatanencorto.com\\\/noticias\\\/avanza-el-analisis-de-la-iniciativa-para-expedir-la-ley-de-la-agencia-de-transporte-del-estado\\\/#primaryimage\",\"url\":\"https:\\\/\\\/www.yucatanencorto.com\\\/noticias\\\/wp-content\\\/uploads\\\/2023\\\/12\\\/IMG-20231201-WA0073-scaled.jpg\",\"contentUrl\":\"https:\\\/\\\/www.yucatanencorto.com\\\/noticias\\\/wp-content\\\/uploads\\\/2023\\\/12\\\/IMG-20231201-WA0073-scaled.jpg\",\"width\":768,\"height\":512},{\"@type\":\"BreadcrumbList\",\"@id\":\"https:\\\/\\\/www.yucatanencorto.com\\\/noticias\\\/avanza-el-analisis-de-la-iniciativa-para-expedir-la-ley-de-la-agencia-de-transporte-del-estado\\\/#breadcrumb\",\"itemListElement\":[{\"@type\":\"ListItem\",\"position\":1,\"name\":\"Portada\",\"item\":\"https:\\\/\\\/www.yucatanencorto.com\\\/noticias\\\/\"},{\"@type\":\"ListItem\",\"position\":2,\"name\":\"Avanza el an\u00e1lisis de la iniciativa para expedir la Ley de la Agencia de Transporte del Estado \u00a0\"}]},{\"@type\":\"WebSite\",\"@id\":\"https:\\\/\\\/www.yucatanencorto.com\\\/noticias\\\/#website\",\"url\":\"https:\\\/\\\/www.yucatanencorto.com\\\/noticias\\\/\",\"name\":\"Yucat\u00e1n en corto\",\"description\":\"Noticias\",\"potentialAction\":[{\"@type\":\"SearchAction\",\"target\":{\"@type\":\"EntryPoint\",\"urlTemplate\":\"https:\\\/\\\/www.yucatanencorto.com\\\/noticias\\\/?s={search_term_string}\"},\"query-input\":{\"@type\":\"PropertyValueSpecification\",\"valueRequired\":true,\"valueName\":\"search_term_string\"}}],\"inLanguage\":\"es\"},{\"@type\":\"Person\",\"@id\":\"https:\\\/\\\/www.yucatanencorto.com\\\/noticias\\\/#\\\/schema\\\/person\\\/e2fbdfaf30a07014a43940ce989f3119\",\"name\":\"Redes\",\"image\":{\"@type\":\"ImageObject\",\"inLanguage\":\"es\",\"@id\":\"https:\\\/\\\/secure.gravatar.com\\\/avatar\\\/5931a2d21dd7cc834f44c8c34fe56d90ed6d536ef452cbf870c7485b524dddd7?s=96&d=mm&r=g\",\"url\":\"https:\\\/\\\/secure.gravatar.com\\\/avatar\\\/5931a2d21dd7cc834f44c8c34fe56d90ed6d536ef452cbf870c7485b524dddd7?s=96&d=mm&r=g\",\"contentUrl\":\"https:\\\/\\\/secure.gravatar.com\\\/avatar\\\/5931a2d21dd7cc834f44c8c34fe56d90ed6d536ef452cbf870c7485b524dddd7?s=96&d=mm&r=g\",\"caption\":\"Redes\"},\"url\":\"https:\\\/\\\/www.yucatanencorto.com\\\/noticias\\\/author\\\/redes\\\/\"}]}<\/script>\n<!-- \/ Yoast SEO plugin. -->","yoast_head_json":{"title":"Avanza el an\u00e1lisis de la iniciativa para expedir la Ley de la Agencia de Transporte del Estado \u00a0 - Yucat\u00e1n en corto","robots":{"index":"index","follow":"follow","max-snippet":"max-snippet:-1","max-image-preview":"max-image-preview:large","max-video-preview":"max-video-preview:-1"},"canonical":"https:\/\/www.yucatanencorto.com\/noticias\/avanza-el-analisis-de-la-iniciativa-para-expedir-la-ley-de-la-agencia-de-transporte-del-estado\/","og_locale":"es_ES","og_type":"article","og_title":"Avanza el an\u00e1lisis de la iniciativa para expedir la Ley de la Agencia de Transporte del Estado \u00a0 - Yucat\u00e1n en corto","og_description":"M\u00e9rida, Yucat\u00e1n a 1 de diciembre de 2023 En sesi\u00f3n de la comisi\u00f3n de Puntos Constitucionales y Gobernaci\u00f3n durante la continuaci\u00f3n del an\u00e1lisis de la iniciativa presentada por el Ejecutivo Estatal sobre la expedici\u00f3n de la Ley de Agencia de Transporte y modificar la Ley de Movilidad y Seguridad Vial, el diputado V\u00edctor Hugo Lozano [&hellip;]","og_url":"https:\/\/www.yucatanencorto.com\/noticias\/avanza-el-analisis-de-la-iniciativa-para-expedir-la-ley-de-la-agencia-de-transporte-del-estado\/","og_site_name":"Yucat\u00e1n en corto","article_publisher":"http:\/\/www.facebook.com\/yucatanencorto","article_published_time":"2023-12-02T02:58:09+00:00","og_image":[{"width":768,"height":512,"url":"https:\/\/www.yucatanencorto.com\/noticias\/wp-content\/uploads\/2023\/12\/IMG-20231201-WA0073-scaled.jpg","type":"image\/jpeg"}],"author":"Redes","twitter_card":"summary_large_image","twitter_creator":"@yucatanencorto","twitter_site":"@yucatanencorto","twitter_misc":{"Escrito por":"Redes","Tiempo de lectura":"3 minutos"},"schema":{"@context":"https:\/\/schema.org","@graph":[{"@type":"Article","@id":"https:\/\/www.yucatanencorto.com\/noticias\/avanza-el-analisis-de-la-iniciativa-para-expedir-la-ley-de-la-agencia-de-transporte-del-estado\/#article","isPartOf":{"@id":"https:\/\/www.yucatanencorto.com\/noticias\/avanza-el-analisis-de-la-iniciativa-para-expedir-la-ley-de-la-agencia-de-transporte-del-estado\/"},"author":{"name":"Redes","@id":"https:\/\/www.yucatanencorto.com\/noticias\/#\/schema\/person\/e2fbdfaf30a07014a43940ce989f3119"},"headline":"Avanza el an\u00e1lisis de la iniciativa para expedir la Ley de la Agencia de Transporte del Estado \u00a0","datePublished":"2023-12-02T02:58:09+00:00","mainEntityOfPage":{"@id":"https:\/\/www.yucatanencorto.com\/noticias\/avanza-el-analisis-de-la-iniciativa-para-expedir-la-ley-de-la-agencia-de-transporte-del-estado\/"},"wordCount":650,"image":{"@id":"https:\/\/www.yucatanencorto.com\/noticias\/avanza-el-analisis-de-la-iniciativa-para-expedir-la-ley-de-la-agencia-de-transporte-del-estado\/#primaryimage"},"thumbnailUrl":"https:\/\/www.yucatanencorto.com\/noticias\/wp-content\/uploads\/2023\/12\/IMG-20231201-WA0073-scaled.jpg","articleSection":["Yucat\u00e1n"],"inLanguage":"es"},{"@type":"WebPage","@id":"https:\/\/www.yucatanencorto.com\/noticias\/avanza-el-analisis-de-la-iniciativa-para-expedir-la-ley-de-la-agencia-de-transporte-del-estado\/","url":"https:\/\/www.yucatanencorto.com\/noticias\/avanza-el-analisis-de-la-iniciativa-para-expedir-la-ley-de-la-agencia-de-transporte-del-estado\/","name":"Avanza el an\u00e1lisis de la iniciativa para expedir la Ley de la Agencia de Transporte del Estado \u00a0 - Yucat\u00e1n en corto","isPartOf":{"@id":"https:\/\/www.yucatanencorto.com\/noticias\/#website"},"primaryImageOfPage":{"@id":"https:\/\/www.yucatanencorto.com\/noticias\/avanza-el-analisis-de-la-iniciativa-para-expedir-la-ley-de-la-agencia-de-transporte-del-estado\/#primaryimage"},"image":{"@id":"https:\/\/www.yucatanencorto.com\/noticias\/avanza-el-analisis-de-la-iniciativa-para-expedir-la-ley-de-la-agencia-de-transporte-del-estado\/#primaryimage"},"thumbnailUrl":"https:\/\/www.yucatanencorto.com\/noticias\/wp-content\/uploads\/2023\/12\/IMG-20231201-WA0073-scaled.jpg","datePublished":"2023-12-02T02:58:09+00:00","author":{"@id":"https:\/\/www.yucatanencorto.com\/noticias\/#\/schema\/person\/e2fbdfaf30a07014a43940ce989f3119"},"breadcrumb":{"@id":"https:\/\/www.yucatanencorto.com\/noticias\/avanza-el-analisis-de-la-iniciativa-para-expedir-la-ley-de-la-agencia-de-transporte-del-estado\/#breadcrumb"},"inLanguage":"es","potentialAction":[{"@type":"ReadAction","target":["https:\/\/www.yucatanencorto.com\/noticias\/avanza-el-analisis-de-la-iniciativa-para-expedir-la-ley-de-la-agencia-de-transporte-del-estado\/"]}]},{"@type":"ImageObject","inLanguage":"es","@id":"https:\/\/www.yucatanencorto.com\/noticias\/avanza-el-analisis-de-la-iniciativa-para-expedir-la-ley-de-la-agencia-de-transporte-del-estado\/#primaryimage","url":"https:\/\/www.yucatanencorto.com\/noticias\/wp-content\/uploads\/2023\/12\/IMG-20231201-WA0073-scaled.jpg","contentUrl":"https:\/\/www.yucatanencorto.com\/noticias\/wp-content\/uploads\/2023\/12\/IMG-20231201-WA0073-scaled.jpg","width":768,"height":512},{"@type":"BreadcrumbList","@id":"https:\/\/www.yucatanencorto.com\/noticias\/avanza-el-analisis-de-la-iniciativa-para-expedir-la-ley-de-la-agencia-de-transporte-del-estado\/#breadcrumb","itemListElement":[{"@type":"ListItem","position":1,"name":"Portada","item":"https:\/\/www.yucatanencorto.com\/noticias\/"},{"@type":"ListItem","position":2,"name":"Avanza el an\u00e1lisis de la iniciativa para expedir la Ley de la Agencia de Transporte del Estado \u00a0"}]},{"@type":"WebSite","@id":"https:\/\/www.yucatanencorto.com\/noticias\/#website","url":"https:\/\/www.yucatanencorto.com\/noticias\/","name":"Yucat\u00e1n en corto","description":"Noticias","potentialAction":[{"@type":"SearchAction","target":{"@type":"EntryPoint","urlTemplate":"https:\/\/www.yucatanencorto.com\/noticias\/?s={search_term_string}"},"query-input":{"@type":"PropertyValueSpecification","valueRequired":true,"valueName":"search_term_string"}}],"inLanguage":"es"},{"@type":"Person","@id":"https:\/\/www.yucatanencorto.com\/noticias\/#\/schema\/person\/e2fbdfaf30a07014a43940ce989f3119","name":"Redes","image":{"@type":"ImageObject","inLanguage":"es","@id":"https:\/\/secure.gravatar.com\/avatar\/5931a2d21dd7cc834f44c8c34fe56d90ed6d536ef452cbf870c7485b524dddd7?s=96&d=mm&r=g","url":"https:\/\/secure.gravatar.com\/avatar\/5931a2d21dd7cc834f44c8c34fe56d90ed6d536ef452cbf870c7485b524dddd7?s=96&d=mm&r=g","contentUrl":"https:\/\/secure.gravatar.com\/avatar\/5931a2d21dd7cc834f44c8c34fe56d90ed6d536ef452cbf870c7485b524dddd7?s=96&d=mm&r=g","caption":"Redes"},"url":"https:\/\/www.yucatanencorto.com\/noticias\/author\/redes\/"}]}},"_links":{"self":[{"href":"https:\/\/www.yucatanencorto.com\/noticias\/wp-json\/wp\/v2\/posts\/101175","targetHints":{"allow":["GET"]}}],"collection":[{"href":"https:\/\/www.yucatanencorto.com\/noticias\/wp-json\/wp\/v2\/posts"}],"about":[{"href":"https:\/\/www.yucatanencorto.com\/noticias\/wp-json\/wp\/v2\/types\/post"}],"author":[{"embeddable":true,"href":"https:\/\/www.yucatanencorto.com\/noticias\/wp-json\/wp\/v2\/users\/3"}],"replies":[{"embeddable":true,"href":"https:\/\/www.yucatanencorto.com\/noticias\/wp-json\/wp\/v2\/comments?post=101175"}],"version-history":[{"count":0,"href":"https:\/\/www.yucatanencorto.com\/noticias\/wp-json\/wp\/v2\/posts\/101175\/revisions"}],"wp:featuredmedia":[{"embeddable":true,"href":"https:\/\/www.yucatanencorto.com\/noticias\/wp-json\/wp\/v2\/media\/101176"}],"wp:attachment":[{"href":"https:\/\/www.yucatanencorto.com\/noticias\/wp-json\/wp\/v2\/media?parent=101175"}],"wp:term":[{"taxonomy":"category","embeddable":true,"href":"https:\/\/www.yucatanencorto.com\/noticias\/wp-json\/wp\/v2\/categories?post=101175"},{"taxonomy":"post_tag","embeddable":true,"href":"https:\/\/www.yucatanencorto.com\/noticias\/wp-json\/wp\/v2\/tags?post=101175"}],"curies":[{"name":"wp","href":"https:\/\/api.w.org\/{rel}","templated":true}]}}