{"id":101181,"date":"2023-12-01T21:50:09","date_gmt":"2023-12-02T03:50:09","guid":{"rendered":"https:\/\/www.yucatanencorto.com\/noticias\/?p=101181"},"modified":"2023-12-01T21:50:09","modified_gmt":"2023-12-02T03:50:09","slug":"encienden-el-arbol-del-remate-de-montejo","status":"publish","type":"post","link":"https:\/\/www.yucatanencorto.com\/noticias\/encienden-el-arbol-del-remate-de-montejo\/","title":{"rendered":"Encienden el \u00e1rbol del Remate de Montejo"},"content":{"rendered":"<p><img loading=\"lazy\" decoding=\"async\" class=\"alignnone size-full wp-image-101182\" src=\"https:\/\/www.yucatanencorto.com\/noticias\/wp-content\/uploads\/2023\/12\/IMG-20231201-WA0087-scaled.jpg\" alt=\"\" width=\"768\" height=\"512\" srcset=\"https:\/\/www.yucatanencorto.com\/noticias\/wp-content\/uploads\/2023\/12\/IMG-20231201-WA0087-scaled.jpg 768w, https:\/\/www.yucatanencorto.com\/noticias\/wp-content\/uploads\/2023\/12\/IMG-20231201-WA0087-696x464.jpg 696w, https:\/\/www.yucatanencorto.com\/noticias\/wp-content\/uploads\/2023\/12\/IMG-20231201-WA0087-1068x712.jpg 1068w, https:\/\/www.yucatanencorto.com\/noticias\/wp-content\/uploads\/2023\/12\/IMG-20231201-WA0087-630x420.jpg 630w\" sizes=\"auto, (max-width: 768px) 100vw, 768px\" \/><\/p>\n<p>M\u00e9rida. Yucat\u00e1n a 1 de diciembre de 2023.- Acompa\u00f1ado de ni\u00f1as, ni\u00f1os, familias y visitantes, el Alcalde Alejandro Ruz Castro encendi\u00f3 las luces del \u00e1rbol navide\u00f1o en el Remate del Paseo Montejo y con ello tambi\u00e9n dio oficialmente la bienvenida a las festividades decembrinas \u201cFiestas M\u00e1gicas\u201d, que a partir de esta noche inunda la capital yucateca.<\/p>\n<p>Junto con su esposa Ver\u00f3nica Cetina Arjona, presidenta del DIF Municipal y su hija Mariana Ruz Cetina, el Presidente Municipal encabez\u00f3 este importante evento que comenz\u00f3 despu\u00e9s de las 19:00 horas, ante el asombro, las sonrisas y los gritos de j\u00fabilo de miles de asistentes quienes se reunieron en el lugar y aplaudieron con gran emoci\u00f3n y alegr\u00eda el momento en que se activ\u00f3 la iluminaci\u00f3n y decoraci\u00f3n navide\u00f1a de la ciudad.<\/p>\n<p>En su mensaje, Ruz Castro record\u00f3 que las fechas decembrinas son d\u00edas para reflexionar sobre lo que de verdad importa en la vida, las personas, la familia y los amigos, as\u00ed como para reencontrarse como familia y valorar a nuestros seres queridos.<\/p>\n<p>\u201cEste \u00e1rbol de navidad representa las esperanzas de miles de meridanos y meridanas que se suman a los buenos deseos por seguir siendo una ciudad humana y solidaria\u201d, dijo.<\/p>\n<p>Coment\u00f3 que al igual que cada a\u00f1o, M\u00e9rida se viste de luces multicolores para representar la esperanza de miles de meridanos que desean continuar viviendo en una ciudad humana y solidaria donde la paz y la armon\u00eda sea la base de una buena sociedad.<\/p>\n<p>Es por ello que agradeci\u00f3 y reconoci\u00f3 la labor de la labor de los m\u00e1s de 120 colaboradores del municipio quienes pusieron todo su empe\u00f1o para la decoraci\u00f3n de parques, calles, glorietas, avenidas y los arbolitos navide\u00f1os que hacen lucir radiante a M\u00e9rida en esta \u00e9poca del a\u00f1o.<\/p>\n<p>\u201cLa ciudad luce esplendida con m\u00e1s de 1,000 adornos de diversos estilos, formas y colores y sus 3 \u00e1rboles navide\u00f1os monumentales en el remate de Montejo, Juan Pablo II y Fraccionamiento del Parque y otros 30 espacios p\u00fablicos adornados entre ellos 18 glorietas y 12 parques\u201d, coment\u00f3<\/p>\n<p>El Alcalde record\u00f3 que adem\u00e1s de los espacios p\u00fablicos, las familias meridanas y los visitantes podr\u00e1n disfrutar de las caravanas navide\u00f1as que estar\u00e1n recorriendo 15 rutas de la ciudad as\u00ed como los shows que se estar\u00e1n presentando en distintos parques del Municipio.<\/p>\n<p>Record\u00f3 que a partir del 9 y hasta el 23 de diciembre se podr\u00e1 disfrutar de desfile de las caravanas navide\u00f1as y de los carros aleg\u00f3ricos donde estar\u00e1n santa claus, mam\u00e1 claus, duendes, galletas de jengibre, quienes estar\u00e1n acompa\u00f1ados de 16 bailarines y 16 bastoneras con banderas.<\/p>\n<p>Al t\u00e9rmino de cada recorrido, en el parque de la zona, se brindar\u00e1 un espect\u00e1culo de comedia regional para el disfrute de las familias de M\u00e9rida y visitantes.<\/p>\n<p>Aunado a lo anterior, en el parque de la colonia M\u00e9xico se contar\u00e1 con una amplia cartelera art\u00edstico musical con la presencia y participaci\u00f3n de Toy Factory, titeradas, orquesta infantil de M\u00e9rida, coro acad\u00e9mico universitario de la UADY, entre otros.<\/p>\n<p>La decoraci\u00f3n de las 18 glorietas estuvo a cargo de empresas socialmente responsables quienes este a\u00f1o tambi\u00e9n se sumaron a la decoraci\u00f3n navide\u00f1a.<\/p>\n<p>Asimismo, por primera vez se incluy\u00f3 la decoraci\u00f3n navide\u00f1a en el parque de la Colonia M\u00e9xico y se coloc\u00f3 ornamentaci\u00f3n especial con pasacalles en el corredor gastron\u00f3mico y tur\u00edstico de la calle 47, Plaza Grande, calle 60, calle 47 y paseo de Montejo.<\/p>\n<p>Tambi\u00e9n, se coloc\u00f3 iluminaci\u00f3n y adornos de la \u00e9poca en los parques Santa Luc\u00eda, Santiago, Mejorada, Las Am\u00e9ricas, Alem\u00e1n, Salvador Alvarado Cordemex y la avenida Paseo de Montejo; igualmente en las glorietas de la X\u00b4tabay, Tabenth\u00e1, Flamboyanes, Cumbres, Kalia, Cocoyoles\/Algarrobos, las Palmas y Caucel.<\/p>\n<p>Los recorridos de las caravanas navide\u00f1as, as\u00ed como las sedes de los eventos y el calendario completo de las actividades se podr\u00e1n consultar en el sitio web www.merida.gob.mx<\/p>\n<p>Finalmente, en el evento tambi\u00e9n estuvieron, Julio Sauma Castillo, secretario municipal; Diana canto Moreno, s\u00edndico municipal; las y los regidores, Pamela Coello Mena, Alice Patr\u00f3n Correa, Ram\u00f3n May Euan, Ra\u00fal Escalante Aguilar y Kareny Valle Ricalde; los directores de Cultura y Servicios P\u00fablicos Municipales, Irving Berl\u00edn Villafa\u00f1a y Jos\u00e9 Collado Soberanis, respectivamente.<\/p>\n","protected":false},"excerpt":{"rendered":"<p>M\u00e9rida. Yucat\u00e1n a 1 de diciembre de 2023.- Acompa\u00f1ado de ni\u00f1as, ni\u00f1os, familias y visitantes, el Alcalde Alejandro Ruz Castro encendi\u00f3 las luces del \u00e1rbol navide\u00f1o en el Remate del Paseo Montejo y con ello tambi\u00e9n dio oficialmente la bienvenida a las festividades decembrinas \u201cFiestas M\u00e1gicas\u201d, que a partir de esta noche inunda la capital [&hellip;]<\/p>\n","protected":false},"author":3,"featured_media":101182,"comment_status":"closed","ping_status":"closed","sticky":false,"template":"","format":"standard","meta":{"footnotes":""},"categories":[2,4],"tags":[],"class_list":{"0":"post-101181","1":"post","2":"type-post","3":"status-publish","4":"format-standard","5":"has-post-thumbnail","7":"category-merida","8":"category-mexico"},"yoast_head":"<!-- This site is optimized with the Yoast SEO plugin v27.5 - https:\/\/yoast.com\/product\/yoast-seo-wordpress\/ -->\n<title>Encienden el \u00e1rbol del Remate de Montejo - Yucat\u00e1n en corto<\/title>\n<meta name=\"robots\" content=\"index, follow, max-snippet:-1, max-image-preview:large, max-video-preview:-1\" \/>\n<link rel=\"canonical\" href=\"https:\/\/www.yucatanencorto.com\/noticias\/encienden-el-arbol-del-remate-de-montejo\/\" \/>\n<meta property=\"og:locale\" content=\"es_ES\" \/>\n<meta property=\"og:type\" content=\"article\" \/>\n<meta property=\"og:title\" content=\"Encienden el \u00e1rbol del Remate de Montejo - Yucat\u00e1n en corto\" \/>\n<meta property=\"og:description\" content=\"M\u00e9rida. Yucat\u00e1n a 1 de diciembre de 2023.- Acompa\u00f1ado de ni\u00f1as, ni\u00f1os, familias y visitantes, el Alcalde Alejandro Ruz Castro encendi\u00f3 las luces del \u00e1rbol navide\u00f1o en el Remate del Paseo Montejo y con ello tambi\u00e9n dio oficialmente la bienvenida a las festividades decembrinas \u201cFiestas M\u00e1gicas\u201d, que a partir de esta noche inunda la capital [&hellip;]\" \/>\n<meta property=\"og:url\" content=\"https:\/\/www.yucatanencorto.com\/noticias\/encienden-el-arbol-del-remate-de-montejo\/\" \/>\n<meta property=\"og:site_name\" content=\"Yucat\u00e1n en corto\" \/>\n<meta property=\"article:publisher\" content=\"http:\/\/www.facebook.com\/yucatanencorto\" \/>\n<meta property=\"article:published_time\" content=\"2023-12-02T03:50:09+00:00\" \/>\n<meta property=\"og:image\" content=\"https:\/\/www.yucatanencorto.com\/noticias\/wp-content\/uploads\/2023\/12\/IMG-20231201-WA0087-scaled.jpg\" \/>\n\t<meta property=\"og:image:width\" content=\"768\" \/>\n\t<meta property=\"og:image:height\" content=\"512\" \/>\n\t<meta property=\"og:image:type\" content=\"image\/jpeg\" \/>\n<meta name=\"author\" content=\"Redes\" \/>\n<meta name=\"twitter:card\" content=\"summary_large_image\" \/>\n<meta name=\"twitter:creator\" content=\"@yucatanencorto\" \/>\n<meta name=\"twitter:site\" content=\"@yucatanencorto\" \/>\n<meta name=\"twitter:label1\" content=\"Escrito por\" \/>\n\t<meta name=\"twitter:data1\" content=\"Redes\" \/>\n\t<meta name=\"twitter:label2\" content=\"Tiempo de lectura\" \/>\n\t<meta name=\"twitter:data2\" content=\"4 minutos\" \/>\n<script type=\"application\/ld+json\" class=\"yoast-schema-graph\">{\"@context\":\"https:\\\/\\\/schema.org\",\"@graph\":[{\"@type\":\"Article\",\"@id\":\"https:\\\/\\\/www.yucatanencorto.com\\\/noticias\\\/encienden-el-arbol-del-remate-de-montejo\\\/#article\",\"isPartOf\":{\"@id\":\"https:\\\/\\\/www.yucatanencorto.com\\\/noticias\\\/encienden-el-arbol-del-remate-de-montejo\\\/\"},\"author\":{\"name\":\"Redes\",\"@id\":\"https:\\\/\\\/www.yucatanencorto.com\\\/noticias\\\/#\\\/schema\\\/person\\\/e2fbdfaf30a07014a43940ce989f3119\"},\"headline\":\"Encienden el \u00e1rbol del Remate de Montejo\",\"datePublished\":\"2023-12-02T03:50:09+00:00\",\"mainEntityOfPage\":{\"@id\":\"https:\\\/\\\/www.yucatanencorto.com\\\/noticias\\\/encienden-el-arbol-del-remate-de-montejo\\\/\"},\"wordCount\":754,\"image\":{\"@id\":\"https:\\\/\\\/www.yucatanencorto.com\\\/noticias\\\/encienden-el-arbol-del-remate-de-montejo\\\/#primaryimage\"},\"thumbnailUrl\":\"https:\\\/\\\/www.yucatanencorto.com\\\/noticias\\\/wp-content\\\/uploads\\\/2023\\\/12\\\/IMG-20231201-WA0087-scaled.jpg\",\"articleSection\":[\"M\u00e9rida\",\"M\u00e9xico\"],\"inLanguage\":\"es\"},{\"@type\":\"WebPage\",\"@id\":\"https:\\\/\\\/www.yucatanencorto.com\\\/noticias\\\/encienden-el-arbol-del-remate-de-montejo\\\/\",\"url\":\"https:\\\/\\\/www.yucatanencorto.com\\\/noticias\\\/encienden-el-arbol-del-remate-de-montejo\\\/\",\"name\":\"Encienden el \u00e1rbol del Remate de Montejo - Yucat\u00e1n en corto\",\"isPartOf\":{\"@id\":\"https:\\\/\\\/www.yucatanencorto.com\\\/noticias\\\/#website\"},\"primaryImageOfPage\":{\"@id\":\"https:\\\/\\\/www.yucatanencorto.com\\\/noticias\\\/encienden-el-arbol-del-remate-de-montejo\\\/#primaryimage\"},\"image\":{\"@id\":\"https:\\\/\\\/www.yucatanencorto.com\\\/noticias\\\/encienden-el-arbol-del-remate-de-montejo\\\/#primaryimage\"},\"thumbnailUrl\":\"https:\\\/\\\/www.yucatanencorto.com\\\/noticias\\\/wp-content\\\/uploads\\\/2023\\\/12\\\/IMG-20231201-WA0087-scaled.jpg\",\"datePublished\":\"2023-12-02T03:50:09+00:00\",\"author\":{\"@id\":\"https:\\\/\\\/www.yucatanencorto.com\\\/noticias\\\/#\\\/schema\\\/person\\\/e2fbdfaf30a07014a43940ce989f3119\"},\"breadcrumb\":{\"@id\":\"https:\\\/\\\/www.yucatanencorto.com\\\/noticias\\\/encienden-el-arbol-del-remate-de-montejo\\\/#breadcrumb\"},\"inLanguage\":\"es\",\"potentialAction\":[{\"@type\":\"ReadAction\",\"target\":[\"https:\\\/\\\/www.yucatanencorto.com\\\/noticias\\\/encienden-el-arbol-del-remate-de-montejo\\\/\"]}]},{\"@type\":\"ImageObject\",\"inLanguage\":\"es\",\"@id\":\"https:\\\/\\\/www.yucatanencorto.com\\\/noticias\\\/encienden-el-arbol-del-remate-de-montejo\\\/#primaryimage\",\"url\":\"https:\\\/\\\/www.yucatanencorto.com\\\/noticias\\\/wp-content\\\/uploads\\\/2023\\\/12\\\/IMG-20231201-WA0087-scaled.jpg\",\"contentUrl\":\"https:\\\/\\\/www.yucatanencorto.com\\\/noticias\\\/wp-content\\\/uploads\\\/2023\\\/12\\\/IMG-20231201-WA0087-scaled.jpg\",\"width\":768,\"height\":512},{\"@type\":\"BreadcrumbList\",\"@id\":\"https:\\\/\\\/www.yucatanencorto.com\\\/noticias\\\/encienden-el-arbol-del-remate-de-montejo\\\/#breadcrumb\",\"itemListElement\":[{\"@type\":\"ListItem\",\"position\":1,\"name\":\"Portada\",\"item\":\"https:\\\/\\\/www.yucatanencorto.com\\\/noticias\\\/\"},{\"@type\":\"ListItem\",\"position\":2,\"name\":\"Encienden el \u00e1rbol del Remate de Montejo\"}]},{\"@type\":\"WebSite\",\"@id\":\"https:\\\/\\\/www.yucatanencorto.com\\\/noticias\\\/#website\",\"url\":\"https:\\\/\\\/www.yucatanencorto.com\\\/noticias\\\/\",\"name\":\"Yucat\u00e1n en corto\",\"description\":\"Noticias\",\"potentialAction\":[{\"@type\":\"SearchAction\",\"target\":{\"@type\":\"EntryPoint\",\"urlTemplate\":\"https:\\\/\\\/www.yucatanencorto.com\\\/noticias\\\/?s={search_term_string}\"},\"query-input\":{\"@type\":\"PropertyValueSpecification\",\"valueRequired\":true,\"valueName\":\"search_term_string\"}}],\"inLanguage\":\"es\"},{\"@type\":\"Person\",\"@id\":\"https:\\\/\\\/www.yucatanencorto.com\\\/noticias\\\/#\\\/schema\\\/person\\\/e2fbdfaf30a07014a43940ce989f3119\",\"name\":\"Redes\",\"image\":{\"@type\":\"ImageObject\",\"inLanguage\":\"es\",\"@id\":\"https:\\\/\\\/secure.gravatar.com\\\/avatar\\\/5931a2d21dd7cc834f44c8c34fe56d90ed6d536ef452cbf870c7485b524dddd7?s=96&d=mm&r=g\",\"url\":\"https:\\\/\\\/secure.gravatar.com\\\/avatar\\\/5931a2d21dd7cc834f44c8c34fe56d90ed6d536ef452cbf870c7485b524dddd7?s=96&d=mm&r=g\",\"contentUrl\":\"https:\\\/\\\/secure.gravatar.com\\\/avatar\\\/5931a2d21dd7cc834f44c8c34fe56d90ed6d536ef452cbf870c7485b524dddd7?s=96&d=mm&r=g\",\"caption\":\"Redes\"},\"url\":\"https:\\\/\\\/www.yucatanencorto.com\\\/noticias\\\/author\\\/redes\\\/\"}]}<\/script>\n<!-- \/ Yoast SEO plugin. -->","yoast_head_json":{"title":"Encienden el \u00e1rbol del Remate de Montejo - Yucat\u00e1n en corto","robots":{"index":"index","follow":"follow","max-snippet":"max-snippet:-1","max-image-preview":"max-image-preview:large","max-video-preview":"max-video-preview:-1"},"canonical":"https:\/\/www.yucatanencorto.com\/noticias\/encienden-el-arbol-del-remate-de-montejo\/","og_locale":"es_ES","og_type":"article","og_title":"Encienden el \u00e1rbol del Remate de Montejo - Yucat\u00e1n en corto","og_description":"M\u00e9rida. Yucat\u00e1n a 1 de diciembre de 2023.- Acompa\u00f1ado de ni\u00f1as, ni\u00f1os, familias y visitantes, el Alcalde Alejandro Ruz Castro encendi\u00f3 las luces del \u00e1rbol navide\u00f1o en el Remate del Paseo Montejo y con ello tambi\u00e9n dio oficialmente la bienvenida a las festividades decembrinas \u201cFiestas M\u00e1gicas\u201d, que a partir de esta noche inunda la capital [&hellip;]","og_url":"https:\/\/www.yucatanencorto.com\/noticias\/encienden-el-arbol-del-remate-de-montejo\/","og_site_name":"Yucat\u00e1n en corto","article_publisher":"http:\/\/www.facebook.com\/yucatanencorto","article_published_time":"2023-12-02T03:50:09+00:00","og_image":[{"width":768,"height":512,"url":"https:\/\/www.yucatanencorto.com\/noticias\/wp-content\/uploads\/2023\/12\/IMG-20231201-WA0087-scaled.jpg","type":"image\/jpeg"}],"author":"Redes","twitter_card":"summary_large_image","twitter_creator":"@yucatanencorto","twitter_site":"@yucatanencorto","twitter_misc":{"Escrito por":"Redes","Tiempo de lectura":"4 minutos"},"schema":{"@context":"https:\/\/schema.org","@graph":[{"@type":"Article","@id":"https:\/\/www.yucatanencorto.com\/noticias\/encienden-el-arbol-del-remate-de-montejo\/#article","isPartOf":{"@id":"https:\/\/www.yucatanencorto.com\/noticias\/encienden-el-arbol-del-remate-de-montejo\/"},"author":{"name":"Redes","@id":"https:\/\/www.yucatanencorto.com\/noticias\/#\/schema\/person\/e2fbdfaf30a07014a43940ce989f3119"},"headline":"Encienden el \u00e1rbol del Remate de Montejo","datePublished":"2023-12-02T03:50:09+00:00","mainEntityOfPage":{"@id":"https:\/\/www.yucatanencorto.com\/noticias\/encienden-el-arbol-del-remate-de-montejo\/"},"wordCount":754,"image":{"@id":"https:\/\/www.yucatanencorto.com\/noticias\/encienden-el-arbol-del-remate-de-montejo\/#primaryimage"},"thumbnailUrl":"https:\/\/www.yucatanencorto.com\/noticias\/wp-content\/uploads\/2023\/12\/IMG-20231201-WA0087-scaled.jpg","articleSection":["M\u00e9rida","M\u00e9xico"],"inLanguage":"es"},{"@type":"WebPage","@id":"https:\/\/www.yucatanencorto.com\/noticias\/encienden-el-arbol-del-remate-de-montejo\/","url":"https:\/\/www.yucatanencorto.com\/noticias\/encienden-el-arbol-del-remate-de-montejo\/","name":"Encienden el \u00e1rbol del Remate de Montejo - Yucat\u00e1n en corto","isPartOf":{"@id":"https:\/\/www.yucatanencorto.com\/noticias\/#website"},"primaryImageOfPage":{"@id":"https:\/\/www.yucatanencorto.com\/noticias\/encienden-el-arbol-del-remate-de-montejo\/#primaryimage"},"image":{"@id":"https:\/\/www.yucatanencorto.com\/noticias\/encienden-el-arbol-del-remate-de-montejo\/#primaryimage"},"thumbnailUrl":"https:\/\/www.yucatanencorto.com\/noticias\/wp-content\/uploads\/2023\/12\/IMG-20231201-WA0087-scaled.jpg","datePublished":"2023-12-02T03:50:09+00:00","author":{"@id":"https:\/\/www.yucatanencorto.com\/noticias\/#\/schema\/person\/e2fbdfaf30a07014a43940ce989f3119"},"breadcrumb":{"@id":"https:\/\/www.yucatanencorto.com\/noticias\/encienden-el-arbol-del-remate-de-montejo\/#breadcrumb"},"inLanguage":"es","potentialAction":[{"@type":"ReadAction","target":["https:\/\/www.yucatanencorto.com\/noticias\/encienden-el-arbol-del-remate-de-montejo\/"]}]},{"@type":"ImageObject","inLanguage":"es","@id":"https:\/\/www.yucatanencorto.com\/noticias\/encienden-el-arbol-del-remate-de-montejo\/#primaryimage","url":"https:\/\/www.yucatanencorto.com\/noticias\/wp-content\/uploads\/2023\/12\/IMG-20231201-WA0087-scaled.jpg","contentUrl":"https:\/\/www.yucatanencorto.com\/noticias\/wp-content\/uploads\/2023\/12\/IMG-20231201-WA0087-scaled.jpg","width":768,"height":512},{"@type":"BreadcrumbList","@id":"https:\/\/www.yucatanencorto.com\/noticias\/encienden-el-arbol-del-remate-de-montejo\/#breadcrumb","itemListElement":[{"@type":"ListItem","position":1,"name":"Portada","item":"https:\/\/www.yucatanencorto.com\/noticias\/"},{"@type":"ListItem","position":2,"name":"Encienden el \u00e1rbol del Remate de Montejo"}]},{"@type":"WebSite","@id":"https:\/\/www.yucatanencorto.com\/noticias\/#website","url":"https:\/\/www.yucatanencorto.com\/noticias\/","name":"Yucat\u00e1n en corto","description":"Noticias","potentialAction":[{"@type":"SearchAction","target":{"@type":"EntryPoint","urlTemplate":"https:\/\/www.yucatanencorto.com\/noticias\/?s={search_term_string}"},"query-input":{"@type":"PropertyValueSpecification","valueRequired":true,"valueName":"search_term_string"}}],"inLanguage":"es"},{"@type":"Person","@id":"https:\/\/www.yucatanencorto.com\/noticias\/#\/schema\/person\/e2fbdfaf30a07014a43940ce989f3119","name":"Redes","image":{"@type":"ImageObject","inLanguage":"es","@id":"https:\/\/secure.gravatar.com\/avatar\/5931a2d21dd7cc834f44c8c34fe56d90ed6d536ef452cbf870c7485b524dddd7?s=96&d=mm&r=g","url":"https:\/\/secure.gravatar.com\/avatar\/5931a2d21dd7cc834f44c8c34fe56d90ed6d536ef452cbf870c7485b524dddd7?s=96&d=mm&r=g","contentUrl":"https:\/\/secure.gravatar.com\/avatar\/5931a2d21dd7cc834f44c8c34fe56d90ed6d536ef452cbf870c7485b524dddd7?s=96&d=mm&r=g","caption":"Redes"},"url":"https:\/\/www.yucatanencorto.com\/noticias\/author\/redes\/"}]}},"_links":{"self":[{"href":"https:\/\/www.yucatanencorto.com\/noticias\/wp-json\/wp\/v2\/posts\/101181","targetHints":{"allow":["GET"]}}],"collection":[{"href":"https:\/\/www.yucatanencorto.com\/noticias\/wp-json\/wp\/v2\/posts"}],"about":[{"href":"https:\/\/www.yucatanencorto.com\/noticias\/wp-json\/wp\/v2\/types\/post"}],"author":[{"embeddable":true,"href":"https:\/\/www.yucatanencorto.com\/noticias\/wp-json\/wp\/v2\/users\/3"}],"replies":[{"embeddable":true,"href":"https:\/\/www.yucatanencorto.com\/noticias\/wp-json\/wp\/v2\/comments?post=101181"}],"version-history":[{"count":0,"href":"https:\/\/www.yucatanencorto.com\/noticias\/wp-json\/wp\/v2\/posts\/101181\/revisions"}],"wp:featuredmedia":[{"embeddable":true,"href":"https:\/\/www.yucatanencorto.com\/noticias\/wp-json\/wp\/v2\/media\/101182"}],"wp:attachment":[{"href":"https:\/\/www.yucatanencorto.com\/noticias\/wp-json\/wp\/v2\/media?parent=101181"}],"wp:term":[{"taxonomy":"category","embeddable":true,"href":"https:\/\/www.yucatanencorto.com\/noticias\/wp-json\/wp\/v2\/categories?post=101181"},{"taxonomy":"post_tag","embeddable":true,"href":"https:\/\/www.yucatanencorto.com\/noticias\/wp-json\/wp\/v2\/tags?post=101181"}],"curies":[{"name":"wp","href":"https:\/\/api.w.org\/{rel}","templated":true}]}}