{"id":101184,"date":"2023-12-01T21:52:45","date_gmt":"2023-12-02T03:52:45","guid":{"rendered":"https:\/\/www.yucatanencorto.com\/noticias\/?p=101184"},"modified":"2023-12-01T21:52:45","modified_gmt":"2023-12-02T03:52:45","slug":"aspirantes-a-dos-magistraturas-del-tribunal-superior-de-justicia-exponen-ante-diputados","status":"publish","type":"post","link":"https:\/\/www.yucatanencorto.com\/noticias\/aspirantes-a-dos-magistraturas-del-tribunal-superior-de-justicia-exponen-ante-diputados\/","title":{"rendered":"Aspirantes a dos magistraturas del Tribunal Superior de Justicia exponen ante diputados"},"content":{"rendered":"<p><img loading=\"lazy\" decoding=\"async\" class=\"alignnone size-full wp-image-101185\" src=\"https:\/\/www.yucatanencorto.com\/noticias\/wp-content\/uploads\/2023\/12\/IMG-20231201-WA0088-scaled.jpg\" alt=\"\" width=\"768\" height=\"511\" srcset=\"https:\/\/www.yucatanencorto.com\/noticias\/wp-content\/uploads\/2023\/12\/IMG-20231201-WA0088-scaled.jpg 768w, https:\/\/www.yucatanencorto.com\/noticias\/wp-content\/uploads\/2023\/12\/IMG-20231201-WA0088-696x463.jpg 696w, https:\/\/www.yucatanencorto.com\/noticias\/wp-content\/uploads\/2023\/12\/IMG-20231201-WA0088-1068x711.jpg 1068w, https:\/\/www.yucatanencorto.com\/noticias\/wp-content\/uploads\/2023\/12\/IMG-20231201-WA0088-631x420.jpg 631w\" sizes=\"auto, (max-width: 768px) 100vw, 768px\" \/><\/p>\n<p>M\u00e9rida, Yucat\u00e1n a 1 de diciembre de 2023<\/p>\n<p>Al sesionar las comisiones unidas de Puntos Constitucionales y Gobernaci\u00f3n, y de Justicia y Seguridad P\u00fablica se aprobaron los proyectos de dictamen en los que se establece que las y los aspirantes a magistrado, y magistrada o magistrado del Tribunal Superior de Justicia cumplen con los requisitos constitucionales para ocupar los cargos antes mencionados.<\/p>\n<p>&nbsp;<\/p>\n<p>Previamente, se llev\u00f3 a cabo la reuni\u00f3n en la que las y los candidatos expusieron ante los integrantes de las comisiones los motivos por los cuales aspiran al cargo.<\/p>\n<p>&nbsp;<\/p>\n<p>En la primera comparecencia para el cargo de magistrado del Tribunal Superior de Justicia, Ermilo Bolio P\u00e9rez expres\u00f3 que si a bien lo consideraran los diputados y lo designan como magistrado, entre sus propuestas est\u00e1 impartir justicia sin formalismos y centr\u00e1ndose en el ser humano defendiendo los derechos de las infancias y de las personas en situaci\u00f3n de vulnerabilidad, \u201cser\u00e9 un magistrado de puertas abiertas para escuchar sus inquietudes, necesidades y promover la creaci\u00f3n de juzgados necesarios para reducir el rezago en la impartici\u00f3n de justicia\u201d.<\/p>\n<p>&nbsp;<\/p>\n<p>Jos\u00e9 Ren\u00e9 S\u00e1nchez Gil, segundo aspirante, destac\u00f3 que cuenta con una trayectoria profesional amplia para asumir el cargo en comento en el cual se debe ponderar la responsabilidad, profesionalidad y compromiso. \u201cMi aportaci\u00f3n de experiencia y conocimientos ser\u00e1 para contribuir con una responsabilidad encaminada a participar activamente con el Poder Judicial\u201d.<\/p>\n<p>&nbsp;<\/p>\n<p>Por \u00faltimo, Luis Armando Mendoza Casanova dio lectura a su curr\u00edculo especificando que a lo largo de su carrera se ha desempe\u00f1ado en cargos importantes que le dan las herramientas para ocupar el cargo de magistrado.<\/p>\n<p>&nbsp;<\/p>\n<p>Posteriormente, durante la reuni\u00f3n para escuchar a las y los aspirantes a magistrado o magistrada del Tribunal Superior de Justicia, Silvia Bolio L\u00f3pez enfatiz\u00f3 la importancia de fortalecer la presencia de las mujeres en el quehacer jurisdiccional ya que la labor de estas es indispensable para ayudar a otras y lograr esa sociedad igualitaria que tanto se busca.<\/p>\n<p>&nbsp;<\/p>\n<p>Seguidamente, Jos\u00e9 Abreu Sacramento se\u00f1al\u00f3 que de ser elegido garantizar\u00e1 una justicia centrada moderna, \u00e1gil, interdisciplinaria, sensible a la realidad social y que privilegie la resoluci\u00f3n de conflictos.<\/p>\n<p>&nbsp;<\/p>\n<p>Por \u00faltimo, Gabriel Franco Medina asegur\u00f3 que el cargo al que aspira debe ser cercano a la sociedad, resiliente y que no resuelva conforme a la certeza de los hechos y al derecho, sino que resuelva apegado a la justicia que la sociedad requiere.<\/p>\n","protected":false},"excerpt":{"rendered":"<p>M\u00e9rida, Yucat\u00e1n a 1 de diciembre de 2023 Al sesionar las comisiones unidas de Puntos Constitucionales y Gobernaci\u00f3n, y de Justicia y Seguridad P\u00fablica se aprobaron los proyectos de dictamen en los que se establece que las y los aspirantes a magistrado, y magistrada o magistrado del Tribunal Superior de Justicia cumplen con los requisitos [&hellip;]<\/p>\n","protected":false},"author":3,"featured_media":101185,"comment_status":"closed","ping_status":"closed","sticky":false,"template":"","format":"standard","meta":{"footnotes":""},"categories":[3],"tags":[],"class_list":{"0":"post-101184","1":"post","2":"type-post","3":"status-publish","4":"format-standard","5":"has-post-thumbnail","7":"category-yucatan"},"yoast_head":"<!-- This site is optimized with the Yoast SEO plugin v27.5 - https:\/\/yoast.com\/product\/yoast-seo-wordpress\/ -->\n<title>Aspirantes a dos magistraturas del Tribunal Superior de Justicia exponen ante diputados - Yucat\u00e1n en corto<\/title>\n<meta name=\"robots\" content=\"index, follow, max-snippet:-1, max-image-preview:large, max-video-preview:-1\" \/>\n<link rel=\"canonical\" href=\"https:\/\/www.yucatanencorto.com\/noticias\/aspirantes-a-dos-magistraturas-del-tribunal-superior-de-justicia-exponen-ante-diputados\/\" \/>\n<meta property=\"og:locale\" content=\"es_ES\" \/>\n<meta property=\"og:type\" content=\"article\" \/>\n<meta property=\"og:title\" content=\"Aspirantes a dos magistraturas del Tribunal Superior de Justicia exponen ante diputados - Yucat\u00e1n en corto\" \/>\n<meta property=\"og:description\" content=\"M\u00e9rida, Yucat\u00e1n a 1 de diciembre de 2023 Al sesionar las comisiones unidas de Puntos Constitucionales y Gobernaci\u00f3n, y de Justicia y Seguridad P\u00fablica se aprobaron los proyectos de dictamen en los que se establece que las y los aspirantes a magistrado, y magistrada o magistrado del Tribunal Superior de Justicia cumplen con los requisitos [&hellip;]\" \/>\n<meta property=\"og:url\" content=\"https:\/\/www.yucatanencorto.com\/noticias\/aspirantes-a-dos-magistraturas-del-tribunal-superior-de-justicia-exponen-ante-diputados\/\" \/>\n<meta property=\"og:site_name\" content=\"Yucat\u00e1n en corto\" \/>\n<meta property=\"article:publisher\" content=\"http:\/\/www.facebook.com\/yucatanencorto\" \/>\n<meta property=\"article:published_time\" content=\"2023-12-02T03:52:45+00:00\" \/>\n<meta property=\"og:image\" content=\"https:\/\/www.yucatanencorto.com\/noticias\/wp-content\/uploads\/2023\/12\/IMG-20231201-WA0088-scaled.jpg\" \/>\n\t<meta property=\"og:image:width\" content=\"768\" \/>\n\t<meta property=\"og:image:height\" content=\"511\" \/>\n\t<meta property=\"og:image:type\" content=\"image\/jpeg\" \/>\n<meta name=\"author\" content=\"Redes\" \/>\n<meta name=\"twitter:card\" content=\"summary_large_image\" \/>\n<meta name=\"twitter:creator\" content=\"@yucatanencorto\" \/>\n<meta name=\"twitter:site\" content=\"@yucatanencorto\" \/>\n<meta name=\"twitter:label1\" content=\"Escrito por\" \/>\n\t<meta name=\"twitter:data1\" content=\"Redes\" \/>\n\t<meta name=\"twitter:label2\" content=\"Tiempo de lectura\" \/>\n\t<meta name=\"twitter:data2\" content=\"3 minutos\" \/>\n<script type=\"application\/ld+json\" class=\"yoast-schema-graph\">{\"@context\":\"https:\\\/\\\/schema.org\",\"@graph\":[{\"@type\":\"Article\",\"@id\":\"https:\\\/\\\/www.yucatanencorto.com\\\/noticias\\\/aspirantes-a-dos-magistraturas-del-tribunal-superior-de-justicia-exponen-ante-diputados\\\/#article\",\"isPartOf\":{\"@id\":\"https:\\\/\\\/www.yucatanencorto.com\\\/noticias\\\/aspirantes-a-dos-magistraturas-del-tribunal-superior-de-justicia-exponen-ante-diputados\\\/\"},\"author\":{\"name\":\"Redes\",\"@id\":\"https:\\\/\\\/www.yucatanencorto.com\\\/noticias\\\/#\\\/schema\\\/person\\\/e2fbdfaf30a07014a43940ce989f3119\"},\"headline\":\"Aspirantes a dos magistraturas del Tribunal Superior de Justicia exponen ante diputados\",\"datePublished\":\"2023-12-02T03:52:45+00:00\",\"mainEntityOfPage\":{\"@id\":\"https:\\\/\\\/www.yucatanencorto.com\\\/noticias\\\/aspirantes-a-dos-magistraturas-del-tribunal-superior-de-justicia-exponen-ante-diputados\\\/\"},\"wordCount\":429,\"image\":{\"@id\":\"https:\\\/\\\/www.yucatanencorto.com\\\/noticias\\\/aspirantes-a-dos-magistraturas-del-tribunal-superior-de-justicia-exponen-ante-diputados\\\/#primaryimage\"},\"thumbnailUrl\":\"https:\\\/\\\/www.yucatanencorto.com\\\/noticias\\\/wp-content\\\/uploads\\\/2023\\\/12\\\/IMG-20231201-WA0088-scaled.jpg\",\"articleSection\":[\"Yucat\u00e1n\"],\"inLanguage\":\"es\"},{\"@type\":\"WebPage\",\"@id\":\"https:\\\/\\\/www.yucatanencorto.com\\\/noticias\\\/aspirantes-a-dos-magistraturas-del-tribunal-superior-de-justicia-exponen-ante-diputados\\\/\",\"url\":\"https:\\\/\\\/www.yucatanencorto.com\\\/noticias\\\/aspirantes-a-dos-magistraturas-del-tribunal-superior-de-justicia-exponen-ante-diputados\\\/\",\"name\":\"Aspirantes a dos magistraturas del Tribunal Superior de Justicia exponen ante diputados - Yucat\u00e1n en corto\",\"isPartOf\":{\"@id\":\"https:\\\/\\\/www.yucatanencorto.com\\\/noticias\\\/#website\"},\"primaryImageOfPage\":{\"@id\":\"https:\\\/\\\/www.yucatanencorto.com\\\/noticias\\\/aspirantes-a-dos-magistraturas-del-tribunal-superior-de-justicia-exponen-ante-diputados\\\/#primaryimage\"},\"image\":{\"@id\":\"https:\\\/\\\/www.yucatanencorto.com\\\/noticias\\\/aspirantes-a-dos-magistraturas-del-tribunal-superior-de-justicia-exponen-ante-diputados\\\/#primaryimage\"},\"thumbnailUrl\":\"https:\\\/\\\/www.yucatanencorto.com\\\/noticias\\\/wp-content\\\/uploads\\\/2023\\\/12\\\/IMG-20231201-WA0088-scaled.jpg\",\"datePublished\":\"2023-12-02T03:52:45+00:00\",\"author\":{\"@id\":\"https:\\\/\\\/www.yucatanencorto.com\\\/noticias\\\/#\\\/schema\\\/person\\\/e2fbdfaf30a07014a43940ce989f3119\"},\"breadcrumb\":{\"@id\":\"https:\\\/\\\/www.yucatanencorto.com\\\/noticias\\\/aspirantes-a-dos-magistraturas-del-tribunal-superior-de-justicia-exponen-ante-diputados\\\/#breadcrumb\"},\"inLanguage\":\"es\",\"potentialAction\":[{\"@type\":\"ReadAction\",\"target\":[\"https:\\\/\\\/www.yucatanencorto.com\\\/noticias\\\/aspirantes-a-dos-magistraturas-del-tribunal-superior-de-justicia-exponen-ante-diputados\\\/\"]}]},{\"@type\":\"ImageObject\",\"inLanguage\":\"es\",\"@id\":\"https:\\\/\\\/www.yucatanencorto.com\\\/noticias\\\/aspirantes-a-dos-magistraturas-del-tribunal-superior-de-justicia-exponen-ante-diputados\\\/#primaryimage\",\"url\":\"https:\\\/\\\/www.yucatanencorto.com\\\/noticias\\\/wp-content\\\/uploads\\\/2023\\\/12\\\/IMG-20231201-WA0088-scaled.jpg\",\"contentUrl\":\"https:\\\/\\\/www.yucatanencorto.com\\\/noticias\\\/wp-content\\\/uploads\\\/2023\\\/12\\\/IMG-20231201-WA0088-scaled.jpg\",\"width\":768,\"height\":511},{\"@type\":\"BreadcrumbList\",\"@id\":\"https:\\\/\\\/www.yucatanencorto.com\\\/noticias\\\/aspirantes-a-dos-magistraturas-del-tribunal-superior-de-justicia-exponen-ante-diputados\\\/#breadcrumb\",\"itemListElement\":[{\"@type\":\"ListItem\",\"position\":1,\"name\":\"Portada\",\"item\":\"https:\\\/\\\/www.yucatanencorto.com\\\/noticias\\\/\"},{\"@type\":\"ListItem\",\"position\":2,\"name\":\"Aspirantes a dos magistraturas del Tribunal Superior de Justicia exponen ante diputados\"}]},{\"@type\":\"WebSite\",\"@id\":\"https:\\\/\\\/www.yucatanencorto.com\\\/noticias\\\/#website\",\"url\":\"https:\\\/\\\/www.yucatanencorto.com\\\/noticias\\\/\",\"name\":\"Yucat\u00e1n en corto\",\"description\":\"Noticias\",\"potentialAction\":[{\"@type\":\"SearchAction\",\"target\":{\"@type\":\"EntryPoint\",\"urlTemplate\":\"https:\\\/\\\/www.yucatanencorto.com\\\/noticias\\\/?s={search_term_string}\"},\"query-input\":{\"@type\":\"PropertyValueSpecification\",\"valueRequired\":true,\"valueName\":\"search_term_string\"}}],\"inLanguage\":\"es\"},{\"@type\":\"Person\",\"@id\":\"https:\\\/\\\/www.yucatanencorto.com\\\/noticias\\\/#\\\/schema\\\/person\\\/e2fbdfaf30a07014a43940ce989f3119\",\"name\":\"Redes\",\"image\":{\"@type\":\"ImageObject\",\"inLanguage\":\"es\",\"@id\":\"https:\\\/\\\/secure.gravatar.com\\\/avatar\\\/5931a2d21dd7cc834f44c8c34fe56d90ed6d536ef452cbf870c7485b524dddd7?s=96&d=mm&r=g\",\"url\":\"https:\\\/\\\/secure.gravatar.com\\\/avatar\\\/5931a2d21dd7cc834f44c8c34fe56d90ed6d536ef452cbf870c7485b524dddd7?s=96&d=mm&r=g\",\"contentUrl\":\"https:\\\/\\\/secure.gravatar.com\\\/avatar\\\/5931a2d21dd7cc834f44c8c34fe56d90ed6d536ef452cbf870c7485b524dddd7?s=96&d=mm&r=g\",\"caption\":\"Redes\"},\"url\":\"https:\\\/\\\/www.yucatanencorto.com\\\/noticias\\\/author\\\/redes\\\/\"}]}<\/script>\n<!-- \/ Yoast SEO plugin. -->","yoast_head_json":{"title":"Aspirantes a dos magistraturas del Tribunal Superior de Justicia exponen ante diputados - Yucat\u00e1n en corto","robots":{"index":"index","follow":"follow","max-snippet":"max-snippet:-1","max-image-preview":"max-image-preview:large","max-video-preview":"max-video-preview:-1"},"canonical":"https:\/\/www.yucatanencorto.com\/noticias\/aspirantes-a-dos-magistraturas-del-tribunal-superior-de-justicia-exponen-ante-diputados\/","og_locale":"es_ES","og_type":"article","og_title":"Aspirantes a dos magistraturas del Tribunal Superior de Justicia exponen ante diputados - Yucat\u00e1n en corto","og_description":"M\u00e9rida, Yucat\u00e1n a 1 de diciembre de 2023 Al sesionar las comisiones unidas de Puntos Constitucionales y Gobernaci\u00f3n, y de Justicia y Seguridad P\u00fablica se aprobaron los proyectos de dictamen en los que se establece que las y los aspirantes a magistrado, y magistrada o magistrado del Tribunal Superior de Justicia cumplen con los requisitos [&hellip;]","og_url":"https:\/\/www.yucatanencorto.com\/noticias\/aspirantes-a-dos-magistraturas-del-tribunal-superior-de-justicia-exponen-ante-diputados\/","og_site_name":"Yucat\u00e1n en corto","article_publisher":"http:\/\/www.facebook.com\/yucatanencorto","article_published_time":"2023-12-02T03:52:45+00:00","og_image":[{"width":768,"height":511,"url":"https:\/\/www.yucatanencorto.com\/noticias\/wp-content\/uploads\/2023\/12\/IMG-20231201-WA0088-scaled.jpg","type":"image\/jpeg"}],"author":"Redes","twitter_card":"summary_large_image","twitter_creator":"@yucatanencorto","twitter_site":"@yucatanencorto","twitter_misc":{"Escrito por":"Redes","Tiempo de lectura":"3 minutos"},"schema":{"@context":"https:\/\/schema.org","@graph":[{"@type":"Article","@id":"https:\/\/www.yucatanencorto.com\/noticias\/aspirantes-a-dos-magistraturas-del-tribunal-superior-de-justicia-exponen-ante-diputados\/#article","isPartOf":{"@id":"https:\/\/www.yucatanencorto.com\/noticias\/aspirantes-a-dos-magistraturas-del-tribunal-superior-de-justicia-exponen-ante-diputados\/"},"author":{"name":"Redes","@id":"https:\/\/www.yucatanencorto.com\/noticias\/#\/schema\/person\/e2fbdfaf30a07014a43940ce989f3119"},"headline":"Aspirantes a dos magistraturas del Tribunal Superior de Justicia exponen ante diputados","datePublished":"2023-12-02T03:52:45+00:00","mainEntityOfPage":{"@id":"https:\/\/www.yucatanencorto.com\/noticias\/aspirantes-a-dos-magistraturas-del-tribunal-superior-de-justicia-exponen-ante-diputados\/"},"wordCount":429,"image":{"@id":"https:\/\/www.yucatanencorto.com\/noticias\/aspirantes-a-dos-magistraturas-del-tribunal-superior-de-justicia-exponen-ante-diputados\/#primaryimage"},"thumbnailUrl":"https:\/\/www.yucatanencorto.com\/noticias\/wp-content\/uploads\/2023\/12\/IMG-20231201-WA0088-scaled.jpg","articleSection":["Yucat\u00e1n"],"inLanguage":"es"},{"@type":"WebPage","@id":"https:\/\/www.yucatanencorto.com\/noticias\/aspirantes-a-dos-magistraturas-del-tribunal-superior-de-justicia-exponen-ante-diputados\/","url":"https:\/\/www.yucatanencorto.com\/noticias\/aspirantes-a-dos-magistraturas-del-tribunal-superior-de-justicia-exponen-ante-diputados\/","name":"Aspirantes a dos magistraturas del Tribunal Superior de Justicia exponen ante diputados - Yucat\u00e1n en corto","isPartOf":{"@id":"https:\/\/www.yucatanencorto.com\/noticias\/#website"},"primaryImageOfPage":{"@id":"https:\/\/www.yucatanencorto.com\/noticias\/aspirantes-a-dos-magistraturas-del-tribunal-superior-de-justicia-exponen-ante-diputados\/#primaryimage"},"image":{"@id":"https:\/\/www.yucatanencorto.com\/noticias\/aspirantes-a-dos-magistraturas-del-tribunal-superior-de-justicia-exponen-ante-diputados\/#primaryimage"},"thumbnailUrl":"https:\/\/www.yucatanencorto.com\/noticias\/wp-content\/uploads\/2023\/12\/IMG-20231201-WA0088-scaled.jpg","datePublished":"2023-12-02T03:52:45+00:00","author":{"@id":"https:\/\/www.yucatanencorto.com\/noticias\/#\/schema\/person\/e2fbdfaf30a07014a43940ce989f3119"},"breadcrumb":{"@id":"https:\/\/www.yucatanencorto.com\/noticias\/aspirantes-a-dos-magistraturas-del-tribunal-superior-de-justicia-exponen-ante-diputados\/#breadcrumb"},"inLanguage":"es","potentialAction":[{"@type":"ReadAction","target":["https:\/\/www.yucatanencorto.com\/noticias\/aspirantes-a-dos-magistraturas-del-tribunal-superior-de-justicia-exponen-ante-diputados\/"]}]},{"@type":"ImageObject","inLanguage":"es","@id":"https:\/\/www.yucatanencorto.com\/noticias\/aspirantes-a-dos-magistraturas-del-tribunal-superior-de-justicia-exponen-ante-diputados\/#primaryimage","url":"https:\/\/www.yucatanencorto.com\/noticias\/wp-content\/uploads\/2023\/12\/IMG-20231201-WA0088-scaled.jpg","contentUrl":"https:\/\/www.yucatanencorto.com\/noticias\/wp-content\/uploads\/2023\/12\/IMG-20231201-WA0088-scaled.jpg","width":768,"height":511},{"@type":"BreadcrumbList","@id":"https:\/\/www.yucatanencorto.com\/noticias\/aspirantes-a-dos-magistraturas-del-tribunal-superior-de-justicia-exponen-ante-diputados\/#breadcrumb","itemListElement":[{"@type":"ListItem","position":1,"name":"Portada","item":"https:\/\/www.yucatanencorto.com\/noticias\/"},{"@type":"ListItem","position":2,"name":"Aspirantes a dos magistraturas del Tribunal Superior de Justicia exponen ante diputados"}]},{"@type":"WebSite","@id":"https:\/\/www.yucatanencorto.com\/noticias\/#website","url":"https:\/\/www.yucatanencorto.com\/noticias\/","name":"Yucat\u00e1n en corto","description":"Noticias","potentialAction":[{"@type":"SearchAction","target":{"@type":"EntryPoint","urlTemplate":"https:\/\/www.yucatanencorto.com\/noticias\/?s={search_term_string}"},"query-input":{"@type":"PropertyValueSpecification","valueRequired":true,"valueName":"search_term_string"}}],"inLanguage":"es"},{"@type":"Person","@id":"https:\/\/www.yucatanencorto.com\/noticias\/#\/schema\/person\/e2fbdfaf30a07014a43940ce989f3119","name":"Redes","image":{"@type":"ImageObject","inLanguage":"es","@id":"https:\/\/secure.gravatar.com\/avatar\/5931a2d21dd7cc834f44c8c34fe56d90ed6d536ef452cbf870c7485b524dddd7?s=96&d=mm&r=g","url":"https:\/\/secure.gravatar.com\/avatar\/5931a2d21dd7cc834f44c8c34fe56d90ed6d536ef452cbf870c7485b524dddd7?s=96&d=mm&r=g","contentUrl":"https:\/\/secure.gravatar.com\/avatar\/5931a2d21dd7cc834f44c8c34fe56d90ed6d536ef452cbf870c7485b524dddd7?s=96&d=mm&r=g","caption":"Redes"},"url":"https:\/\/www.yucatanencorto.com\/noticias\/author\/redes\/"}]}},"_links":{"self":[{"href":"https:\/\/www.yucatanencorto.com\/noticias\/wp-json\/wp\/v2\/posts\/101184","targetHints":{"allow":["GET"]}}],"collection":[{"href":"https:\/\/www.yucatanencorto.com\/noticias\/wp-json\/wp\/v2\/posts"}],"about":[{"href":"https:\/\/www.yucatanencorto.com\/noticias\/wp-json\/wp\/v2\/types\/post"}],"author":[{"embeddable":true,"href":"https:\/\/www.yucatanencorto.com\/noticias\/wp-json\/wp\/v2\/users\/3"}],"replies":[{"embeddable":true,"href":"https:\/\/www.yucatanencorto.com\/noticias\/wp-json\/wp\/v2\/comments?post=101184"}],"version-history":[{"count":0,"href":"https:\/\/www.yucatanencorto.com\/noticias\/wp-json\/wp\/v2\/posts\/101184\/revisions"}],"wp:featuredmedia":[{"embeddable":true,"href":"https:\/\/www.yucatanencorto.com\/noticias\/wp-json\/wp\/v2\/media\/101185"}],"wp:attachment":[{"href":"https:\/\/www.yucatanencorto.com\/noticias\/wp-json\/wp\/v2\/media?parent=101184"}],"wp:term":[{"taxonomy":"category","embeddable":true,"href":"https:\/\/www.yucatanencorto.com\/noticias\/wp-json\/wp\/v2\/categories?post=101184"},{"taxonomy":"post_tag","embeddable":true,"href":"https:\/\/www.yucatanencorto.com\/noticias\/wp-json\/wp\/v2\/tags?post=101184"}],"curies":[{"name":"wp","href":"https:\/\/api.w.org\/{rel}","templated":true}]}}