{"id":101190,"date":"2023-12-02T15:26:10","date_gmt":"2023-12-02T21:26:10","guid":{"rendered":"https:\/\/www.yucatanencorto.com\/noticias\/?p=101190"},"modified":"2023-12-02T15:26:10","modified_gmt":"2023-12-02T21:26:10","slug":"cecilia-patron-hace-equipo-con-los-jovenes","status":"publish","type":"post","link":"https:\/\/www.yucatanencorto.com\/noticias\/cecilia-patron-hace-equipo-con-los-jovenes\/","title":{"rendered":"Cecilia Patr\u00f3n hace equipo con los j\u00f3venes"},"content":{"rendered":"<p>&nbsp;<\/p>\n<p><img loading=\"lazy\" decoding=\"async\" class=\"alignnone size-full wp-image-101191\" src=\"https:\/\/www.yucatanencorto.com\/noticias\/wp-content\/uploads\/2023\/12\/IMG-20231202-WA0013-1-scaled.jpg\" alt=\"\" width=\"768\" height=\"512\" srcset=\"https:\/\/www.yucatanencorto.com\/noticias\/wp-content\/uploads\/2023\/12\/IMG-20231202-WA0013-1-scaled.jpg 768w, https:\/\/www.yucatanencorto.com\/noticias\/wp-content\/uploads\/2023\/12\/IMG-20231202-WA0013-1-696x464.jpg 696w, https:\/\/www.yucatanencorto.com\/noticias\/wp-content\/uploads\/2023\/12\/IMG-20231202-WA0013-1-1068x712.jpg 1068w, https:\/\/www.yucatanencorto.com\/noticias\/wp-content\/uploads\/2023\/12\/IMG-20231202-WA0013-1-630x420.jpg 630w\" sizes=\"auto, (max-width: 768px) 100vw, 768px\" \/><\/p>\n<p>M\u00e9rida, Yucat\u00e1n a 2 de diciembre de 2023<\/p>\n<p>&nbsp;<\/p>\n<p>Cecilia Patr\u00f3n hace equipo con los j\u00f3venes por una sola M\u00e9rida.<\/p>\n<p>&nbsp;<\/p>\n<p>-La diputada resalt\u00f3 la importancia de los j\u00f3venes para hacer cada vez m\u00e1s cambios para seguir transformando M\u00e9rida en una ciudad cada vez m\u00e1s justa y con m\u00e1s oportunidades para todas y todos<\/p>\n<p>&nbsp;<\/p>\n<p>La juventud es dinamismo, creatividad e innovaci\u00f3n y siempre apoyar\u00e9 sus ideas porque contribuyen en equipo al desarrollo de M\u00e9rida, dijo Cecilia Patr\u00f3n Laviada, precandidata a presidenta municipal por el PAN Yucat\u00e1n.<\/p>\n<p>&nbsp;<\/p>\n<p>\u00abDe la mano de los j\u00f3venes he\u00a0 caminado con una visi\u00f3n m\u00e1s amplia, atendiendo temas que impactar\u00e1n a las futuras generaciones como el cuidado del medio ambiente, los derechos de las mujeres, la inclusi\u00f3n, el acceso a vivienda y empleos\u00bb, agreg\u00f3.<\/p>\n<p>&nbsp;<\/p>\n<p>Durante un encuentro con j\u00f3venes militantes y simpatizantes, Cecilia reiter\u00f3 la importancia de que las juventudes se involucren en su comunidad y as\u00ed construir una sola M\u00e9rida con oportunidades para todas y todos.<\/p>\n<p>&nbsp;<\/p>\n<p>\u00abSi no te metes con la pol\u00edtica, la pol\u00edtica se meter\u00e1 contigo, por eso es importante participar para opinar en la toma de decisiones que impactan en la vida de los meridanos\u00bb.<\/p>\n<p>&nbsp;<\/p>\n<p>Como parte del di\u00e1logo, los asistentes plantearon temas como reforestaci\u00f3n, manejo de la basura, movilidad e inclusi\u00f3n.<\/p>\n<p>&nbsp;<\/p>\n<p>En este sentido comparti\u00f3 su visi\u00f3n de una M\u00e9rida ordenada, con servicios p\u00fablicos de calidad y desarrollo; solidaria, donde nadie se quede atr\u00e1s, y sostenible, cuidando lo que dejaremos a quienes vienen despu\u00e9s de nosotros.<\/p>\n<p>&nbsp;<\/p>\n<p>Profundiz\u00f3 en el tema de la educaci\u00f3n, que es vital en el combate a la desigualdad, que debe ser de sur a norte, de oriente a poniente, sin olvidar el centro y las 47 comisar\u00edas.<\/p>\n<p>&nbsp;<\/p>\n<p>\u00abLos gobiernos de Acci\u00f3n Nacional han logrado la llegada a Yucat\u00e1n y M\u00e9rida de empresas que ofrecen empleos mejor pagados y que requieren de talentos en tecnolog\u00edas, que sepan ingl\u00e9s y con habilidades blandas\u00bb, indic\u00f3.<\/p>\n<p>&nbsp;<\/p>\n<p>\u00abLa parte que le toca a los j\u00f3venes meridanos es prepararse, estar listos para aprovechar las oportunidades\u00bb.<\/p>\n<p>&nbsp;<\/p>\n<p>Record\u00f3 el trabajo que como diputada realiz\u00f3 por los j\u00f3venes, con iniciativas de ley para beneficios fiscales en el primer empleo, as\u00ed como establecer servicio social como experiencia laboral.<\/p>\n<p>&nbsp;<\/p>\n<p>Tambi\u00e9n comparte desde siempre la agenda del bienestar animal, emprendimiento y defensa de los derechos humanos y de grupos vulnerables.<\/p>\n","protected":false},"excerpt":{"rendered":"<p>&nbsp; M\u00e9rida, Yucat\u00e1n a 2 de diciembre de 2023 &nbsp; Cecilia Patr\u00f3n hace equipo con los j\u00f3venes por una sola M\u00e9rida. &nbsp; -La diputada resalt\u00f3 la importancia de los j\u00f3venes para hacer cada vez m\u00e1s cambios para seguir transformando M\u00e9rida en una ciudad cada vez m\u00e1s justa y con m\u00e1s oportunidades para todas y todos [&hellip;]<\/p>\n","protected":false},"author":3,"featured_media":101191,"comment_status":"closed","ping_status":"closed","sticky":false,"template":"","format":"standard","meta":{"footnotes":""},"categories":[3],"tags":[],"class_list":{"0":"post-101190","1":"post","2":"type-post","3":"status-publish","4":"format-standard","5":"has-post-thumbnail","7":"category-yucatan"},"yoast_head":"<!-- This site is optimized with the Yoast SEO plugin v27.5 - https:\/\/yoast.com\/product\/yoast-seo-wordpress\/ -->\n<title>Cecilia Patr\u00f3n hace equipo con los j\u00f3venes - Yucat\u00e1n en corto<\/title>\n<meta name=\"robots\" content=\"index, follow, max-snippet:-1, max-image-preview:large, max-video-preview:-1\" \/>\n<link rel=\"canonical\" href=\"https:\/\/www.yucatanencorto.com\/noticias\/cecilia-patron-hace-equipo-con-los-jovenes\/\" \/>\n<meta property=\"og:locale\" content=\"es_ES\" \/>\n<meta property=\"og:type\" content=\"article\" \/>\n<meta property=\"og:title\" content=\"Cecilia Patr\u00f3n hace equipo con los j\u00f3venes - Yucat\u00e1n en corto\" \/>\n<meta property=\"og:description\" content=\"&nbsp; M\u00e9rida, Yucat\u00e1n a 2 de diciembre de 2023 &nbsp; Cecilia Patr\u00f3n hace equipo con los j\u00f3venes por una sola M\u00e9rida. &nbsp; -La diputada resalt\u00f3 la importancia de los j\u00f3venes para hacer cada vez m\u00e1s cambios para seguir transformando M\u00e9rida en una ciudad cada vez m\u00e1s justa y con m\u00e1s oportunidades para todas y todos [&hellip;]\" \/>\n<meta property=\"og:url\" content=\"https:\/\/www.yucatanencorto.com\/noticias\/cecilia-patron-hace-equipo-con-los-jovenes\/\" \/>\n<meta property=\"og:site_name\" content=\"Yucat\u00e1n en corto\" \/>\n<meta property=\"article:publisher\" content=\"http:\/\/www.facebook.com\/yucatanencorto\" \/>\n<meta property=\"article:published_time\" content=\"2023-12-02T21:26:10+00:00\" \/>\n<meta property=\"og:image\" content=\"https:\/\/www.yucatanencorto.com\/noticias\/wp-content\/uploads\/2023\/12\/IMG-20231202-WA0013-1-scaled.jpg\" \/>\n\t<meta property=\"og:image:width\" content=\"768\" \/>\n\t<meta property=\"og:image:height\" content=\"512\" \/>\n\t<meta property=\"og:image:type\" content=\"image\/jpeg\" \/>\n<meta name=\"author\" content=\"Redes\" \/>\n<meta name=\"twitter:card\" content=\"summary_large_image\" \/>\n<meta name=\"twitter:creator\" content=\"@yucatanencorto\" \/>\n<meta name=\"twitter:site\" content=\"@yucatanencorto\" \/>\n<meta name=\"twitter:label1\" content=\"Escrito por\" \/>\n\t<meta name=\"twitter:data1\" content=\"Redes\" \/>\n\t<meta name=\"twitter:label2\" content=\"Tiempo de lectura\" \/>\n\t<meta name=\"twitter:data2\" content=\"2 minutos\" \/>\n<script type=\"application\/ld+json\" class=\"yoast-schema-graph\">{\"@context\":\"https:\\\/\\\/schema.org\",\"@graph\":[{\"@type\":\"Article\",\"@id\":\"https:\\\/\\\/www.yucatanencorto.com\\\/noticias\\\/cecilia-patron-hace-equipo-con-los-jovenes\\\/#article\",\"isPartOf\":{\"@id\":\"https:\\\/\\\/www.yucatanencorto.com\\\/noticias\\\/cecilia-patron-hace-equipo-con-los-jovenes\\\/\"},\"author\":{\"name\":\"Redes\",\"@id\":\"https:\\\/\\\/www.yucatanencorto.com\\\/noticias\\\/#\\\/schema\\\/person\\\/e2fbdfaf30a07014a43940ce989f3119\"},\"headline\":\"Cecilia Patr\u00f3n hace equipo con los j\u00f3venes\",\"datePublished\":\"2023-12-02T21:26:10+00:00\",\"mainEntityOfPage\":{\"@id\":\"https:\\\/\\\/www.yucatanencorto.com\\\/noticias\\\/cecilia-patron-hace-equipo-con-los-jovenes\\\/\"},\"wordCount\":439,\"image\":{\"@id\":\"https:\\\/\\\/www.yucatanencorto.com\\\/noticias\\\/cecilia-patron-hace-equipo-con-los-jovenes\\\/#primaryimage\"},\"thumbnailUrl\":\"https:\\\/\\\/www.yucatanencorto.com\\\/noticias\\\/wp-content\\\/uploads\\\/2023\\\/12\\\/IMG-20231202-WA0013-1-scaled.jpg\",\"articleSection\":[\"Yucat\u00e1n\"],\"inLanguage\":\"es\"},{\"@type\":\"WebPage\",\"@id\":\"https:\\\/\\\/www.yucatanencorto.com\\\/noticias\\\/cecilia-patron-hace-equipo-con-los-jovenes\\\/\",\"url\":\"https:\\\/\\\/www.yucatanencorto.com\\\/noticias\\\/cecilia-patron-hace-equipo-con-los-jovenes\\\/\",\"name\":\"Cecilia Patr\u00f3n hace equipo con los j\u00f3venes - Yucat\u00e1n en corto\",\"isPartOf\":{\"@id\":\"https:\\\/\\\/www.yucatanencorto.com\\\/noticias\\\/#website\"},\"primaryImageOfPage\":{\"@id\":\"https:\\\/\\\/www.yucatanencorto.com\\\/noticias\\\/cecilia-patron-hace-equipo-con-los-jovenes\\\/#primaryimage\"},\"image\":{\"@id\":\"https:\\\/\\\/www.yucatanencorto.com\\\/noticias\\\/cecilia-patron-hace-equipo-con-los-jovenes\\\/#primaryimage\"},\"thumbnailUrl\":\"https:\\\/\\\/www.yucatanencorto.com\\\/noticias\\\/wp-content\\\/uploads\\\/2023\\\/12\\\/IMG-20231202-WA0013-1-scaled.jpg\",\"datePublished\":\"2023-12-02T21:26:10+00:00\",\"author\":{\"@id\":\"https:\\\/\\\/www.yucatanencorto.com\\\/noticias\\\/#\\\/schema\\\/person\\\/e2fbdfaf30a07014a43940ce989f3119\"},\"breadcrumb\":{\"@id\":\"https:\\\/\\\/www.yucatanencorto.com\\\/noticias\\\/cecilia-patron-hace-equipo-con-los-jovenes\\\/#breadcrumb\"},\"inLanguage\":\"es\",\"potentialAction\":[{\"@type\":\"ReadAction\",\"target\":[\"https:\\\/\\\/www.yucatanencorto.com\\\/noticias\\\/cecilia-patron-hace-equipo-con-los-jovenes\\\/\"]}]},{\"@type\":\"ImageObject\",\"inLanguage\":\"es\",\"@id\":\"https:\\\/\\\/www.yucatanencorto.com\\\/noticias\\\/cecilia-patron-hace-equipo-con-los-jovenes\\\/#primaryimage\",\"url\":\"https:\\\/\\\/www.yucatanencorto.com\\\/noticias\\\/wp-content\\\/uploads\\\/2023\\\/12\\\/IMG-20231202-WA0013-1-scaled.jpg\",\"contentUrl\":\"https:\\\/\\\/www.yucatanencorto.com\\\/noticias\\\/wp-content\\\/uploads\\\/2023\\\/12\\\/IMG-20231202-WA0013-1-scaled.jpg\",\"width\":768,\"height\":512},{\"@type\":\"BreadcrumbList\",\"@id\":\"https:\\\/\\\/www.yucatanencorto.com\\\/noticias\\\/cecilia-patron-hace-equipo-con-los-jovenes\\\/#breadcrumb\",\"itemListElement\":[{\"@type\":\"ListItem\",\"position\":1,\"name\":\"Portada\",\"item\":\"https:\\\/\\\/www.yucatanencorto.com\\\/noticias\\\/\"},{\"@type\":\"ListItem\",\"position\":2,\"name\":\"Cecilia Patr\u00f3n hace equipo con los j\u00f3venes\"}]},{\"@type\":\"WebSite\",\"@id\":\"https:\\\/\\\/www.yucatanencorto.com\\\/noticias\\\/#website\",\"url\":\"https:\\\/\\\/www.yucatanencorto.com\\\/noticias\\\/\",\"name\":\"Yucat\u00e1n en corto\",\"description\":\"Noticias\",\"potentialAction\":[{\"@type\":\"SearchAction\",\"target\":{\"@type\":\"EntryPoint\",\"urlTemplate\":\"https:\\\/\\\/www.yucatanencorto.com\\\/noticias\\\/?s={search_term_string}\"},\"query-input\":{\"@type\":\"PropertyValueSpecification\",\"valueRequired\":true,\"valueName\":\"search_term_string\"}}],\"inLanguage\":\"es\"},{\"@type\":\"Person\",\"@id\":\"https:\\\/\\\/www.yucatanencorto.com\\\/noticias\\\/#\\\/schema\\\/person\\\/e2fbdfaf30a07014a43940ce989f3119\",\"name\":\"Redes\",\"image\":{\"@type\":\"ImageObject\",\"inLanguage\":\"es\",\"@id\":\"https:\\\/\\\/secure.gravatar.com\\\/avatar\\\/5931a2d21dd7cc834f44c8c34fe56d90ed6d536ef452cbf870c7485b524dddd7?s=96&d=mm&r=g\",\"url\":\"https:\\\/\\\/secure.gravatar.com\\\/avatar\\\/5931a2d21dd7cc834f44c8c34fe56d90ed6d536ef452cbf870c7485b524dddd7?s=96&d=mm&r=g\",\"contentUrl\":\"https:\\\/\\\/secure.gravatar.com\\\/avatar\\\/5931a2d21dd7cc834f44c8c34fe56d90ed6d536ef452cbf870c7485b524dddd7?s=96&d=mm&r=g\",\"caption\":\"Redes\"},\"url\":\"https:\\\/\\\/www.yucatanencorto.com\\\/noticias\\\/author\\\/redes\\\/\"}]}<\/script>\n<!-- \/ Yoast SEO plugin. -->","yoast_head_json":{"title":"Cecilia Patr\u00f3n hace equipo con los j\u00f3venes - Yucat\u00e1n en corto","robots":{"index":"index","follow":"follow","max-snippet":"max-snippet:-1","max-image-preview":"max-image-preview:large","max-video-preview":"max-video-preview:-1"},"canonical":"https:\/\/www.yucatanencorto.com\/noticias\/cecilia-patron-hace-equipo-con-los-jovenes\/","og_locale":"es_ES","og_type":"article","og_title":"Cecilia Patr\u00f3n hace equipo con los j\u00f3venes - Yucat\u00e1n en corto","og_description":"&nbsp; M\u00e9rida, Yucat\u00e1n a 2 de diciembre de 2023 &nbsp; Cecilia Patr\u00f3n hace equipo con los j\u00f3venes por una sola M\u00e9rida. &nbsp; -La diputada resalt\u00f3 la importancia de los j\u00f3venes para hacer cada vez m\u00e1s cambios para seguir transformando M\u00e9rida en una ciudad cada vez m\u00e1s justa y con m\u00e1s oportunidades para todas y todos [&hellip;]","og_url":"https:\/\/www.yucatanencorto.com\/noticias\/cecilia-patron-hace-equipo-con-los-jovenes\/","og_site_name":"Yucat\u00e1n en corto","article_publisher":"http:\/\/www.facebook.com\/yucatanencorto","article_published_time":"2023-12-02T21:26:10+00:00","og_image":[{"width":768,"height":512,"url":"https:\/\/www.yucatanencorto.com\/noticias\/wp-content\/uploads\/2023\/12\/IMG-20231202-WA0013-1-scaled.jpg","type":"image\/jpeg"}],"author":"Redes","twitter_card":"summary_large_image","twitter_creator":"@yucatanencorto","twitter_site":"@yucatanencorto","twitter_misc":{"Escrito por":"Redes","Tiempo de lectura":"2 minutos"},"schema":{"@context":"https:\/\/schema.org","@graph":[{"@type":"Article","@id":"https:\/\/www.yucatanencorto.com\/noticias\/cecilia-patron-hace-equipo-con-los-jovenes\/#article","isPartOf":{"@id":"https:\/\/www.yucatanencorto.com\/noticias\/cecilia-patron-hace-equipo-con-los-jovenes\/"},"author":{"name":"Redes","@id":"https:\/\/www.yucatanencorto.com\/noticias\/#\/schema\/person\/e2fbdfaf30a07014a43940ce989f3119"},"headline":"Cecilia Patr\u00f3n hace equipo con los j\u00f3venes","datePublished":"2023-12-02T21:26:10+00:00","mainEntityOfPage":{"@id":"https:\/\/www.yucatanencorto.com\/noticias\/cecilia-patron-hace-equipo-con-los-jovenes\/"},"wordCount":439,"image":{"@id":"https:\/\/www.yucatanencorto.com\/noticias\/cecilia-patron-hace-equipo-con-los-jovenes\/#primaryimage"},"thumbnailUrl":"https:\/\/www.yucatanencorto.com\/noticias\/wp-content\/uploads\/2023\/12\/IMG-20231202-WA0013-1-scaled.jpg","articleSection":["Yucat\u00e1n"],"inLanguage":"es"},{"@type":"WebPage","@id":"https:\/\/www.yucatanencorto.com\/noticias\/cecilia-patron-hace-equipo-con-los-jovenes\/","url":"https:\/\/www.yucatanencorto.com\/noticias\/cecilia-patron-hace-equipo-con-los-jovenes\/","name":"Cecilia Patr\u00f3n hace equipo con los j\u00f3venes - Yucat\u00e1n en corto","isPartOf":{"@id":"https:\/\/www.yucatanencorto.com\/noticias\/#website"},"primaryImageOfPage":{"@id":"https:\/\/www.yucatanencorto.com\/noticias\/cecilia-patron-hace-equipo-con-los-jovenes\/#primaryimage"},"image":{"@id":"https:\/\/www.yucatanencorto.com\/noticias\/cecilia-patron-hace-equipo-con-los-jovenes\/#primaryimage"},"thumbnailUrl":"https:\/\/www.yucatanencorto.com\/noticias\/wp-content\/uploads\/2023\/12\/IMG-20231202-WA0013-1-scaled.jpg","datePublished":"2023-12-02T21:26:10+00:00","author":{"@id":"https:\/\/www.yucatanencorto.com\/noticias\/#\/schema\/person\/e2fbdfaf30a07014a43940ce989f3119"},"breadcrumb":{"@id":"https:\/\/www.yucatanencorto.com\/noticias\/cecilia-patron-hace-equipo-con-los-jovenes\/#breadcrumb"},"inLanguage":"es","potentialAction":[{"@type":"ReadAction","target":["https:\/\/www.yucatanencorto.com\/noticias\/cecilia-patron-hace-equipo-con-los-jovenes\/"]}]},{"@type":"ImageObject","inLanguage":"es","@id":"https:\/\/www.yucatanencorto.com\/noticias\/cecilia-patron-hace-equipo-con-los-jovenes\/#primaryimage","url":"https:\/\/www.yucatanencorto.com\/noticias\/wp-content\/uploads\/2023\/12\/IMG-20231202-WA0013-1-scaled.jpg","contentUrl":"https:\/\/www.yucatanencorto.com\/noticias\/wp-content\/uploads\/2023\/12\/IMG-20231202-WA0013-1-scaled.jpg","width":768,"height":512},{"@type":"BreadcrumbList","@id":"https:\/\/www.yucatanencorto.com\/noticias\/cecilia-patron-hace-equipo-con-los-jovenes\/#breadcrumb","itemListElement":[{"@type":"ListItem","position":1,"name":"Portada","item":"https:\/\/www.yucatanencorto.com\/noticias\/"},{"@type":"ListItem","position":2,"name":"Cecilia Patr\u00f3n hace equipo con los j\u00f3venes"}]},{"@type":"WebSite","@id":"https:\/\/www.yucatanencorto.com\/noticias\/#website","url":"https:\/\/www.yucatanencorto.com\/noticias\/","name":"Yucat\u00e1n en corto","description":"Noticias","potentialAction":[{"@type":"SearchAction","target":{"@type":"EntryPoint","urlTemplate":"https:\/\/www.yucatanencorto.com\/noticias\/?s={search_term_string}"},"query-input":{"@type":"PropertyValueSpecification","valueRequired":true,"valueName":"search_term_string"}}],"inLanguage":"es"},{"@type":"Person","@id":"https:\/\/www.yucatanencorto.com\/noticias\/#\/schema\/person\/e2fbdfaf30a07014a43940ce989f3119","name":"Redes","image":{"@type":"ImageObject","inLanguage":"es","@id":"https:\/\/secure.gravatar.com\/avatar\/5931a2d21dd7cc834f44c8c34fe56d90ed6d536ef452cbf870c7485b524dddd7?s=96&d=mm&r=g","url":"https:\/\/secure.gravatar.com\/avatar\/5931a2d21dd7cc834f44c8c34fe56d90ed6d536ef452cbf870c7485b524dddd7?s=96&d=mm&r=g","contentUrl":"https:\/\/secure.gravatar.com\/avatar\/5931a2d21dd7cc834f44c8c34fe56d90ed6d536ef452cbf870c7485b524dddd7?s=96&d=mm&r=g","caption":"Redes"},"url":"https:\/\/www.yucatanencorto.com\/noticias\/author\/redes\/"}]}},"_links":{"self":[{"href":"https:\/\/www.yucatanencorto.com\/noticias\/wp-json\/wp\/v2\/posts\/101190","targetHints":{"allow":["GET"]}}],"collection":[{"href":"https:\/\/www.yucatanencorto.com\/noticias\/wp-json\/wp\/v2\/posts"}],"about":[{"href":"https:\/\/www.yucatanencorto.com\/noticias\/wp-json\/wp\/v2\/types\/post"}],"author":[{"embeddable":true,"href":"https:\/\/www.yucatanencorto.com\/noticias\/wp-json\/wp\/v2\/users\/3"}],"replies":[{"embeddable":true,"href":"https:\/\/www.yucatanencorto.com\/noticias\/wp-json\/wp\/v2\/comments?post=101190"}],"version-history":[{"count":0,"href":"https:\/\/www.yucatanencorto.com\/noticias\/wp-json\/wp\/v2\/posts\/101190\/revisions"}],"wp:featuredmedia":[{"embeddable":true,"href":"https:\/\/www.yucatanencorto.com\/noticias\/wp-json\/wp\/v2\/media\/101191"}],"wp:attachment":[{"href":"https:\/\/www.yucatanencorto.com\/noticias\/wp-json\/wp\/v2\/media?parent=101190"}],"wp:term":[{"taxonomy":"category","embeddable":true,"href":"https:\/\/www.yucatanencorto.com\/noticias\/wp-json\/wp\/v2\/categories?post=101190"},{"taxonomy":"post_tag","embeddable":true,"href":"https:\/\/www.yucatanencorto.com\/noticias\/wp-json\/wp\/v2\/tags?post=101190"}],"curies":[{"name":"wp","href":"https:\/\/api.w.org\/{rel}","templated":true}]}}