{"id":101451,"date":"2023-12-08T14:06:20","date_gmt":"2023-12-08T20:06:20","guid":{"rendered":"https:\/\/www.yucatanencorto.com\/noticias\/?p=101451"},"modified":"2023-12-08T14:06:20","modified_gmt":"2023-12-08T20:06:20","slug":"en-noviembre-440985-trabajadores-se-registraron-ante-el-instituto-mexicano-del-seguro-social","status":"publish","type":"post","link":"https:\/\/www.yucatanencorto.com\/noticias\/en-noviembre-440985-trabajadores-se-registraron-ante-el-instituto-mexicano-del-seguro-social\/","title":{"rendered":"En noviembre, 440,985 trabajadores se registraron ante el Instituto Mexicano del Seguro Social"},"content":{"rendered":"<p><img loading=\"lazy\" decoding=\"async\" class=\"alignnone size-full wp-image-101452\" src=\"https:\/\/www.yucatanencorto.com\/noticias\/wp-content\/uploads\/2023\/12\/image00001-32.png\" alt=\"\" width=\"768\" height=\"510\" srcset=\"https:\/\/www.yucatanencorto.com\/noticias\/wp-content\/uploads\/2023\/12\/image00001-32.png 768w, https:\/\/www.yucatanencorto.com\/noticias\/wp-content\/uploads\/2023\/12\/image00001-32-150x100.png 150w, https:\/\/www.yucatanencorto.com\/noticias\/wp-content\/uploads\/2023\/12\/image00001-32-300x199.png 300w, https:\/\/www.yucatanencorto.com\/noticias\/wp-content\/uploads\/2023\/12\/image00001-32-696x462.png 696w, https:\/\/www.yucatanencorto.com\/noticias\/wp-content\/uploads\/2023\/12\/image00001-32-1068x709.png 1068w\" sizes=\"auto, (max-width: 768px) 100vw, 768px\" \/><\/p>\n<p dir=\"ltr\">M\u00e9rida, Yucat\u00e1n, 8 de diciembre de 2023.- La transformaci\u00f3n de Yucat\u00e1n contin\u00faa en curso y muestra de ello es el nuevo registro hist\u00f3rico en generaci\u00f3n de fuentes de trabajo en noviembre, al alcanzar, 440,985 trabajadores asegurados ante el Instituto Mexicano del Seguro Social (IMSS), lo cual es resultado de la intensa promoci\u00f3n para atraer inversiones a la entidad efectuada por el Gobernador Mauricio Vila Dosal.<\/p>\n<div><\/div>\n<p dir=\"ltr\">En este sentido, el IMSS report\u00f3 que dicho m\u00e1ximo hist\u00f3rico se traduce en un crecimiento anual de 4.8% respecto al mismo mes de 2022, aumento que fue mayor al nacional de 3.2%, con lo que el estado se coloc\u00f3 en las primeras 6 posiciones a nivel nacional con mayor aumento.<\/p>\n<div><\/div>\n<p dir=\"ltr\">De tal manera que, durante la actual administraci\u00f3n de Vila Dosal, se han generado 71,445 nuevos empleos, con lo que Yucat\u00e1n se coloca entre los primeros once lugares con mayor generaci\u00f3n de empleos, cantidad que es mayor a la del promedio nacional de 69,260 y que se traduce en la generaci\u00f3n de 1,152 empleos mensuales.<\/p>\n<div><\/div>\n<p dir=\"ltr\">Cabe resaltar que, en Yucat\u00e1n, desde mayo de 2021, se han registrado 31 meses consecutivos de crecimiento anual en la cantidad de trabajadores afiliados al IMSS.<\/p>\n<div><\/div>\n<p dir=\"ltr\">Adem\u00e1s, esto significa que, entre noviembre de 2022 y 2023, 20,123 nuevas fuentes de empleo fueron creadas, mientras que de enero a noviembre de este a\u00f1o, se registr\u00f3 un crecimiento de 6.4% en el n\u00famero de trabajadores asegurados, incremento mayor al nacional de 4.8%, con lo que la entidad se ubic\u00f3 entre los primeros ocho lugares con mayor crecimiento, lo que represent\u00f3 26,546 nuevos empleos en la entidad.<\/p>\n<div><\/div>\n<p dir=\"ltr\">Cabe recordar que las acciones impulsadas por el Gobernador para generar empleo en Yucat\u00e1n, han permitido atraer inversiones de todos los sectores econ\u00f3micos, con m\u00e1s de 350 proyectos de sectores como Tecnolog\u00edas de la Informaci\u00f3n, aeroespacial, inmobiliario, agroindustrial, construcci\u00f3n, log\u00edstica, entre otros con marcas de renombre internacional como Accenture, Airbus, Heineken, Uchiyama, Woodgenix, Preh y m\u00e1s.<\/p>\n<div><\/div>\n<p dir=\"ltr\">Muestra de ello, el primer Centro de Distribuci\u00f3n de Mercado Libre del sureste del pa\u00eds se instal\u00f3 en el estado, espec\u00edficamente en el municipio de Um\u00e1n, donde ya laboran 250 personas, con la proyecci\u00f3n de llegar a tener hasta 1,000 colaboradores. Esta inversi\u00f3n se suma a otras como la de Farmacias Similares, Amazon y Walmart.<\/p>\n<div><\/div>\n<p dir=\"ltr\">\u00a0Es as\u00ed que, la administraci\u00f3n de Vila Dosal reafirma su compromiso de continuar trabajando en equipo para beneficio de todas y todos los yucatecos a fin de seguir generando los empleos de calidad necesarios, impulsando de esta forma la econom\u00eda local y elevando la calidad de vida de las familias.<\/p>\n","protected":false},"excerpt":{"rendered":"<p>M\u00e9rida, Yucat\u00e1n, 8 de diciembre de 2023.- La transformaci\u00f3n de Yucat\u00e1n contin\u00faa en curso y muestra de ello es el nuevo registro hist\u00f3rico en generaci\u00f3n de fuentes de trabajo en noviembre, al alcanzar, 440,985 trabajadores asegurados ante el Instituto Mexicano del Seguro Social (IMSS), lo cual es resultado de la intensa promoci\u00f3n para atraer inversiones [&hellip;]<\/p>\n","protected":false},"author":3,"featured_media":101452,"comment_status":"closed","ping_status":"closed","sticky":false,"template":"","format":"standard","meta":{"footnotes":""},"categories":[3],"tags":[],"class_list":{"0":"post-101451","1":"post","2":"type-post","3":"status-publish","4":"format-standard","5":"has-post-thumbnail","7":"category-yucatan"},"yoast_head":"<!-- This site is optimized with the Yoast SEO plugin v27.4 - https:\/\/yoast.com\/product\/yoast-seo-wordpress\/ -->\n<title>En noviembre, 440,985 trabajadores se registraron ante el Instituto Mexicano del Seguro Social - Yucat\u00e1n en corto<\/title>\n<meta name=\"robots\" content=\"index, follow, max-snippet:-1, max-image-preview:large, max-video-preview:-1\" \/>\n<link rel=\"canonical\" href=\"https:\/\/www.yucatanencorto.com\/noticias\/en-noviembre-440985-trabajadores-se-registraron-ante-el-instituto-mexicano-del-seguro-social\/\" \/>\n<meta property=\"og:locale\" content=\"es_ES\" \/>\n<meta property=\"og:type\" content=\"article\" \/>\n<meta property=\"og:title\" content=\"En noviembre, 440,985 trabajadores se registraron ante el Instituto Mexicano del Seguro Social - Yucat\u00e1n en corto\" \/>\n<meta property=\"og:description\" content=\"M\u00e9rida, Yucat\u00e1n, 8 de diciembre de 2023.- La transformaci\u00f3n de Yucat\u00e1n contin\u00faa en curso y muestra de ello es el nuevo registro hist\u00f3rico en generaci\u00f3n de fuentes de trabajo en noviembre, al alcanzar, 440,985 trabajadores asegurados ante el Instituto Mexicano del Seguro Social (IMSS), lo cual es resultado de la intensa promoci\u00f3n para atraer inversiones [&hellip;]\" \/>\n<meta property=\"og:url\" content=\"https:\/\/www.yucatanencorto.com\/noticias\/en-noviembre-440985-trabajadores-se-registraron-ante-el-instituto-mexicano-del-seguro-social\/\" \/>\n<meta property=\"og:site_name\" content=\"Yucat\u00e1n en corto\" \/>\n<meta property=\"article:publisher\" content=\"http:\/\/www.facebook.com\/yucatanencorto\" \/>\n<meta property=\"article:published_time\" content=\"2023-12-08T20:06:20+00:00\" \/>\n<meta property=\"og:image\" content=\"https:\/\/www.yucatanencorto.com\/noticias\/wp-content\/uploads\/2023\/12\/image00001-32.png\" \/>\n\t<meta property=\"og:image:width\" content=\"768\" \/>\n\t<meta property=\"og:image:height\" content=\"510\" \/>\n\t<meta property=\"og:image:type\" content=\"image\/png\" \/>\n<meta name=\"author\" content=\"Redes\" \/>\n<meta name=\"twitter:card\" content=\"summary_large_image\" \/>\n<meta name=\"twitter:creator\" content=\"@yucatanencorto\" \/>\n<meta name=\"twitter:site\" content=\"@yucatanencorto\" \/>\n<meta name=\"twitter:label1\" content=\"Escrito por\" \/>\n\t<meta name=\"twitter:data1\" content=\"Redes\" \/>\n\t<meta name=\"twitter:label2\" content=\"Tiempo de lectura\" \/>\n\t<meta name=\"twitter:data2\" content=\"2 minutos\" \/>\n<script type=\"application\/ld+json\" class=\"yoast-schema-graph\">{\"@context\":\"https:\\\/\\\/schema.org\",\"@graph\":[{\"@type\":\"Article\",\"@id\":\"https:\\\/\\\/www.yucatanencorto.com\\\/noticias\\\/en-noviembre-440985-trabajadores-se-registraron-ante-el-instituto-mexicano-del-seguro-social\\\/#article\",\"isPartOf\":{\"@id\":\"https:\\\/\\\/www.yucatanencorto.com\\\/noticias\\\/en-noviembre-440985-trabajadores-se-registraron-ante-el-instituto-mexicano-del-seguro-social\\\/\"},\"author\":{\"name\":\"Redes\",\"@id\":\"https:\\\/\\\/www.yucatanencorto.com\\\/noticias\\\/#\\\/schema\\\/person\\\/e2fbdfaf30a07014a43940ce989f3119\"},\"headline\":\"En noviembre, 440,985 trabajadores se registraron ante el Instituto Mexicano del Seguro Social\",\"datePublished\":\"2023-12-08T20:06:20+00:00\",\"mainEntityOfPage\":{\"@id\":\"https:\\\/\\\/www.yucatanencorto.com\\\/noticias\\\/en-noviembre-440985-trabajadores-se-registraron-ante-el-instituto-mexicano-del-seguro-social\\\/\"},\"wordCount\":451,\"image\":{\"@id\":\"https:\\\/\\\/www.yucatanencorto.com\\\/noticias\\\/en-noviembre-440985-trabajadores-se-registraron-ante-el-instituto-mexicano-del-seguro-social\\\/#primaryimage\"},\"thumbnailUrl\":\"https:\\\/\\\/www.yucatanencorto.com\\\/noticias\\\/wp-content\\\/uploads\\\/2023\\\/12\\\/image00001-32.png\",\"articleSection\":[\"Yucat\u00e1n\"],\"inLanguage\":\"es\"},{\"@type\":\"WebPage\",\"@id\":\"https:\\\/\\\/www.yucatanencorto.com\\\/noticias\\\/en-noviembre-440985-trabajadores-se-registraron-ante-el-instituto-mexicano-del-seguro-social\\\/\",\"url\":\"https:\\\/\\\/www.yucatanencorto.com\\\/noticias\\\/en-noviembre-440985-trabajadores-se-registraron-ante-el-instituto-mexicano-del-seguro-social\\\/\",\"name\":\"En noviembre, 440,985 trabajadores se registraron ante el Instituto Mexicano del Seguro Social - Yucat\u00e1n en corto\",\"isPartOf\":{\"@id\":\"https:\\\/\\\/www.yucatanencorto.com\\\/noticias\\\/#website\"},\"primaryImageOfPage\":{\"@id\":\"https:\\\/\\\/www.yucatanencorto.com\\\/noticias\\\/en-noviembre-440985-trabajadores-se-registraron-ante-el-instituto-mexicano-del-seguro-social\\\/#primaryimage\"},\"image\":{\"@id\":\"https:\\\/\\\/www.yucatanencorto.com\\\/noticias\\\/en-noviembre-440985-trabajadores-se-registraron-ante-el-instituto-mexicano-del-seguro-social\\\/#primaryimage\"},\"thumbnailUrl\":\"https:\\\/\\\/www.yucatanencorto.com\\\/noticias\\\/wp-content\\\/uploads\\\/2023\\\/12\\\/image00001-32.png\",\"datePublished\":\"2023-12-08T20:06:20+00:00\",\"author\":{\"@id\":\"https:\\\/\\\/www.yucatanencorto.com\\\/noticias\\\/#\\\/schema\\\/person\\\/e2fbdfaf30a07014a43940ce989f3119\"},\"breadcrumb\":{\"@id\":\"https:\\\/\\\/www.yucatanencorto.com\\\/noticias\\\/en-noviembre-440985-trabajadores-se-registraron-ante-el-instituto-mexicano-del-seguro-social\\\/#breadcrumb\"},\"inLanguage\":\"es\",\"potentialAction\":[{\"@type\":\"ReadAction\",\"target\":[\"https:\\\/\\\/www.yucatanencorto.com\\\/noticias\\\/en-noviembre-440985-trabajadores-se-registraron-ante-el-instituto-mexicano-del-seguro-social\\\/\"]}]},{\"@type\":\"ImageObject\",\"inLanguage\":\"es\",\"@id\":\"https:\\\/\\\/www.yucatanencorto.com\\\/noticias\\\/en-noviembre-440985-trabajadores-se-registraron-ante-el-instituto-mexicano-del-seguro-social\\\/#primaryimage\",\"url\":\"https:\\\/\\\/www.yucatanencorto.com\\\/noticias\\\/wp-content\\\/uploads\\\/2023\\\/12\\\/image00001-32.png\",\"contentUrl\":\"https:\\\/\\\/www.yucatanencorto.com\\\/noticias\\\/wp-content\\\/uploads\\\/2023\\\/12\\\/image00001-32.png\",\"width\":768,\"height\":510},{\"@type\":\"BreadcrumbList\",\"@id\":\"https:\\\/\\\/www.yucatanencorto.com\\\/noticias\\\/en-noviembre-440985-trabajadores-se-registraron-ante-el-instituto-mexicano-del-seguro-social\\\/#breadcrumb\",\"itemListElement\":[{\"@type\":\"ListItem\",\"position\":1,\"name\":\"Portada\",\"item\":\"https:\\\/\\\/www.yucatanencorto.com\\\/noticias\\\/\"},{\"@type\":\"ListItem\",\"position\":2,\"name\":\"En noviembre, 440,985 trabajadores se registraron ante el Instituto Mexicano del Seguro Social\"}]},{\"@type\":\"WebSite\",\"@id\":\"https:\\\/\\\/www.yucatanencorto.com\\\/noticias\\\/#website\",\"url\":\"https:\\\/\\\/www.yucatanencorto.com\\\/noticias\\\/\",\"name\":\"Yucat\u00e1n en corto\",\"description\":\"Noticias\",\"potentialAction\":[{\"@type\":\"SearchAction\",\"target\":{\"@type\":\"EntryPoint\",\"urlTemplate\":\"https:\\\/\\\/www.yucatanencorto.com\\\/noticias\\\/?s={search_term_string}\"},\"query-input\":{\"@type\":\"PropertyValueSpecification\",\"valueRequired\":true,\"valueName\":\"search_term_string\"}}],\"inLanguage\":\"es\"},{\"@type\":\"Person\",\"@id\":\"https:\\\/\\\/www.yucatanencorto.com\\\/noticias\\\/#\\\/schema\\\/person\\\/e2fbdfaf30a07014a43940ce989f3119\",\"name\":\"Redes\",\"image\":{\"@type\":\"ImageObject\",\"inLanguage\":\"es\",\"@id\":\"https:\\\/\\\/secure.gravatar.com\\\/avatar\\\/5931a2d21dd7cc834f44c8c34fe56d90ed6d536ef452cbf870c7485b524dddd7?s=96&d=mm&r=g\",\"url\":\"https:\\\/\\\/secure.gravatar.com\\\/avatar\\\/5931a2d21dd7cc834f44c8c34fe56d90ed6d536ef452cbf870c7485b524dddd7?s=96&d=mm&r=g\",\"contentUrl\":\"https:\\\/\\\/secure.gravatar.com\\\/avatar\\\/5931a2d21dd7cc834f44c8c34fe56d90ed6d536ef452cbf870c7485b524dddd7?s=96&d=mm&r=g\",\"caption\":\"Redes\"},\"url\":\"https:\\\/\\\/www.yucatanencorto.com\\\/noticias\\\/author\\\/redes\\\/\"}]}<\/script>\n<!-- \/ Yoast SEO plugin. -->","yoast_head_json":{"title":"En noviembre, 440,985 trabajadores se registraron ante el Instituto Mexicano del Seguro Social - Yucat\u00e1n en corto","robots":{"index":"index","follow":"follow","max-snippet":"max-snippet:-1","max-image-preview":"max-image-preview:large","max-video-preview":"max-video-preview:-1"},"canonical":"https:\/\/www.yucatanencorto.com\/noticias\/en-noviembre-440985-trabajadores-se-registraron-ante-el-instituto-mexicano-del-seguro-social\/","og_locale":"es_ES","og_type":"article","og_title":"En noviembre, 440,985 trabajadores se registraron ante el Instituto Mexicano del Seguro Social - Yucat\u00e1n en corto","og_description":"M\u00e9rida, Yucat\u00e1n, 8 de diciembre de 2023.- La transformaci\u00f3n de Yucat\u00e1n contin\u00faa en curso y muestra de ello es el nuevo registro hist\u00f3rico en generaci\u00f3n de fuentes de trabajo en noviembre, al alcanzar, 440,985 trabajadores asegurados ante el Instituto Mexicano del Seguro Social (IMSS), lo cual es resultado de la intensa promoci\u00f3n para atraer inversiones [&hellip;]","og_url":"https:\/\/www.yucatanencorto.com\/noticias\/en-noviembre-440985-trabajadores-se-registraron-ante-el-instituto-mexicano-del-seguro-social\/","og_site_name":"Yucat\u00e1n en corto","article_publisher":"http:\/\/www.facebook.com\/yucatanencorto","article_published_time":"2023-12-08T20:06:20+00:00","og_image":[{"width":768,"height":510,"url":"https:\/\/www.yucatanencorto.com\/noticias\/wp-content\/uploads\/2023\/12\/image00001-32.png","type":"image\/png"}],"author":"Redes","twitter_card":"summary_large_image","twitter_creator":"@yucatanencorto","twitter_site":"@yucatanencorto","twitter_misc":{"Escrito por":"Redes","Tiempo de lectura":"2 minutos"},"schema":{"@context":"https:\/\/schema.org","@graph":[{"@type":"Article","@id":"https:\/\/www.yucatanencorto.com\/noticias\/en-noviembre-440985-trabajadores-se-registraron-ante-el-instituto-mexicano-del-seguro-social\/#article","isPartOf":{"@id":"https:\/\/www.yucatanencorto.com\/noticias\/en-noviembre-440985-trabajadores-se-registraron-ante-el-instituto-mexicano-del-seguro-social\/"},"author":{"name":"Redes","@id":"https:\/\/www.yucatanencorto.com\/noticias\/#\/schema\/person\/e2fbdfaf30a07014a43940ce989f3119"},"headline":"En noviembre, 440,985 trabajadores se registraron ante el Instituto Mexicano del Seguro Social","datePublished":"2023-12-08T20:06:20+00:00","mainEntityOfPage":{"@id":"https:\/\/www.yucatanencorto.com\/noticias\/en-noviembre-440985-trabajadores-se-registraron-ante-el-instituto-mexicano-del-seguro-social\/"},"wordCount":451,"image":{"@id":"https:\/\/www.yucatanencorto.com\/noticias\/en-noviembre-440985-trabajadores-se-registraron-ante-el-instituto-mexicano-del-seguro-social\/#primaryimage"},"thumbnailUrl":"https:\/\/www.yucatanencorto.com\/noticias\/wp-content\/uploads\/2023\/12\/image00001-32.png","articleSection":["Yucat\u00e1n"],"inLanguage":"es"},{"@type":"WebPage","@id":"https:\/\/www.yucatanencorto.com\/noticias\/en-noviembre-440985-trabajadores-se-registraron-ante-el-instituto-mexicano-del-seguro-social\/","url":"https:\/\/www.yucatanencorto.com\/noticias\/en-noviembre-440985-trabajadores-se-registraron-ante-el-instituto-mexicano-del-seguro-social\/","name":"En noviembre, 440,985 trabajadores se registraron ante el Instituto Mexicano del Seguro Social - Yucat\u00e1n en corto","isPartOf":{"@id":"https:\/\/www.yucatanencorto.com\/noticias\/#website"},"primaryImageOfPage":{"@id":"https:\/\/www.yucatanencorto.com\/noticias\/en-noviembre-440985-trabajadores-se-registraron-ante-el-instituto-mexicano-del-seguro-social\/#primaryimage"},"image":{"@id":"https:\/\/www.yucatanencorto.com\/noticias\/en-noviembre-440985-trabajadores-se-registraron-ante-el-instituto-mexicano-del-seguro-social\/#primaryimage"},"thumbnailUrl":"https:\/\/www.yucatanencorto.com\/noticias\/wp-content\/uploads\/2023\/12\/image00001-32.png","datePublished":"2023-12-08T20:06:20+00:00","author":{"@id":"https:\/\/www.yucatanencorto.com\/noticias\/#\/schema\/person\/e2fbdfaf30a07014a43940ce989f3119"},"breadcrumb":{"@id":"https:\/\/www.yucatanencorto.com\/noticias\/en-noviembre-440985-trabajadores-se-registraron-ante-el-instituto-mexicano-del-seguro-social\/#breadcrumb"},"inLanguage":"es","potentialAction":[{"@type":"ReadAction","target":["https:\/\/www.yucatanencorto.com\/noticias\/en-noviembre-440985-trabajadores-se-registraron-ante-el-instituto-mexicano-del-seguro-social\/"]}]},{"@type":"ImageObject","inLanguage":"es","@id":"https:\/\/www.yucatanencorto.com\/noticias\/en-noviembre-440985-trabajadores-se-registraron-ante-el-instituto-mexicano-del-seguro-social\/#primaryimage","url":"https:\/\/www.yucatanencorto.com\/noticias\/wp-content\/uploads\/2023\/12\/image00001-32.png","contentUrl":"https:\/\/www.yucatanencorto.com\/noticias\/wp-content\/uploads\/2023\/12\/image00001-32.png","width":768,"height":510},{"@type":"BreadcrumbList","@id":"https:\/\/www.yucatanencorto.com\/noticias\/en-noviembre-440985-trabajadores-se-registraron-ante-el-instituto-mexicano-del-seguro-social\/#breadcrumb","itemListElement":[{"@type":"ListItem","position":1,"name":"Portada","item":"https:\/\/www.yucatanencorto.com\/noticias\/"},{"@type":"ListItem","position":2,"name":"En noviembre, 440,985 trabajadores se registraron ante el Instituto Mexicano del Seguro Social"}]},{"@type":"WebSite","@id":"https:\/\/www.yucatanencorto.com\/noticias\/#website","url":"https:\/\/www.yucatanencorto.com\/noticias\/","name":"Yucat\u00e1n en corto","description":"Noticias","potentialAction":[{"@type":"SearchAction","target":{"@type":"EntryPoint","urlTemplate":"https:\/\/www.yucatanencorto.com\/noticias\/?s={search_term_string}"},"query-input":{"@type":"PropertyValueSpecification","valueRequired":true,"valueName":"search_term_string"}}],"inLanguage":"es"},{"@type":"Person","@id":"https:\/\/www.yucatanencorto.com\/noticias\/#\/schema\/person\/e2fbdfaf30a07014a43940ce989f3119","name":"Redes","image":{"@type":"ImageObject","inLanguage":"es","@id":"https:\/\/secure.gravatar.com\/avatar\/5931a2d21dd7cc834f44c8c34fe56d90ed6d536ef452cbf870c7485b524dddd7?s=96&d=mm&r=g","url":"https:\/\/secure.gravatar.com\/avatar\/5931a2d21dd7cc834f44c8c34fe56d90ed6d536ef452cbf870c7485b524dddd7?s=96&d=mm&r=g","contentUrl":"https:\/\/secure.gravatar.com\/avatar\/5931a2d21dd7cc834f44c8c34fe56d90ed6d536ef452cbf870c7485b524dddd7?s=96&d=mm&r=g","caption":"Redes"},"url":"https:\/\/www.yucatanencorto.com\/noticias\/author\/redes\/"}]}},"_links":{"self":[{"href":"https:\/\/www.yucatanencorto.com\/noticias\/wp-json\/wp\/v2\/posts\/101451","targetHints":{"allow":["GET"]}}],"collection":[{"href":"https:\/\/www.yucatanencorto.com\/noticias\/wp-json\/wp\/v2\/posts"}],"about":[{"href":"https:\/\/www.yucatanencorto.com\/noticias\/wp-json\/wp\/v2\/types\/post"}],"author":[{"embeddable":true,"href":"https:\/\/www.yucatanencorto.com\/noticias\/wp-json\/wp\/v2\/users\/3"}],"replies":[{"embeddable":true,"href":"https:\/\/www.yucatanencorto.com\/noticias\/wp-json\/wp\/v2\/comments?post=101451"}],"version-history":[{"count":0,"href":"https:\/\/www.yucatanencorto.com\/noticias\/wp-json\/wp\/v2\/posts\/101451\/revisions"}],"wp:featuredmedia":[{"embeddable":true,"href":"https:\/\/www.yucatanencorto.com\/noticias\/wp-json\/wp\/v2\/media\/101452"}],"wp:attachment":[{"href":"https:\/\/www.yucatanencorto.com\/noticias\/wp-json\/wp\/v2\/media?parent=101451"}],"wp:term":[{"taxonomy":"category","embeddable":true,"href":"https:\/\/www.yucatanencorto.com\/noticias\/wp-json\/wp\/v2\/categories?post=101451"},{"taxonomy":"post_tag","embeddable":true,"href":"https:\/\/www.yucatanencorto.com\/noticias\/wp-json\/wp\/v2\/tags?post=101451"}],"curies":[{"name":"wp","href":"https:\/\/api.w.org\/{rel}","templated":true}]}}