{"id":101456,"date":"2023-12-08T15:03:50","date_gmt":"2023-12-08T21:03:50","guid":{"rendered":"https:\/\/www.yucatanencorto.com\/noticias\/?p=101456"},"modified":"2023-12-08T15:03:50","modified_gmt":"2023-12-08T21:03:50","slug":"anuncian-al-recipiendario-de-la-medalla-hector-victoria-aguilar","status":"publish","type":"post","link":"https:\/\/www.yucatanencorto.com\/noticias\/anuncian-al-recipiendario-de-la-medalla-hector-victoria-aguilar\/","title":{"rendered":"Anuncian al recipiendario de la Medalla H\u00e9ctor Victoria Aguilar"},"content":{"rendered":"<p><img loading=\"lazy\" decoding=\"async\" class=\"alignnone size-full wp-image-101457\" src=\"https:\/\/www.yucatanencorto.com\/noticias\/wp-content\/uploads\/2023\/12\/IMG-20231208-WA0009-scaled.jpg\" alt=\"\" width=\"768\" height=\"512\" srcset=\"https:\/\/www.yucatanencorto.com\/noticias\/wp-content\/uploads\/2023\/12\/IMG-20231208-WA0009-scaled.jpg 768w, https:\/\/www.yucatanencorto.com\/noticias\/wp-content\/uploads\/2023\/12\/IMG-20231208-WA0009-150x100.jpg 150w, https:\/\/www.yucatanencorto.com\/noticias\/wp-content\/uploads\/2023\/12\/IMG-20231208-WA0009-300x200.jpg 300w, https:\/\/www.yucatanencorto.com\/noticias\/wp-content\/uploads\/2023\/12\/IMG-20231208-WA0009-696x464.jpg 696w, https:\/\/www.yucatanencorto.com\/noticias\/wp-content\/uploads\/2023\/12\/IMG-20231208-WA0009-1068x712.jpg 1068w\" sizes=\"auto, (max-width: 768px) 100vw, 768px\" \/><\/p>\n<p>M\u00e9rida, Yucat\u00e1n a 8 de diciembre de 2023<\/p>\n<p>&nbsp;<\/p>\n<p>Las y los diputados de la comisi\u00f3n de Postulaci\u00f3n de la Medalla \u201cH\u00e9ctor Victoria Aguilar del H. Congreso del Estado\u201d aprobaron el proyecto de dictamen que contiene el nombre del recipiendario de la citada presea.<\/p>\n<p>&nbsp;<\/p>\n<p>En ese sentido, ser\u00e1 Jos\u00e9 Trinidad Molina Casares a quien se le reconocer\u00e1 con la medalla de honor por su empe\u00f1o y labor humanista en beneficio del estado.<\/p>\n<p>&nbsp;<\/p>\n<p>Durante la sesi\u00f3n de la comisi\u00f3n de Postulaci\u00f3n \u201cConsuelo Zavala Castillo del H. Congreso del Estado\u201d, se dio lectura a la convocatoria dirigida a los poderes del estado, organizaciones sociales y culturales, colegios, medios de comunicaci\u00f3n y asociaciones civiles, entre otros, para que presenten a las personas que formar\u00e1n parte de la lista de candidatas para recibir el reconocimiento.<\/p>\n<p>&nbsp;<\/p>\n<p>Este se entrega a aquellas mujeres que se hayan destacado en el \u00e1rea de la ciencia, cultura, pol\u00edtica, econom\u00eda y la lucha social en favor de la igualdad de g\u00e9nero, promoci\u00f3n, fomento y defensa de los derechos humanos de las mujeres.<\/p>\n<p>&nbsp;<\/p>\n<p>En la comisi\u00f3n de Justicia y Seguridad P\u00fablica se aprobaron diversos proyectos de dict\u00e1menes que ser\u00e1n discutidos y en su caso aprobados en el Pleno.<\/p>\n<p>&nbsp;<\/p>\n<p>Se aprob\u00f3 el proyecto de dictamen de la iniciativa de Ley en materia de desaparici\u00f3n forzada de personas y desaparici\u00f3n cometida por particulares para el estado.<\/p>\n<p>&nbsp;<\/p>\n<p>Tambi\u00e9n, el proyecto de dictamen para reformar el C\u00f3digo Penal en materia de abuso sexual en espacios y transporte p\u00fablico.<\/p>\n<p>&nbsp;<\/p>\n<p>Otro dictamen aprobado es el referente a la reforma de diversos art\u00edculos del C\u00f3digo Penal sobre delitos de violencia familiar y sexual.<\/p>\n<p>&nbsp;<\/p>\n<p>Por \u00faltimo, en la comisi\u00f3n de Arte y Cultura aprobaron el proyecto de dictamen para declarar al Teatro Regional Yucateco Patrimonio Cultural Intangible del Estado.<\/p>\n<p>&nbsp;<\/p>\n<p>Solicitaron el proyecto de dictamen de la iniciativa para crear el \u201cReconocimiento al M\u00e9rito Agropecuario\u201d.<\/p>\n<p>&nbsp;<\/p>\n<p>Finalmente, distribuyeron las iniciativas para declarar el \u201c18 de Noviembre, D\u00eda Estatal de la Representaci\u00f3n Pol\u00edtica de las Mujeres en Yucat\u00e1n; otras para declarar el Janal Pix\u00e1n, al conjunto de t\u00e9cnicas y conocimientos relativos al \u201cBordado Maya Yucateco\u201d y al levantamiento popular acontecido el 4 de junio de 1910 en Valladolid, conocido como \u201cLa chispa de la rebeli\u00f3n de Valladolid\u201d, precursor de la Revoluci\u00f3n Social Mexicana, como Patrimonio Cultural Intangible del Estado.<\/p>\n","protected":false},"excerpt":{"rendered":"<p>M\u00e9rida, Yucat\u00e1n a 8 de diciembre de 2023 &nbsp; Las y los diputados de la comisi\u00f3n de Postulaci\u00f3n de la Medalla \u201cH\u00e9ctor Victoria Aguilar del H. Congreso del Estado\u201d aprobaron el proyecto de dictamen que contiene el nombre del recipiendario de la citada presea. &nbsp; En ese sentido, ser\u00e1 Jos\u00e9 Trinidad Molina Casares a quien [&hellip;]<\/p>\n","protected":false},"author":3,"featured_media":101457,"comment_status":"closed","ping_status":"closed","sticky":false,"template":"","format":"standard","meta":{"footnotes":""},"categories":[3],"tags":[],"class_list":{"0":"post-101456","1":"post","2":"type-post","3":"status-publish","4":"format-standard","5":"has-post-thumbnail","7":"category-yucatan"},"yoast_head":"<!-- This site is optimized with the Yoast SEO plugin v27.4 - https:\/\/yoast.com\/product\/yoast-seo-wordpress\/ -->\n<title>Anuncian al recipiendario de la Medalla H\u00e9ctor Victoria Aguilar - Yucat\u00e1n en corto<\/title>\n<meta name=\"robots\" content=\"index, follow, max-snippet:-1, max-image-preview:large, max-video-preview:-1\" \/>\n<link rel=\"canonical\" href=\"https:\/\/www.yucatanencorto.com\/noticias\/anuncian-al-recipiendario-de-la-medalla-hector-victoria-aguilar\/\" \/>\n<meta property=\"og:locale\" content=\"es_ES\" \/>\n<meta property=\"og:type\" content=\"article\" \/>\n<meta property=\"og:title\" content=\"Anuncian al recipiendario de la Medalla H\u00e9ctor Victoria Aguilar - Yucat\u00e1n en corto\" \/>\n<meta property=\"og:description\" content=\"M\u00e9rida, Yucat\u00e1n a 8 de diciembre de 2023 &nbsp; Las y los diputados de la comisi\u00f3n de Postulaci\u00f3n de la Medalla \u201cH\u00e9ctor Victoria Aguilar del H. Congreso del Estado\u201d aprobaron el proyecto de dictamen que contiene el nombre del recipiendario de la citada presea. &nbsp; En ese sentido, ser\u00e1 Jos\u00e9 Trinidad Molina Casares a quien [&hellip;]\" \/>\n<meta property=\"og:url\" content=\"https:\/\/www.yucatanencorto.com\/noticias\/anuncian-al-recipiendario-de-la-medalla-hector-victoria-aguilar\/\" \/>\n<meta property=\"og:site_name\" content=\"Yucat\u00e1n en corto\" \/>\n<meta property=\"article:publisher\" content=\"http:\/\/www.facebook.com\/yucatanencorto\" \/>\n<meta property=\"article:published_time\" content=\"2023-12-08T21:03:50+00:00\" \/>\n<meta property=\"og:image\" content=\"https:\/\/www.yucatanencorto.com\/noticias\/wp-content\/uploads\/2023\/12\/IMG-20231208-WA0009-scaled.jpg\" \/>\n\t<meta property=\"og:image:width\" content=\"768\" \/>\n\t<meta property=\"og:image:height\" content=\"512\" \/>\n\t<meta property=\"og:image:type\" content=\"image\/jpeg\" \/>\n<meta name=\"author\" content=\"Redes\" \/>\n<meta name=\"twitter:card\" content=\"summary_large_image\" \/>\n<meta name=\"twitter:creator\" content=\"@yucatanencorto\" \/>\n<meta name=\"twitter:site\" content=\"@yucatanencorto\" \/>\n<meta name=\"twitter:label1\" content=\"Escrito por\" \/>\n\t<meta name=\"twitter:data1\" content=\"Redes\" \/>\n\t<meta name=\"twitter:label2\" content=\"Tiempo de lectura\" \/>\n\t<meta name=\"twitter:data2\" content=\"2 minutos\" \/>\n<script type=\"application\/ld+json\" class=\"yoast-schema-graph\">{\"@context\":\"https:\\\/\\\/schema.org\",\"@graph\":[{\"@type\":\"Article\",\"@id\":\"https:\\\/\\\/www.yucatanencorto.com\\\/noticias\\\/anuncian-al-recipiendario-de-la-medalla-hector-victoria-aguilar\\\/#article\",\"isPartOf\":{\"@id\":\"https:\\\/\\\/www.yucatanencorto.com\\\/noticias\\\/anuncian-al-recipiendario-de-la-medalla-hector-victoria-aguilar\\\/\"},\"author\":{\"name\":\"Redes\",\"@id\":\"https:\\\/\\\/www.yucatanencorto.com\\\/noticias\\\/#\\\/schema\\\/person\\\/e2fbdfaf30a07014a43940ce989f3119\"},\"headline\":\"Anuncian al recipiendario de la Medalla H\u00e9ctor Victoria Aguilar\",\"datePublished\":\"2023-12-08T21:03:50+00:00\",\"mainEntityOfPage\":{\"@id\":\"https:\\\/\\\/www.yucatanencorto.com\\\/noticias\\\/anuncian-al-recipiendario-de-la-medalla-hector-victoria-aguilar\\\/\"},\"wordCount\":428,\"image\":{\"@id\":\"https:\\\/\\\/www.yucatanencorto.com\\\/noticias\\\/anuncian-al-recipiendario-de-la-medalla-hector-victoria-aguilar\\\/#primaryimage\"},\"thumbnailUrl\":\"https:\\\/\\\/www.yucatanencorto.com\\\/noticias\\\/wp-content\\\/uploads\\\/2023\\\/12\\\/IMG-20231208-WA0009-scaled.jpg\",\"articleSection\":[\"Yucat\u00e1n\"],\"inLanguage\":\"es\"},{\"@type\":\"WebPage\",\"@id\":\"https:\\\/\\\/www.yucatanencorto.com\\\/noticias\\\/anuncian-al-recipiendario-de-la-medalla-hector-victoria-aguilar\\\/\",\"url\":\"https:\\\/\\\/www.yucatanencorto.com\\\/noticias\\\/anuncian-al-recipiendario-de-la-medalla-hector-victoria-aguilar\\\/\",\"name\":\"Anuncian al recipiendario de la Medalla H\u00e9ctor Victoria Aguilar - Yucat\u00e1n en corto\",\"isPartOf\":{\"@id\":\"https:\\\/\\\/www.yucatanencorto.com\\\/noticias\\\/#website\"},\"primaryImageOfPage\":{\"@id\":\"https:\\\/\\\/www.yucatanencorto.com\\\/noticias\\\/anuncian-al-recipiendario-de-la-medalla-hector-victoria-aguilar\\\/#primaryimage\"},\"image\":{\"@id\":\"https:\\\/\\\/www.yucatanencorto.com\\\/noticias\\\/anuncian-al-recipiendario-de-la-medalla-hector-victoria-aguilar\\\/#primaryimage\"},\"thumbnailUrl\":\"https:\\\/\\\/www.yucatanencorto.com\\\/noticias\\\/wp-content\\\/uploads\\\/2023\\\/12\\\/IMG-20231208-WA0009-scaled.jpg\",\"datePublished\":\"2023-12-08T21:03:50+00:00\",\"author\":{\"@id\":\"https:\\\/\\\/www.yucatanencorto.com\\\/noticias\\\/#\\\/schema\\\/person\\\/e2fbdfaf30a07014a43940ce989f3119\"},\"breadcrumb\":{\"@id\":\"https:\\\/\\\/www.yucatanencorto.com\\\/noticias\\\/anuncian-al-recipiendario-de-la-medalla-hector-victoria-aguilar\\\/#breadcrumb\"},\"inLanguage\":\"es\",\"potentialAction\":[{\"@type\":\"ReadAction\",\"target\":[\"https:\\\/\\\/www.yucatanencorto.com\\\/noticias\\\/anuncian-al-recipiendario-de-la-medalla-hector-victoria-aguilar\\\/\"]}]},{\"@type\":\"ImageObject\",\"inLanguage\":\"es\",\"@id\":\"https:\\\/\\\/www.yucatanencorto.com\\\/noticias\\\/anuncian-al-recipiendario-de-la-medalla-hector-victoria-aguilar\\\/#primaryimage\",\"url\":\"https:\\\/\\\/www.yucatanencorto.com\\\/noticias\\\/wp-content\\\/uploads\\\/2023\\\/12\\\/IMG-20231208-WA0009-scaled.jpg\",\"contentUrl\":\"https:\\\/\\\/www.yucatanencorto.com\\\/noticias\\\/wp-content\\\/uploads\\\/2023\\\/12\\\/IMG-20231208-WA0009-scaled.jpg\",\"width\":768,\"height\":512},{\"@type\":\"BreadcrumbList\",\"@id\":\"https:\\\/\\\/www.yucatanencorto.com\\\/noticias\\\/anuncian-al-recipiendario-de-la-medalla-hector-victoria-aguilar\\\/#breadcrumb\",\"itemListElement\":[{\"@type\":\"ListItem\",\"position\":1,\"name\":\"Portada\",\"item\":\"https:\\\/\\\/www.yucatanencorto.com\\\/noticias\\\/\"},{\"@type\":\"ListItem\",\"position\":2,\"name\":\"Anuncian al recipiendario de la Medalla H\u00e9ctor Victoria Aguilar\"}]},{\"@type\":\"WebSite\",\"@id\":\"https:\\\/\\\/www.yucatanencorto.com\\\/noticias\\\/#website\",\"url\":\"https:\\\/\\\/www.yucatanencorto.com\\\/noticias\\\/\",\"name\":\"Yucat\u00e1n en corto\",\"description\":\"Noticias\",\"potentialAction\":[{\"@type\":\"SearchAction\",\"target\":{\"@type\":\"EntryPoint\",\"urlTemplate\":\"https:\\\/\\\/www.yucatanencorto.com\\\/noticias\\\/?s={search_term_string}\"},\"query-input\":{\"@type\":\"PropertyValueSpecification\",\"valueRequired\":true,\"valueName\":\"search_term_string\"}}],\"inLanguage\":\"es\"},{\"@type\":\"Person\",\"@id\":\"https:\\\/\\\/www.yucatanencorto.com\\\/noticias\\\/#\\\/schema\\\/person\\\/e2fbdfaf30a07014a43940ce989f3119\",\"name\":\"Redes\",\"image\":{\"@type\":\"ImageObject\",\"inLanguage\":\"es\",\"@id\":\"https:\\\/\\\/secure.gravatar.com\\\/avatar\\\/5931a2d21dd7cc834f44c8c34fe56d90ed6d536ef452cbf870c7485b524dddd7?s=96&d=mm&r=g\",\"url\":\"https:\\\/\\\/secure.gravatar.com\\\/avatar\\\/5931a2d21dd7cc834f44c8c34fe56d90ed6d536ef452cbf870c7485b524dddd7?s=96&d=mm&r=g\",\"contentUrl\":\"https:\\\/\\\/secure.gravatar.com\\\/avatar\\\/5931a2d21dd7cc834f44c8c34fe56d90ed6d536ef452cbf870c7485b524dddd7?s=96&d=mm&r=g\",\"caption\":\"Redes\"},\"url\":\"https:\\\/\\\/www.yucatanencorto.com\\\/noticias\\\/author\\\/redes\\\/\"}]}<\/script>\n<!-- \/ Yoast SEO plugin. -->","yoast_head_json":{"title":"Anuncian al recipiendario de la Medalla H\u00e9ctor Victoria Aguilar - Yucat\u00e1n en corto","robots":{"index":"index","follow":"follow","max-snippet":"max-snippet:-1","max-image-preview":"max-image-preview:large","max-video-preview":"max-video-preview:-1"},"canonical":"https:\/\/www.yucatanencorto.com\/noticias\/anuncian-al-recipiendario-de-la-medalla-hector-victoria-aguilar\/","og_locale":"es_ES","og_type":"article","og_title":"Anuncian al recipiendario de la Medalla H\u00e9ctor Victoria Aguilar - Yucat\u00e1n en corto","og_description":"M\u00e9rida, Yucat\u00e1n a 8 de diciembre de 2023 &nbsp; Las y los diputados de la comisi\u00f3n de Postulaci\u00f3n de la Medalla \u201cH\u00e9ctor Victoria Aguilar del H. Congreso del Estado\u201d aprobaron el proyecto de dictamen que contiene el nombre del recipiendario de la citada presea. &nbsp; En ese sentido, ser\u00e1 Jos\u00e9 Trinidad Molina Casares a quien [&hellip;]","og_url":"https:\/\/www.yucatanencorto.com\/noticias\/anuncian-al-recipiendario-de-la-medalla-hector-victoria-aguilar\/","og_site_name":"Yucat\u00e1n en corto","article_publisher":"http:\/\/www.facebook.com\/yucatanencorto","article_published_time":"2023-12-08T21:03:50+00:00","og_image":[{"width":768,"height":512,"url":"https:\/\/www.yucatanencorto.com\/noticias\/wp-content\/uploads\/2023\/12\/IMG-20231208-WA0009-scaled.jpg","type":"image\/jpeg"}],"author":"Redes","twitter_card":"summary_large_image","twitter_creator":"@yucatanencorto","twitter_site":"@yucatanencorto","twitter_misc":{"Escrito por":"Redes","Tiempo de lectura":"2 minutos"},"schema":{"@context":"https:\/\/schema.org","@graph":[{"@type":"Article","@id":"https:\/\/www.yucatanencorto.com\/noticias\/anuncian-al-recipiendario-de-la-medalla-hector-victoria-aguilar\/#article","isPartOf":{"@id":"https:\/\/www.yucatanencorto.com\/noticias\/anuncian-al-recipiendario-de-la-medalla-hector-victoria-aguilar\/"},"author":{"name":"Redes","@id":"https:\/\/www.yucatanencorto.com\/noticias\/#\/schema\/person\/e2fbdfaf30a07014a43940ce989f3119"},"headline":"Anuncian al recipiendario de la Medalla H\u00e9ctor Victoria Aguilar","datePublished":"2023-12-08T21:03:50+00:00","mainEntityOfPage":{"@id":"https:\/\/www.yucatanencorto.com\/noticias\/anuncian-al-recipiendario-de-la-medalla-hector-victoria-aguilar\/"},"wordCount":428,"image":{"@id":"https:\/\/www.yucatanencorto.com\/noticias\/anuncian-al-recipiendario-de-la-medalla-hector-victoria-aguilar\/#primaryimage"},"thumbnailUrl":"https:\/\/www.yucatanencorto.com\/noticias\/wp-content\/uploads\/2023\/12\/IMG-20231208-WA0009-scaled.jpg","articleSection":["Yucat\u00e1n"],"inLanguage":"es"},{"@type":"WebPage","@id":"https:\/\/www.yucatanencorto.com\/noticias\/anuncian-al-recipiendario-de-la-medalla-hector-victoria-aguilar\/","url":"https:\/\/www.yucatanencorto.com\/noticias\/anuncian-al-recipiendario-de-la-medalla-hector-victoria-aguilar\/","name":"Anuncian al recipiendario de la Medalla H\u00e9ctor Victoria Aguilar - Yucat\u00e1n en corto","isPartOf":{"@id":"https:\/\/www.yucatanencorto.com\/noticias\/#website"},"primaryImageOfPage":{"@id":"https:\/\/www.yucatanencorto.com\/noticias\/anuncian-al-recipiendario-de-la-medalla-hector-victoria-aguilar\/#primaryimage"},"image":{"@id":"https:\/\/www.yucatanencorto.com\/noticias\/anuncian-al-recipiendario-de-la-medalla-hector-victoria-aguilar\/#primaryimage"},"thumbnailUrl":"https:\/\/www.yucatanencorto.com\/noticias\/wp-content\/uploads\/2023\/12\/IMG-20231208-WA0009-scaled.jpg","datePublished":"2023-12-08T21:03:50+00:00","author":{"@id":"https:\/\/www.yucatanencorto.com\/noticias\/#\/schema\/person\/e2fbdfaf30a07014a43940ce989f3119"},"breadcrumb":{"@id":"https:\/\/www.yucatanencorto.com\/noticias\/anuncian-al-recipiendario-de-la-medalla-hector-victoria-aguilar\/#breadcrumb"},"inLanguage":"es","potentialAction":[{"@type":"ReadAction","target":["https:\/\/www.yucatanencorto.com\/noticias\/anuncian-al-recipiendario-de-la-medalla-hector-victoria-aguilar\/"]}]},{"@type":"ImageObject","inLanguage":"es","@id":"https:\/\/www.yucatanencorto.com\/noticias\/anuncian-al-recipiendario-de-la-medalla-hector-victoria-aguilar\/#primaryimage","url":"https:\/\/www.yucatanencorto.com\/noticias\/wp-content\/uploads\/2023\/12\/IMG-20231208-WA0009-scaled.jpg","contentUrl":"https:\/\/www.yucatanencorto.com\/noticias\/wp-content\/uploads\/2023\/12\/IMG-20231208-WA0009-scaled.jpg","width":768,"height":512},{"@type":"BreadcrumbList","@id":"https:\/\/www.yucatanencorto.com\/noticias\/anuncian-al-recipiendario-de-la-medalla-hector-victoria-aguilar\/#breadcrumb","itemListElement":[{"@type":"ListItem","position":1,"name":"Portada","item":"https:\/\/www.yucatanencorto.com\/noticias\/"},{"@type":"ListItem","position":2,"name":"Anuncian al recipiendario de la Medalla H\u00e9ctor Victoria Aguilar"}]},{"@type":"WebSite","@id":"https:\/\/www.yucatanencorto.com\/noticias\/#website","url":"https:\/\/www.yucatanencorto.com\/noticias\/","name":"Yucat\u00e1n en corto","description":"Noticias","potentialAction":[{"@type":"SearchAction","target":{"@type":"EntryPoint","urlTemplate":"https:\/\/www.yucatanencorto.com\/noticias\/?s={search_term_string}"},"query-input":{"@type":"PropertyValueSpecification","valueRequired":true,"valueName":"search_term_string"}}],"inLanguage":"es"},{"@type":"Person","@id":"https:\/\/www.yucatanencorto.com\/noticias\/#\/schema\/person\/e2fbdfaf30a07014a43940ce989f3119","name":"Redes","image":{"@type":"ImageObject","inLanguage":"es","@id":"https:\/\/secure.gravatar.com\/avatar\/5931a2d21dd7cc834f44c8c34fe56d90ed6d536ef452cbf870c7485b524dddd7?s=96&d=mm&r=g","url":"https:\/\/secure.gravatar.com\/avatar\/5931a2d21dd7cc834f44c8c34fe56d90ed6d536ef452cbf870c7485b524dddd7?s=96&d=mm&r=g","contentUrl":"https:\/\/secure.gravatar.com\/avatar\/5931a2d21dd7cc834f44c8c34fe56d90ed6d536ef452cbf870c7485b524dddd7?s=96&d=mm&r=g","caption":"Redes"},"url":"https:\/\/www.yucatanencorto.com\/noticias\/author\/redes\/"}]}},"_links":{"self":[{"href":"https:\/\/www.yucatanencorto.com\/noticias\/wp-json\/wp\/v2\/posts\/101456","targetHints":{"allow":["GET"]}}],"collection":[{"href":"https:\/\/www.yucatanencorto.com\/noticias\/wp-json\/wp\/v2\/posts"}],"about":[{"href":"https:\/\/www.yucatanencorto.com\/noticias\/wp-json\/wp\/v2\/types\/post"}],"author":[{"embeddable":true,"href":"https:\/\/www.yucatanencorto.com\/noticias\/wp-json\/wp\/v2\/users\/3"}],"replies":[{"embeddable":true,"href":"https:\/\/www.yucatanencorto.com\/noticias\/wp-json\/wp\/v2\/comments?post=101456"}],"version-history":[{"count":0,"href":"https:\/\/www.yucatanencorto.com\/noticias\/wp-json\/wp\/v2\/posts\/101456\/revisions"}],"wp:featuredmedia":[{"embeddable":true,"href":"https:\/\/www.yucatanencorto.com\/noticias\/wp-json\/wp\/v2\/media\/101457"}],"wp:attachment":[{"href":"https:\/\/www.yucatanencorto.com\/noticias\/wp-json\/wp\/v2\/media?parent=101456"}],"wp:term":[{"taxonomy":"category","embeddable":true,"href":"https:\/\/www.yucatanencorto.com\/noticias\/wp-json\/wp\/v2\/categories?post=101456"},{"taxonomy":"post_tag","embeddable":true,"href":"https:\/\/www.yucatanencorto.com\/noticias\/wp-json\/wp\/v2\/tags?post=101456"}],"curies":[{"name":"wp","href":"https:\/\/api.w.org\/{rel}","templated":true}]}}