{"id":101459,"date":"2023-12-08T17:07:27","date_gmt":"2023-12-08T23:07:27","guid":{"rendered":"https:\/\/www.yucatanencorto.com\/noticias\/?p=101459"},"modified":"2023-12-08T17:07:27","modified_gmt":"2023-12-08T23:07:27","slug":"yucatan-registra-el-noviembre-con-mas-movimiento-de-pasajeros-via-aerea-en-su-historia","status":"publish","type":"post","link":"https:\/\/www.yucatanencorto.com\/noticias\/yucatan-registra-el-noviembre-con-mas-movimiento-de-pasajeros-via-aerea-en-su-historia\/","title":{"rendered":"Yucat\u00e1n registra el noviembre con m\u00e1s movimiento de pasajeros v\u00eda a\u00e9rea en su historia\u00a0"},"content":{"rendered":"<p><img loading=\"lazy\" decoding=\"async\" class=\"alignnone size-full wp-image-101460\" src=\"https:\/\/www.yucatanencorto.com\/noticias\/wp-content\/uploads\/2023\/12\/IMG-20231208-WA0033-scaled.jpg\" alt=\"\" width=\"768\" height=\"768\" srcset=\"https:\/\/www.yucatanencorto.com\/noticias\/wp-content\/uploads\/2023\/12\/IMG-20231208-WA0033-scaled.jpg 768w, https:\/\/www.yucatanencorto.com\/noticias\/wp-content\/uploads\/2023\/12\/IMG-20231208-WA0033-150x150.jpg 150w, https:\/\/www.yucatanencorto.com\/noticias\/wp-content\/uploads\/2023\/12\/IMG-20231208-WA0033-300x300.jpg 300w, https:\/\/www.yucatanencorto.com\/noticias\/wp-content\/uploads\/2023\/12\/IMG-20231208-WA0033-696x696.jpg 696w, https:\/\/www.yucatanencorto.com\/noticias\/wp-content\/uploads\/2023\/12\/IMG-20231208-WA0033-1068x1068.jpg 1068w\" sizes=\"auto, (max-width: 768px) 100vw, 768px\" \/><\/p>\n<p>M\u00e9rida, Yucat\u00e1n, 8 de diciembre de 2023.- Yucat\u00e1n contin\u00faa consolid\u00e1ndose como un importante polo tur\u00edstico gracias a la promoci\u00f3n del estado que realiza el Gobernador Mauricio Vila Dosal a nivel nacional e internacional, al registrar el mejor noviembre en la historia de la entidad en cuanto a movimiento de pasajeros por v\u00eda a\u00e9rea, con un total de 326,084 personas, y con el cual ya suman m\u00e1s de 3,355,851 pasajeros que arribaron al estado de enero a la fecha.<\/p>\n<p>&nbsp;<\/p>\n<p>De acuerdo con el reporte dado a conocer en ese mismo periodo en el Aeropuerto Internacional de M\u00e9rida \u201cManuel Crescencio Rej\u00f3n\u201d, esta cifra significa un crecimiento de 4.8%, comparado con el mismo mes de 2022.<\/p>\n<p>&nbsp;<\/p>\n<p>Por otra parte, de enero a noviembre, la entidad tuvo un movimiento total de 3,355,851 pasajeros, lo que represent\u00f3 el mayor tr\u00e1fico durante los primeros once meses de un a\u00f1o desde que se tiene registro.<\/p>\n<p>&nbsp;<\/p>\n<p>Es decir, que en ese tiempo, el movimiento de pasajeros en el Aeropuerto Internacional de M\u00e9rida registr\u00f3 un importante crecimiento acumulado de 21.4%, respecto al mismo periodo del a\u00f1o 2022.<\/p>\n<p>&nbsp;<\/p>\n<p>Estos resultados reflejan la transformaci\u00f3n del sector tur\u00edstico en el territorio que impulsa Vila Dosal, al mejorar la variedad de atractivos que ofrece la zona, promocionarla y reforzar la conectividad a\u00e9rea, pese a las afectaciones por la contingencia sanitaria m\u00e1s grande en la historia moderna.<\/p>\n<p>&nbsp;<\/p>\n<p>Hay que recordar que, en diciembre pasado, el Gobernador entreg\u00f3 un certificado al pasajero n\u00famero 3 millones, Alberto Flores Torres, con lo que se super\u00f3 la cantidad m\u00e1s alta en la central a\u00e9rea, obtenida en 2019, cuando se registraron 2.8 millones de viajeros, reflejo del desarrollo y posicionamiento del destino.<\/p>\n<p>&nbsp;<\/p>\n<p>Adem\u00e1s, Yucat\u00e1n contin\u00faa incrementando su conectividad a\u00e9rea al anunciar nuevos vuelos internacionales que conectar\u00e1n a M\u00e9rida con las ciudades de Orlando y Miami, en Estados Unidos, con lo que se podr\u00e1 atraer mayor turismo y derrama econ\u00f3mica a la entidad, producto de sus gestiones y la promoci\u00f3n de Yucat\u00e1n en otras partes del mundo.<\/p>\n<p>&nbsp;<\/p>\n<p>Como parte de este incremento en la conexi\u00f3n a\u00e9rea de la regi\u00f3n, se inauguraron 2 rutas directas: Guanajuato-M\u00e9rida, que operan Volaris y Viva Aerob\u00fas, as\u00ed como M\u00e9rida-Guatemala y M\u00e9rida-Flores, de TAG Airlines, con 4 y 3 vuelos a la semana, respectivamente, y tarifas competitivas.<\/p>\n<p>&nbsp;<\/p>\n<p>Por otra parte, resultado de las gestiones de Vila Dosal, el territorio cuenta con una nueva base operativa o hub de Viva Aerob\u00fas en el Aeropuerto, con lo que 3 naves pernoctan en la capital yucateca, aumenta la conectividad y se generan 600 empleos, entre directos e indirectos.<\/p>\n<p>&nbsp;<\/p>\n<p>Tambi\u00e9n, la entidad est\u00e1 vinculada a trav\u00e9s de 11 rutas nacionales a urbes como Ciudad de M\u00e9xico, Guadalajara, Monterrey, Tuxtla Guti\u00e9rrez, Veracruz, Villahermosa, Tijuana y Oaxaca, y en lo que resta de este a\u00f1o, se sumar\u00e1n Toluca, Le\u00f3n y Quer\u00e9taro; igualmente, dispone de 8 rutas internacionales hacia Toronto, en Canad\u00e1; Houston, Miami, Dallas y Oakland, de Estados Unidos; La Habana, Cuba, y tanto Ciudad de Guatemala como Flores, Guatemala.<\/p>\n","protected":false},"excerpt":{"rendered":"<p>M\u00e9rida, Yucat\u00e1n, 8 de diciembre de 2023.- Yucat\u00e1n contin\u00faa consolid\u00e1ndose como un importante polo tur\u00edstico gracias a la promoci\u00f3n del estado que realiza el Gobernador Mauricio Vila Dosal a nivel nacional e internacional, al registrar el mejor noviembre en la historia de la entidad en cuanto a movimiento de pasajeros por v\u00eda a\u00e9rea, con un [&hellip;]<\/p>\n","protected":false},"author":3,"featured_media":101460,"comment_status":"closed","ping_status":"closed","sticky":false,"template":"","format":"standard","meta":{"footnotes":""},"categories":[3],"tags":[],"class_list":{"0":"post-101459","1":"post","2":"type-post","3":"status-publish","4":"format-standard","5":"has-post-thumbnail","7":"category-yucatan"},"yoast_head":"<!-- This site is optimized with the Yoast SEO plugin v27.4 - https:\/\/yoast.com\/product\/yoast-seo-wordpress\/ -->\n<title>Yucat\u00e1n registra el noviembre con m\u00e1s movimiento de pasajeros v\u00eda a\u00e9rea en su historia\u00a0 - Yucat\u00e1n en corto<\/title>\n<meta name=\"robots\" content=\"index, follow, max-snippet:-1, max-image-preview:large, max-video-preview:-1\" \/>\n<link rel=\"canonical\" href=\"https:\/\/www.yucatanencorto.com\/noticias\/yucatan-registra-el-noviembre-con-mas-movimiento-de-pasajeros-via-aerea-en-su-historia\/\" \/>\n<meta property=\"og:locale\" content=\"es_ES\" \/>\n<meta property=\"og:type\" content=\"article\" \/>\n<meta property=\"og:title\" content=\"Yucat\u00e1n registra el noviembre con m\u00e1s movimiento de pasajeros v\u00eda a\u00e9rea en su historia\u00a0 - Yucat\u00e1n en corto\" \/>\n<meta property=\"og:description\" content=\"M\u00e9rida, Yucat\u00e1n, 8 de diciembre de 2023.- Yucat\u00e1n contin\u00faa consolid\u00e1ndose como un importante polo tur\u00edstico gracias a la promoci\u00f3n del estado que realiza el Gobernador Mauricio Vila Dosal a nivel nacional e internacional, al registrar el mejor noviembre en la historia de la entidad en cuanto a movimiento de pasajeros por v\u00eda a\u00e9rea, con un [&hellip;]\" \/>\n<meta property=\"og:url\" content=\"https:\/\/www.yucatanencorto.com\/noticias\/yucatan-registra-el-noviembre-con-mas-movimiento-de-pasajeros-via-aerea-en-su-historia\/\" \/>\n<meta property=\"og:site_name\" content=\"Yucat\u00e1n en corto\" \/>\n<meta property=\"article:publisher\" content=\"http:\/\/www.facebook.com\/yucatanencorto\" \/>\n<meta property=\"article:published_time\" content=\"2023-12-08T23:07:27+00:00\" \/>\n<meta property=\"og:image\" content=\"https:\/\/www.yucatanencorto.com\/noticias\/wp-content\/uploads\/2023\/12\/IMG-20231208-WA0033-scaled.jpg\" \/>\n\t<meta property=\"og:image:width\" content=\"768\" \/>\n\t<meta property=\"og:image:height\" content=\"768\" \/>\n\t<meta property=\"og:image:type\" content=\"image\/jpeg\" \/>\n<meta name=\"author\" content=\"Redes\" \/>\n<meta name=\"twitter:card\" content=\"summary_large_image\" \/>\n<meta name=\"twitter:creator\" content=\"@yucatanencorto\" \/>\n<meta name=\"twitter:site\" content=\"@yucatanencorto\" \/>\n<meta name=\"twitter:label1\" content=\"Escrito por\" \/>\n\t<meta name=\"twitter:data1\" content=\"Redes\" \/>\n\t<meta name=\"twitter:label2\" content=\"Tiempo de lectura\" \/>\n\t<meta name=\"twitter:data2\" content=\"3 minutos\" \/>\n<script type=\"application\/ld+json\" class=\"yoast-schema-graph\">{\"@context\":\"https:\\\/\\\/schema.org\",\"@graph\":[{\"@type\":\"Article\",\"@id\":\"https:\\\/\\\/www.yucatanencorto.com\\\/noticias\\\/yucatan-registra-el-noviembre-con-mas-movimiento-de-pasajeros-via-aerea-en-su-historia\\\/#article\",\"isPartOf\":{\"@id\":\"https:\\\/\\\/www.yucatanencorto.com\\\/noticias\\\/yucatan-registra-el-noviembre-con-mas-movimiento-de-pasajeros-via-aerea-en-su-historia\\\/\"},\"author\":{\"name\":\"Redes\",\"@id\":\"https:\\\/\\\/www.yucatanencorto.com\\\/noticias\\\/#\\\/schema\\\/person\\\/e2fbdfaf30a07014a43940ce989f3119\"},\"headline\":\"Yucat\u00e1n registra el noviembre con m\u00e1s movimiento de pasajeros v\u00eda a\u00e9rea en su historia\u00a0\",\"datePublished\":\"2023-12-08T23:07:27+00:00\",\"mainEntityOfPage\":{\"@id\":\"https:\\\/\\\/www.yucatanencorto.com\\\/noticias\\\/yucatan-registra-el-noviembre-con-mas-movimiento-de-pasajeros-via-aerea-en-su-historia\\\/\"},\"wordCount\":545,\"image\":{\"@id\":\"https:\\\/\\\/www.yucatanencorto.com\\\/noticias\\\/yucatan-registra-el-noviembre-con-mas-movimiento-de-pasajeros-via-aerea-en-su-historia\\\/#primaryimage\"},\"thumbnailUrl\":\"https:\\\/\\\/www.yucatanencorto.com\\\/noticias\\\/wp-content\\\/uploads\\\/2023\\\/12\\\/IMG-20231208-WA0033-scaled.jpg\",\"articleSection\":[\"Yucat\u00e1n\"],\"inLanguage\":\"es\"},{\"@type\":\"WebPage\",\"@id\":\"https:\\\/\\\/www.yucatanencorto.com\\\/noticias\\\/yucatan-registra-el-noviembre-con-mas-movimiento-de-pasajeros-via-aerea-en-su-historia\\\/\",\"url\":\"https:\\\/\\\/www.yucatanencorto.com\\\/noticias\\\/yucatan-registra-el-noviembre-con-mas-movimiento-de-pasajeros-via-aerea-en-su-historia\\\/\",\"name\":\"Yucat\u00e1n registra el noviembre con m\u00e1s movimiento de pasajeros v\u00eda a\u00e9rea en su historia\u00a0 - Yucat\u00e1n en corto\",\"isPartOf\":{\"@id\":\"https:\\\/\\\/www.yucatanencorto.com\\\/noticias\\\/#website\"},\"primaryImageOfPage\":{\"@id\":\"https:\\\/\\\/www.yucatanencorto.com\\\/noticias\\\/yucatan-registra-el-noviembre-con-mas-movimiento-de-pasajeros-via-aerea-en-su-historia\\\/#primaryimage\"},\"image\":{\"@id\":\"https:\\\/\\\/www.yucatanencorto.com\\\/noticias\\\/yucatan-registra-el-noviembre-con-mas-movimiento-de-pasajeros-via-aerea-en-su-historia\\\/#primaryimage\"},\"thumbnailUrl\":\"https:\\\/\\\/www.yucatanencorto.com\\\/noticias\\\/wp-content\\\/uploads\\\/2023\\\/12\\\/IMG-20231208-WA0033-scaled.jpg\",\"datePublished\":\"2023-12-08T23:07:27+00:00\",\"author\":{\"@id\":\"https:\\\/\\\/www.yucatanencorto.com\\\/noticias\\\/#\\\/schema\\\/person\\\/e2fbdfaf30a07014a43940ce989f3119\"},\"breadcrumb\":{\"@id\":\"https:\\\/\\\/www.yucatanencorto.com\\\/noticias\\\/yucatan-registra-el-noviembre-con-mas-movimiento-de-pasajeros-via-aerea-en-su-historia\\\/#breadcrumb\"},\"inLanguage\":\"es\",\"potentialAction\":[{\"@type\":\"ReadAction\",\"target\":[\"https:\\\/\\\/www.yucatanencorto.com\\\/noticias\\\/yucatan-registra-el-noviembre-con-mas-movimiento-de-pasajeros-via-aerea-en-su-historia\\\/\"]}]},{\"@type\":\"ImageObject\",\"inLanguage\":\"es\",\"@id\":\"https:\\\/\\\/www.yucatanencorto.com\\\/noticias\\\/yucatan-registra-el-noviembre-con-mas-movimiento-de-pasajeros-via-aerea-en-su-historia\\\/#primaryimage\",\"url\":\"https:\\\/\\\/www.yucatanencorto.com\\\/noticias\\\/wp-content\\\/uploads\\\/2023\\\/12\\\/IMG-20231208-WA0033-scaled.jpg\",\"contentUrl\":\"https:\\\/\\\/www.yucatanencorto.com\\\/noticias\\\/wp-content\\\/uploads\\\/2023\\\/12\\\/IMG-20231208-WA0033-scaled.jpg\",\"width\":768,\"height\":768},{\"@type\":\"BreadcrumbList\",\"@id\":\"https:\\\/\\\/www.yucatanencorto.com\\\/noticias\\\/yucatan-registra-el-noviembre-con-mas-movimiento-de-pasajeros-via-aerea-en-su-historia\\\/#breadcrumb\",\"itemListElement\":[{\"@type\":\"ListItem\",\"position\":1,\"name\":\"Portada\",\"item\":\"https:\\\/\\\/www.yucatanencorto.com\\\/noticias\\\/\"},{\"@type\":\"ListItem\",\"position\":2,\"name\":\"Yucat\u00e1n registra el noviembre con m\u00e1s movimiento de pasajeros v\u00eda a\u00e9rea en su historia\u00a0\"}]},{\"@type\":\"WebSite\",\"@id\":\"https:\\\/\\\/www.yucatanencorto.com\\\/noticias\\\/#website\",\"url\":\"https:\\\/\\\/www.yucatanencorto.com\\\/noticias\\\/\",\"name\":\"Yucat\u00e1n en corto\",\"description\":\"Noticias\",\"potentialAction\":[{\"@type\":\"SearchAction\",\"target\":{\"@type\":\"EntryPoint\",\"urlTemplate\":\"https:\\\/\\\/www.yucatanencorto.com\\\/noticias\\\/?s={search_term_string}\"},\"query-input\":{\"@type\":\"PropertyValueSpecification\",\"valueRequired\":true,\"valueName\":\"search_term_string\"}}],\"inLanguage\":\"es\"},{\"@type\":\"Person\",\"@id\":\"https:\\\/\\\/www.yucatanencorto.com\\\/noticias\\\/#\\\/schema\\\/person\\\/e2fbdfaf30a07014a43940ce989f3119\",\"name\":\"Redes\",\"image\":{\"@type\":\"ImageObject\",\"inLanguage\":\"es\",\"@id\":\"https:\\\/\\\/secure.gravatar.com\\\/avatar\\\/5931a2d21dd7cc834f44c8c34fe56d90ed6d536ef452cbf870c7485b524dddd7?s=96&d=mm&r=g\",\"url\":\"https:\\\/\\\/secure.gravatar.com\\\/avatar\\\/5931a2d21dd7cc834f44c8c34fe56d90ed6d536ef452cbf870c7485b524dddd7?s=96&d=mm&r=g\",\"contentUrl\":\"https:\\\/\\\/secure.gravatar.com\\\/avatar\\\/5931a2d21dd7cc834f44c8c34fe56d90ed6d536ef452cbf870c7485b524dddd7?s=96&d=mm&r=g\",\"caption\":\"Redes\"},\"url\":\"https:\\\/\\\/www.yucatanencorto.com\\\/noticias\\\/author\\\/redes\\\/\"}]}<\/script>\n<!-- \/ Yoast SEO plugin. -->","yoast_head_json":{"title":"Yucat\u00e1n registra el noviembre con m\u00e1s movimiento de pasajeros v\u00eda a\u00e9rea en su historia\u00a0 - Yucat\u00e1n en corto","robots":{"index":"index","follow":"follow","max-snippet":"max-snippet:-1","max-image-preview":"max-image-preview:large","max-video-preview":"max-video-preview:-1"},"canonical":"https:\/\/www.yucatanencorto.com\/noticias\/yucatan-registra-el-noviembre-con-mas-movimiento-de-pasajeros-via-aerea-en-su-historia\/","og_locale":"es_ES","og_type":"article","og_title":"Yucat\u00e1n registra el noviembre con m\u00e1s movimiento de pasajeros v\u00eda a\u00e9rea en su historia\u00a0 - Yucat\u00e1n en corto","og_description":"M\u00e9rida, Yucat\u00e1n, 8 de diciembre de 2023.- Yucat\u00e1n contin\u00faa consolid\u00e1ndose como un importante polo tur\u00edstico gracias a la promoci\u00f3n del estado que realiza el Gobernador Mauricio Vila Dosal a nivel nacional e internacional, al registrar el mejor noviembre en la historia de la entidad en cuanto a movimiento de pasajeros por v\u00eda a\u00e9rea, con un [&hellip;]","og_url":"https:\/\/www.yucatanencorto.com\/noticias\/yucatan-registra-el-noviembre-con-mas-movimiento-de-pasajeros-via-aerea-en-su-historia\/","og_site_name":"Yucat\u00e1n en corto","article_publisher":"http:\/\/www.facebook.com\/yucatanencorto","article_published_time":"2023-12-08T23:07:27+00:00","og_image":[{"width":768,"height":768,"url":"https:\/\/www.yucatanencorto.com\/noticias\/wp-content\/uploads\/2023\/12\/IMG-20231208-WA0033-scaled.jpg","type":"image\/jpeg"}],"author":"Redes","twitter_card":"summary_large_image","twitter_creator":"@yucatanencorto","twitter_site":"@yucatanencorto","twitter_misc":{"Escrito por":"Redes","Tiempo de lectura":"3 minutos"},"schema":{"@context":"https:\/\/schema.org","@graph":[{"@type":"Article","@id":"https:\/\/www.yucatanencorto.com\/noticias\/yucatan-registra-el-noviembre-con-mas-movimiento-de-pasajeros-via-aerea-en-su-historia\/#article","isPartOf":{"@id":"https:\/\/www.yucatanencorto.com\/noticias\/yucatan-registra-el-noviembre-con-mas-movimiento-de-pasajeros-via-aerea-en-su-historia\/"},"author":{"name":"Redes","@id":"https:\/\/www.yucatanencorto.com\/noticias\/#\/schema\/person\/e2fbdfaf30a07014a43940ce989f3119"},"headline":"Yucat\u00e1n registra el noviembre con m\u00e1s movimiento de pasajeros v\u00eda a\u00e9rea en su historia\u00a0","datePublished":"2023-12-08T23:07:27+00:00","mainEntityOfPage":{"@id":"https:\/\/www.yucatanencorto.com\/noticias\/yucatan-registra-el-noviembre-con-mas-movimiento-de-pasajeros-via-aerea-en-su-historia\/"},"wordCount":545,"image":{"@id":"https:\/\/www.yucatanencorto.com\/noticias\/yucatan-registra-el-noviembre-con-mas-movimiento-de-pasajeros-via-aerea-en-su-historia\/#primaryimage"},"thumbnailUrl":"https:\/\/www.yucatanencorto.com\/noticias\/wp-content\/uploads\/2023\/12\/IMG-20231208-WA0033-scaled.jpg","articleSection":["Yucat\u00e1n"],"inLanguage":"es"},{"@type":"WebPage","@id":"https:\/\/www.yucatanencorto.com\/noticias\/yucatan-registra-el-noviembre-con-mas-movimiento-de-pasajeros-via-aerea-en-su-historia\/","url":"https:\/\/www.yucatanencorto.com\/noticias\/yucatan-registra-el-noviembre-con-mas-movimiento-de-pasajeros-via-aerea-en-su-historia\/","name":"Yucat\u00e1n registra el noviembre con m\u00e1s movimiento de pasajeros v\u00eda a\u00e9rea en su historia\u00a0 - Yucat\u00e1n en corto","isPartOf":{"@id":"https:\/\/www.yucatanencorto.com\/noticias\/#website"},"primaryImageOfPage":{"@id":"https:\/\/www.yucatanencorto.com\/noticias\/yucatan-registra-el-noviembre-con-mas-movimiento-de-pasajeros-via-aerea-en-su-historia\/#primaryimage"},"image":{"@id":"https:\/\/www.yucatanencorto.com\/noticias\/yucatan-registra-el-noviembre-con-mas-movimiento-de-pasajeros-via-aerea-en-su-historia\/#primaryimage"},"thumbnailUrl":"https:\/\/www.yucatanencorto.com\/noticias\/wp-content\/uploads\/2023\/12\/IMG-20231208-WA0033-scaled.jpg","datePublished":"2023-12-08T23:07:27+00:00","author":{"@id":"https:\/\/www.yucatanencorto.com\/noticias\/#\/schema\/person\/e2fbdfaf30a07014a43940ce989f3119"},"breadcrumb":{"@id":"https:\/\/www.yucatanencorto.com\/noticias\/yucatan-registra-el-noviembre-con-mas-movimiento-de-pasajeros-via-aerea-en-su-historia\/#breadcrumb"},"inLanguage":"es","potentialAction":[{"@type":"ReadAction","target":["https:\/\/www.yucatanencorto.com\/noticias\/yucatan-registra-el-noviembre-con-mas-movimiento-de-pasajeros-via-aerea-en-su-historia\/"]}]},{"@type":"ImageObject","inLanguage":"es","@id":"https:\/\/www.yucatanencorto.com\/noticias\/yucatan-registra-el-noviembre-con-mas-movimiento-de-pasajeros-via-aerea-en-su-historia\/#primaryimage","url":"https:\/\/www.yucatanencorto.com\/noticias\/wp-content\/uploads\/2023\/12\/IMG-20231208-WA0033-scaled.jpg","contentUrl":"https:\/\/www.yucatanencorto.com\/noticias\/wp-content\/uploads\/2023\/12\/IMG-20231208-WA0033-scaled.jpg","width":768,"height":768},{"@type":"BreadcrumbList","@id":"https:\/\/www.yucatanencorto.com\/noticias\/yucatan-registra-el-noviembre-con-mas-movimiento-de-pasajeros-via-aerea-en-su-historia\/#breadcrumb","itemListElement":[{"@type":"ListItem","position":1,"name":"Portada","item":"https:\/\/www.yucatanencorto.com\/noticias\/"},{"@type":"ListItem","position":2,"name":"Yucat\u00e1n registra el noviembre con m\u00e1s movimiento de pasajeros v\u00eda a\u00e9rea en su historia\u00a0"}]},{"@type":"WebSite","@id":"https:\/\/www.yucatanencorto.com\/noticias\/#website","url":"https:\/\/www.yucatanencorto.com\/noticias\/","name":"Yucat\u00e1n en corto","description":"Noticias","potentialAction":[{"@type":"SearchAction","target":{"@type":"EntryPoint","urlTemplate":"https:\/\/www.yucatanencorto.com\/noticias\/?s={search_term_string}"},"query-input":{"@type":"PropertyValueSpecification","valueRequired":true,"valueName":"search_term_string"}}],"inLanguage":"es"},{"@type":"Person","@id":"https:\/\/www.yucatanencorto.com\/noticias\/#\/schema\/person\/e2fbdfaf30a07014a43940ce989f3119","name":"Redes","image":{"@type":"ImageObject","inLanguage":"es","@id":"https:\/\/secure.gravatar.com\/avatar\/5931a2d21dd7cc834f44c8c34fe56d90ed6d536ef452cbf870c7485b524dddd7?s=96&d=mm&r=g","url":"https:\/\/secure.gravatar.com\/avatar\/5931a2d21dd7cc834f44c8c34fe56d90ed6d536ef452cbf870c7485b524dddd7?s=96&d=mm&r=g","contentUrl":"https:\/\/secure.gravatar.com\/avatar\/5931a2d21dd7cc834f44c8c34fe56d90ed6d536ef452cbf870c7485b524dddd7?s=96&d=mm&r=g","caption":"Redes"},"url":"https:\/\/www.yucatanencorto.com\/noticias\/author\/redes\/"}]}},"_links":{"self":[{"href":"https:\/\/www.yucatanencorto.com\/noticias\/wp-json\/wp\/v2\/posts\/101459","targetHints":{"allow":["GET"]}}],"collection":[{"href":"https:\/\/www.yucatanencorto.com\/noticias\/wp-json\/wp\/v2\/posts"}],"about":[{"href":"https:\/\/www.yucatanencorto.com\/noticias\/wp-json\/wp\/v2\/types\/post"}],"author":[{"embeddable":true,"href":"https:\/\/www.yucatanencorto.com\/noticias\/wp-json\/wp\/v2\/users\/3"}],"replies":[{"embeddable":true,"href":"https:\/\/www.yucatanencorto.com\/noticias\/wp-json\/wp\/v2\/comments?post=101459"}],"version-history":[{"count":0,"href":"https:\/\/www.yucatanencorto.com\/noticias\/wp-json\/wp\/v2\/posts\/101459\/revisions"}],"wp:featuredmedia":[{"embeddable":true,"href":"https:\/\/www.yucatanencorto.com\/noticias\/wp-json\/wp\/v2\/media\/101460"}],"wp:attachment":[{"href":"https:\/\/www.yucatanencorto.com\/noticias\/wp-json\/wp\/v2\/media?parent=101459"}],"wp:term":[{"taxonomy":"category","embeddable":true,"href":"https:\/\/www.yucatanencorto.com\/noticias\/wp-json\/wp\/v2\/categories?post=101459"},{"taxonomy":"post_tag","embeddable":true,"href":"https:\/\/www.yucatanencorto.com\/noticias\/wp-json\/wp\/v2\/tags?post=101459"}],"curies":[{"name":"wp","href":"https:\/\/api.w.org\/{rel}","templated":true}]}}