{"id":101462,"date":"2023-12-08T18:52:31","date_gmt":"2023-12-09T00:52:31","guid":{"rendered":"https:\/\/www.yucatanencorto.com\/noticias\/?p=101462"},"modified":"2023-12-08T18:52:31","modified_gmt":"2023-12-09T00:52:31","slug":"se-reunen-con-ciudadanos-de-yaxcaba","status":"publish","type":"post","link":"https:\/\/www.yucatanencorto.com\/noticias\/se-reunen-con-ciudadanos-de-yaxcaba\/","title":{"rendered":"Se re\u00fanen con ciudadanos de Yaxcab\u00e1"},"content":{"rendered":"<p><img loading=\"lazy\" decoding=\"async\" class=\"alignnone size-full wp-image-101463\" src=\"https:\/\/www.yucatanencorto.com\/noticias\/wp-content\/uploads\/2023\/12\/IMG-20231208-WA0052-scaled.jpg\" alt=\"\" width=\"768\" height=\"576\" srcset=\"https:\/\/www.yucatanencorto.com\/noticias\/wp-content\/uploads\/2023\/12\/IMG-20231208-WA0052-scaled.jpg 768w, https:\/\/www.yucatanencorto.com\/noticias\/wp-content\/uploads\/2023\/12\/IMG-20231208-WA0052-150x113.jpg 150w, https:\/\/www.yucatanencorto.com\/noticias\/wp-content\/uploads\/2023\/12\/IMG-20231208-WA0052-300x225.jpg 300w, https:\/\/www.yucatanencorto.com\/noticias\/wp-content\/uploads\/2023\/12\/IMG-20231208-WA0052-696x522.jpg 696w, https:\/\/www.yucatanencorto.com\/noticias\/wp-content\/uploads\/2023\/12\/IMG-20231208-WA0052-1068x801.jpg 1068w\" sizes=\"auto, (max-width: 768px) 100vw, 768px\" \/><\/p>\n<p>Yaxcab\u00e1, Yucat\u00e1n a 8 de diciembre de 2023.- \u201cDurante estos d\u00edas de precampa\u00f1a me han compartido la necesidad que hay de apostarle al campo yucateco, tenemos que fortalecer a las y los productores para que ganen m\u00e1s, por eso vamos a trabajar como un s\u00f3lo equipo para construir programas que incrementen su econom\u00eda familiar\u00bb, apunt\u00f3 Ren\u00e1n Barrera Concha ante productores de Kancabdzonot, Chimay, Yaxunah, Popol\u00e1, Santa Mar\u00eda y Yokdzonot.<\/p>\n<p>A invitaci\u00f3n de la Asociaci\u00f3n de Productores Rurales del Sector Primario de Yucat\u00e1n (APREDEY), Barrera Concha se reuni\u00f3 con un grupo de beneficiarios del programa \u00abHuertos Familiares\u00bb. En este encuentro, destac\u00f3 y felicit\u00f3 a las y los productores por su labor: \u201ccrecer parejo es ser solidarios y generosos, as\u00ed como las y los productores de Yaxcab\u00e1 con quienes vamos a hacer equipo para que todas y todos ganen m\u00e1s\u201d.<\/p>\n<p>\u00abComo precandidato, quiero que sepan que cuentan conmigo, vamos a trabajar en equipo para que el campo sea un negocio. Mi objetivo es construir programas que los acompa\u00f1en en el proceso de producci\u00f3n, asegurando que puedan vender sus productos a un precio justo. Ya lo hice en M\u00e9rida, y quiero replicarlo en todo Yucat\u00e1n\u00bb, afirm\u00f3.<\/p>\n<p>Llegado el tiempo electoral, regresar\u00e9 con propuestas concretas, y vamos a gestionar m\u00e1s y mejores herramientas para la gente honrada y trabajadora, \u00a1Vamos con todo!, enfatiz\u00f3.<\/p>\n<p>Por su parte, Sandra Mar\u00eda Canul Poot, beneficiaria del proyecto Huertos Familiares, expres\u00f3 que el programa ha sido un incentivo para su econom\u00eda al producir sus propios alimentos, que podr\u00eda mejorarse si incluyen m\u00e1s insumos como mangueras y malla sombras para mejorar la producci\u00f3n.<\/p>\n<p>\u00abEn esta comisar\u00eda sabemos trabajar, producimos nuestros alimentos en casa, por ello, el programa de Huertos Familiares nos ha beneficiado, pero necesitamos m\u00e1s herramientas para aumentar nuestra producci\u00f3n. Aprovechando su visita, don Ren\u00e1n, le expresamos nuestro apoyo a su proyecto y confiamos en que continuar\u00e1 impulsando la actividad del campo\u00bb, a\u00f1adi\u00f3.<\/p>\n<p>Posteriormente, como parte de su jornada por este municipio, Ren\u00e1n Barrera sostuvo un encuentro con la militancia panista de Yaxcab\u00e1, a quienes les refrend\u00f3 su compromiso y dedicaci\u00f3n para trabajar de la mano con ellos para lograr el objetivo de mejorar las condiciones para todos los municipios, procurando que prosperen, obtengan mayores beneficios y vivan en un estado seguro.<\/p>\n<p>\u00abEstamos en tiempo de recolectar propuestas por un mejor estado, porque si queremos que a Yucat\u00e1n le vaya bien, le tiene que ir bien tambi\u00e9n a todos los municipios\u00bb, indic\u00f3.<\/p>\n<p>Hagamos equipo, acot\u00f3, trabajemos de la mano para defender a Yaxcab\u00e1 y todo Yucat\u00e1n de partidos que nos quieren robar la paz social en la que vivimos.<\/p>\n<p>Finalmente, acompa\u00f1ado de Reina Cob Balam, presidenta del Comit\u00e9 Directivo Municipal de Yaxcab\u00e1, Barrera Concha entreg\u00f3 el certificado como coordinador del equipo Yucat\u00e1n en el municipio a Genrry Pacab y lo felicit\u00f3 por esta encomienda.<\/p>\n","protected":false},"excerpt":{"rendered":"<p>Yaxcab\u00e1, Yucat\u00e1n a 8 de diciembre de 2023.- \u201cDurante estos d\u00edas de precampa\u00f1a me han compartido la necesidad que hay de apostarle al campo yucateco, tenemos que fortalecer a las y los productores para que ganen m\u00e1s, por eso vamos a trabajar como un s\u00f3lo equipo para construir programas que incrementen su econom\u00eda familiar\u00bb, apunt\u00f3 [&hellip;]<\/p>\n","protected":false},"author":3,"featured_media":101463,"comment_status":"closed","ping_status":"closed","sticky":false,"template":"","format":"standard","meta":{"footnotes":""},"categories":[2],"tags":[],"class_list":{"0":"post-101462","1":"post","2":"type-post","3":"status-publish","4":"format-standard","5":"has-post-thumbnail","7":"category-merida"},"yoast_head":"<!-- This site is optimized with the Yoast SEO plugin v27.4 - https:\/\/yoast.com\/product\/yoast-seo-wordpress\/ -->\n<title>Se re\u00fanen con ciudadanos de Yaxcab\u00e1 - Yucat\u00e1n en corto<\/title>\n<meta name=\"robots\" content=\"index, follow, max-snippet:-1, max-image-preview:large, max-video-preview:-1\" \/>\n<link rel=\"canonical\" href=\"https:\/\/www.yucatanencorto.com\/noticias\/se-reunen-con-ciudadanos-de-yaxcaba\/\" \/>\n<meta property=\"og:locale\" content=\"es_ES\" \/>\n<meta property=\"og:type\" content=\"article\" \/>\n<meta property=\"og:title\" content=\"Se re\u00fanen con ciudadanos de Yaxcab\u00e1 - Yucat\u00e1n en corto\" \/>\n<meta property=\"og:description\" content=\"Yaxcab\u00e1, Yucat\u00e1n a 8 de diciembre de 2023.- \u201cDurante estos d\u00edas de precampa\u00f1a me han compartido la necesidad que hay de apostarle al campo yucateco, tenemos que fortalecer a las y los productores para que ganen m\u00e1s, por eso vamos a trabajar como un s\u00f3lo equipo para construir programas que incrementen su econom\u00eda familiar\u00bb, apunt\u00f3 [&hellip;]\" \/>\n<meta property=\"og:url\" content=\"https:\/\/www.yucatanencorto.com\/noticias\/se-reunen-con-ciudadanos-de-yaxcaba\/\" \/>\n<meta property=\"og:site_name\" content=\"Yucat\u00e1n en corto\" \/>\n<meta property=\"article:publisher\" content=\"http:\/\/www.facebook.com\/yucatanencorto\" \/>\n<meta property=\"article:published_time\" content=\"2023-12-09T00:52:31+00:00\" \/>\n<meta property=\"og:image\" content=\"https:\/\/www.yucatanencorto.com\/noticias\/wp-content\/uploads\/2023\/12\/IMG-20231208-WA0052-scaled.jpg\" \/>\n\t<meta property=\"og:image:width\" content=\"768\" \/>\n\t<meta property=\"og:image:height\" content=\"576\" \/>\n\t<meta property=\"og:image:type\" content=\"image\/jpeg\" \/>\n<meta name=\"author\" content=\"Redes\" \/>\n<meta name=\"twitter:card\" content=\"summary_large_image\" \/>\n<meta name=\"twitter:creator\" content=\"@yucatanencorto\" \/>\n<meta name=\"twitter:site\" content=\"@yucatanencorto\" \/>\n<meta name=\"twitter:label1\" content=\"Escrito por\" \/>\n\t<meta name=\"twitter:data1\" content=\"Redes\" \/>\n\t<meta name=\"twitter:label2\" content=\"Tiempo de lectura\" \/>\n\t<meta name=\"twitter:data2\" content=\"3 minutos\" \/>\n<script type=\"application\/ld+json\" class=\"yoast-schema-graph\">{\"@context\":\"https:\\\/\\\/schema.org\",\"@graph\":[{\"@type\":\"Article\",\"@id\":\"https:\\\/\\\/www.yucatanencorto.com\\\/noticias\\\/se-reunen-con-ciudadanos-de-yaxcaba\\\/#article\",\"isPartOf\":{\"@id\":\"https:\\\/\\\/www.yucatanencorto.com\\\/noticias\\\/se-reunen-con-ciudadanos-de-yaxcaba\\\/\"},\"author\":{\"name\":\"Redes\",\"@id\":\"https:\\\/\\\/www.yucatanencorto.com\\\/noticias\\\/#\\\/schema\\\/person\\\/e2fbdfaf30a07014a43940ce989f3119\"},\"headline\":\"Se re\u00fanen con ciudadanos de Yaxcab\u00e1\",\"datePublished\":\"2023-12-09T00:52:31+00:00\",\"mainEntityOfPage\":{\"@id\":\"https:\\\/\\\/www.yucatanencorto.com\\\/noticias\\\/se-reunen-con-ciudadanos-de-yaxcaba\\\/\"},\"wordCount\":505,\"image\":{\"@id\":\"https:\\\/\\\/www.yucatanencorto.com\\\/noticias\\\/se-reunen-con-ciudadanos-de-yaxcaba\\\/#primaryimage\"},\"thumbnailUrl\":\"https:\\\/\\\/www.yucatanencorto.com\\\/noticias\\\/wp-content\\\/uploads\\\/2023\\\/12\\\/IMG-20231208-WA0052-scaled.jpg\",\"articleSection\":[\"M\u00e9rida\"],\"inLanguage\":\"es\"},{\"@type\":\"WebPage\",\"@id\":\"https:\\\/\\\/www.yucatanencorto.com\\\/noticias\\\/se-reunen-con-ciudadanos-de-yaxcaba\\\/\",\"url\":\"https:\\\/\\\/www.yucatanencorto.com\\\/noticias\\\/se-reunen-con-ciudadanos-de-yaxcaba\\\/\",\"name\":\"Se re\u00fanen con ciudadanos de Yaxcab\u00e1 - Yucat\u00e1n en corto\",\"isPartOf\":{\"@id\":\"https:\\\/\\\/www.yucatanencorto.com\\\/noticias\\\/#website\"},\"primaryImageOfPage\":{\"@id\":\"https:\\\/\\\/www.yucatanencorto.com\\\/noticias\\\/se-reunen-con-ciudadanos-de-yaxcaba\\\/#primaryimage\"},\"image\":{\"@id\":\"https:\\\/\\\/www.yucatanencorto.com\\\/noticias\\\/se-reunen-con-ciudadanos-de-yaxcaba\\\/#primaryimage\"},\"thumbnailUrl\":\"https:\\\/\\\/www.yucatanencorto.com\\\/noticias\\\/wp-content\\\/uploads\\\/2023\\\/12\\\/IMG-20231208-WA0052-scaled.jpg\",\"datePublished\":\"2023-12-09T00:52:31+00:00\",\"author\":{\"@id\":\"https:\\\/\\\/www.yucatanencorto.com\\\/noticias\\\/#\\\/schema\\\/person\\\/e2fbdfaf30a07014a43940ce989f3119\"},\"breadcrumb\":{\"@id\":\"https:\\\/\\\/www.yucatanencorto.com\\\/noticias\\\/se-reunen-con-ciudadanos-de-yaxcaba\\\/#breadcrumb\"},\"inLanguage\":\"es\",\"potentialAction\":[{\"@type\":\"ReadAction\",\"target\":[\"https:\\\/\\\/www.yucatanencorto.com\\\/noticias\\\/se-reunen-con-ciudadanos-de-yaxcaba\\\/\"]}]},{\"@type\":\"ImageObject\",\"inLanguage\":\"es\",\"@id\":\"https:\\\/\\\/www.yucatanencorto.com\\\/noticias\\\/se-reunen-con-ciudadanos-de-yaxcaba\\\/#primaryimage\",\"url\":\"https:\\\/\\\/www.yucatanencorto.com\\\/noticias\\\/wp-content\\\/uploads\\\/2023\\\/12\\\/IMG-20231208-WA0052-scaled.jpg\",\"contentUrl\":\"https:\\\/\\\/www.yucatanencorto.com\\\/noticias\\\/wp-content\\\/uploads\\\/2023\\\/12\\\/IMG-20231208-WA0052-scaled.jpg\",\"width\":768,\"height\":576},{\"@type\":\"BreadcrumbList\",\"@id\":\"https:\\\/\\\/www.yucatanencorto.com\\\/noticias\\\/se-reunen-con-ciudadanos-de-yaxcaba\\\/#breadcrumb\",\"itemListElement\":[{\"@type\":\"ListItem\",\"position\":1,\"name\":\"Portada\",\"item\":\"https:\\\/\\\/www.yucatanencorto.com\\\/noticias\\\/\"},{\"@type\":\"ListItem\",\"position\":2,\"name\":\"Se re\u00fanen con ciudadanos de Yaxcab\u00e1\"}]},{\"@type\":\"WebSite\",\"@id\":\"https:\\\/\\\/www.yucatanencorto.com\\\/noticias\\\/#website\",\"url\":\"https:\\\/\\\/www.yucatanencorto.com\\\/noticias\\\/\",\"name\":\"Yucat\u00e1n en corto\",\"description\":\"Noticias\",\"potentialAction\":[{\"@type\":\"SearchAction\",\"target\":{\"@type\":\"EntryPoint\",\"urlTemplate\":\"https:\\\/\\\/www.yucatanencorto.com\\\/noticias\\\/?s={search_term_string}\"},\"query-input\":{\"@type\":\"PropertyValueSpecification\",\"valueRequired\":true,\"valueName\":\"search_term_string\"}}],\"inLanguage\":\"es\"},{\"@type\":\"Person\",\"@id\":\"https:\\\/\\\/www.yucatanencorto.com\\\/noticias\\\/#\\\/schema\\\/person\\\/e2fbdfaf30a07014a43940ce989f3119\",\"name\":\"Redes\",\"image\":{\"@type\":\"ImageObject\",\"inLanguage\":\"es\",\"@id\":\"https:\\\/\\\/secure.gravatar.com\\\/avatar\\\/5931a2d21dd7cc834f44c8c34fe56d90ed6d536ef452cbf870c7485b524dddd7?s=96&d=mm&r=g\",\"url\":\"https:\\\/\\\/secure.gravatar.com\\\/avatar\\\/5931a2d21dd7cc834f44c8c34fe56d90ed6d536ef452cbf870c7485b524dddd7?s=96&d=mm&r=g\",\"contentUrl\":\"https:\\\/\\\/secure.gravatar.com\\\/avatar\\\/5931a2d21dd7cc834f44c8c34fe56d90ed6d536ef452cbf870c7485b524dddd7?s=96&d=mm&r=g\",\"caption\":\"Redes\"},\"url\":\"https:\\\/\\\/www.yucatanencorto.com\\\/noticias\\\/author\\\/redes\\\/\"}]}<\/script>\n<!-- \/ Yoast SEO plugin. -->","yoast_head_json":{"title":"Se re\u00fanen con ciudadanos de Yaxcab\u00e1 - Yucat\u00e1n en corto","robots":{"index":"index","follow":"follow","max-snippet":"max-snippet:-1","max-image-preview":"max-image-preview:large","max-video-preview":"max-video-preview:-1"},"canonical":"https:\/\/www.yucatanencorto.com\/noticias\/se-reunen-con-ciudadanos-de-yaxcaba\/","og_locale":"es_ES","og_type":"article","og_title":"Se re\u00fanen con ciudadanos de Yaxcab\u00e1 - Yucat\u00e1n en corto","og_description":"Yaxcab\u00e1, Yucat\u00e1n a 8 de diciembre de 2023.- \u201cDurante estos d\u00edas de precampa\u00f1a me han compartido la necesidad que hay de apostarle al campo yucateco, tenemos que fortalecer a las y los productores para que ganen m\u00e1s, por eso vamos a trabajar como un s\u00f3lo equipo para construir programas que incrementen su econom\u00eda familiar\u00bb, apunt\u00f3 [&hellip;]","og_url":"https:\/\/www.yucatanencorto.com\/noticias\/se-reunen-con-ciudadanos-de-yaxcaba\/","og_site_name":"Yucat\u00e1n en corto","article_publisher":"http:\/\/www.facebook.com\/yucatanencorto","article_published_time":"2023-12-09T00:52:31+00:00","og_image":[{"width":768,"height":576,"url":"https:\/\/www.yucatanencorto.com\/noticias\/wp-content\/uploads\/2023\/12\/IMG-20231208-WA0052-scaled.jpg","type":"image\/jpeg"}],"author":"Redes","twitter_card":"summary_large_image","twitter_creator":"@yucatanencorto","twitter_site":"@yucatanencorto","twitter_misc":{"Escrito por":"Redes","Tiempo de lectura":"3 minutos"},"schema":{"@context":"https:\/\/schema.org","@graph":[{"@type":"Article","@id":"https:\/\/www.yucatanencorto.com\/noticias\/se-reunen-con-ciudadanos-de-yaxcaba\/#article","isPartOf":{"@id":"https:\/\/www.yucatanencorto.com\/noticias\/se-reunen-con-ciudadanos-de-yaxcaba\/"},"author":{"name":"Redes","@id":"https:\/\/www.yucatanencorto.com\/noticias\/#\/schema\/person\/e2fbdfaf30a07014a43940ce989f3119"},"headline":"Se re\u00fanen con ciudadanos de Yaxcab\u00e1","datePublished":"2023-12-09T00:52:31+00:00","mainEntityOfPage":{"@id":"https:\/\/www.yucatanencorto.com\/noticias\/se-reunen-con-ciudadanos-de-yaxcaba\/"},"wordCount":505,"image":{"@id":"https:\/\/www.yucatanencorto.com\/noticias\/se-reunen-con-ciudadanos-de-yaxcaba\/#primaryimage"},"thumbnailUrl":"https:\/\/www.yucatanencorto.com\/noticias\/wp-content\/uploads\/2023\/12\/IMG-20231208-WA0052-scaled.jpg","articleSection":["M\u00e9rida"],"inLanguage":"es"},{"@type":"WebPage","@id":"https:\/\/www.yucatanencorto.com\/noticias\/se-reunen-con-ciudadanos-de-yaxcaba\/","url":"https:\/\/www.yucatanencorto.com\/noticias\/se-reunen-con-ciudadanos-de-yaxcaba\/","name":"Se re\u00fanen con ciudadanos de Yaxcab\u00e1 - Yucat\u00e1n en corto","isPartOf":{"@id":"https:\/\/www.yucatanencorto.com\/noticias\/#website"},"primaryImageOfPage":{"@id":"https:\/\/www.yucatanencorto.com\/noticias\/se-reunen-con-ciudadanos-de-yaxcaba\/#primaryimage"},"image":{"@id":"https:\/\/www.yucatanencorto.com\/noticias\/se-reunen-con-ciudadanos-de-yaxcaba\/#primaryimage"},"thumbnailUrl":"https:\/\/www.yucatanencorto.com\/noticias\/wp-content\/uploads\/2023\/12\/IMG-20231208-WA0052-scaled.jpg","datePublished":"2023-12-09T00:52:31+00:00","author":{"@id":"https:\/\/www.yucatanencorto.com\/noticias\/#\/schema\/person\/e2fbdfaf30a07014a43940ce989f3119"},"breadcrumb":{"@id":"https:\/\/www.yucatanencorto.com\/noticias\/se-reunen-con-ciudadanos-de-yaxcaba\/#breadcrumb"},"inLanguage":"es","potentialAction":[{"@type":"ReadAction","target":["https:\/\/www.yucatanencorto.com\/noticias\/se-reunen-con-ciudadanos-de-yaxcaba\/"]}]},{"@type":"ImageObject","inLanguage":"es","@id":"https:\/\/www.yucatanencorto.com\/noticias\/se-reunen-con-ciudadanos-de-yaxcaba\/#primaryimage","url":"https:\/\/www.yucatanencorto.com\/noticias\/wp-content\/uploads\/2023\/12\/IMG-20231208-WA0052-scaled.jpg","contentUrl":"https:\/\/www.yucatanencorto.com\/noticias\/wp-content\/uploads\/2023\/12\/IMG-20231208-WA0052-scaled.jpg","width":768,"height":576},{"@type":"BreadcrumbList","@id":"https:\/\/www.yucatanencorto.com\/noticias\/se-reunen-con-ciudadanos-de-yaxcaba\/#breadcrumb","itemListElement":[{"@type":"ListItem","position":1,"name":"Portada","item":"https:\/\/www.yucatanencorto.com\/noticias\/"},{"@type":"ListItem","position":2,"name":"Se re\u00fanen con ciudadanos de Yaxcab\u00e1"}]},{"@type":"WebSite","@id":"https:\/\/www.yucatanencorto.com\/noticias\/#website","url":"https:\/\/www.yucatanencorto.com\/noticias\/","name":"Yucat\u00e1n en corto","description":"Noticias","potentialAction":[{"@type":"SearchAction","target":{"@type":"EntryPoint","urlTemplate":"https:\/\/www.yucatanencorto.com\/noticias\/?s={search_term_string}"},"query-input":{"@type":"PropertyValueSpecification","valueRequired":true,"valueName":"search_term_string"}}],"inLanguage":"es"},{"@type":"Person","@id":"https:\/\/www.yucatanencorto.com\/noticias\/#\/schema\/person\/e2fbdfaf30a07014a43940ce989f3119","name":"Redes","image":{"@type":"ImageObject","inLanguage":"es","@id":"https:\/\/secure.gravatar.com\/avatar\/5931a2d21dd7cc834f44c8c34fe56d90ed6d536ef452cbf870c7485b524dddd7?s=96&d=mm&r=g","url":"https:\/\/secure.gravatar.com\/avatar\/5931a2d21dd7cc834f44c8c34fe56d90ed6d536ef452cbf870c7485b524dddd7?s=96&d=mm&r=g","contentUrl":"https:\/\/secure.gravatar.com\/avatar\/5931a2d21dd7cc834f44c8c34fe56d90ed6d536ef452cbf870c7485b524dddd7?s=96&d=mm&r=g","caption":"Redes"},"url":"https:\/\/www.yucatanencorto.com\/noticias\/author\/redes\/"}]}},"_links":{"self":[{"href":"https:\/\/www.yucatanencorto.com\/noticias\/wp-json\/wp\/v2\/posts\/101462","targetHints":{"allow":["GET"]}}],"collection":[{"href":"https:\/\/www.yucatanencorto.com\/noticias\/wp-json\/wp\/v2\/posts"}],"about":[{"href":"https:\/\/www.yucatanencorto.com\/noticias\/wp-json\/wp\/v2\/types\/post"}],"author":[{"embeddable":true,"href":"https:\/\/www.yucatanencorto.com\/noticias\/wp-json\/wp\/v2\/users\/3"}],"replies":[{"embeddable":true,"href":"https:\/\/www.yucatanencorto.com\/noticias\/wp-json\/wp\/v2\/comments?post=101462"}],"version-history":[{"count":0,"href":"https:\/\/www.yucatanencorto.com\/noticias\/wp-json\/wp\/v2\/posts\/101462\/revisions"}],"wp:featuredmedia":[{"embeddable":true,"href":"https:\/\/www.yucatanencorto.com\/noticias\/wp-json\/wp\/v2\/media\/101463"}],"wp:attachment":[{"href":"https:\/\/www.yucatanencorto.com\/noticias\/wp-json\/wp\/v2\/media?parent=101462"}],"wp:term":[{"taxonomy":"category","embeddable":true,"href":"https:\/\/www.yucatanencorto.com\/noticias\/wp-json\/wp\/v2\/categories?post=101462"},{"taxonomy":"post_tag","embeddable":true,"href":"https:\/\/www.yucatanencorto.com\/noticias\/wp-json\/wp\/v2\/tags?post=101462"}],"curies":[{"name":"wp","href":"https:\/\/api.w.org\/{rel}","templated":true}]}}