{"id":101469,"date":"2023-12-09T14:52:32","date_gmt":"2023-12-09T20:52:32","guid":{"rendered":"https:\/\/www.yucatanencorto.com\/noticias\/?p=101469"},"modified":"2023-12-09T14:52:32","modified_gmt":"2023-12-09T20:52:32","slug":"familias-yucatecas-comienzan-a-disfrutar-el-paseo-de-las-flores","status":"publish","type":"post","link":"https:\/\/www.yucatanencorto.com\/noticias\/familias-yucatecas-comienzan-a-disfrutar-el-paseo-de-las-flores\/","title":{"rendered":"Familias yucatecas comienzan a disfrutar el paseo de las flores"},"content":{"rendered":"<p><img loading=\"lazy\" decoding=\"async\" class=\"alignnone size-full wp-image-101470\" src=\"https:\/\/www.yucatanencorto.com\/noticias\/wp-content\/uploads\/2023\/12\/IMG-20231209-WA0092-scaled.jpg\" alt=\"\" width=\"768\" height=\"538\" srcset=\"https:\/\/www.yucatanencorto.com\/noticias\/wp-content\/uploads\/2023\/12\/IMG-20231209-WA0092-scaled.jpg 768w, https:\/\/www.yucatanencorto.com\/noticias\/wp-content\/uploads\/2023\/12\/IMG-20231209-WA0092-150x105.jpg 150w, https:\/\/www.yucatanencorto.com\/noticias\/wp-content\/uploads\/2023\/12\/IMG-20231209-WA0092-300x210.jpg 300w, https:\/\/www.yucatanencorto.com\/noticias\/wp-content\/uploads\/2023\/12\/IMG-20231209-WA0092-696x488.jpg 696w, https:\/\/www.yucatanencorto.com\/noticias\/wp-content\/uploads\/2023\/12\/IMG-20231209-WA0092-1068x748.jpg 1068w\" sizes=\"auto, (max-width: 768px) 100vw, 768px\" \/><\/p>\n<p>M\u00e9rida, Yucat\u00e1n, 9 de diciembre de 2023.- Junto con familias yucatecas, el Gobernador Mauricio Vila Dosal inaugur\u00f3 el Paseo Navide\u00f1o de las Flores, atractivo que a partir de este d\u00eda y hasta el 6 de enero estar\u00e1 en la explanada c\u00edvica del Parque de \u201cLa Plancha\u201d, el mejor de M\u00e9xico, para el disfrute y la sana convivencia de yucatecos y visitantes, como una opci\u00f3n para visitar durante las fiestas decembrinas.<\/p>\n<p>&nbsp;<\/p>\n<p>Acompa\u00f1ado de su esposa, Mar\u00eda Eugenia Ortiz Abraham, y sus hijos Mauricio y Santiago, el Gobernador realiz\u00f3 el corte de list\u00f3n inaugural y realiz\u00f3 un recorrido por esta muestra que se ha convertido en una de las favoritas de las y los yucatecos.<\/p>\n<p>&nbsp;<\/p>\n<p>Entre los visitantes se encontraba Isabel Calder\u00f3n, quien acudi\u00f3 con su familia al Parque de \u201cLa Plancha\u201d para disfrutar del Paseo Navide\u00f1o de las Flores.<\/p>\n<p>&nbsp;<\/p>\n<p>\u201cEst\u00e1 muy bonita la muestra y no puede faltar la fotograf\u00eda del recuerdo aprovechando el ambiente navide\u00f1o. La verdad es que es muy agradable el parque para venir en familia y disfrutar de estas actividades que brinda el Gobernador quien est\u00e1 trabajando muy bien y se nota el cambio buscando el beneficio de la ciudadan\u00eda con espacios como este\u201d, indic\u00f3 la mujer.<\/p>\n<p>&nbsp;<\/p>\n<p>Tambi\u00e9n, Imelda Calder\u00f3n se\u00f1al\u00f3 que, \u201ces una muestra floral muy bonita y qu\u00e9 bueno que el Gobernador impulse espacios como estos para el disfrute de las familias\u201d, asegur\u00f3.<\/p>\n<p>&nbsp;<\/p>\n<p>En presencia del Alcalde de M\u00e9rida, Alejandro Ruz Castro, y el Administrador del Parque La Plancha, Coronel Fuerza A\u00e9rea, Jos\u00e9 Arnulfo Escamilla Novelo, as\u00ed como autoridades militares, Vila Dosal observ\u00f3 la exhibici\u00f3n conformada por diversas figuras florales como Reyes Magos, un nacimiento, as\u00ed como esculturas vegetales que incluyen una pi\u00f1ata, osos polares y el personaje principal de la navidad, Santa Claus.<\/p>\n<p>&nbsp;<\/p>\n<p>Cabe recordar que, adem\u00e1s de la capital yucateca, el Paseo Navide\u00f1o de las Flores tambi\u00e9n llegar\u00e1 al interior del estado en los municipios de Um\u00e1n, Valladolid e Izamal, acercando a todas las familias una alternativa para disfrutar al tiempo que se concientiza sobre el cuidado al medio ambiente.<\/p>\n<p>&nbsp;<\/p>\n<p>En las muestras se usa Petunias de varios colores, kalanchoes, panalillos, ageratos, cempazuchitl y la t\u00edpica Flor de Nochebuena para los tapetes vegetales, cada uno conformado por m\u00e1s de 30 mil flores.<\/p>\n<p>&nbsp;<\/p>\n<p>El Paseo Navide\u00f1o de las Flores en M\u00e9rida estar\u00e1 abierto al p\u00fablico del 9 de diciembre al 6 de enero pr\u00f3ximo en el Explanada c\u00edvica del Parque de La Plancha, considerado el mejor de M\u00e9xico, donde la gente podr\u00e1 observar un tapete vegetal con figuras como los Reyes Magos, un nacimiento, as\u00ed como esculturas vegetales que incluyen una pi\u00f1ata, osos polares y el personaje principal de la navidad, Santa Claus.<\/p>\n<p>&nbsp;<\/p>\n<p>A la sede de Um\u00e1n, ubicada a un costado de la iglesia San Francisco de As\u00eds, se llevar\u00e1 color y ambiente navide\u00f1o a trav\u00e9s de coloridas plantas, del 11 de diciembre al 6 de enero, donde se podr\u00e1 disfrutar de representaciones como la flor de nochebuena, un mu\u00f1eco de nieve, un regalo, entre otras.<\/p>\n<p>&nbsp;<\/p>\n<p>Para el disfrute en el municipio de Valladolid, se instalar\u00e1 en el parque Sisal, a un lado del convento de San Bernardino de Siena, una exhibici\u00f3n llena de la alegr\u00eda de la Navidad con arbolitos navide\u00f1os, un trineo tirado por renos, elfos y osos polares. Se encontrar\u00e1 en esta sede del 13 de diciembre al 6 de enero.<\/p>\n<p>&nbsp;<\/p>\n<p>Mientras que en Izamal, grandes y peque\u00f1os podr\u00e1n gozar del 15 de diciembre al 6 de enero de representaciones de arte vegetal con Santa Claus entregando regalos, mu\u00f1ecos de nieve, un cascanueces, la tradicional pi\u00f1ata y un caballito de madera, en la calle del convento.<\/p>\n<p>&nbsp;<\/p>\n<p>El recorrido del Paseo Navide\u00f1o de las Flores ser\u00e1 gratuito para toda la familia en los municipios antes mencionados y tendr\u00e1 un horario de 9:00 a 22:00 horas.<\/p>\n","protected":false},"excerpt":{"rendered":"<p>M\u00e9rida, Yucat\u00e1n, 9 de diciembre de 2023.- Junto con familias yucatecas, el Gobernador Mauricio Vila Dosal inaugur\u00f3 el Paseo Navide\u00f1o de las Flores, atractivo que a partir de este d\u00eda y hasta el 6 de enero estar\u00e1 en la explanada c\u00edvica del Parque de \u201cLa Plancha\u201d, el mejor de M\u00e9xico, para el disfrute y la [&hellip;]<\/p>\n","protected":false},"author":3,"featured_media":101470,"comment_status":"closed","ping_status":"closed","sticky":false,"template":"","format":"standard","meta":{"footnotes":""},"categories":[3],"tags":[],"class_list":{"0":"post-101469","1":"post","2":"type-post","3":"status-publish","4":"format-standard","5":"has-post-thumbnail","7":"category-yucatan"},"yoast_head":"<!-- This site is optimized with the Yoast SEO plugin v27.4 - https:\/\/yoast.com\/product\/yoast-seo-wordpress\/ -->\n<title>Familias yucatecas comienzan a disfrutar el paseo de las flores - Yucat\u00e1n en corto<\/title>\n<meta name=\"robots\" content=\"index, follow, max-snippet:-1, max-image-preview:large, max-video-preview:-1\" \/>\n<link rel=\"canonical\" href=\"https:\/\/www.yucatanencorto.com\/noticias\/familias-yucatecas-comienzan-a-disfrutar-el-paseo-de-las-flores\/\" \/>\n<meta property=\"og:locale\" content=\"es_ES\" \/>\n<meta property=\"og:type\" content=\"article\" \/>\n<meta property=\"og:title\" content=\"Familias yucatecas comienzan a disfrutar el paseo de las flores - Yucat\u00e1n en corto\" \/>\n<meta property=\"og:description\" content=\"M\u00e9rida, Yucat\u00e1n, 9 de diciembre de 2023.- Junto con familias yucatecas, el Gobernador Mauricio Vila Dosal inaugur\u00f3 el Paseo Navide\u00f1o de las Flores, atractivo que a partir de este d\u00eda y hasta el 6 de enero estar\u00e1 en la explanada c\u00edvica del Parque de \u201cLa Plancha\u201d, el mejor de M\u00e9xico, para el disfrute y la [&hellip;]\" \/>\n<meta property=\"og:url\" content=\"https:\/\/www.yucatanencorto.com\/noticias\/familias-yucatecas-comienzan-a-disfrutar-el-paseo-de-las-flores\/\" \/>\n<meta property=\"og:site_name\" content=\"Yucat\u00e1n en corto\" \/>\n<meta property=\"article:publisher\" content=\"http:\/\/www.facebook.com\/yucatanencorto\" \/>\n<meta property=\"article:published_time\" content=\"2023-12-09T20:52:32+00:00\" \/>\n<meta property=\"og:image\" content=\"https:\/\/www.yucatanencorto.com\/noticias\/wp-content\/uploads\/2023\/12\/IMG-20231209-WA0092-scaled.jpg\" \/>\n\t<meta property=\"og:image:width\" content=\"768\" \/>\n\t<meta property=\"og:image:height\" content=\"538\" \/>\n\t<meta property=\"og:image:type\" content=\"image\/jpeg\" \/>\n<meta name=\"author\" content=\"Redes\" \/>\n<meta name=\"twitter:card\" content=\"summary_large_image\" \/>\n<meta name=\"twitter:creator\" content=\"@yucatanencorto\" \/>\n<meta name=\"twitter:site\" content=\"@yucatanencorto\" \/>\n<meta name=\"twitter:label1\" content=\"Escrito por\" \/>\n\t<meta name=\"twitter:data1\" content=\"Redes\" \/>\n\t<meta name=\"twitter:label2\" content=\"Tiempo de lectura\" \/>\n\t<meta name=\"twitter:data2\" content=\"4 minutos\" \/>\n<script type=\"application\/ld+json\" class=\"yoast-schema-graph\">{\"@context\":\"https:\\\/\\\/schema.org\",\"@graph\":[{\"@type\":\"Article\",\"@id\":\"https:\\\/\\\/www.yucatanencorto.com\\\/noticias\\\/familias-yucatecas-comienzan-a-disfrutar-el-paseo-de-las-flores\\\/#article\",\"isPartOf\":{\"@id\":\"https:\\\/\\\/www.yucatanencorto.com\\\/noticias\\\/familias-yucatecas-comienzan-a-disfrutar-el-paseo-de-las-flores\\\/\"},\"author\":{\"name\":\"Redes\",\"@id\":\"https:\\\/\\\/www.yucatanencorto.com\\\/noticias\\\/#\\\/schema\\\/person\\\/e2fbdfaf30a07014a43940ce989f3119\"},\"headline\":\"Familias yucatecas comienzan a disfrutar el paseo de las flores\",\"datePublished\":\"2023-12-09T20:52:32+00:00\",\"mainEntityOfPage\":{\"@id\":\"https:\\\/\\\/www.yucatanencorto.com\\\/noticias\\\/familias-yucatecas-comienzan-a-disfrutar-el-paseo-de-las-flores\\\/\"},\"wordCount\":681,\"image\":{\"@id\":\"https:\\\/\\\/www.yucatanencorto.com\\\/noticias\\\/familias-yucatecas-comienzan-a-disfrutar-el-paseo-de-las-flores\\\/#primaryimage\"},\"thumbnailUrl\":\"https:\\\/\\\/www.yucatanencorto.com\\\/noticias\\\/wp-content\\\/uploads\\\/2023\\\/12\\\/IMG-20231209-WA0092-scaled.jpg\",\"articleSection\":[\"Yucat\u00e1n\"],\"inLanguage\":\"es\"},{\"@type\":\"WebPage\",\"@id\":\"https:\\\/\\\/www.yucatanencorto.com\\\/noticias\\\/familias-yucatecas-comienzan-a-disfrutar-el-paseo-de-las-flores\\\/\",\"url\":\"https:\\\/\\\/www.yucatanencorto.com\\\/noticias\\\/familias-yucatecas-comienzan-a-disfrutar-el-paseo-de-las-flores\\\/\",\"name\":\"Familias yucatecas comienzan a disfrutar el paseo de las flores - Yucat\u00e1n en corto\",\"isPartOf\":{\"@id\":\"https:\\\/\\\/www.yucatanencorto.com\\\/noticias\\\/#website\"},\"primaryImageOfPage\":{\"@id\":\"https:\\\/\\\/www.yucatanencorto.com\\\/noticias\\\/familias-yucatecas-comienzan-a-disfrutar-el-paseo-de-las-flores\\\/#primaryimage\"},\"image\":{\"@id\":\"https:\\\/\\\/www.yucatanencorto.com\\\/noticias\\\/familias-yucatecas-comienzan-a-disfrutar-el-paseo-de-las-flores\\\/#primaryimage\"},\"thumbnailUrl\":\"https:\\\/\\\/www.yucatanencorto.com\\\/noticias\\\/wp-content\\\/uploads\\\/2023\\\/12\\\/IMG-20231209-WA0092-scaled.jpg\",\"datePublished\":\"2023-12-09T20:52:32+00:00\",\"author\":{\"@id\":\"https:\\\/\\\/www.yucatanencorto.com\\\/noticias\\\/#\\\/schema\\\/person\\\/e2fbdfaf30a07014a43940ce989f3119\"},\"breadcrumb\":{\"@id\":\"https:\\\/\\\/www.yucatanencorto.com\\\/noticias\\\/familias-yucatecas-comienzan-a-disfrutar-el-paseo-de-las-flores\\\/#breadcrumb\"},\"inLanguage\":\"es\",\"potentialAction\":[{\"@type\":\"ReadAction\",\"target\":[\"https:\\\/\\\/www.yucatanencorto.com\\\/noticias\\\/familias-yucatecas-comienzan-a-disfrutar-el-paseo-de-las-flores\\\/\"]}]},{\"@type\":\"ImageObject\",\"inLanguage\":\"es\",\"@id\":\"https:\\\/\\\/www.yucatanencorto.com\\\/noticias\\\/familias-yucatecas-comienzan-a-disfrutar-el-paseo-de-las-flores\\\/#primaryimage\",\"url\":\"https:\\\/\\\/www.yucatanencorto.com\\\/noticias\\\/wp-content\\\/uploads\\\/2023\\\/12\\\/IMG-20231209-WA0092-scaled.jpg\",\"contentUrl\":\"https:\\\/\\\/www.yucatanencorto.com\\\/noticias\\\/wp-content\\\/uploads\\\/2023\\\/12\\\/IMG-20231209-WA0092-scaled.jpg\",\"width\":768,\"height\":538},{\"@type\":\"BreadcrumbList\",\"@id\":\"https:\\\/\\\/www.yucatanencorto.com\\\/noticias\\\/familias-yucatecas-comienzan-a-disfrutar-el-paseo-de-las-flores\\\/#breadcrumb\",\"itemListElement\":[{\"@type\":\"ListItem\",\"position\":1,\"name\":\"Portada\",\"item\":\"https:\\\/\\\/www.yucatanencorto.com\\\/noticias\\\/\"},{\"@type\":\"ListItem\",\"position\":2,\"name\":\"Familias yucatecas comienzan a disfrutar el paseo de las flores\"}]},{\"@type\":\"WebSite\",\"@id\":\"https:\\\/\\\/www.yucatanencorto.com\\\/noticias\\\/#website\",\"url\":\"https:\\\/\\\/www.yucatanencorto.com\\\/noticias\\\/\",\"name\":\"Yucat\u00e1n en corto\",\"description\":\"Noticias\",\"potentialAction\":[{\"@type\":\"SearchAction\",\"target\":{\"@type\":\"EntryPoint\",\"urlTemplate\":\"https:\\\/\\\/www.yucatanencorto.com\\\/noticias\\\/?s={search_term_string}\"},\"query-input\":{\"@type\":\"PropertyValueSpecification\",\"valueRequired\":true,\"valueName\":\"search_term_string\"}}],\"inLanguage\":\"es\"},{\"@type\":\"Person\",\"@id\":\"https:\\\/\\\/www.yucatanencorto.com\\\/noticias\\\/#\\\/schema\\\/person\\\/e2fbdfaf30a07014a43940ce989f3119\",\"name\":\"Redes\",\"image\":{\"@type\":\"ImageObject\",\"inLanguage\":\"es\",\"@id\":\"https:\\\/\\\/secure.gravatar.com\\\/avatar\\\/5931a2d21dd7cc834f44c8c34fe56d90ed6d536ef452cbf870c7485b524dddd7?s=96&d=mm&r=g\",\"url\":\"https:\\\/\\\/secure.gravatar.com\\\/avatar\\\/5931a2d21dd7cc834f44c8c34fe56d90ed6d536ef452cbf870c7485b524dddd7?s=96&d=mm&r=g\",\"contentUrl\":\"https:\\\/\\\/secure.gravatar.com\\\/avatar\\\/5931a2d21dd7cc834f44c8c34fe56d90ed6d536ef452cbf870c7485b524dddd7?s=96&d=mm&r=g\",\"caption\":\"Redes\"},\"url\":\"https:\\\/\\\/www.yucatanencorto.com\\\/noticias\\\/author\\\/redes\\\/\"}]}<\/script>\n<!-- \/ Yoast SEO plugin. -->","yoast_head_json":{"title":"Familias yucatecas comienzan a disfrutar el paseo de las flores - Yucat\u00e1n en corto","robots":{"index":"index","follow":"follow","max-snippet":"max-snippet:-1","max-image-preview":"max-image-preview:large","max-video-preview":"max-video-preview:-1"},"canonical":"https:\/\/www.yucatanencorto.com\/noticias\/familias-yucatecas-comienzan-a-disfrutar-el-paseo-de-las-flores\/","og_locale":"es_ES","og_type":"article","og_title":"Familias yucatecas comienzan a disfrutar el paseo de las flores - Yucat\u00e1n en corto","og_description":"M\u00e9rida, Yucat\u00e1n, 9 de diciembre de 2023.- Junto con familias yucatecas, el Gobernador Mauricio Vila Dosal inaugur\u00f3 el Paseo Navide\u00f1o de las Flores, atractivo que a partir de este d\u00eda y hasta el 6 de enero estar\u00e1 en la explanada c\u00edvica del Parque de \u201cLa Plancha\u201d, el mejor de M\u00e9xico, para el disfrute y la [&hellip;]","og_url":"https:\/\/www.yucatanencorto.com\/noticias\/familias-yucatecas-comienzan-a-disfrutar-el-paseo-de-las-flores\/","og_site_name":"Yucat\u00e1n en corto","article_publisher":"http:\/\/www.facebook.com\/yucatanencorto","article_published_time":"2023-12-09T20:52:32+00:00","og_image":[{"width":768,"height":538,"url":"https:\/\/www.yucatanencorto.com\/noticias\/wp-content\/uploads\/2023\/12\/IMG-20231209-WA0092-scaled.jpg","type":"image\/jpeg"}],"author":"Redes","twitter_card":"summary_large_image","twitter_creator":"@yucatanencorto","twitter_site":"@yucatanencorto","twitter_misc":{"Escrito por":"Redes","Tiempo de lectura":"4 minutos"},"schema":{"@context":"https:\/\/schema.org","@graph":[{"@type":"Article","@id":"https:\/\/www.yucatanencorto.com\/noticias\/familias-yucatecas-comienzan-a-disfrutar-el-paseo-de-las-flores\/#article","isPartOf":{"@id":"https:\/\/www.yucatanencorto.com\/noticias\/familias-yucatecas-comienzan-a-disfrutar-el-paseo-de-las-flores\/"},"author":{"name":"Redes","@id":"https:\/\/www.yucatanencorto.com\/noticias\/#\/schema\/person\/e2fbdfaf30a07014a43940ce989f3119"},"headline":"Familias yucatecas comienzan a disfrutar el paseo de las flores","datePublished":"2023-12-09T20:52:32+00:00","mainEntityOfPage":{"@id":"https:\/\/www.yucatanencorto.com\/noticias\/familias-yucatecas-comienzan-a-disfrutar-el-paseo-de-las-flores\/"},"wordCount":681,"image":{"@id":"https:\/\/www.yucatanencorto.com\/noticias\/familias-yucatecas-comienzan-a-disfrutar-el-paseo-de-las-flores\/#primaryimage"},"thumbnailUrl":"https:\/\/www.yucatanencorto.com\/noticias\/wp-content\/uploads\/2023\/12\/IMG-20231209-WA0092-scaled.jpg","articleSection":["Yucat\u00e1n"],"inLanguage":"es"},{"@type":"WebPage","@id":"https:\/\/www.yucatanencorto.com\/noticias\/familias-yucatecas-comienzan-a-disfrutar-el-paseo-de-las-flores\/","url":"https:\/\/www.yucatanencorto.com\/noticias\/familias-yucatecas-comienzan-a-disfrutar-el-paseo-de-las-flores\/","name":"Familias yucatecas comienzan a disfrutar el paseo de las flores - Yucat\u00e1n en corto","isPartOf":{"@id":"https:\/\/www.yucatanencorto.com\/noticias\/#website"},"primaryImageOfPage":{"@id":"https:\/\/www.yucatanencorto.com\/noticias\/familias-yucatecas-comienzan-a-disfrutar-el-paseo-de-las-flores\/#primaryimage"},"image":{"@id":"https:\/\/www.yucatanencorto.com\/noticias\/familias-yucatecas-comienzan-a-disfrutar-el-paseo-de-las-flores\/#primaryimage"},"thumbnailUrl":"https:\/\/www.yucatanencorto.com\/noticias\/wp-content\/uploads\/2023\/12\/IMG-20231209-WA0092-scaled.jpg","datePublished":"2023-12-09T20:52:32+00:00","author":{"@id":"https:\/\/www.yucatanencorto.com\/noticias\/#\/schema\/person\/e2fbdfaf30a07014a43940ce989f3119"},"breadcrumb":{"@id":"https:\/\/www.yucatanencorto.com\/noticias\/familias-yucatecas-comienzan-a-disfrutar-el-paseo-de-las-flores\/#breadcrumb"},"inLanguage":"es","potentialAction":[{"@type":"ReadAction","target":["https:\/\/www.yucatanencorto.com\/noticias\/familias-yucatecas-comienzan-a-disfrutar-el-paseo-de-las-flores\/"]}]},{"@type":"ImageObject","inLanguage":"es","@id":"https:\/\/www.yucatanencorto.com\/noticias\/familias-yucatecas-comienzan-a-disfrutar-el-paseo-de-las-flores\/#primaryimage","url":"https:\/\/www.yucatanencorto.com\/noticias\/wp-content\/uploads\/2023\/12\/IMG-20231209-WA0092-scaled.jpg","contentUrl":"https:\/\/www.yucatanencorto.com\/noticias\/wp-content\/uploads\/2023\/12\/IMG-20231209-WA0092-scaled.jpg","width":768,"height":538},{"@type":"BreadcrumbList","@id":"https:\/\/www.yucatanencorto.com\/noticias\/familias-yucatecas-comienzan-a-disfrutar-el-paseo-de-las-flores\/#breadcrumb","itemListElement":[{"@type":"ListItem","position":1,"name":"Portada","item":"https:\/\/www.yucatanencorto.com\/noticias\/"},{"@type":"ListItem","position":2,"name":"Familias yucatecas comienzan a disfrutar el paseo de las flores"}]},{"@type":"WebSite","@id":"https:\/\/www.yucatanencorto.com\/noticias\/#website","url":"https:\/\/www.yucatanencorto.com\/noticias\/","name":"Yucat\u00e1n en corto","description":"Noticias","potentialAction":[{"@type":"SearchAction","target":{"@type":"EntryPoint","urlTemplate":"https:\/\/www.yucatanencorto.com\/noticias\/?s={search_term_string}"},"query-input":{"@type":"PropertyValueSpecification","valueRequired":true,"valueName":"search_term_string"}}],"inLanguage":"es"},{"@type":"Person","@id":"https:\/\/www.yucatanencorto.com\/noticias\/#\/schema\/person\/e2fbdfaf30a07014a43940ce989f3119","name":"Redes","image":{"@type":"ImageObject","inLanguage":"es","@id":"https:\/\/secure.gravatar.com\/avatar\/5931a2d21dd7cc834f44c8c34fe56d90ed6d536ef452cbf870c7485b524dddd7?s=96&d=mm&r=g","url":"https:\/\/secure.gravatar.com\/avatar\/5931a2d21dd7cc834f44c8c34fe56d90ed6d536ef452cbf870c7485b524dddd7?s=96&d=mm&r=g","contentUrl":"https:\/\/secure.gravatar.com\/avatar\/5931a2d21dd7cc834f44c8c34fe56d90ed6d536ef452cbf870c7485b524dddd7?s=96&d=mm&r=g","caption":"Redes"},"url":"https:\/\/www.yucatanencorto.com\/noticias\/author\/redes\/"}]}},"_links":{"self":[{"href":"https:\/\/www.yucatanencorto.com\/noticias\/wp-json\/wp\/v2\/posts\/101469","targetHints":{"allow":["GET"]}}],"collection":[{"href":"https:\/\/www.yucatanencorto.com\/noticias\/wp-json\/wp\/v2\/posts"}],"about":[{"href":"https:\/\/www.yucatanencorto.com\/noticias\/wp-json\/wp\/v2\/types\/post"}],"author":[{"embeddable":true,"href":"https:\/\/www.yucatanencorto.com\/noticias\/wp-json\/wp\/v2\/users\/3"}],"replies":[{"embeddable":true,"href":"https:\/\/www.yucatanencorto.com\/noticias\/wp-json\/wp\/v2\/comments?post=101469"}],"version-history":[{"count":0,"href":"https:\/\/www.yucatanencorto.com\/noticias\/wp-json\/wp\/v2\/posts\/101469\/revisions"}],"wp:featuredmedia":[{"embeddable":true,"href":"https:\/\/www.yucatanencorto.com\/noticias\/wp-json\/wp\/v2\/media\/101470"}],"wp:attachment":[{"href":"https:\/\/www.yucatanencorto.com\/noticias\/wp-json\/wp\/v2\/media?parent=101469"}],"wp:term":[{"taxonomy":"category","embeddable":true,"href":"https:\/\/www.yucatanencorto.com\/noticias\/wp-json\/wp\/v2\/categories?post=101469"},{"taxonomy":"post_tag","embeddable":true,"href":"https:\/\/www.yucatanencorto.com\/noticias\/wp-json\/wp\/v2\/tags?post=101469"}],"curies":[{"name":"wp","href":"https:\/\/api.w.org\/{rel}","templated":true}]}}