{"id":101472,"date":"2023-12-09T17:17:09","date_gmt":"2023-12-09T23:17:09","guid":{"rendered":"https:\/\/www.yucatanencorto.com\/noticias\/?p=101472"},"modified":"2023-12-09T17:17:09","modified_gmt":"2023-12-09T23:17:09","slug":"se-realizara-la-consulta-publica-para-seleccion-de-proyectos-de-disena-tu-ciudad","status":"publish","type":"post","link":"https:\/\/www.yucatanencorto.com\/noticias\/se-realizara-la-consulta-publica-para-seleccion-de-proyectos-de-disena-tu-ciudad\/","title":{"rendered":"Se realizar\u00e1 la Consulta P\u00fablica para selecci\u00f3n de proyectos de \u00abDise\u00f1a tu Ciudad\u00bb"},"content":{"rendered":"<p style=\"text-align: right;\"><img loading=\"lazy\" decoding=\"async\" class=\"alignnone size-full wp-image-101473\" src=\"https:\/\/www.yucatanencorto.com\/noticias\/wp-content\/uploads\/2023\/12\/IMG-20231209-WA0099-scaled.jpg\" alt=\"\" width=\"768\" height=\"512\" srcset=\"https:\/\/www.yucatanencorto.com\/noticias\/wp-content\/uploads\/2023\/12\/IMG-20231209-WA0099-scaled.jpg 768w, https:\/\/www.yucatanencorto.com\/noticias\/wp-content\/uploads\/2023\/12\/IMG-20231209-WA0099-150x100.jpg 150w, https:\/\/www.yucatanencorto.com\/noticias\/wp-content\/uploads\/2023\/12\/IMG-20231209-WA0099-300x200.jpg 300w, https:\/\/www.yucatanencorto.com\/noticias\/wp-content\/uploads\/2023\/12\/IMG-20231209-WA0099-696x464.jpg 696w, https:\/\/www.yucatanencorto.com\/noticias\/wp-content\/uploads\/2023\/12\/IMG-20231209-WA0099-1068x712.jpg 1068w\" sizes=\"auto, (max-width: 768px) 100vw, 768px\" \/><\/p>\n<p style=\"text-align: right;\">M\u00e9rida, Yucat\u00e1n, 9 de diciembre de 2023.- En M\u00e9rida existe una sociedad \u00e1vida de participar en la mejora de los espacios p\u00fablicos, porque son los lugares de sano esparcimiento que fomentan la seguridad, y as\u00ed se ha manifestado en la primera edici\u00f3n del programa municipal Presupuesto Participativo \u201cDise\u00f1a tu Ciudad\u201d, la cual ya cuenta con proyectos aprobados para someterse a consulta, afirm\u00f3 el Alcalde Alejandro Ruz Castro.<\/p>\n<p>&nbsp;<\/p>\n<p>El Presidente Municipal record\u00f3 que desde el 8 de septiembre de 2023 hasta el 28 de enero de 2024, el Ayuntamiento de M\u00e9rida, en cumplimiento a su Reglamento de Participaci\u00f3n Ciudadana, ha puesto por primera vez en marcha en M\u00e9rida un nuevo mecanismo de participaci\u00f3n denominado \u201cPresupuesto Participativo, Dise\u00f1a Tu Ciudad\u201d.<\/p>\n<p>&nbsp;<\/p>\n<p>\u201cDe septiembre a diciembre hemos transitado ya la mayor\u00eda de las fases que comprenden este gran proceso: Postulaci\u00f3n de predios, talleres ciudadanos, registro de proyectos, evaluaci\u00f3n y recientemente la publicaci\u00f3n del dictamen con los resultados de los proyectos ciudadanos que pasan a la consulta p\u00fablica del 28 enero de 2024\u201d, inform\u00f3.<\/p>\n<p>&nbsp;<\/p>\n<p>Coment\u00f3 que \u00e9ste es un proceso in\u00e9dito donde destaca la amplia participaci\u00f3n e inter\u00e9s de la ciudadan\u00eda por la mejora de sus espacios p\u00fablicos, ya que la convocatoria lanzada en septiembre invit\u00f3 a generar y postular ideas y propuestas para la rehabilitaci\u00f3n o construcci\u00f3n de nuevos parques o \u00e1reas deportivas de sus colonias, fraccionamientos y comisar\u00edas.<\/p>\n<p>&nbsp;<\/p>\n<p>Ruz Castro indic\u00f3 que de 295 predios admitidos para el desarrollo de propuestas ciudadanas, se recibi\u00f3 el registro de 177 proyectos y de estos, 149 resultaron viables conforme a la evaluaci\u00f3n de las factibilidades t\u00e9cnicas, jur\u00eddicas, econ\u00f3micas y sociales establecidas en la convocatoria y aprobados por el Comit\u00e9 T\u00e9cnico; es decir, son los que pasan a la fase de la consulta p\u00fablica para que la ciudadan\u00eda elija por distrito electoral local a los ganadores.<\/p>\n<p>&nbsp;<\/p>\n<p>Para los proyectos que no resultaron viables sus representantes podr\u00e1n solicitar v\u00eda correo electr\u00f3nico cita de aclaraci\u00f3n del 8 al 29 de diciembre del presente en: aclaraciones@merida.gob.mx, a\u00f1adi\u00f3.<\/p>\n<p>&nbsp;<\/p>\n<p>\u201cAhora nos encontramos en la fase 5 de Campa\u00f1as Ciudadanas. Son 7 fases en total, la sexta corresponde a la Consulta P\u00fablica del 28 de enero y la \u00faltima, a la publicaci\u00f3n de resultados de los proyectos ganadores. En la fase actual las y los ciudadanos responsables de los proyectos registrados podr\u00e1n hacer difusi\u00f3n, junto con su comunidad vecinal, para invitar a conocer y votar por sus propuestas en sus distritos. Para ello, deber\u00e1n seguir los lineamientos publicados en decide.merida.gob.mx que privilegian y fomentan campa\u00f1as respetuosas entre los participantes\u201d, detall\u00f3.<\/p>\n<p>&nbsp;<\/p>\n<p>La implementaci\u00f3n por primera vez de este proceso tambi\u00e9n ha requerido mejoras en el camino, como el caso de las nuevas disposiciones complementarias a la convocatoria, al otorgar mayor beneficio a los proyectos que ocupen el primer lugar de cada distrito, as\u00ed como lineamientos para predios con m\u00e1s de un proyecto registrado para hacer una competencia m\u00e1s equitativa.<\/p>\n<p>&nbsp;<\/p>\n<p>De los 149 proyectos ciudadanos viables m\u00e1s de la mitad est\u00e1n enfocados a mejoras en parques (116) y 33 a espacios deportivos; destaca tambi\u00e9n el dato de participaci\u00f3n por zona, siendo el Distrito 9 el m\u00e1s competitivo con 25 proyectos registrados abarcando parques y \u00e1reas deportivas de comisar\u00edas como Sitpach, Chablekal, Cholul as\u00ed como de las colonias y fraccionamientos de Los H\u00e9roes, Las Am\u00e9ricas y Real Montejo por mencionar algunos. Le siguen en mayor participaci\u00f3n los Distritos 2 y 3 de la zona Nororiente con 21 y 19 proyectos, respectivamente.<\/p>\n<p>&nbsp;<\/p>\n<p>Por su parte, el Distrito 5, ubicado en el Suroriente de M\u00e9rida, a pesar de ser el que menos proyectos registr\u00f3, lleg\u00f3 a 10 propuestas ciudadanas para su elecci\u00f3n.<\/p>\n<p>&nbsp;<\/p>\n<p>En decide.merida.gob.mx se encuentran enlistados por Distrito todos los proyectos validados para ir preparando su voto para enero. Durante la consulta p\u00fablica podr\u00e1n participar todas y todos los que tengan la credencial de elector actualizada de M\u00e9rida y podr\u00e1n elegir hasta tres opciones de su distrito al que corresponda su credencial. Habr\u00e1 al menos dos ganadores por Distrito, de primero y segundo lugar, es decir hasta 18 proyectos de mejoras para parques o \u00e1reas deportivas.<\/p>\n<p>&nbsp;<\/p>\n<p>Antes de concluir el a\u00f1o, en todos los medios de difusi\u00f3n oficiales de nuestro Ayuntamiento as\u00ed como en diversos medios de comunicaci\u00f3n, ser\u00e1 dada a conocer la convocatoria para el proceso de votaci\u00f3n as\u00ed como las sedes y horarios donde podr\u00e1n acudir a elegir estos proyectos por Distrito. En enero entramos a las fases finales del Presupuesto Participativo, Dise\u00f1a Tu Ciudad, un progama que lleg\u00f3 para quedarse.<\/p>\n","protected":false},"excerpt":{"rendered":"<p>M\u00e9rida, Yucat\u00e1n, 9 de diciembre de 2023.- En M\u00e9rida existe una sociedad \u00e1vida de participar en la mejora de los espacios p\u00fablicos, porque son los lugares de sano esparcimiento que fomentan la seguridad, y as\u00ed se ha manifestado en la primera edici\u00f3n del programa municipal Presupuesto Participativo \u201cDise\u00f1a tu Ciudad\u201d, la cual ya cuenta con [&hellip;]<\/p>\n","protected":false},"author":3,"featured_media":101473,"comment_status":"closed","ping_status":"closed","sticky":false,"template":"","format":"standard","meta":{"footnotes":""},"categories":[3],"tags":[],"class_list":{"0":"post-101472","1":"post","2":"type-post","3":"status-publish","4":"format-standard","5":"has-post-thumbnail","7":"category-yucatan"},"yoast_head":"<!-- This site is optimized with the Yoast SEO plugin v27.4 - https:\/\/yoast.com\/product\/yoast-seo-wordpress\/ -->\n<title>Se realizar\u00e1 la Consulta P\u00fablica para selecci\u00f3n de proyectos de &quot;Dise\u00f1a tu Ciudad&quot; - Yucat\u00e1n en corto<\/title>\n<meta name=\"robots\" content=\"index, follow, max-snippet:-1, max-image-preview:large, max-video-preview:-1\" \/>\n<link rel=\"canonical\" href=\"https:\/\/www.yucatanencorto.com\/noticias\/se-realizara-la-consulta-publica-para-seleccion-de-proyectos-de-disena-tu-ciudad\/\" \/>\n<meta property=\"og:locale\" content=\"es_ES\" \/>\n<meta property=\"og:type\" content=\"article\" \/>\n<meta property=\"og:title\" content=\"Se realizar\u00e1 la Consulta P\u00fablica para selecci\u00f3n de proyectos de &quot;Dise\u00f1a tu Ciudad&quot; - Yucat\u00e1n en corto\" \/>\n<meta property=\"og:description\" content=\"M\u00e9rida, Yucat\u00e1n, 9 de diciembre de 2023.- En M\u00e9rida existe una sociedad \u00e1vida de participar en la mejora de los espacios p\u00fablicos, porque son los lugares de sano esparcimiento que fomentan la seguridad, y as\u00ed se ha manifestado en la primera edici\u00f3n del programa municipal Presupuesto Participativo \u201cDise\u00f1a tu Ciudad\u201d, la cual ya cuenta con [&hellip;]\" \/>\n<meta property=\"og:url\" content=\"https:\/\/www.yucatanencorto.com\/noticias\/se-realizara-la-consulta-publica-para-seleccion-de-proyectos-de-disena-tu-ciudad\/\" \/>\n<meta property=\"og:site_name\" content=\"Yucat\u00e1n en corto\" \/>\n<meta property=\"article:publisher\" content=\"http:\/\/www.facebook.com\/yucatanencorto\" \/>\n<meta property=\"article:published_time\" content=\"2023-12-09T23:17:09+00:00\" \/>\n<meta property=\"og:image\" content=\"https:\/\/www.yucatanencorto.com\/noticias\/wp-content\/uploads\/2023\/12\/IMG-20231209-WA0099-scaled.jpg\" \/>\n\t<meta property=\"og:image:width\" content=\"768\" \/>\n\t<meta property=\"og:image:height\" content=\"512\" \/>\n\t<meta property=\"og:image:type\" content=\"image\/jpeg\" \/>\n<meta name=\"author\" content=\"Redes\" \/>\n<meta name=\"twitter:card\" content=\"summary_large_image\" \/>\n<meta name=\"twitter:creator\" content=\"@yucatanencorto\" \/>\n<meta name=\"twitter:site\" content=\"@yucatanencorto\" \/>\n<meta name=\"twitter:label1\" content=\"Escrito por\" \/>\n\t<meta name=\"twitter:data1\" content=\"Redes\" \/>\n\t<meta name=\"twitter:label2\" content=\"Tiempo de lectura\" \/>\n\t<meta name=\"twitter:data2\" content=\"4 minutos\" \/>\n<script type=\"application\/ld+json\" class=\"yoast-schema-graph\">{\"@context\":\"https:\\\/\\\/schema.org\",\"@graph\":[{\"@type\":\"Article\",\"@id\":\"https:\\\/\\\/www.yucatanencorto.com\\\/noticias\\\/se-realizara-la-consulta-publica-para-seleccion-de-proyectos-de-disena-tu-ciudad\\\/#article\",\"isPartOf\":{\"@id\":\"https:\\\/\\\/www.yucatanencorto.com\\\/noticias\\\/se-realizara-la-consulta-publica-para-seleccion-de-proyectos-de-disena-tu-ciudad\\\/\"},\"author\":{\"name\":\"Redes\",\"@id\":\"https:\\\/\\\/www.yucatanencorto.com\\\/noticias\\\/#\\\/schema\\\/person\\\/e2fbdfaf30a07014a43940ce989f3119\"},\"headline\":\"Se realizar\u00e1 la Consulta P\u00fablica para selecci\u00f3n de proyectos de \u00abDise\u00f1a tu Ciudad\u00bb\",\"datePublished\":\"2023-12-09T23:17:09+00:00\",\"mainEntityOfPage\":{\"@id\":\"https:\\\/\\\/www.yucatanencorto.com\\\/noticias\\\/se-realizara-la-consulta-publica-para-seleccion-de-proyectos-de-disena-tu-ciudad\\\/\"},\"wordCount\":813,\"image\":{\"@id\":\"https:\\\/\\\/www.yucatanencorto.com\\\/noticias\\\/se-realizara-la-consulta-publica-para-seleccion-de-proyectos-de-disena-tu-ciudad\\\/#primaryimage\"},\"thumbnailUrl\":\"https:\\\/\\\/www.yucatanencorto.com\\\/noticias\\\/wp-content\\\/uploads\\\/2023\\\/12\\\/IMG-20231209-WA0099-scaled.jpg\",\"articleSection\":[\"Yucat\u00e1n\"],\"inLanguage\":\"es\"},{\"@type\":\"WebPage\",\"@id\":\"https:\\\/\\\/www.yucatanencorto.com\\\/noticias\\\/se-realizara-la-consulta-publica-para-seleccion-de-proyectos-de-disena-tu-ciudad\\\/\",\"url\":\"https:\\\/\\\/www.yucatanencorto.com\\\/noticias\\\/se-realizara-la-consulta-publica-para-seleccion-de-proyectos-de-disena-tu-ciudad\\\/\",\"name\":\"Se realizar\u00e1 la Consulta P\u00fablica para selecci\u00f3n de proyectos de \\\"Dise\u00f1a tu Ciudad\\\" - Yucat\u00e1n en corto\",\"isPartOf\":{\"@id\":\"https:\\\/\\\/www.yucatanencorto.com\\\/noticias\\\/#website\"},\"primaryImageOfPage\":{\"@id\":\"https:\\\/\\\/www.yucatanencorto.com\\\/noticias\\\/se-realizara-la-consulta-publica-para-seleccion-de-proyectos-de-disena-tu-ciudad\\\/#primaryimage\"},\"image\":{\"@id\":\"https:\\\/\\\/www.yucatanencorto.com\\\/noticias\\\/se-realizara-la-consulta-publica-para-seleccion-de-proyectos-de-disena-tu-ciudad\\\/#primaryimage\"},\"thumbnailUrl\":\"https:\\\/\\\/www.yucatanencorto.com\\\/noticias\\\/wp-content\\\/uploads\\\/2023\\\/12\\\/IMG-20231209-WA0099-scaled.jpg\",\"datePublished\":\"2023-12-09T23:17:09+00:00\",\"author\":{\"@id\":\"https:\\\/\\\/www.yucatanencorto.com\\\/noticias\\\/#\\\/schema\\\/person\\\/e2fbdfaf30a07014a43940ce989f3119\"},\"breadcrumb\":{\"@id\":\"https:\\\/\\\/www.yucatanencorto.com\\\/noticias\\\/se-realizara-la-consulta-publica-para-seleccion-de-proyectos-de-disena-tu-ciudad\\\/#breadcrumb\"},\"inLanguage\":\"es\",\"potentialAction\":[{\"@type\":\"ReadAction\",\"target\":[\"https:\\\/\\\/www.yucatanencorto.com\\\/noticias\\\/se-realizara-la-consulta-publica-para-seleccion-de-proyectos-de-disena-tu-ciudad\\\/\"]}]},{\"@type\":\"ImageObject\",\"inLanguage\":\"es\",\"@id\":\"https:\\\/\\\/www.yucatanencorto.com\\\/noticias\\\/se-realizara-la-consulta-publica-para-seleccion-de-proyectos-de-disena-tu-ciudad\\\/#primaryimage\",\"url\":\"https:\\\/\\\/www.yucatanencorto.com\\\/noticias\\\/wp-content\\\/uploads\\\/2023\\\/12\\\/IMG-20231209-WA0099-scaled.jpg\",\"contentUrl\":\"https:\\\/\\\/www.yucatanencorto.com\\\/noticias\\\/wp-content\\\/uploads\\\/2023\\\/12\\\/IMG-20231209-WA0099-scaled.jpg\",\"width\":768,\"height\":512},{\"@type\":\"BreadcrumbList\",\"@id\":\"https:\\\/\\\/www.yucatanencorto.com\\\/noticias\\\/se-realizara-la-consulta-publica-para-seleccion-de-proyectos-de-disena-tu-ciudad\\\/#breadcrumb\",\"itemListElement\":[{\"@type\":\"ListItem\",\"position\":1,\"name\":\"Portada\",\"item\":\"https:\\\/\\\/www.yucatanencorto.com\\\/noticias\\\/\"},{\"@type\":\"ListItem\",\"position\":2,\"name\":\"Se realizar\u00e1 la Consulta P\u00fablica para selecci\u00f3n de proyectos de \u00abDise\u00f1a tu Ciudad\u00bb\"}]},{\"@type\":\"WebSite\",\"@id\":\"https:\\\/\\\/www.yucatanencorto.com\\\/noticias\\\/#website\",\"url\":\"https:\\\/\\\/www.yucatanencorto.com\\\/noticias\\\/\",\"name\":\"Yucat\u00e1n en corto\",\"description\":\"Noticias\",\"potentialAction\":[{\"@type\":\"SearchAction\",\"target\":{\"@type\":\"EntryPoint\",\"urlTemplate\":\"https:\\\/\\\/www.yucatanencorto.com\\\/noticias\\\/?s={search_term_string}\"},\"query-input\":{\"@type\":\"PropertyValueSpecification\",\"valueRequired\":true,\"valueName\":\"search_term_string\"}}],\"inLanguage\":\"es\"},{\"@type\":\"Person\",\"@id\":\"https:\\\/\\\/www.yucatanencorto.com\\\/noticias\\\/#\\\/schema\\\/person\\\/e2fbdfaf30a07014a43940ce989f3119\",\"name\":\"Redes\",\"image\":{\"@type\":\"ImageObject\",\"inLanguage\":\"es\",\"@id\":\"https:\\\/\\\/secure.gravatar.com\\\/avatar\\\/5931a2d21dd7cc834f44c8c34fe56d90ed6d536ef452cbf870c7485b524dddd7?s=96&d=mm&r=g\",\"url\":\"https:\\\/\\\/secure.gravatar.com\\\/avatar\\\/5931a2d21dd7cc834f44c8c34fe56d90ed6d536ef452cbf870c7485b524dddd7?s=96&d=mm&r=g\",\"contentUrl\":\"https:\\\/\\\/secure.gravatar.com\\\/avatar\\\/5931a2d21dd7cc834f44c8c34fe56d90ed6d536ef452cbf870c7485b524dddd7?s=96&d=mm&r=g\",\"caption\":\"Redes\"},\"url\":\"https:\\\/\\\/www.yucatanencorto.com\\\/noticias\\\/author\\\/redes\\\/\"}]}<\/script>\n<!-- \/ Yoast SEO plugin. -->","yoast_head_json":{"title":"Se realizar\u00e1 la Consulta P\u00fablica para selecci\u00f3n de proyectos de \"Dise\u00f1a tu Ciudad\" - Yucat\u00e1n en corto","robots":{"index":"index","follow":"follow","max-snippet":"max-snippet:-1","max-image-preview":"max-image-preview:large","max-video-preview":"max-video-preview:-1"},"canonical":"https:\/\/www.yucatanencorto.com\/noticias\/se-realizara-la-consulta-publica-para-seleccion-de-proyectos-de-disena-tu-ciudad\/","og_locale":"es_ES","og_type":"article","og_title":"Se realizar\u00e1 la Consulta P\u00fablica para selecci\u00f3n de proyectos de \"Dise\u00f1a tu Ciudad\" - Yucat\u00e1n en corto","og_description":"M\u00e9rida, Yucat\u00e1n, 9 de diciembre de 2023.- En M\u00e9rida existe una sociedad \u00e1vida de participar en la mejora de los espacios p\u00fablicos, porque son los lugares de sano esparcimiento que fomentan la seguridad, y as\u00ed se ha manifestado en la primera edici\u00f3n del programa municipal Presupuesto Participativo \u201cDise\u00f1a tu Ciudad\u201d, la cual ya cuenta con [&hellip;]","og_url":"https:\/\/www.yucatanencorto.com\/noticias\/se-realizara-la-consulta-publica-para-seleccion-de-proyectos-de-disena-tu-ciudad\/","og_site_name":"Yucat\u00e1n en corto","article_publisher":"http:\/\/www.facebook.com\/yucatanencorto","article_published_time":"2023-12-09T23:17:09+00:00","og_image":[{"width":768,"height":512,"url":"https:\/\/www.yucatanencorto.com\/noticias\/wp-content\/uploads\/2023\/12\/IMG-20231209-WA0099-scaled.jpg","type":"image\/jpeg"}],"author":"Redes","twitter_card":"summary_large_image","twitter_creator":"@yucatanencorto","twitter_site":"@yucatanencorto","twitter_misc":{"Escrito por":"Redes","Tiempo de lectura":"4 minutos"},"schema":{"@context":"https:\/\/schema.org","@graph":[{"@type":"Article","@id":"https:\/\/www.yucatanencorto.com\/noticias\/se-realizara-la-consulta-publica-para-seleccion-de-proyectos-de-disena-tu-ciudad\/#article","isPartOf":{"@id":"https:\/\/www.yucatanencorto.com\/noticias\/se-realizara-la-consulta-publica-para-seleccion-de-proyectos-de-disena-tu-ciudad\/"},"author":{"name":"Redes","@id":"https:\/\/www.yucatanencorto.com\/noticias\/#\/schema\/person\/e2fbdfaf30a07014a43940ce989f3119"},"headline":"Se realizar\u00e1 la Consulta P\u00fablica para selecci\u00f3n de proyectos de \u00abDise\u00f1a tu Ciudad\u00bb","datePublished":"2023-12-09T23:17:09+00:00","mainEntityOfPage":{"@id":"https:\/\/www.yucatanencorto.com\/noticias\/se-realizara-la-consulta-publica-para-seleccion-de-proyectos-de-disena-tu-ciudad\/"},"wordCount":813,"image":{"@id":"https:\/\/www.yucatanencorto.com\/noticias\/se-realizara-la-consulta-publica-para-seleccion-de-proyectos-de-disena-tu-ciudad\/#primaryimage"},"thumbnailUrl":"https:\/\/www.yucatanencorto.com\/noticias\/wp-content\/uploads\/2023\/12\/IMG-20231209-WA0099-scaled.jpg","articleSection":["Yucat\u00e1n"],"inLanguage":"es"},{"@type":"WebPage","@id":"https:\/\/www.yucatanencorto.com\/noticias\/se-realizara-la-consulta-publica-para-seleccion-de-proyectos-de-disena-tu-ciudad\/","url":"https:\/\/www.yucatanencorto.com\/noticias\/se-realizara-la-consulta-publica-para-seleccion-de-proyectos-de-disena-tu-ciudad\/","name":"Se realizar\u00e1 la Consulta P\u00fablica para selecci\u00f3n de proyectos de \"Dise\u00f1a tu Ciudad\" - Yucat\u00e1n en corto","isPartOf":{"@id":"https:\/\/www.yucatanencorto.com\/noticias\/#website"},"primaryImageOfPage":{"@id":"https:\/\/www.yucatanencorto.com\/noticias\/se-realizara-la-consulta-publica-para-seleccion-de-proyectos-de-disena-tu-ciudad\/#primaryimage"},"image":{"@id":"https:\/\/www.yucatanencorto.com\/noticias\/se-realizara-la-consulta-publica-para-seleccion-de-proyectos-de-disena-tu-ciudad\/#primaryimage"},"thumbnailUrl":"https:\/\/www.yucatanencorto.com\/noticias\/wp-content\/uploads\/2023\/12\/IMG-20231209-WA0099-scaled.jpg","datePublished":"2023-12-09T23:17:09+00:00","author":{"@id":"https:\/\/www.yucatanencorto.com\/noticias\/#\/schema\/person\/e2fbdfaf30a07014a43940ce989f3119"},"breadcrumb":{"@id":"https:\/\/www.yucatanencorto.com\/noticias\/se-realizara-la-consulta-publica-para-seleccion-de-proyectos-de-disena-tu-ciudad\/#breadcrumb"},"inLanguage":"es","potentialAction":[{"@type":"ReadAction","target":["https:\/\/www.yucatanencorto.com\/noticias\/se-realizara-la-consulta-publica-para-seleccion-de-proyectos-de-disena-tu-ciudad\/"]}]},{"@type":"ImageObject","inLanguage":"es","@id":"https:\/\/www.yucatanencorto.com\/noticias\/se-realizara-la-consulta-publica-para-seleccion-de-proyectos-de-disena-tu-ciudad\/#primaryimage","url":"https:\/\/www.yucatanencorto.com\/noticias\/wp-content\/uploads\/2023\/12\/IMG-20231209-WA0099-scaled.jpg","contentUrl":"https:\/\/www.yucatanencorto.com\/noticias\/wp-content\/uploads\/2023\/12\/IMG-20231209-WA0099-scaled.jpg","width":768,"height":512},{"@type":"BreadcrumbList","@id":"https:\/\/www.yucatanencorto.com\/noticias\/se-realizara-la-consulta-publica-para-seleccion-de-proyectos-de-disena-tu-ciudad\/#breadcrumb","itemListElement":[{"@type":"ListItem","position":1,"name":"Portada","item":"https:\/\/www.yucatanencorto.com\/noticias\/"},{"@type":"ListItem","position":2,"name":"Se realizar\u00e1 la Consulta P\u00fablica para selecci\u00f3n de proyectos de \u00abDise\u00f1a tu Ciudad\u00bb"}]},{"@type":"WebSite","@id":"https:\/\/www.yucatanencorto.com\/noticias\/#website","url":"https:\/\/www.yucatanencorto.com\/noticias\/","name":"Yucat\u00e1n en corto","description":"Noticias","potentialAction":[{"@type":"SearchAction","target":{"@type":"EntryPoint","urlTemplate":"https:\/\/www.yucatanencorto.com\/noticias\/?s={search_term_string}"},"query-input":{"@type":"PropertyValueSpecification","valueRequired":true,"valueName":"search_term_string"}}],"inLanguage":"es"},{"@type":"Person","@id":"https:\/\/www.yucatanencorto.com\/noticias\/#\/schema\/person\/e2fbdfaf30a07014a43940ce989f3119","name":"Redes","image":{"@type":"ImageObject","inLanguage":"es","@id":"https:\/\/secure.gravatar.com\/avatar\/5931a2d21dd7cc834f44c8c34fe56d90ed6d536ef452cbf870c7485b524dddd7?s=96&d=mm&r=g","url":"https:\/\/secure.gravatar.com\/avatar\/5931a2d21dd7cc834f44c8c34fe56d90ed6d536ef452cbf870c7485b524dddd7?s=96&d=mm&r=g","contentUrl":"https:\/\/secure.gravatar.com\/avatar\/5931a2d21dd7cc834f44c8c34fe56d90ed6d536ef452cbf870c7485b524dddd7?s=96&d=mm&r=g","caption":"Redes"},"url":"https:\/\/www.yucatanencorto.com\/noticias\/author\/redes\/"}]}},"_links":{"self":[{"href":"https:\/\/www.yucatanencorto.com\/noticias\/wp-json\/wp\/v2\/posts\/101472","targetHints":{"allow":["GET"]}}],"collection":[{"href":"https:\/\/www.yucatanencorto.com\/noticias\/wp-json\/wp\/v2\/posts"}],"about":[{"href":"https:\/\/www.yucatanencorto.com\/noticias\/wp-json\/wp\/v2\/types\/post"}],"author":[{"embeddable":true,"href":"https:\/\/www.yucatanencorto.com\/noticias\/wp-json\/wp\/v2\/users\/3"}],"replies":[{"embeddable":true,"href":"https:\/\/www.yucatanencorto.com\/noticias\/wp-json\/wp\/v2\/comments?post=101472"}],"version-history":[{"count":0,"href":"https:\/\/www.yucatanencorto.com\/noticias\/wp-json\/wp\/v2\/posts\/101472\/revisions"}],"wp:featuredmedia":[{"embeddable":true,"href":"https:\/\/www.yucatanencorto.com\/noticias\/wp-json\/wp\/v2\/media\/101473"}],"wp:attachment":[{"href":"https:\/\/www.yucatanencorto.com\/noticias\/wp-json\/wp\/v2\/media?parent=101472"}],"wp:term":[{"taxonomy":"category","embeddable":true,"href":"https:\/\/www.yucatanencorto.com\/noticias\/wp-json\/wp\/v2\/categories?post=101472"},{"taxonomy":"post_tag","embeddable":true,"href":"https:\/\/www.yucatanencorto.com\/noticias\/wp-json\/wp\/v2\/tags?post=101472"}],"curies":[{"name":"wp","href":"https:\/\/api.w.org\/{rel}","templated":true}]}}