{"id":101475,"date":"2023-12-09T17:20:40","date_gmt":"2023-12-09T23:20:40","guid":{"rendered":"https:\/\/www.yucatanencorto.com\/noticias\/?p=101475"},"modified":"2023-12-09T17:20:40","modified_gmt":"2023-12-09T23:20:40","slug":"avanza-construccion-de-la-estacion-del-ie-tram-en-el-parque-de-la-plancha","status":"publish","type":"post","link":"https:\/\/www.yucatanencorto.com\/noticias\/avanza-construccion-de-la-estacion-del-ie-tram-en-el-parque-de-la-plancha\/","title":{"rendered":"Avanza construcci\u00f3n de la estaci\u00f3n del Ie-tram en el parque de La Plancha"},"content":{"rendered":"<p><img loading=\"lazy\" decoding=\"async\" class=\"alignnone size-full wp-image-101476\" src=\"https:\/\/www.yucatanencorto.com\/noticias\/wp-content\/uploads\/2023\/12\/IMG-20231209-WA0103-scaled.jpg\" alt=\"\" width=\"768\" height=\"572\" srcset=\"https:\/\/www.yucatanencorto.com\/noticias\/wp-content\/uploads\/2023\/12\/IMG-20231209-WA0103-scaled.jpg 768w, https:\/\/www.yucatanencorto.com\/noticias\/wp-content\/uploads\/2023\/12\/IMG-20231209-WA0103-150x112.jpg 150w, https:\/\/www.yucatanencorto.com\/noticias\/wp-content\/uploads\/2023\/12\/IMG-20231209-WA0103-300x223.jpg 300w, https:\/\/www.yucatanencorto.com\/noticias\/wp-content\/uploads\/2023\/12\/IMG-20231209-WA0103-485x360.jpg 485w, https:\/\/www.yucatanencorto.com\/noticias\/wp-content\/uploads\/2023\/12\/IMG-20231209-WA0103-696x518.jpg 696w, https:\/\/www.yucatanencorto.com\/noticias\/wp-content\/uploads\/2023\/12\/IMG-20231209-WA0103-1068x795.jpg 1068w\" sizes=\"auto, (max-width: 768px) 100vw, 768px\" \/><\/p>\n<p>M\u00e9rida, Yucat\u00e1n, 9 de diciembre de 2023.- El Gobernador Mauricio Vila Dosal constata los avances de la construcci\u00f3n de la estaci\u00f3n del Ie-tram en el parque de La Plancha, obra que avanza de acuerdo a lo programado y donde converger\u00e1n las diferentes rutas de este transporte p\u00fablico 100% el\u00e9ctrico y \u00fanico en su tipo en Latinoam\u00e9rica, continuando con la transformaci\u00f3n de la movilidad en Yucat\u00e1n.<\/p>\n<p>&nbsp;<\/p>\n<p>Acompa\u00f1ado del Alcalde de M\u00e9rida, Alejandro Ruz Castro, Vila Dosal recorri\u00f3 el \u00e1rea para supervisar la obra que presenta un importante avance en el que se concluyeron las calles de rodamiento y se est\u00e1 realizando la zona de construcci\u00f3n de los cargadores.<\/p>\n<p>&nbsp;<\/p>\n<p>Junto con los directores generales de los Institutos de Infraestructura Carretera de Yucat\u00e1n (Incay), Sergio Chan Lugo, y para el Desarrollo y Certificaci\u00f3n de la Infraestructura F\u00edsica, Educativa y El\u00e9ctrica de Yucat\u00e1n (Idefeey), Luis Jorge Montalvo Duarte, Vila Dosal observ\u00f3 los trabajos que se realizan para pronto ofrecer un espacio c\u00f3modo, innovador y funcional a los usuarios.<\/p>\n<p>&nbsp;<\/p>\n<p>En el lugar se han realizado labores como terracer\u00edas, la plaza de acceso, instalaciones el\u00e9ctricas, sanitarias, hidr\u00e1ulicas y de voz y datos; as\u00ed como sistema contra incendios, sistema pluvial, andenes correspondientes a la etapa 1, sistemas de iluminaci\u00f3n aut\u00f3nomos con tecnolog\u00eda LED y pozos pluviales para evitar inundaciones.<\/p>\n<p>&nbsp;<\/p>\n<p>Este espacio incluir\u00e1 patio de carga, 5 bah\u00edas para autobuses, puertas de acceso a las bah\u00edas con validadores para pago electr\u00f3nico, amplias salas de espera, segundo piso para el centro de control, monitoreo del Ie-Tram, as\u00ed como 32 \u00e1reas de carga para el mismo n\u00famero de autobuses.<\/p>\n<p>&nbsp;<\/p>\n<p>De esta forma, el Gobernador contin\u00faa impulsando la transformaci\u00f3n de la movilidad en Yucat\u00e1n convirti\u00e9ndola en sustentable, moderna, eficiente y con la calidad que merecen las y los yucatecos.<\/p>\n","protected":false},"excerpt":{"rendered":"<p>M\u00e9rida, Yucat\u00e1n, 9 de diciembre de 2023.- El Gobernador Mauricio Vila Dosal constata los avances de la construcci\u00f3n de la estaci\u00f3n del Ie-tram en el parque de La Plancha, obra que avanza de acuerdo a lo programado y donde converger\u00e1n las diferentes rutas de este transporte p\u00fablico 100% el\u00e9ctrico y \u00fanico en su tipo en [&hellip;]<\/p>\n","protected":false},"author":3,"featured_media":101476,"comment_status":"closed","ping_status":"closed","sticky":false,"template":"","format":"standard","meta":{"footnotes":""},"categories":[3],"tags":[],"class_list":{"0":"post-101475","1":"post","2":"type-post","3":"status-publish","4":"format-standard","5":"has-post-thumbnail","7":"category-yucatan"},"yoast_head":"<!-- This site is optimized with the Yoast SEO plugin v27.4 - https:\/\/yoast.com\/product\/yoast-seo-wordpress\/ -->\n<title>Avanza construcci\u00f3n de la estaci\u00f3n del Ie-tram en el parque de La Plancha - Yucat\u00e1n en corto<\/title>\n<meta name=\"robots\" content=\"index, follow, max-snippet:-1, max-image-preview:large, max-video-preview:-1\" \/>\n<link rel=\"canonical\" href=\"https:\/\/www.yucatanencorto.com\/noticias\/avanza-construccion-de-la-estacion-del-ie-tram-en-el-parque-de-la-plancha\/\" \/>\n<meta property=\"og:locale\" content=\"es_ES\" \/>\n<meta property=\"og:type\" content=\"article\" \/>\n<meta property=\"og:title\" content=\"Avanza construcci\u00f3n de la estaci\u00f3n del Ie-tram en el parque de La Plancha - Yucat\u00e1n en corto\" \/>\n<meta property=\"og:description\" content=\"M\u00e9rida, Yucat\u00e1n, 9 de diciembre de 2023.- El Gobernador Mauricio Vila Dosal constata los avances de la construcci\u00f3n de la estaci\u00f3n del Ie-tram en el parque de La Plancha, obra que avanza de acuerdo a lo programado y donde converger\u00e1n las diferentes rutas de este transporte p\u00fablico 100% el\u00e9ctrico y \u00fanico en su tipo en [&hellip;]\" \/>\n<meta property=\"og:url\" content=\"https:\/\/www.yucatanencorto.com\/noticias\/avanza-construccion-de-la-estacion-del-ie-tram-en-el-parque-de-la-plancha\/\" \/>\n<meta property=\"og:site_name\" content=\"Yucat\u00e1n en corto\" \/>\n<meta property=\"article:publisher\" content=\"http:\/\/www.facebook.com\/yucatanencorto\" \/>\n<meta property=\"article:published_time\" content=\"2023-12-09T23:20:40+00:00\" \/>\n<meta property=\"og:image\" content=\"https:\/\/www.yucatanencorto.com\/noticias\/wp-content\/uploads\/2023\/12\/IMG-20231209-WA0103-scaled.jpg\" \/>\n\t<meta property=\"og:image:width\" content=\"768\" \/>\n\t<meta property=\"og:image:height\" content=\"572\" \/>\n\t<meta property=\"og:image:type\" content=\"image\/jpeg\" \/>\n<meta name=\"author\" content=\"Redes\" \/>\n<meta name=\"twitter:card\" content=\"summary_large_image\" \/>\n<meta name=\"twitter:creator\" content=\"@yucatanencorto\" \/>\n<meta name=\"twitter:site\" content=\"@yucatanencorto\" \/>\n<meta name=\"twitter:label1\" content=\"Escrito por\" \/>\n\t<meta name=\"twitter:data1\" content=\"Redes\" \/>\n\t<meta name=\"twitter:label2\" content=\"Tiempo de lectura\" \/>\n\t<meta name=\"twitter:data2\" content=\"2 minutos\" \/>\n<script type=\"application\/ld+json\" class=\"yoast-schema-graph\">{\"@context\":\"https:\\\/\\\/schema.org\",\"@graph\":[{\"@type\":\"Article\",\"@id\":\"https:\\\/\\\/www.yucatanencorto.com\\\/noticias\\\/avanza-construccion-de-la-estacion-del-ie-tram-en-el-parque-de-la-plancha\\\/#article\",\"isPartOf\":{\"@id\":\"https:\\\/\\\/www.yucatanencorto.com\\\/noticias\\\/avanza-construccion-de-la-estacion-del-ie-tram-en-el-parque-de-la-plancha\\\/\"},\"author\":{\"name\":\"Redes\",\"@id\":\"https:\\\/\\\/www.yucatanencorto.com\\\/noticias\\\/#\\\/schema\\\/person\\\/e2fbdfaf30a07014a43940ce989f3119\"},\"headline\":\"Avanza construcci\u00f3n de la estaci\u00f3n del Ie-tram en el parque de La Plancha\",\"datePublished\":\"2023-12-09T23:20:40+00:00\",\"mainEntityOfPage\":{\"@id\":\"https:\\\/\\\/www.yucatanencorto.com\\\/noticias\\\/avanza-construccion-de-la-estacion-del-ie-tram-en-el-parque-de-la-plancha\\\/\"},\"wordCount\":336,\"image\":{\"@id\":\"https:\\\/\\\/www.yucatanencorto.com\\\/noticias\\\/avanza-construccion-de-la-estacion-del-ie-tram-en-el-parque-de-la-plancha\\\/#primaryimage\"},\"thumbnailUrl\":\"https:\\\/\\\/www.yucatanencorto.com\\\/noticias\\\/wp-content\\\/uploads\\\/2023\\\/12\\\/IMG-20231209-WA0103-scaled.jpg\",\"articleSection\":[\"Yucat\u00e1n\"],\"inLanguage\":\"es\"},{\"@type\":\"WebPage\",\"@id\":\"https:\\\/\\\/www.yucatanencorto.com\\\/noticias\\\/avanza-construccion-de-la-estacion-del-ie-tram-en-el-parque-de-la-plancha\\\/\",\"url\":\"https:\\\/\\\/www.yucatanencorto.com\\\/noticias\\\/avanza-construccion-de-la-estacion-del-ie-tram-en-el-parque-de-la-plancha\\\/\",\"name\":\"Avanza construcci\u00f3n de la estaci\u00f3n del Ie-tram en el parque de La Plancha - Yucat\u00e1n en corto\",\"isPartOf\":{\"@id\":\"https:\\\/\\\/www.yucatanencorto.com\\\/noticias\\\/#website\"},\"primaryImageOfPage\":{\"@id\":\"https:\\\/\\\/www.yucatanencorto.com\\\/noticias\\\/avanza-construccion-de-la-estacion-del-ie-tram-en-el-parque-de-la-plancha\\\/#primaryimage\"},\"image\":{\"@id\":\"https:\\\/\\\/www.yucatanencorto.com\\\/noticias\\\/avanza-construccion-de-la-estacion-del-ie-tram-en-el-parque-de-la-plancha\\\/#primaryimage\"},\"thumbnailUrl\":\"https:\\\/\\\/www.yucatanencorto.com\\\/noticias\\\/wp-content\\\/uploads\\\/2023\\\/12\\\/IMG-20231209-WA0103-scaled.jpg\",\"datePublished\":\"2023-12-09T23:20:40+00:00\",\"author\":{\"@id\":\"https:\\\/\\\/www.yucatanencorto.com\\\/noticias\\\/#\\\/schema\\\/person\\\/e2fbdfaf30a07014a43940ce989f3119\"},\"breadcrumb\":{\"@id\":\"https:\\\/\\\/www.yucatanencorto.com\\\/noticias\\\/avanza-construccion-de-la-estacion-del-ie-tram-en-el-parque-de-la-plancha\\\/#breadcrumb\"},\"inLanguage\":\"es\",\"potentialAction\":[{\"@type\":\"ReadAction\",\"target\":[\"https:\\\/\\\/www.yucatanencorto.com\\\/noticias\\\/avanza-construccion-de-la-estacion-del-ie-tram-en-el-parque-de-la-plancha\\\/\"]}]},{\"@type\":\"ImageObject\",\"inLanguage\":\"es\",\"@id\":\"https:\\\/\\\/www.yucatanencorto.com\\\/noticias\\\/avanza-construccion-de-la-estacion-del-ie-tram-en-el-parque-de-la-plancha\\\/#primaryimage\",\"url\":\"https:\\\/\\\/www.yucatanencorto.com\\\/noticias\\\/wp-content\\\/uploads\\\/2023\\\/12\\\/IMG-20231209-WA0103-scaled.jpg\",\"contentUrl\":\"https:\\\/\\\/www.yucatanencorto.com\\\/noticias\\\/wp-content\\\/uploads\\\/2023\\\/12\\\/IMG-20231209-WA0103-scaled.jpg\",\"width\":768,\"height\":572},{\"@type\":\"BreadcrumbList\",\"@id\":\"https:\\\/\\\/www.yucatanencorto.com\\\/noticias\\\/avanza-construccion-de-la-estacion-del-ie-tram-en-el-parque-de-la-plancha\\\/#breadcrumb\",\"itemListElement\":[{\"@type\":\"ListItem\",\"position\":1,\"name\":\"Portada\",\"item\":\"https:\\\/\\\/www.yucatanencorto.com\\\/noticias\\\/\"},{\"@type\":\"ListItem\",\"position\":2,\"name\":\"Avanza construcci\u00f3n de la estaci\u00f3n del Ie-tram en el parque de La Plancha\"}]},{\"@type\":\"WebSite\",\"@id\":\"https:\\\/\\\/www.yucatanencorto.com\\\/noticias\\\/#website\",\"url\":\"https:\\\/\\\/www.yucatanencorto.com\\\/noticias\\\/\",\"name\":\"Yucat\u00e1n en corto\",\"description\":\"Noticias\",\"potentialAction\":[{\"@type\":\"SearchAction\",\"target\":{\"@type\":\"EntryPoint\",\"urlTemplate\":\"https:\\\/\\\/www.yucatanencorto.com\\\/noticias\\\/?s={search_term_string}\"},\"query-input\":{\"@type\":\"PropertyValueSpecification\",\"valueRequired\":true,\"valueName\":\"search_term_string\"}}],\"inLanguage\":\"es\"},{\"@type\":\"Person\",\"@id\":\"https:\\\/\\\/www.yucatanencorto.com\\\/noticias\\\/#\\\/schema\\\/person\\\/e2fbdfaf30a07014a43940ce989f3119\",\"name\":\"Redes\",\"image\":{\"@type\":\"ImageObject\",\"inLanguage\":\"es\",\"@id\":\"https:\\\/\\\/secure.gravatar.com\\\/avatar\\\/5931a2d21dd7cc834f44c8c34fe56d90ed6d536ef452cbf870c7485b524dddd7?s=96&d=mm&r=g\",\"url\":\"https:\\\/\\\/secure.gravatar.com\\\/avatar\\\/5931a2d21dd7cc834f44c8c34fe56d90ed6d536ef452cbf870c7485b524dddd7?s=96&d=mm&r=g\",\"contentUrl\":\"https:\\\/\\\/secure.gravatar.com\\\/avatar\\\/5931a2d21dd7cc834f44c8c34fe56d90ed6d536ef452cbf870c7485b524dddd7?s=96&d=mm&r=g\",\"caption\":\"Redes\"},\"url\":\"https:\\\/\\\/www.yucatanencorto.com\\\/noticias\\\/author\\\/redes\\\/\"}]}<\/script>\n<!-- \/ Yoast SEO plugin. -->","yoast_head_json":{"title":"Avanza construcci\u00f3n de la estaci\u00f3n del Ie-tram en el parque de La Plancha - Yucat\u00e1n en corto","robots":{"index":"index","follow":"follow","max-snippet":"max-snippet:-1","max-image-preview":"max-image-preview:large","max-video-preview":"max-video-preview:-1"},"canonical":"https:\/\/www.yucatanencorto.com\/noticias\/avanza-construccion-de-la-estacion-del-ie-tram-en-el-parque-de-la-plancha\/","og_locale":"es_ES","og_type":"article","og_title":"Avanza construcci\u00f3n de la estaci\u00f3n del Ie-tram en el parque de La Plancha - Yucat\u00e1n en corto","og_description":"M\u00e9rida, Yucat\u00e1n, 9 de diciembre de 2023.- El Gobernador Mauricio Vila Dosal constata los avances de la construcci\u00f3n de la estaci\u00f3n del Ie-tram en el parque de La Plancha, obra que avanza de acuerdo a lo programado y donde converger\u00e1n las diferentes rutas de este transporte p\u00fablico 100% el\u00e9ctrico y \u00fanico en su tipo en [&hellip;]","og_url":"https:\/\/www.yucatanencorto.com\/noticias\/avanza-construccion-de-la-estacion-del-ie-tram-en-el-parque-de-la-plancha\/","og_site_name":"Yucat\u00e1n en corto","article_publisher":"http:\/\/www.facebook.com\/yucatanencorto","article_published_time":"2023-12-09T23:20:40+00:00","og_image":[{"width":768,"height":572,"url":"https:\/\/www.yucatanencorto.com\/noticias\/wp-content\/uploads\/2023\/12\/IMG-20231209-WA0103-scaled.jpg","type":"image\/jpeg"}],"author":"Redes","twitter_card":"summary_large_image","twitter_creator":"@yucatanencorto","twitter_site":"@yucatanencorto","twitter_misc":{"Escrito por":"Redes","Tiempo de lectura":"2 minutos"},"schema":{"@context":"https:\/\/schema.org","@graph":[{"@type":"Article","@id":"https:\/\/www.yucatanencorto.com\/noticias\/avanza-construccion-de-la-estacion-del-ie-tram-en-el-parque-de-la-plancha\/#article","isPartOf":{"@id":"https:\/\/www.yucatanencorto.com\/noticias\/avanza-construccion-de-la-estacion-del-ie-tram-en-el-parque-de-la-plancha\/"},"author":{"name":"Redes","@id":"https:\/\/www.yucatanencorto.com\/noticias\/#\/schema\/person\/e2fbdfaf30a07014a43940ce989f3119"},"headline":"Avanza construcci\u00f3n de la estaci\u00f3n del Ie-tram en el parque de La Plancha","datePublished":"2023-12-09T23:20:40+00:00","mainEntityOfPage":{"@id":"https:\/\/www.yucatanencorto.com\/noticias\/avanza-construccion-de-la-estacion-del-ie-tram-en-el-parque-de-la-plancha\/"},"wordCount":336,"image":{"@id":"https:\/\/www.yucatanencorto.com\/noticias\/avanza-construccion-de-la-estacion-del-ie-tram-en-el-parque-de-la-plancha\/#primaryimage"},"thumbnailUrl":"https:\/\/www.yucatanencorto.com\/noticias\/wp-content\/uploads\/2023\/12\/IMG-20231209-WA0103-scaled.jpg","articleSection":["Yucat\u00e1n"],"inLanguage":"es"},{"@type":"WebPage","@id":"https:\/\/www.yucatanencorto.com\/noticias\/avanza-construccion-de-la-estacion-del-ie-tram-en-el-parque-de-la-plancha\/","url":"https:\/\/www.yucatanencorto.com\/noticias\/avanza-construccion-de-la-estacion-del-ie-tram-en-el-parque-de-la-plancha\/","name":"Avanza construcci\u00f3n de la estaci\u00f3n del Ie-tram en el parque de La Plancha - Yucat\u00e1n en corto","isPartOf":{"@id":"https:\/\/www.yucatanencorto.com\/noticias\/#website"},"primaryImageOfPage":{"@id":"https:\/\/www.yucatanencorto.com\/noticias\/avanza-construccion-de-la-estacion-del-ie-tram-en-el-parque-de-la-plancha\/#primaryimage"},"image":{"@id":"https:\/\/www.yucatanencorto.com\/noticias\/avanza-construccion-de-la-estacion-del-ie-tram-en-el-parque-de-la-plancha\/#primaryimage"},"thumbnailUrl":"https:\/\/www.yucatanencorto.com\/noticias\/wp-content\/uploads\/2023\/12\/IMG-20231209-WA0103-scaled.jpg","datePublished":"2023-12-09T23:20:40+00:00","author":{"@id":"https:\/\/www.yucatanencorto.com\/noticias\/#\/schema\/person\/e2fbdfaf30a07014a43940ce989f3119"},"breadcrumb":{"@id":"https:\/\/www.yucatanencorto.com\/noticias\/avanza-construccion-de-la-estacion-del-ie-tram-en-el-parque-de-la-plancha\/#breadcrumb"},"inLanguage":"es","potentialAction":[{"@type":"ReadAction","target":["https:\/\/www.yucatanencorto.com\/noticias\/avanza-construccion-de-la-estacion-del-ie-tram-en-el-parque-de-la-plancha\/"]}]},{"@type":"ImageObject","inLanguage":"es","@id":"https:\/\/www.yucatanencorto.com\/noticias\/avanza-construccion-de-la-estacion-del-ie-tram-en-el-parque-de-la-plancha\/#primaryimage","url":"https:\/\/www.yucatanencorto.com\/noticias\/wp-content\/uploads\/2023\/12\/IMG-20231209-WA0103-scaled.jpg","contentUrl":"https:\/\/www.yucatanencorto.com\/noticias\/wp-content\/uploads\/2023\/12\/IMG-20231209-WA0103-scaled.jpg","width":768,"height":572},{"@type":"BreadcrumbList","@id":"https:\/\/www.yucatanencorto.com\/noticias\/avanza-construccion-de-la-estacion-del-ie-tram-en-el-parque-de-la-plancha\/#breadcrumb","itemListElement":[{"@type":"ListItem","position":1,"name":"Portada","item":"https:\/\/www.yucatanencorto.com\/noticias\/"},{"@type":"ListItem","position":2,"name":"Avanza construcci\u00f3n de la estaci\u00f3n del Ie-tram en el parque de La Plancha"}]},{"@type":"WebSite","@id":"https:\/\/www.yucatanencorto.com\/noticias\/#website","url":"https:\/\/www.yucatanencorto.com\/noticias\/","name":"Yucat\u00e1n en corto","description":"Noticias","potentialAction":[{"@type":"SearchAction","target":{"@type":"EntryPoint","urlTemplate":"https:\/\/www.yucatanencorto.com\/noticias\/?s={search_term_string}"},"query-input":{"@type":"PropertyValueSpecification","valueRequired":true,"valueName":"search_term_string"}}],"inLanguage":"es"},{"@type":"Person","@id":"https:\/\/www.yucatanencorto.com\/noticias\/#\/schema\/person\/e2fbdfaf30a07014a43940ce989f3119","name":"Redes","image":{"@type":"ImageObject","inLanguage":"es","@id":"https:\/\/secure.gravatar.com\/avatar\/5931a2d21dd7cc834f44c8c34fe56d90ed6d536ef452cbf870c7485b524dddd7?s=96&d=mm&r=g","url":"https:\/\/secure.gravatar.com\/avatar\/5931a2d21dd7cc834f44c8c34fe56d90ed6d536ef452cbf870c7485b524dddd7?s=96&d=mm&r=g","contentUrl":"https:\/\/secure.gravatar.com\/avatar\/5931a2d21dd7cc834f44c8c34fe56d90ed6d536ef452cbf870c7485b524dddd7?s=96&d=mm&r=g","caption":"Redes"},"url":"https:\/\/www.yucatanencorto.com\/noticias\/author\/redes\/"}]}},"_links":{"self":[{"href":"https:\/\/www.yucatanencorto.com\/noticias\/wp-json\/wp\/v2\/posts\/101475","targetHints":{"allow":["GET"]}}],"collection":[{"href":"https:\/\/www.yucatanencorto.com\/noticias\/wp-json\/wp\/v2\/posts"}],"about":[{"href":"https:\/\/www.yucatanencorto.com\/noticias\/wp-json\/wp\/v2\/types\/post"}],"author":[{"embeddable":true,"href":"https:\/\/www.yucatanencorto.com\/noticias\/wp-json\/wp\/v2\/users\/3"}],"replies":[{"embeddable":true,"href":"https:\/\/www.yucatanencorto.com\/noticias\/wp-json\/wp\/v2\/comments?post=101475"}],"version-history":[{"count":0,"href":"https:\/\/www.yucatanencorto.com\/noticias\/wp-json\/wp\/v2\/posts\/101475\/revisions"}],"wp:featuredmedia":[{"embeddable":true,"href":"https:\/\/www.yucatanencorto.com\/noticias\/wp-json\/wp\/v2\/media\/101476"}],"wp:attachment":[{"href":"https:\/\/www.yucatanencorto.com\/noticias\/wp-json\/wp\/v2\/media?parent=101475"}],"wp:term":[{"taxonomy":"category","embeddable":true,"href":"https:\/\/www.yucatanencorto.com\/noticias\/wp-json\/wp\/v2\/categories?post=101475"},{"taxonomy":"post_tag","embeddable":true,"href":"https:\/\/www.yucatanencorto.com\/noticias\/wp-json\/wp\/v2\/tags?post=101475"}],"curies":[{"name":"wp","href":"https:\/\/api.w.org\/{rel}","templated":true}]}}