{"id":101478,"date":"2023-12-09T20:16:59","date_gmt":"2023-12-10T02:16:59","guid":{"rendered":"https:\/\/www.yucatanencorto.com\/noticias\/?p=101478"},"modified":"2023-12-09T20:16:59","modified_gmt":"2023-12-10T02:16:59","slug":"visitan-a-habitantes-de-kaua","status":"publish","type":"post","link":"https:\/\/www.yucatanencorto.com\/noticias\/visitan-a-habitantes-de-kaua\/","title":{"rendered":"Visitan a habitantes de Kaua"},"content":{"rendered":"<p><img loading=\"lazy\" decoding=\"async\" class=\"alignnone size-full wp-image-101479\" src=\"https:\/\/www.yucatanencorto.com\/noticias\/wp-content\/uploads\/2023\/12\/IMG-20231209-WA0104-scaled.jpg\" alt=\"\" width=\"768\" height=\"512\" srcset=\"https:\/\/www.yucatanencorto.com\/noticias\/wp-content\/uploads\/2023\/12\/IMG-20231209-WA0104-scaled.jpg 768w, https:\/\/www.yucatanencorto.com\/noticias\/wp-content\/uploads\/2023\/12\/IMG-20231209-WA0104-150x100.jpg 150w, https:\/\/www.yucatanencorto.com\/noticias\/wp-content\/uploads\/2023\/12\/IMG-20231209-WA0104-300x200.jpg 300w, https:\/\/www.yucatanencorto.com\/noticias\/wp-content\/uploads\/2023\/12\/IMG-20231209-WA0104-696x464.jpg 696w, https:\/\/www.yucatanencorto.com\/noticias\/wp-content\/uploads\/2023\/12\/IMG-20231209-WA0104-1068x712.jpg 1068w\" sizes=\"auto, (max-width: 768px) 100vw, 768px\" \/><\/p>\n<p>Kaua, Yucat\u00e1n a 9 de diciembre de 2023.- En el oriente del estado, Ren\u00e1n Barrera Concha, precandidato del PAN a la gubernatura de Yucat\u00e1n, convoc\u00f3 a la militancia de Kaua a seguir unidos para potenciar a est\u00e1ndares m\u00e1s altos el turismo, la gastronom\u00eda y las artesan\u00edas que caracterizan a este Municipio.<\/p>\n<p>&nbsp;<\/p>\n<p>Reunido con las y los militantes del Partido Acci\u00f3n Nacional (PAN), Barrera Concha se\u00f1al\u00f3 que: \u201csabemos que se requiere m\u00e1s. Que muchas veces el dinero no alcanza, que los j\u00f3venes padres de familia se ven limitados, por ello, debemos trabajar para que los salarios mejoren, para que el comercio crezca y crezca parejo\u201d.<\/p>\n<p>&nbsp;<\/p>\n<p>\u201cAqu\u00ed es el epicentro de nuestras ra\u00edces y nuestra cultura maya, por la cercan\u00eda con la zona arqueol\u00f3gica de Chichen Itz\u00e1; donde vienen millones de personas de todo el mundo a visitarnos, tenemos el escenario y las herramientas \u00f3ptimas para que crezcan en sus actividades\u201d, afirm\u00f3.<\/p>\n<p>&nbsp;<\/p>\n<p>Dijo que en esta etapa de precampa\u00f1a es indispensable tender puentes y hacer equipo por una causa com\u00fan, que es continuar con el desarrollo econ\u00f3mico y social de los 106 municipios del Estado: \u201cJuntos vamos a darle mejores oportunidades a Kaua y a todos los rincones del Estado\u201d.<\/p>\n<p>&nbsp;<\/p>\n<p>Hacer equipo, continu\u00f3, nos va a permitir ser fuertes y garantizar un mejor futuro para nuestros hijos e hijas, porque \u201choy, m\u00e1s que nunca, tenemos que ondear la bandera de Yucat\u00e1n, porque es un s\u00edmbolo de orgullo, unidad y pertenencia\u201d.<\/p>\n<p>&nbsp;<\/p>\n<p>La militancia panista de Kaua respalda a Ren\u00e1n Barrera.<\/p>\n<p>&nbsp;<\/p>\n<p>Previamente, Jes\u00fas David Ay Poot, Presidente del Comit\u00e9 Directivo Municipal del PAN en Kaua, reconoci\u00f3 el compromiso y convicci\u00f3n de Barrera Concha y, a nombre de la militancia, asegur\u00f3 que este municipio lo acompa\u00f1ar\u00e1 para refrendar el triunfo electoral.<\/p>\n<p>&nbsp;<\/p>\n<p>\u201cLa mayor fuerza de cari\u00f1o la ver\u00e1 cuando llegue el momento, porque este municipio lo respalda. Estamos conscientes de que el desarrollo que logr\u00f3 en M\u00e9rida lo podr\u00e1 replicar en todos los rincones de Yucat\u00e1n\u201d, expres\u00f3.<\/p>\n<p>Por su parte, Carlos Chay Canul, precandidato a la Presidencia Municipal de Kaua, dijo: \u201csomos familia, un s\u00f3lo equipo. \u00a1Ren\u00e1n Barrera va a ser nuestro pr\u00f3ximo gobernador de Yucat\u00e1n! En 2024, primero Dios, ah\u00ed nos vemos para depositar nuestra confianza\u201d.<\/p>\n<p>&nbsp;<\/p>\n<p>Visita a la iglesia y \u201cLa t\u00eda de Kaua\u201d.<\/p>\n<p>&nbsp;<\/p>\n<p>Al terminar su reuni\u00f3n con la militancia, el precandidato panista a la gubernatura de Yucat\u00e1n visit\u00f3 la iglesia de este municipio en compa\u00f1\u00eda del p\u00e1rroco F\u00e9lix Tec Ch\u00ed; posteriormente, acudi\u00f3 al emblem\u00e1tico restaurante \u201cLa T\u00eda de Kaua\u201d, donde destac\u00f3 que son un referente de c\u00f3mo el trabajo rinde fruto y la importancia de poner amor en cada acci\u00f3n de nuestras vidas.<\/p>\n","protected":false},"excerpt":{"rendered":"<p>Kaua, Yucat\u00e1n a 9 de diciembre de 2023.- En el oriente del estado, Ren\u00e1n Barrera Concha, precandidato del PAN a la gubernatura de Yucat\u00e1n, convoc\u00f3 a la militancia de Kaua a seguir unidos para potenciar a est\u00e1ndares m\u00e1s altos el turismo, la gastronom\u00eda y las artesan\u00edas que caracterizan a este Municipio. &nbsp; Reunido con las [&hellip;]<\/p>\n","protected":false},"author":3,"featured_media":101479,"comment_status":"closed","ping_status":"closed","sticky":false,"template":"","format":"standard","meta":{"footnotes":""},"categories":[3],"tags":[],"class_list":{"0":"post-101478","1":"post","2":"type-post","3":"status-publish","4":"format-standard","5":"has-post-thumbnail","7":"category-yucatan"},"yoast_head":"<!-- This site is optimized with the Yoast SEO plugin v27.4 - https:\/\/yoast.com\/product\/yoast-seo-wordpress\/ -->\n<title>Visitan a habitantes de Kaua - Yucat\u00e1n en corto<\/title>\n<meta name=\"robots\" content=\"index, follow, max-snippet:-1, max-image-preview:large, max-video-preview:-1\" \/>\n<link rel=\"canonical\" href=\"https:\/\/www.yucatanencorto.com\/noticias\/visitan-a-habitantes-de-kaua\/\" \/>\n<meta property=\"og:locale\" content=\"es_ES\" \/>\n<meta property=\"og:type\" content=\"article\" \/>\n<meta property=\"og:title\" content=\"Visitan a habitantes de Kaua - Yucat\u00e1n en corto\" \/>\n<meta property=\"og:description\" content=\"Kaua, Yucat\u00e1n a 9 de diciembre de 2023.- En el oriente del estado, Ren\u00e1n Barrera Concha, precandidato del PAN a la gubernatura de Yucat\u00e1n, convoc\u00f3 a la militancia de Kaua a seguir unidos para potenciar a est\u00e1ndares m\u00e1s altos el turismo, la gastronom\u00eda y las artesan\u00edas que caracterizan a este Municipio. &nbsp; Reunido con las [&hellip;]\" \/>\n<meta property=\"og:url\" content=\"https:\/\/www.yucatanencorto.com\/noticias\/visitan-a-habitantes-de-kaua\/\" \/>\n<meta property=\"og:site_name\" content=\"Yucat\u00e1n en corto\" \/>\n<meta property=\"article:publisher\" content=\"http:\/\/www.facebook.com\/yucatanencorto\" \/>\n<meta property=\"article:published_time\" content=\"2023-12-10T02:16:59+00:00\" \/>\n<meta property=\"og:image\" content=\"https:\/\/www.yucatanencorto.com\/noticias\/wp-content\/uploads\/2023\/12\/IMG-20231209-WA0104-scaled.jpg\" \/>\n\t<meta property=\"og:image:width\" content=\"768\" \/>\n\t<meta property=\"og:image:height\" content=\"512\" \/>\n\t<meta property=\"og:image:type\" content=\"image\/jpeg\" \/>\n<meta name=\"author\" content=\"Redes\" \/>\n<meta name=\"twitter:card\" content=\"summary_large_image\" \/>\n<meta name=\"twitter:creator\" content=\"@yucatanencorto\" \/>\n<meta name=\"twitter:site\" content=\"@yucatanencorto\" \/>\n<meta name=\"twitter:label1\" content=\"Escrito por\" \/>\n\t<meta name=\"twitter:data1\" content=\"Redes\" \/>\n\t<meta name=\"twitter:label2\" content=\"Tiempo de lectura\" \/>\n\t<meta name=\"twitter:data2\" content=\"3 minutos\" \/>\n<script type=\"application\/ld+json\" class=\"yoast-schema-graph\">{\"@context\":\"https:\\\/\\\/schema.org\",\"@graph\":[{\"@type\":\"Article\",\"@id\":\"https:\\\/\\\/www.yucatanencorto.com\\\/noticias\\\/visitan-a-habitantes-de-kaua\\\/#article\",\"isPartOf\":{\"@id\":\"https:\\\/\\\/www.yucatanencorto.com\\\/noticias\\\/visitan-a-habitantes-de-kaua\\\/\"},\"author\":{\"name\":\"Redes\",\"@id\":\"https:\\\/\\\/www.yucatanencorto.com\\\/noticias\\\/#\\\/schema\\\/person\\\/e2fbdfaf30a07014a43940ce989f3119\"},\"headline\":\"Visitan a habitantes de Kaua\",\"datePublished\":\"2023-12-10T02:16:59+00:00\",\"mainEntityOfPage\":{\"@id\":\"https:\\\/\\\/www.yucatanencorto.com\\\/noticias\\\/visitan-a-habitantes-de-kaua\\\/\"},\"wordCount\":484,\"image\":{\"@id\":\"https:\\\/\\\/www.yucatanencorto.com\\\/noticias\\\/visitan-a-habitantes-de-kaua\\\/#primaryimage\"},\"thumbnailUrl\":\"https:\\\/\\\/www.yucatanencorto.com\\\/noticias\\\/wp-content\\\/uploads\\\/2023\\\/12\\\/IMG-20231209-WA0104-scaled.jpg\",\"articleSection\":[\"Yucat\u00e1n\"],\"inLanguage\":\"es\"},{\"@type\":\"WebPage\",\"@id\":\"https:\\\/\\\/www.yucatanencorto.com\\\/noticias\\\/visitan-a-habitantes-de-kaua\\\/\",\"url\":\"https:\\\/\\\/www.yucatanencorto.com\\\/noticias\\\/visitan-a-habitantes-de-kaua\\\/\",\"name\":\"Visitan a habitantes de Kaua - Yucat\u00e1n en corto\",\"isPartOf\":{\"@id\":\"https:\\\/\\\/www.yucatanencorto.com\\\/noticias\\\/#website\"},\"primaryImageOfPage\":{\"@id\":\"https:\\\/\\\/www.yucatanencorto.com\\\/noticias\\\/visitan-a-habitantes-de-kaua\\\/#primaryimage\"},\"image\":{\"@id\":\"https:\\\/\\\/www.yucatanencorto.com\\\/noticias\\\/visitan-a-habitantes-de-kaua\\\/#primaryimage\"},\"thumbnailUrl\":\"https:\\\/\\\/www.yucatanencorto.com\\\/noticias\\\/wp-content\\\/uploads\\\/2023\\\/12\\\/IMG-20231209-WA0104-scaled.jpg\",\"datePublished\":\"2023-12-10T02:16:59+00:00\",\"author\":{\"@id\":\"https:\\\/\\\/www.yucatanencorto.com\\\/noticias\\\/#\\\/schema\\\/person\\\/e2fbdfaf30a07014a43940ce989f3119\"},\"breadcrumb\":{\"@id\":\"https:\\\/\\\/www.yucatanencorto.com\\\/noticias\\\/visitan-a-habitantes-de-kaua\\\/#breadcrumb\"},\"inLanguage\":\"es\",\"potentialAction\":[{\"@type\":\"ReadAction\",\"target\":[\"https:\\\/\\\/www.yucatanencorto.com\\\/noticias\\\/visitan-a-habitantes-de-kaua\\\/\"]}]},{\"@type\":\"ImageObject\",\"inLanguage\":\"es\",\"@id\":\"https:\\\/\\\/www.yucatanencorto.com\\\/noticias\\\/visitan-a-habitantes-de-kaua\\\/#primaryimage\",\"url\":\"https:\\\/\\\/www.yucatanencorto.com\\\/noticias\\\/wp-content\\\/uploads\\\/2023\\\/12\\\/IMG-20231209-WA0104-scaled.jpg\",\"contentUrl\":\"https:\\\/\\\/www.yucatanencorto.com\\\/noticias\\\/wp-content\\\/uploads\\\/2023\\\/12\\\/IMG-20231209-WA0104-scaled.jpg\",\"width\":768,\"height\":512},{\"@type\":\"BreadcrumbList\",\"@id\":\"https:\\\/\\\/www.yucatanencorto.com\\\/noticias\\\/visitan-a-habitantes-de-kaua\\\/#breadcrumb\",\"itemListElement\":[{\"@type\":\"ListItem\",\"position\":1,\"name\":\"Portada\",\"item\":\"https:\\\/\\\/www.yucatanencorto.com\\\/noticias\\\/\"},{\"@type\":\"ListItem\",\"position\":2,\"name\":\"Visitan a habitantes de Kaua\"}]},{\"@type\":\"WebSite\",\"@id\":\"https:\\\/\\\/www.yucatanencorto.com\\\/noticias\\\/#website\",\"url\":\"https:\\\/\\\/www.yucatanencorto.com\\\/noticias\\\/\",\"name\":\"Yucat\u00e1n en corto\",\"description\":\"Noticias\",\"potentialAction\":[{\"@type\":\"SearchAction\",\"target\":{\"@type\":\"EntryPoint\",\"urlTemplate\":\"https:\\\/\\\/www.yucatanencorto.com\\\/noticias\\\/?s={search_term_string}\"},\"query-input\":{\"@type\":\"PropertyValueSpecification\",\"valueRequired\":true,\"valueName\":\"search_term_string\"}}],\"inLanguage\":\"es\"},{\"@type\":\"Person\",\"@id\":\"https:\\\/\\\/www.yucatanencorto.com\\\/noticias\\\/#\\\/schema\\\/person\\\/e2fbdfaf30a07014a43940ce989f3119\",\"name\":\"Redes\",\"image\":{\"@type\":\"ImageObject\",\"inLanguage\":\"es\",\"@id\":\"https:\\\/\\\/secure.gravatar.com\\\/avatar\\\/5931a2d21dd7cc834f44c8c34fe56d90ed6d536ef452cbf870c7485b524dddd7?s=96&d=mm&r=g\",\"url\":\"https:\\\/\\\/secure.gravatar.com\\\/avatar\\\/5931a2d21dd7cc834f44c8c34fe56d90ed6d536ef452cbf870c7485b524dddd7?s=96&d=mm&r=g\",\"contentUrl\":\"https:\\\/\\\/secure.gravatar.com\\\/avatar\\\/5931a2d21dd7cc834f44c8c34fe56d90ed6d536ef452cbf870c7485b524dddd7?s=96&d=mm&r=g\",\"caption\":\"Redes\"},\"url\":\"https:\\\/\\\/www.yucatanencorto.com\\\/noticias\\\/author\\\/redes\\\/\"}]}<\/script>\n<!-- \/ Yoast SEO plugin. -->","yoast_head_json":{"title":"Visitan a habitantes de Kaua - Yucat\u00e1n en corto","robots":{"index":"index","follow":"follow","max-snippet":"max-snippet:-1","max-image-preview":"max-image-preview:large","max-video-preview":"max-video-preview:-1"},"canonical":"https:\/\/www.yucatanencorto.com\/noticias\/visitan-a-habitantes-de-kaua\/","og_locale":"es_ES","og_type":"article","og_title":"Visitan a habitantes de Kaua - Yucat\u00e1n en corto","og_description":"Kaua, Yucat\u00e1n a 9 de diciembre de 2023.- En el oriente del estado, Ren\u00e1n Barrera Concha, precandidato del PAN a la gubernatura de Yucat\u00e1n, convoc\u00f3 a la militancia de Kaua a seguir unidos para potenciar a est\u00e1ndares m\u00e1s altos el turismo, la gastronom\u00eda y las artesan\u00edas que caracterizan a este Municipio. &nbsp; Reunido con las [&hellip;]","og_url":"https:\/\/www.yucatanencorto.com\/noticias\/visitan-a-habitantes-de-kaua\/","og_site_name":"Yucat\u00e1n en corto","article_publisher":"http:\/\/www.facebook.com\/yucatanencorto","article_published_time":"2023-12-10T02:16:59+00:00","og_image":[{"width":768,"height":512,"url":"https:\/\/www.yucatanencorto.com\/noticias\/wp-content\/uploads\/2023\/12\/IMG-20231209-WA0104-scaled.jpg","type":"image\/jpeg"}],"author":"Redes","twitter_card":"summary_large_image","twitter_creator":"@yucatanencorto","twitter_site":"@yucatanencorto","twitter_misc":{"Escrito por":"Redes","Tiempo de lectura":"3 minutos"},"schema":{"@context":"https:\/\/schema.org","@graph":[{"@type":"Article","@id":"https:\/\/www.yucatanencorto.com\/noticias\/visitan-a-habitantes-de-kaua\/#article","isPartOf":{"@id":"https:\/\/www.yucatanencorto.com\/noticias\/visitan-a-habitantes-de-kaua\/"},"author":{"name":"Redes","@id":"https:\/\/www.yucatanencorto.com\/noticias\/#\/schema\/person\/e2fbdfaf30a07014a43940ce989f3119"},"headline":"Visitan a habitantes de Kaua","datePublished":"2023-12-10T02:16:59+00:00","mainEntityOfPage":{"@id":"https:\/\/www.yucatanencorto.com\/noticias\/visitan-a-habitantes-de-kaua\/"},"wordCount":484,"image":{"@id":"https:\/\/www.yucatanencorto.com\/noticias\/visitan-a-habitantes-de-kaua\/#primaryimage"},"thumbnailUrl":"https:\/\/www.yucatanencorto.com\/noticias\/wp-content\/uploads\/2023\/12\/IMG-20231209-WA0104-scaled.jpg","articleSection":["Yucat\u00e1n"],"inLanguage":"es"},{"@type":"WebPage","@id":"https:\/\/www.yucatanencorto.com\/noticias\/visitan-a-habitantes-de-kaua\/","url":"https:\/\/www.yucatanencorto.com\/noticias\/visitan-a-habitantes-de-kaua\/","name":"Visitan a habitantes de Kaua - Yucat\u00e1n en corto","isPartOf":{"@id":"https:\/\/www.yucatanencorto.com\/noticias\/#website"},"primaryImageOfPage":{"@id":"https:\/\/www.yucatanencorto.com\/noticias\/visitan-a-habitantes-de-kaua\/#primaryimage"},"image":{"@id":"https:\/\/www.yucatanencorto.com\/noticias\/visitan-a-habitantes-de-kaua\/#primaryimage"},"thumbnailUrl":"https:\/\/www.yucatanencorto.com\/noticias\/wp-content\/uploads\/2023\/12\/IMG-20231209-WA0104-scaled.jpg","datePublished":"2023-12-10T02:16:59+00:00","author":{"@id":"https:\/\/www.yucatanencorto.com\/noticias\/#\/schema\/person\/e2fbdfaf30a07014a43940ce989f3119"},"breadcrumb":{"@id":"https:\/\/www.yucatanencorto.com\/noticias\/visitan-a-habitantes-de-kaua\/#breadcrumb"},"inLanguage":"es","potentialAction":[{"@type":"ReadAction","target":["https:\/\/www.yucatanencorto.com\/noticias\/visitan-a-habitantes-de-kaua\/"]}]},{"@type":"ImageObject","inLanguage":"es","@id":"https:\/\/www.yucatanencorto.com\/noticias\/visitan-a-habitantes-de-kaua\/#primaryimage","url":"https:\/\/www.yucatanencorto.com\/noticias\/wp-content\/uploads\/2023\/12\/IMG-20231209-WA0104-scaled.jpg","contentUrl":"https:\/\/www.yucatanencorto.com\/noticias\/wp-content\/uploads\/2023\/12\/IMG-20231209-WA0104-scaled.jpg","width":768,"height":512},{"@type":"BreadcrumbList","@id":"https:\/\/www.yucatanencorto.com\/noticias\/visitan-a-habitantes-de-kaua\/#breadcrumb","itemListElement":[{"@type":"ListItem","position":1,"name":"Portada","item":"https:\/\/www.yucatanencorto.com\/noticias\/"},{"@type":"ListItem","position":2,"name":"Visitan a habitantes de Kaua"}]},{"@type":"WebSite","@id":"https:\/\/www.yucatanencorto.com\/noticias\/#website","url":"https:\/\/www.yucatanencorto.com\/noticias\/","name":"Yucat\u00e1n en corto","description":"Noticias","potentialAction":[{"@type":"SearchAction","target":{"@type":"EntryPoint","urlTemplate":"https:\/\/www.yucatanencorto.com\/noticias\/?s={search_term_string}"},"query-input":{"@type":"PropertyValueSpecification","valueRequired":true,"valueName":"search_term_string"}}],"inLanguage":"es"},{"@type":"Person","@id":"https:\/\/www.yucatanencorto.com\/noticias\/#\/schema\/person\/e2fbdfaf30a07014a43940ce989f3119","name":"Redes","image":{"@type":"ImageObject","inLanguage":"es","@id":"https:\/\/secure.gravatar.com\/avatar\/5931a2d21dd7cc834f44c8c34fe56d90ed6d536ef452cbf870c7485b524dddd7?s=96&d=mm&r=g","url":"https:\/\/secure.gravatar.com\/avatar\/5931a2d21dd7cc834f44c8c34fe56d90ed6d536ef452cbf870c7485b524dddd7?s=96&d=mm&r=g","contentUrl":"https:\/\/secure.gravatar.com\/avatar\/5931a2d21dd7cc834f44c8c34fe56d90ed6d536ef452cbf870c7485b524dddd7?s=96&d=mm&r=g","caption":"Redes"},"url":"https:\/\/www.yucatanencorto.com\/noticias\/author\/redes\/"}]}},"_links":{"self":[{"href":"https:\/\/www.yucatanencorto.com\/noticias\/wp-json\/wp\/v2\/posts\/101478","targetHints":{"allow":["GET"]}}],"collection":[{"href":"https:\/\/www.yucatanencorto.com\/noticias\/wp-json\/wp\/v2\/posts"}],"about":[{"href":"https:\/\/www.yucatanencorto.com\/noticias\/wp-json\/wp\/v2\/types\/post"}],"author":[{"embeddable":true,"href":"https:\/\/www.yucatanencorto.com\/noticias\/wp-json\/wp\/v2\/users\/3"}],"replies":[{"embeddable":true,"href":"https:\/\/www.yucatanencorto.com\/noticias\/wp-json\/wp\/v2\/comments?post=101478"}],"version-history":[{"count":0,"href":"https:\/\/www.yucatanencorto.com\/noticias\/wp-json\/wp\/v2\/posts\/101478\/revisions"}],"wp:featuredmedia":[{"embeddable":true,"href":"https:\/\/www.yucatanencorto.com\/noticias\/wp-json\/wp\/v2\/media\/101479"}],"wp:attachment":[{"href":"https:\/\/www.yucatanencorto.com\/noticias\/wp-json\/wp\/v2\/media?parent=101478"}],"wp:term":[{"taxonomy":"category","embeddable":true,"href":"https:\/\/www.yucatanencorto.com\/noticias\/wp-json\/wp\/v2\/categories?post=101478"},{"taxonomy":"post_tag","embeddable":true,"href":"https:\/\/www.yucatanencorto.com\/noticias\/wp-json\/wp\/v2\/tags?post=101478"}],"curies":[{"name":"wp","href":"https:\/\/api.w.org\/{rel}","templated":true}]}}