{"id":101489,"date":"2023-12-10T18:26:00","date_gmt":"2023-12-11T00:26:00","guid":{"rendered":"https:\/\/www.yucatanencorto.com\/noticias\/?p=101489"},"modified":"2023-12-10T18:26:00","modified_gmt":"2023-12-11T00:26:00","slug":"integrantes-de-la-asociacion-de-parcelarios-autonomos-de-yucatan-se-reunen-con-el-coordinador-del-equipo-yucatan","status":"publish","type":"post","link":"https:\/\/www.yucatanencorto.com\/noticias\/integrantes-de-la-asociacion-de-parcelarios-autonomos-de-yucatan-se-reunen-con-el-coordinador-del-equipo-yucatan\/","title":{"rendered":"Integrantes de la Asociaci\u00f3n de Parcelarios Aut\u00f3nomos de Yucat\u00e1n se re\u00fanen con el coordinador del Equipo Yucat\u00e1n."},"content":{"rendered":"<p><img loading=\"lazy\" decoding=\"async\" class=\"alignnone size-full wp-image-101490\" src=\"https:\/\/www.yucatanencorto.com\/noticias\/wp-content\/uploads\/2023\/12\/IMG-20231210-WA0009-scaled.jpg\" alt=\"\" width=\"768\" height=\"527\" srcset=\"https:\/\/www.yucatanencorto.com\/noticias\/wp-content\/uploads\/2023\/12\/IMG-20231210-WA0009-scaled.jpg 768w, https:\/\/www.yucatanencorto.com\/noticias\/wp-content\/uploads\/2023\/12\/IMG-20231210-WA0009-150x103.jpg 150w, https:\/\/www.yucatanencorto.com\/noticias\/wp-content\/uploads\/2023\/12\/IMG-20231210-WA0009-218x150.jpg 218w, https:\/\/www.yucatanencorto.com\/noticias\/wp-content\/uploads\/2023\/12\/IMG-20231210-WA0009-300x206.jpg 300w, https:\/\/www.yucatanencorto.com\/noticias\/wp-content\/uploads\/2023\/12\/IMG-20231210-WA0009-696x478.jpg 696w, https:\/\/www.yucatanencorto.com\/noticias\/wp-content\/uploads\/2023\/12\/IMG-20231210-WA0009-1068x733.jpg 1068w\" sizes=\"auto, (max-width: 768px) 100vw, 768px\" \/><\/p>\n<p>Motul, Yucat\u00e1n a 10 de diciembre de 2023.- \u201cHagamos equipo para que cada d\u00eda nos vaya mejor, para que el fruto de nuestro trabajo alcance para m\u00e1s y para ser felices, por eso, todo el apoyo a Motul, todo el apoyo a las los trabajadores, todo el apoyo a Yucat\u00e1n\u201d, manifest\u00f3 el coordinador del Equipo Yucat\u00e1n por el Partido Acci\u00f3n Nacional (PAN), Ren\u00e1n Barrera Concha, ante las y los integrantes de la Asociaci\u00f3n Parcelarios Aut\u00f3nomos de Yucat\u00e1n en el municipio de Motul.<\/p>\n<p>En el encuentro realizado en la planta desfibradora de henequ\u00e9n \u00abJos\u00e9 Mar\u00eda Morelos\u00bb de Motul, Barrera Concha destac\u00f3 que en Yucat\u00e1n es importante la labor de quienes labran la tierra y refrend\u00f3 su compromiso de estar en contacto permanente con las y los trabajadores dedicados a cultivar y trabajar el henequ\u00e9n.<\/p>\n<p>Coment\u00f3 que las y los trabajadores del henequ\u00e9n son una inspiraci\u00f3n por la solidaridad y permanencia en nuestras ra\u00edces, adem\u00e1s que la manera de trabajar en equipo tambi\u00e9n alienta a que todas y todos permanezcamos unidos para cuidar la seguridad y bienestar de la que gozan las familias en el estado.<\/p>\n<p>Ante cientos de hombres y mujeres del campo, asegur\u00f3 que \u00ablos henequeneros van a ser prioridad. De darme la oportunidad voy a acompa\u00f1arlos los pr\u00f3ximos seis a\u00f1os, porque no se puede trabajar o hacer propuestas de gobierno sino estamos juntos y unidos haciendo frente a los retos\u00bb.<\/p>\n<p>Se\u00f1al\u00f3 que es momento de escuchar a las mujeres y hombres que trabajan en los diferentes sectores econ\u00f3micos y hacer equipo con ellos para lograr lo mejor por el estado.<\/p>\n<p>\u00abTenemos propuestas que vamos a presentar en el mes de marzo, pero quer\u00eda decirles que el sector primario, el campo, tiene que estar apoyado con total voluntad de parte del gobierno. Tenemos que ver que el campo sea negocio para todos, no s\u00f3lo con subsidios o con el precio, sino tambi\u00e9n con el apoyo de la comercializaci\u00f3n\u00bb, expres\u00f3.<\/p>\n<p>Por su parte Bernardino Mart\u00edn Chan afirm\u00f3 que Ren\u00e1n Barrera cuenta con todo el apoyo de los parcelarios henequeneros para que llegue a ser gobernador, adem\u00e1s que propuso implementar un incentivo de la nueva siembra de henequ\u00e9n, conservaci\u00f3n de los plant\u00edos y aumentar al doble el subsidio que se da por cada kilo de la fibra.<\/p>\n<p>Finalmente, Barrera Concha emiti\u00f3 un mensaje de unidad y trabajo donde afirm\u00f3 que unidos, se puede lograr lo mejor para sus familias y para Yucat\u00e1n.<\/p>\n","protected":false},"excerpt":{"rendered":"<p>Motul, Yucat\u00e1n a 10 de diciembre de 2023.- \u201cHagamos equipo para que cada d\u00eda nos vaya mejor, para que el fruto de nuestro trabajo alcance para m\u00e1s y para ser felices, por eso, todo el apoyo a Motul, todo el apoyo a las los trabajadores, todo el apoyo a Yucat\u00e1n\u201d, manifest\u00f3 el coordinador del Equipo [&hellip;]<\/p>\n","protected":false},"author":3,"featured_media":101490,"comment_status":"closed","ping_status":"closed","sticky":false,"template":"","format":"standard","meta":{"footnotes":""},"categories":[3],"tags":[],"class_list":{"0":"post-101489","1":"post","2":"type-post","3":"status-publish","4":"format-standard","5":"has-post-thumbnail","7":"category-yucatan"},"yoast_head":"<!-- This site is optimized with the Yoast SEO plugin v27.4 - https:\/\/yoast.com\/product\/yoast-seo-wordpress\/ -->\n<title>Integrantes de la Asociaci\u00f3n de Parcelarios Aut\u00f3nomos de Yucat\u00e1n se re\u00fanen con el coordinador del Equipo Yucat\u00e1n. - Yucat\u00e1n en corto<\/title>\n<meta name=\"robots\" content=\"index, follow, max-snippet:-1, max-image-preview:large, max-video-preview:-1\" \/>\n<link rel=\"canonical\" href=\"https:\/\/www.yucatanencorto.com\/noticias\/integrantes-de-la-asociacion-de-parcelarios-autonomos-de-yucatan-se-reunen-con-el-coordinador-del-equipo-yucatan\/\" \/>\n<meta property=\"og:locale\" content=\"es_ES\" \/>\n<meta property=\"og:type\" content=\"article\" \/>\n<meta property=\"og:title\" content=\"Integrantes de la Asociaci\u00f3n de Parcelarios Aut\u00f3nomos de Yucat\u00e1n se re\u00fanen con el coordinador del Equipo Yucat\u00e1n. - Yucat\u00e1n en corto\" \/>\n<meta property=\"og:description\" content=\"Motul, Yucat\u00e1n a 10 de diciembre de 2023.- \u201cHagamos equipo para que cada d\u00eda nos vaya mejor, para que el fruto de nuestro trabajo alcance para m\u00e1s y para ser felices, por eso, todo el apoyo a Motul, todo el apoyo a las los trabajadores, todo el apoyo a Yucat\u00e1n\u201d, manifest\u00f3 el coordinador del Equipo [&hellip;]\" \/>\n<meta property=\"og:url\" content=\"https:\/\/www.yucatanencorto.com\/noticias\/integrantes-de-la-asociacion-de-parcelarios-autonomos-de-yucatan-se-reunen-con-el-coordinador-del-equipo-yucatan\/\" \/>\n<meta property=\"og:site_name\" content=\"Yucat\u00e1n en corto\" \/>\n<meta property=\"article:publisher\" content=\"http:\/\/www.facebook.com\/yucatanencorto\" \/>\n<meta property=\"article:published_time\" content=\"2023-12-11T00:26:00+00:00\" \/>\n<meta property=\"og:image\" content=\"https:\/\/www.yucatanencorto.com\/noticias\/wp-content\/uploads\/2023\/12\/IMG-20231210-WA0009-scaled.jpg\" \/>\n\t<meta property=\"og:image:width\" content=\"768\" \/>\n\t<meta property=\"og:image:height\" content=\"527\" \/>\n\t<meta property=\"og:image:type\" content=\"image\/jpeg\" \/>\n<meta name=\"author\" content=\"Redes\" \/>\n<meta name=\"twitter:card\" content=\"summary_large_image\" \/>\n<meta name=\"twitter:creator\" content=\"@yucatanencorto\" \/>\n<meta name=\"twitter:site\" content=\"@yucatanencorto\" \/>\n<meta name=\"twitter:label1\" content=\"Escrito por\" \/>\n\t<meta name=\"twitter:data1\" content=\"Redes\" \/>\n\t<meta name=\"twitter:label2\" content=\"Tiempo de lectura\" \/>\n\t<meta name=\"twitter:data2\" content=\"3 minutos\" \/>\n<script type=\"application\/ld+json\" class=\"yoast-schema-graph\">{\"@context\":\"https:\\\/\\\/schema.org\",\"@graph\":[{\"@type\":\"Article\",\"@id\":\"https:\\\/\\\/www.yucatanencorto.com\\\/noticias\\\/integrantes-de-la-asociacion-de-parcelarios-autonomos-de-yucatan-se-reunen-con-el-coordinador-del-equipo-yucatan\\\/#article\",\"isPartOf\":{\"@id\":\"https:\\\/\\\/www.yucatanencorto.com\\\/noticias\\\/integrantes-de-la-asociacion-de-parcelarios-autonomos-de-yucatan-se-reunen-con-el-coordinador-del-equipo-yucatan\\\/\"},\"author\":{\"name\":\"Redes\",\"@id\":\"https:\\\/\\\/www.yucatanencorto.com\\\/noticias\\\/#\\\/schema\\\/person\\\/e2fbdfaf30a07014a43940ce989f3119\"},\"headline\":\"Integrantes de la Asociaci\u00f3n de Parcelarios Aut\u00f3nomos de Yucat\u00e1n se re\u00fanen con el coordinador del Equipo Yucat\u00e1n.\",\"datePublished\":\"2023-12-11T00:26:00+00:00\",\"mainEntityOfPage\":{\"@id\":\"https:\\\/\\\/www.yucatanencorto.com\\\/noticias\\\/integrantes-de-la-asociacion-de-parcelarios-autonomos-de-yucatan-se-reunen-con-el-coordinador-del-equipo-yucatan\\\/\"},\"wordCount\":456,\"image\":{\"@id\":\"https:\\\/\\\/www.yucatanencorto.com\\\/noticias\\\/integrantes-de-la-asociacion-de-parcelarios-autonomos-de-yucatan-se-reunen-con-el-coordinador-del-equipo-yucatan\\\/#primaryimage\"},\"thumbnailUrl\":\"https:\\\/\\\/www.yucatanencorto.com\\\/noticias\\\/wp-content\\\/uploads\\\/2023\\\/12\\\/IMG-20231210-WA0009-scaled.jpg\",\"articleSection\":[\"Yucat\u00e1n\"],\"inLanguage\":\"es\"},{\"@type\":\"WebPage\",\"@id\":\"https:\\\/\\\/www.yucatanencorto.com\\\/noticias\\\/integrantes-de-la-asociacion-de-parcelarios-autonomos-de-yucatan-se-reunen-con-el-coordinador-del-equipo-yucatan\\\/\",\"url\":\"https:\\\/\\\/www.yucatanencorto.com\\\/noticias\\\/integrantes-de-la-asociacion-de-parcelarios-autonomos-de-yucatan-se-reunen-con-el-coordinador-del-equipo-yucatan\\\/\",\"name\":\"Integrantes de la Asociaci\u00f3n de Parcelarios Aut\u00f3nomos de Yucat\u00e1n se re\u00fanen con el coordinador del Equipo Yucat\u00e1n. - Yucat\u00e1n en corto\",\"isPartOf\":{\"@id\":\"https:\\\/\\\/www.yucatanencorto.com\\\/noticias\\\/#website\"},\"primaryImageOfPage\":{\"@id\":\"https:\\\/\\\/www.yucatanencorto.com\\\/noticias\\\/integrantes-de-la-asociacion-de-parcelarios-autonomos-de-yucatan-se-reunen-con-el-coordinador-del-equipo-yucatan\\\/#primaryimage\"},\"image\":{\"@id\":\"https:\\\/\\\/www.yucatanencorto.com\\\/noticias\\\/integrantes-de-la-asociacion-de-parcelarios-autonomos-de-yucatan-se-reunen-con-el-coordinador-del-equipo-yucatan\\\/#primaryimage\"},\"thumbnailUrl\":\"https:\\\/\\\/www.yucatanencorto.com\\\/noticias\\\/wp-content\\\/uploads\\\/2023\\\/12\\\/IMG-20231210-WA0009-scaled.jpg\",\"datePublished\":\"2023-12-11T00:26:00+00:00\",\"author\":{\"@id\":\"https:\\\/\\\/www.yucatanencorto.com\\\/noticias\\\/#\\\/schema\\\/person\\\/e2fbdfaf30a07014a43940ce989f3119\"},\"breadcrumb\":{\"@id\":\"https:\\\/\\\/www.yucatanencorto.com\\\/noticias\\\/integrantes-de-la-asociacion-de-parcelarios-autonomos-de-yucatan-se-reunen-con-el-coordinador-del-equipo-yucatan\\\/#breadcrumb\"},\"inLanguage\":\"es\",\"potentialAction\":[{\"@type\":\"ReadAction\",\"target\":[\"https:\\\/\\\/www.yucatanencorto.com\\\/noticias\\\/integrantes-de-la-asociacion-de-parcelarios-autonomos-de-yucatan-se-reunen-con-el-coordinador-del-equipo-yucatan\\\/\"]}]},{\"@type\":\"ImageObject\",\"inLanguage\":\"es\",\"@id\":\"https:\\\/\\\/www.yucatanencorto.com\\\/noticias\\\/integrantes-de-la-asociacion-de-parcelarios-autonomos-de-yucatan-se-reunen-con-el-coordinador-del-equipo-yucatan\\\/#primaryimage\",\"url\":\"https:\\\/\\\/www.yucatanencorto.com\\\/noticias\\\/wp-content\\\/uploads\\\/2023\\\/12\\\/IMG-20231210-WA0009-scaled.jpg\",\"contentUrl\":\"https:\\\/\\\/www.yucatanencorto.com\\\/noticias\\\/wp-content\\\/uploads\\\/2023\\\/12\\\/IMG-20231210-WA0009-scaled.jpg\",\"width\":768,\"height\":527},{\"@type\":\"BreadcrumbList\",\"@id\":\"https:\\\/\\\/www.yucatanencorto.com\\\/noticias\\\/integrantes-de-la-asociacion-de-parcelarios-autonomos-de-yucatan-se-reunen-con-el-coordinador-del-equipo-yucatan\\\/#breadcrumb\",\"itemListElement\":[{\"@type\":\"ListItem\",\"position\":1,\"name\":\"Portada\",\"item\":\"https:\\\/\\\/www.yucatanencorto.com\\\/noticias\\\/\"},{\"@type\":\"ListItem\",\"position\":2,\"name\":\"Integrantes de la Asociaci\u00f3n de Parcelarios Aut\u00f3nomos de Yucat\u00e1n se re\u00fanen con el coordinador del Equipo Yucat\u00e1n.\"}]},{\"@type\":\"WebSite\",\"@id\":\"https:\\\/\\\/www.yucatanencorto.com\\\/noticias\\\/#website\",\"url\":\"https:\\\/\\\/www.yucatanencorto.com\\\/noticias\\\/\",\"name\":\"Yucat\u00e1n en corto\",\"description\":\"Noticias\",\"potentialAction\":[{\"@type\":\"SearchAction\",\"target\":{\"@type\":\"EntryPoint\",\"urlTemplate\":\"https:\\\/\\\/www.yucatanencorto.com\\\/noticias\\\/?s={search_term_string}\"},\"query-input\":{\"@type\":\"PropertyValueSpecification\",\"valueRequired\":true,\"valueName\":\"search_term_string\"}}],\"inLanguage\":\"es\"},{\"@type\":\"Person\",\"@id\":\"https:\\\/\\\/www.yucatanencorto.com\\\/noticias\\\/#\\\/schema\\\/person\\\/e2fbdfaf30a07014a43940ce989f3119\",\"name\":\"Redes\",\"image\":{\"@type\":\"ImageObject\",\"inLanguage\":\"es\",\"@id\":\"https:\\\/\\\/secure.gravatar.com\\\/avatar\\\/5931a2d21dd7cc834f44c8c34fe56d90ed6d536ef452cbf870c7485b524dddd7?s=96&d=mm&r=g\",\"url\":\"https:\\\/\\\/secure.gravatar.com\\\/avatar\\\/5931a2d21dd7cc834f44c8c34fe56d90ed6d536ef452cbf870c7485b524dddd7?s=96&d=mm&r=g\",\"contentUrl\":\"https:\\\/\\\/secure.gravatar.com\\\/avatar\\\/5931a2d21dd7cc834f44c8c34fe56d90ed6d536ef452cbf870c7485b524dddd7?s=96&d=mm&r=g\",\"caption\":\"Redes\"},\"url\":\"https:\\\/\\\/www.yucatanencorto.com\\\/noticias\\\/author\\\/redes\\\/\"}]}<\/script>\n<!-- \/ Yoast SEO plugin. -->","yoast_head_json":{"title":"Integrantes de la Asociaci\u00f3n de Parcelarios Aut\u00f3nomos de Yucat\u00e1n se re\u00fanen con el coordinador del Equipo Yucat\u00e1n. - Yucat\u00e1n en corto","robots":{"index":"index","follow":"follow","max-snippet":"max-snippet:-1","max-image-preview":"max-image-preview:large","max-video-preview":"max-video-preview:-1"},"canonical":"https:\/\/www.yucatanencorto.com\/noticias\/integrantes-de-la-asociacion-de-parcelarios-autonomos-de-yucatan-se-reunen-con-el-coordinador-del-equipo-yucatan\/","og_locale":"es_ES","og_type":"article","og_title":"Integrantes de la Asociaci\u00f3n de Parcelarios Aut\u00f3nomos de Yucat\u00e1n se re\u00fanen con el coordinador del Equipo Yucat\u00e1n. - Yucat\u00e1n en corto","og_description":"Motul, Yucat\u00e1n a 10 de diciembre de 2023.- \u201cHagamos equipo para que cada d\u00eda nos vaya mejor, para que el fruto de nuestro trabajo alcance para m\u00e1s y para ser felices, por eso, todo el apoyo a Motul, todo el apoyo a las los trabajadores, todo el apoyo a Yucat\u00e1n\u201d, manifest\u00f3 el coordinador del Equipo [&hellip;]","og_url":"https:\/\/www.yucatanencorto.com\/noticias\/integrantes-de-la-asociacion-de-parcelarios-autonomos-de-yucatan-se-reunen-con-el-coordinador-del-equipo-yucatan\/","og_site_name":"Yucat\u00e1n en corto","article_publisher":"http:\/\/www.facebook.com\/yucatanencorto","article_published_time":"2023-12-11T00:26:00+00:00","og_image":[{"width":768,"height":527,"url":"https:\/\/www.yucatanencorto.com\/noticias\/wp-content\/uploads\/2023\/12\/IMG-20231210-WA0009-scaled.jpg","type":"image\/jpeg"}],"author":"Redes","twitter_card":"summary_large_image","twitter_creator":"@yucatanencorto","twitter_site":"@yucatanencorto","twitter_misc":{"Escrito por":"Redes","Tiempo de lectura":"3 minutos"},"schema":{"@context":"https:\/\/schema.org","@graph":[{"@type":"Article","@id":"https:\/\/www.yucatanencorto.com\/noticias\/integrantes-de-la-asociacion-de-parcelarios-autonomos-de-yucatan-se-reunen-con-el-coordinador-del-equipo-yucatan\/#article","isPartOf":{"@id":"https:\/\/www.yucatanencorto.com\/noticias\/integrantes-de-la-asociacion-de-parcelarios-autonomos-de-yucatan-se-reunen-con-el-coordinador-del-equipo-yucatan\/"},"author":{"name":"Redes","@id":"https:\/\/www.yucatanencorto.com\/noticias\/#\/schema\/person\/e2fbdfaf30a07014a43940ce989f3119"},"headline":"Integrantes de la Asociaci\u00f3n de Parcelarios Aut\u00f3nomos de Yucat\u00e1n se re\u00fanen con el coordinador del Equipo Yucat\u00e1n.","datePublished":"2023-12-11T00:26:00+00:00","mainEntityOfPage":{"@id":"https:\/\/www.yucatanencorto.com\/noticias\/integrantes-de-la-asociacion-de-parcelarios-autonomos-de-yucatan-se-reunen-con-el-coordinador-del-equipo-yucatan\/"},"wordCount":456,"image":{"@id":"https:\/\/www.yucatanencorto.com\/noticias\/integrantes-de-la-asociacion-de-parcelarios-autonomos-de-yucatan-se-reunen-con-el-coordinador-del-equipo-yucatan\/#primaryimage"},"thumbnailUrl":"https:\/\/www.yucatanencorto.com\/noticias\/wp-content\/uploads\/2023\/12\/IMG-20231210-WA0009-scaled.jpg","articleSection":["Yucat\u00e1n"],"inLanguage":"es"},{"@type":"WebPage","@id":"https:\/\/www.yucatanencorto.com\/noticias\/integrantes-de-la-asociacion-de-parcelarios-autonomos-de-yucatan-se-reunen-con-el-coordinador-del-equipo-yucatan\/","url":"https:\/\/www.yucatanencorto.com\/noticias\/integrantes-de-la-asociacion-de-parcelarios-autonomos-de-yucatan-se-reunen-con-el-coordinador-del-equipo-yucatan\/","name":"Integrantes de la Asociaci\u00f3n de Parcelarios Aut\u00f3nomos de Yucat\u00e1n se re\u00fanen con el coordinador del Equipo Yucat\u00e1n. - Yucat\u00e1n en corto","isPartOf":{"@id":"https:\/\/www.yucatanencorto.com\/noticias\/#website"},"primaryImageOfPage":{"@id":"https:\/\/www.yucatanencorto.com\/noticias\/integrantes-de-la-asociacion-de-parcelarios-autonomos-de-yucatan-se-reunen-con-el-coordinador-del-equipo-yucatan\/#primaryimage"},"image":{"@id":"https:\/\/www.yucatanencorto.com\/noticias\/integrantes-de-la-asociacion-de-parcelarios-autonomos-de-yucatan-se-reunen-con-el-coordinador-del-equipo-yucatan\/#primaryimage"},"thumbnailUrl":"https:\/\/www.yucatanencorto.com\/noticias\/wp-content\/uploads\/2023\/12\/IMG-20231210-WA0009-scaled.jpg","datePublished":"2023-12-11T00:26:00+00:00","author":{"@id":"https:\/\/www.yucatanencorto.com\/noticias\/#\/schema\/person\/e2fbdfaf30a07014a43940ce989f3119"},"breadcrumb":{"@id":"https:\/\/www.yucatanencorto.com\/noticias\/integrantes-de-la-asociacion-de-parcelarios-autonomos-de-yucatan-se-reunen-con-el-coordinador-del-equipo-yucatan\/#breadcrumb"},"inLanguage":"es","potentialAction":[{"@type":"ReadAction","target":["https:\/\/www.yucatanencorto.com\/noticias\/integrantes-de-la-asociacion-de-parcelarios-autonomos-de-yucatan-se-reunen-con-el-coordinador-del-equipo-yucatan\/"]}]},{"@type":"ImageObject","inLanguage":"es","@id":"https:\/\/www.yucatanencorto.com\/noticias\/integrantes-de-la-asociacion-de-parcelarios-autonomos-de-yucatan-se-reunen-con-el-coordinador-del-equipo-yucatan\/#primaryimage","url":"https:\/\/www.yucatanencorto.com\/noticias\/wp-content\/uploads\/2023\/12\/IMG-20231210-WA0009-scaled.jpg","contentUrl":"https:\/\/www.yucatanencorto.com\/noticias\/wp-content\/uploads\/2023\/12\/IMG-20231210-WA0009-scaled.jpg","width":768,"height":527},{"@type":"BreadcrumbList","@id":"https:\/\/www.yucatanencorto.com\/noticias\/integrantes-de-la-asociacion-de-parcelarios-autonomos-de-yucatan-se-reunen-con-el-coordinador-del-equipo-yucatan\/#breadcrumb","itemListElement":[{"@type":"ListItem","position":1,"name":"Portada","item":"https:\/\/www.yucatanencorto.com\/noticias\/"},{"@type":"ListItem","position":2,"name":"Integrantes de la Asociaci\u00f3n de Parcelarios Aut\u00f3nomos de Yucat\u00e1n se re\u00fanen con el coordinador del Equipo Yucat\u00e1n."}]},{"@type":"WebSite","@id":"https:\/\/www.yucatanencorto.com\/noticias\/#website","url":"https:\/\/www.yucatanencorto.com\/noticias\/","name":"Yucat\u00e1n en corto","description":"Noticias","potentialAction":[{"@type":"SearchAction","target":{"@type":"EntryPoint","urlTemplate":"https:\/\/www.yucatanencorto.com\/noticias\/?s={search_term_string}"},"query-input":{"@type":"PropertyValueSpecification","valueRequired":true,"valueName":"search_term_string"}}],"inLanguage":"es"},{"@type":"Person","@id":"https:\/\/www.yucatanencorto.com\/noticias\/#\/schema\/person\/e2fbdfaf30a07014a43940ce989f3119","name":"Redes","image":{"@type":"ImageObject","inLanguage":"es","@id":"https:\/\/secure.gravatar.com\/avatar\/5931a2d21dd7cc834f44c8c34fe56d90ed6d536ef452cbf870c7485b524dddd7?s=96&d=mm&r=g","url":"https:\/\/secure.gravatar.com\/avatar\/5931a2d21dd7cc834f44c8c34fe56d90ed6d536ef452cbf870c7485b524dddd7?s=96&d=mm&r=g","contentUrl":"https:\/\/secure.gravatar.com\/avatar\/5931a2d21dd7cc834f44c8c34fe56d90ed6d536ef452cbf870c7485b524dddd7?s=96&d=mm&r=g","caption":"Redes"},"url":"https:\/\/www.yucatanencorto.com\/noticias\/author\/redes\/"}]}},"_links":{"self":[{"href":"https:\/\/www.yucatanencorto.com\/noticias\/wp-json\/wp\/v2\/posts\/101489","targetHints":{"allow":["GET"]}}],"collection":[{"href":"https:\/\/www.yucatanencorto.com\/noticias\/wp-json\/wp\/v2\/posts"}],"about":[{"href":"https:\/\/www.yucatanencorto.com\/noticias\/wp-json\/wp\/v2\/types\/post"}],"author":[{"embeddable":true,"href":"https:\/\/www.yucatanencorto.com\/noticias\/wp-json\/wp\/v2\/users\/3"}],"replies":[{"embeddable":true,"href":"https:\/\/www.yucatanencorto.com\/noticias\/wp-json\/wp\/v2\/comments?post=101489"}],"version-history":[{"count":0,"href":"https:\/\/www.yucatanencorto.com\/noticias\/wp-json\/wp\/v2\/posts\/101489\/revisions"}],"wp:featuredmedia":[{"embeddable":true,"href":"https:\/\/www.yucatanencorto.com\/noticias\/wp-json\/wp\/v2\/media\/101490"}],"wp:attachment":[{"href":"https:\/\/www.yucatanencorto.com\/noticias\/wp-json\/wp\/v2\/media?parent=101489"}],"wp:term":[{"taxonomy":"category","embeddable":true,"href":"https:\/\/www.yucatanencorto.com\/noticias\/wp-json\/wp\/v2\/categories?post=101489"},{"taxonomy":"post_tag","embeddable":true,"href":"https:\/\/www.yucatanencorto.com\/noticias\/wp-json\/wp\/v2\/tags?post=101489"}],"curies":[{"name":"wp","href":"https:\/\/api.w.org\/{rel}","templated":true}]}}