{"id":101492,"date":"2023-12-11T17:39:33","date_gmt":"2023-12-11T23:39:33","guid":{"rendered":"https:\/\/www.yucatanencorto.com\/noticias\/?p=101492"},"modified":"2023-12-11T17:39:33","modified_gmt":"2023-12-11T23:39:33","slug":"adultos-mayores-de-kanasin-reciben-apoyos-del-programa-de-asistencia-social","status":"publish","type":"post","link":"https:\/\/www.yucatanencorto.com\/noticias\/adultos-mayores-de-kanasin-reciben-apoyos-del-programa-de-asistencia-social\/","title":{"rendered":"Adultos Mayores de Kanas\u00edn reciben apoyos del Programa de Asistencia Social"},"content":{"rendered":"<p><img loading=\"lazy\" decoding=\"async\" class=\"alignnone size-full wp-image-101493\" src=\"https:\/\/www.yucatanencorto.com\/noticias\/wp-content\/uploads\/2023\/12\/IMG-20231211-WA0015-scaled.jpg\" alt=\"\" width=\"768\" height=\"577\" srcset=\"https:\/\/www.yucatanencorto.com\/noticias\/wp-content\/uploads\/2023\/12\/IMG-20231211-WA0015-scaled.jpg 768w, https:\/\/www.yucatanencorto.com\/noticias\/wp-content\/uploads\/2023\/12\/IMG-20231211-WA0015-150x113.jpg 150w, https:\/\/www.yucatanencorto.com\/noticias\/wp-content\/uploads\/2023\/12\/IMG-20231211-WA0015-300x225.jpg 300w, https:\/\/www.yucatanencorto.com\/noticias\/wp-content\/uploads\/2023\/12\/IMG-20231211-WA0015-696x523.jpg 696w, https:\/\/www.yucatanencorto.com\/noticias\/wp-content\/uploads\/2023\/12\/IMG-20231211-WA0015-1068x802.jpg 1068w\" sizes=\"auto, (max-width: 768px) 100vw, 768px\" \/><\/p>\n<p>Kanas\u00edn, Yucat\u00e1n a 11 de diciembre 2023.- M\u00e1s de 730 adultos mayores, de entre 60 y 64 a\u00f1os, recibieron sus apoyos del Programa de Asistencia Social, evento que supervis\u00f3 el alcalde Edwin Boj\u00f3rquez Ram\u00edrez, quien reiter\u00f3 que para el pr\u00f3ximo a\u00f1o seguir\u00e1n este tipo de acciones que generan importantes beneficios a los sectores m\u00e1s vulnerables del municipio.<\/p>\n<p>En total ser\u00e1n 1,270 los adultos mayores que recibir\u00e1n este apoyo, por sexta ocasi\u00f3n, pues la ma\u00f1ana de este lunes les toc\u00f3 a quienes tienen apellidos que inician de la A a la M y para ma\u00f1ana martes le tocar\u00e1 a 540 cuyos apellidos inician con la M y finalizan con la Z.<\/p>\n<p>Como ha ocurrido desde la primera entrega, el alcalde Edwin Boj\u00f3rquez se encarg\u00f3 de supervisar la entrega de estos apoyos y les reiter\u00f3 a los beneficiarios su compromiso de seguir apoyando a las personas que m\u00e1s lo necesitan y que viven en situaci\u00f3n de vulnerabilidad, adem\u00e1s de que dej\u00f3 en claro que estos apoyos son municipales.<\/p>\n<p>Adelant\u00f3 que debido a la buena respuesta de la poblaci\u00f3n pronto saldr\u00e1 la convocatoria para re inscribirse al Programa de Asistencia Social e \u201cinvitamos a las y los vecinos a que est\u00e9n muy al pendiente a principios de enero, que es cuando saldr\u00eda\u201d.<\/p>\n<p>Destac\u00f3 que como nunca se est\u00e1 apoyando a un grupo importante para las familias de Kanas\u00edn como los adultos mayores, pues no s\u00f3lo se les est\u00e1n otorgando recursos sino tambi\u00e9n ahora cuentan con un espacio adecuado para ser atendidos como la Casa del Adulto Mayor.<\/p>\n<p>\u201cHoy Kanas\u00edn cuenta con parques dignos, con internet, y pr\u00f3ximamente se construir\u00e1n dos casas m\u00e1s del Adulto Mayor, una en el norte y otra en el sur\u201d, a\u00f1adi\u00f3.<\/p>\n<p>El alcalde Edwin Boj\u00f3rquez destac\u00f3 la importancia de que el Programa de Asistencia Social se est\u00e9 realizando con recursos propios, lo anterior como resultado del buen manejo de los recursos p\u00fablicos en el Ayuntamiento de Kanas\u00edn.<\/p>\n<p>Programa de Asistencia Social, gran apoyo a la econom\u00eda de las personas.<\/p>\n<p>Do\u00f1a Aurora V\u00e1rguez, vecina de la colonia Cecilio Chi, hizo un reconocimiento al alcalde por este programa y destac\u00f3 que le ha ayudado a adquirir productos b\u00e1sicos como leche, comida, galletas y despensa\u00bb<\/p>\n<p>Se\u00f1al\u00f3 que \u201cning\u00fan presidente se hab\u00eda preocupado por nosotros. Nadie, s\u00f3lo Edwin Boj\u00f3rquez y estoy muy agradecida\u201d.<\/p>\n<p>Mar\u00eda Ligia Yam Ak\u00e9 comparti\u00f3 la opini\u00f3n de do\u00f1a Aurora y agreg\u00f3 que en 35 a\u00f1os que vive en la colonia \u00abH\u00e9ctor Victoria\u00bb nadie hab\u00eda destinado un recurso para la gente de edad avanzada.<\/p>\n<p>Con ese dinero, se\u00f1al\u00f3, me sirve para ir al doctor y adquirir mis medicamentos, \u201cme ha servido de mucho\u201d, finaliz\u00f3.<\/p>\n","protected":false},"excerpt":{"rendered":"<p>Kanas\u00edn, Yucat\u00e1n a 11 de diciembre 2023.- M\u00e1s de 730 adultos mayores, de entre 60 y 64 a\u00f1os, recibieron sus apoyos del Programa de Asistencia Social, evento que supervis\u00f3 el alcalde Edwin Boj\u00f3rquez Ram\u00edrez, quien reiter\u00f3 que para el pr\u00f3ximo a\u00f1o seguir\u00e1n este tipo de acciones que generan importantes beneficios a los sectores m\u00e1s vulnerables [&hellip;]<\/p>\n","protected":false},"author":3,"featured_media":101493,"comment_status":"closed","ping_status":"closed","sticky":false,"template":"","format":"standard","meta":{"footnotes":""},"categories":[3],"tags":[],"class_list":{"0":"post-101492","1":"post","2":"type-post","3":"status-publish","4":"format-standard","5":"has-post-thumbnail","7":"category-yucatan"},"yoast_head":"<!-- This site is optimized with the Yoast SEO plugin v27.5 - https:\/\/yoast.com\/product\/yoast-seo-wordpress\/ -->\n<title>Adultos Mayores de Kanas\u00edn reciben apoyos del Programa de Asistencia Social - Yucat\u00e1n en corto<\/title>\n<meta name=\"robots\" content=\"index, follow, max-snippet:-1, max-image-preview:large, max-video-preview:-1\" \/>\n<link rel=\"canonical\" href=\"https:\/\/www.yucatanencorto.com\/noticias\/adultos-mayores-de-kanasin-reciben-apoyos-del-programa-de-asistencia-social\/\" \/>\n<meta property=\"og:locale\" content=\"es_ES\" \/>\n<meta property=\"og:type\" content=\"article\" \/>\n<meta property=\"og:title\" content=\"Adultos Mayores de Kanas\u00edn reciben apoyos del Programa de Asistencia Social - Yucat\u00e1n en corto\" \/>\n<meta property=\"og:description\" content=\"Kanas\u00edn, Yucat\u00e1n a 11 de diciembre 2023.- M\u00e1s de 730 adultos mayores, de entre 60 y 64 a\u00f1os, recibieron sus apoyos del Programa de Asistencia Social, evento que supervis\u00f3 el alcalde Edwin Boj\u00f3rquez Ram\u00edrez, quien reiter\u00f3 que para el pr\u00f3ximo a\u00f1o seguir\u00e1n este tipo de acciones que generan importantes beneficios a los sectores m\u00e1s vulnerables [&hellip;]\" \/>\n<meta property=\"og:url\" content=\"https:\/\/www.yucatanencorto.com\/noticias\/adultos-mayores-de-kanasin-reciben-apoyos-del-programa-de-asistencia-social\/\" \/>\n<meta property=\"og:site_name\" content=\"Yucat\u00e1n en corto\" \/>\n<meta property=\"article:publisher\" content=\"http:\/\/www.facebook.com\/yucatanencorto\" \/>\n<meta property=\"article:published_time\" content=\"2023-12-11T23:39:33+00:00\" \/>\n<meta property=\"og:image\" content=\"https:\/\/www.yucatanencorto.com\/noticias\/wp-content\/uploads\/2023\/12\/IMG-20231211-WA0015-scaled.jpg\" \/>\n\t<meta property=\"og:image:width\" content=\"768\" \/>\n\t<meta property=\"og:image:height\" content=\"577\" \/>\n\t<meta property=\"og:image:type\" content=\"image\/jpeg\" \/>\n<meta name=\"author\" content=\"Redes\" \/>\n<meta name=\"twitter:card\" content=\"summary_large_image\" \/>\n<meta name=\"twitter:creator\" content=\"@yucatanencorto\" \/>\n<meta name=\"twitter:site\" content=\"@yucatanencorto\" \/>\n<meta name=\"twitter:label1\" content=\"Escrito por\" \/>\n\t<meta name=\"twitter:data1\" content=\"Redes\" \/>\n\t<meta name=\"twitter:label2\" content=\"Tiempo de lectura\" \/>\n\t<meta name=\"twitter:data2\" content=\"3 minutos\" \/>\n<script type=\"application\/ld+json\" class=\"yoast-schema-graph\">{\"@context\":\"https:\\\/\\\/schema.org\",\"@graph\":[{\"@type\":\"Article\",\"@id\":\"https:\\\/\\\/www.yucatanencorto.com\\\/noticias\\\/adultos-mayores-de-kanasin-reciben-apoyos-del-programa-de-asistencia-social\\\/#article\",\"isPartOf\":{\"@id\":\"https:\\\/\\\/www.yucatanencorto.com\\\/noticias\\\/adultos-mayores-de-kanasin-reciben-apoyos-del-programa-de-asistencia-social\\\/\"},\"author\":{\"name\":\"Redes\",\"@id\":\"https:\\\/\\\/www.yucatanencorto.com\\\/noticias\\\/#\\\/schema\\\/person\\\/e2fbdfaf30a07014a43940ce989f3119\"},\"headline\":\"Adultos Mayores de Kanas\u00edn reciben apoyos del Programa de Asistencia Social\",\"datePublished\":\"2023-12-11T23:39:33+00:00\",\"mainEntityOfPage\":{\"@id\":\"https:\\\/\\\/www.yucatanencorto.com\\\/noticias\\\/adultos-mayores-de-kanasin-reciben-apoyos-del-programa-de-asistencia-social\\\/\"},\"wordCount\":489,\"image\":{\"@id\":\"https:\\\/\\\/www.yucatanencorto.com\\\/noticias\\\/adultos-mayores-de-kanasin-reciben-apoyos-del-programa-de-asistencia-social\\\/#primaryimage\"},\"thumbnailUrl\":\"https:\\\/\\\/www.yucatanencorto.com\\\/noticias\\\/wp-content\\\/uploads\\\/2023\\\/12\\\/IMG-20231211-WA0015-scaled.jpg\",\"articleSection\":[\"Yucat\u00e1n\"],\"inLanguage\":\"es\"},{\"@type\":\"WebPage\",\"@id\":\"https:\\\/\\\/www.yucatanencorto.com\\\/noticias\\\/adultos-mayores-de-kanasin-reciben-apoyos-del-programa-de-asistencia-social\\\/\",\"url\":\"https:\\\/\\\/www.yucatanencorto.com\\\/noticias\\\/adultos-mayores-de-kanasin-reciben-apoyos-del-programa-de-asistencia-social\\\/\",\"name\":\"Adultos Mayores de Kanas\u00edn reciben apoyos del Programa de Asistencia Social - Yucat\u00e1n en corto\",\"isPartOf\":{\"@id\":\"https:\\\/\\\/www.yucatanencorto.com\\\/noticias\\\/#website\"},\"primaryImageOfPage\":{\"@id\":\"https:\\\/\\\/www.yucatanencorto.com\\\/noticias\\\/adultos-mayores-de-kanasin-reciben-apoyos-del-programa-de-asistencia-social\\\/#primaryimage\"},\"image\":{\"@id\":\"https:\\\/\\\/www.yucatanencorto.com\\\/noticias\\\/adultos-mayores-de-kanasin-reciben-apoyos-del-programa-de-asistencia-social\\\/#primaryimage\"},\"thumbnailUrl\":\"https:\\\/\\\/www.yucatanencorto.com\\\/noticias\\\/wp-content\\\/uploads\\\/2023\\\/12\\\/IMG-20231211-WA0015-scaled.jpg\",\"datePublished\":\"2023-12-11T23:39:33+00:00\",\"author\":{\"@id\":\"https:\\\/\\\/www.yucatanencorto.com\\\/noticias\\\/#\\\/schema\\\/person\\\/e2fbdfaf30a07014a43940ce989f3119\"},\"breadcrumb\":{\"@id\":\"https:\\\/\\\/www.yucatanencorto.com\\\/noticias\\\/adultos-mayores-de-kanasin-reciben-apoyos-del-programa-de-asistencia-social\\\/#breadcrumb\"},\"inLanguage\":\"es\",\"potentialAction\":[{\"@type\":\"ReadAction\",\"target\":[\"https:\\\/\\\/www.yucatanencorto.com\\\/noticias\\\/adultos-mayores-de-kanasin-reciben-apoyos-del-programa-de-asistencia-social\\\/\"]}]},{\"@type\":\"ImageObject\",\"inLanguage\":\"es\",\"@id\":\"https:\\\/\\\/www.yucatanencorto.com\\\/noticias\\\/adultos-mayores-de-kanasin-reciben-apoyos-del-programa-de-asistencia-social\\\/#primaryimage\",\"url\":\"https:\\\/\\\/www.yucatanencorto.com\\\/noticias\\\/wp-content\\\/uploads\\\/2023\\\/12\\\/IMG-20231211-WA0015-scaled.jpg\",\"contentUrl\":\"https:\\\/\\\/www.yucatanencorto.com\\\/noticias\\\/wp-content\\\/uploads\\\/2023\\\/12\\\/IMG-20231211-WA0015-scaled.jpg\",\"width\":768,\"height\":577},{\"@type\":\"BreadcrumbList\",\"@id\":\"https:\\\/\\\/www.yucatanencorto.com\\\/noticias\\\/adultos-mayores-de-kanasin-reciben-apoyos-del-programa-de-asistencia-social\\\/#breadcrumb\",\"itemListElement\":[{\"@type\":\"ListItem\",\"position\":1,\"name\":\"Portada\",\"item\":\"https:\\\/\\\/www.yucatanencorto.com\\\/noticias\\\/\"},{\"@type\":\"ListItem\",\"position\":2,\"name\":\"Adultos Mayores de Kanas\u00edn reciben apoyos del Programa de Asistencia Social\"}]},{\"@type\":\"WebSite\",\"@id\":\"https:\\\/\\\/www.yucatanencorto.com\\\/noticias\\\/#website\",\"url\":\"https:\\\/\\\/www.yucatanencorto.com\\\/noticias\\\/\",\"name\":\"Yucat\u00e1n en corto\",\"description\":\"Noticias\",\"potentialAction\":[{\"@type\":\"SearchAction\",\"target\":{\"@type\":\"EntryPoint\",\"urlTemplate\":\"https:\\\/\\\/www.yucatanencorto.com\\\/noticias\\\/?s={search_term_string}\"},\"query-input\":{\"@type\":\"PropertyValueSpecification\",\"valueRequired\":true,\"valueName\":\"search_term_string\"}}],\"inLanguage\":\"es\"},{\"@type\":\"Person\",\"@id\":\"https:\\\/\\\/www.yucatanencorto.com\\\/noticias\\\/#\\\/schema\\\/person\\\/e2fbdfaf30a07014a43940ce989f3119\",\"name\":\"Redes\",\"image\":{\"@type\":\"ImageObject\",\"inLanguage\":\"es\",\"@id\":\"https:\\\/\\\/secure.gravatar.com\\\/avatar\\\/5931a2d21dd7cc834f44c8c34fe56d90ed6d536ef452cbf870c7485b524dddd7?s=96&d=mm&r=g\",\"url\":\"https:\\\/\\\/secure.gravatar.com\\\/avatar\\\/5931a2d21dd7cc834f44c8c34fe56d90ed6d536ef452cbf870c7485b524dddd7?s=96&d=mm&r=g\",\"contentUrl\":\"https:\\\/\\\/secure.gravatar.com\\\/avatar\\\/5931a2d21dd7cc834f44c8c34fe56d90ed6d536ef452cbf870c7485b524dddd7?s=96&d=mm&r=g\",\"caption\":\"Redes\"},\"url\":\"https:\\\/\\\/www.yucatanencorto.com\\\/noticias\\\/author\\\/redes\\\/\"}]}<\/script>\n<!-- \/ Yoast SEO plugin. -->","yoast_head_json":{"title":"Adultos Mayores de Kanas\u00edn reciben apoyos del Programa de Asistencia Social - Yucat\u00e1n en corto","robots":{"index":"index","follow":"follow","max-snippet":"max-snippet:-1","max-image-preview":"max-image-preview:large","max-video-preview":"max-video-preview:-1"},"canonical":"https:\/\/www.yucatanencorto.com\/noticias\/adultos-mayores-de-kanasin-reciben-apoyos-del-programa-de-asistencia-social\/","og_locale":"es_ES","og_type":"article","og_title":"Adultos Mayores de Kanas\u00edn reciben apoyos del Programa de Asistencia Social - Yucat\u00e1n en corto","og_description":"Kanas\u00edn, Yucat\u00e1n a 11 de diciembre 2023.- M\u00e1s de 730 adultos mayores, de entre 60 y 64 a\u00f1os, recibieron sus apoyos del Programa de Asistencia Social, evento que supervis\u00f3 el alcalde Edwin Boj\u00f3rquez Ram\u00edrez, quien reiter\u00f3 que para el pr\u00f3ximo a\u00f1o seguir\u00e1n este tipo de acciones que generan importantes beneficios a los sectores m\u00e1s vulnerables [&hellip;]","og_url":"https:\/\/www.yucatanencorto.com\/noticias\/adultos-mayores-de-kanasin-reciben-apoyos-del-programa-de-asistencia-social\/","og_site_name":"Yucat\u00e1n en corto","article_publisher":"http:\/\/www.facebook.com\/yucatanencorto","article_published_time":"2023-12-11T23:39:33+00:00","og_image":[{"width":768,"height":577,"url":"https:\/\/www.yucatanencorto.com\/noticias\/wp-content\/uploads\/2023\/12\/IMG-20231211-WA0015-scaled.jpg","type":"image\/jpeg"}],"author":"Redes","twitter_card":"summary_large_image","twitter_creator":"@yucatanencorto","twitter_site":"@yucatanencorto","twitter_misc":{"Escrito por":"Redes","Tiempo de lectura":"3 minutos"},"schema":{"@context":"https:\/\/schema.org","@graph":[{"@type":"Article","@id":"https:\/\/www.yucatanencorto.com\/noticias\/adultos-mayores-de-kanasin-reciben-apoyos-del-programa-de-asistencia-social\/#article","isPartOf":{"@id":"https:\/\/www.yucatanencorto.com\/noticias\/adultos-mayores-de-kanasin-reciben-apoyos-del-programa-de-asistencia-social\/"},"author":{"name":"Redes","@id":"https:\/\/www.yucatanencorto.com\/noticias\/#\/schema\/person\/e2fbdfaf30a07014a43940ce989f3119"},"headline":"Adultos Mayores de Kanas\u00edn reciben apoyos del Programa de Asistencia Social","datePublished":"2023-12-11T23:39:33+00:00","mainEntityOfPage":{"@id":"https:\/\/www.yucatanencorto.com\/noticias\/adultos-mayores-de-kanasin-reciben-apoyos-del-programa-de-asistencia-social\/"},"wordCount":489,"image":{"@id":"https:\/\/www.yucatanencorto.com\/noticias\/adultos-mayores-de-kanasin-reciben-apoyos-del-programa-de-asistencia-social\/#primaryimage"},"thumbnailUrl":"https:\/\/www.yucatanencorto.com\/noticias\/wp-content\/uploads\/2023\/12\/IMG-20231211-WA0015-scaled.jpg","articleSection":["Yucat\u00e1n"],"inLanguage":"es"},{"@type":"WebPage","@id":"https:\/\/www.yucatanencorto.com\/noticias\/adultos-mayores-de-kanasin-reciben-apoyos-del-programa-de-asistencia-social\/","url":"https:\/\/www.yucatanencorto.com\/noticias\/adultos-mayores-de-kanasin-reciben-apoyos-del-programa-de-asistencia-social\/","name":"Adultos Mayores de Kanas\u00edn reciben apoyos del Programa de Asistencia Social - Yucat\u00e1n en corto","isPartOf":{"@id":"https:\/\/www.yucatanencorto.com\/noticias\/#website"},"primaryImageOfPage":{"@id":"https:\/\/www.yucatanencorto.com\/noticias\/adultos-mayores-de-kanasin-reciben-apoyos-del-programa-de-asistencia-social\/#primaryimage"},"image":{"@id":"https:\/\/www.yucatanencorto.com\/noticias\/adultos-mayores-de-kanasin-reciben-apoyos-del-programa-de-asistencia-social\/#primaryimage"},"thumbnailUrl":"https:\/\/www.yucatanencorto.com\/noticias\/wp-content\/uploads\/2023\/12\/IMG-20231211-WA0015-scaled.jpg","datePublished":"2023-12-11T23:39:33+00:00","author":{"@id":"https:\/\/www.yucatanencorto.com\/noticias\/#\/schema\/person\/e2fbdfaf30a07014a43940ce989f3119"},"breadcrumb":{"@id":"https:\/\/www.yucatanencorto.com\/noticias\/adultos-mayores-de-kanasin-reciben-apoyos-del-programa-de-asistencia-social\/#breadcrumb"},"inLanguage":"es","potentialAction":[{"@type":"ReadAction","target":["https:\/\/www.yucatanencorto.com\/noticias\/adultos-mayores-de-kanasin-reciben-apoyos-del-programa-de-asistencia-social\/"]}]},{"@type":"ImageObject","inLanguage":"es","@id":"https:\/\/www.yucatanencorto.com\/noticias\/adultos-mayores-de-kanasin-reciben-apoyos-del-programa-de-asistencia-social\/#primaryimage","url":"https:\/\/www.yucatanencorto.com\/noticias\/wp-content\/uploads\/2023\/12\/IMG-20231211-WA0015-scaled.jpg","contentUrl":"https:\/\/www.yucatanencorto.com\/noticias\/wp-content\/uploads\/2023\/12\/IMG-20231211-WA0015-scaled.jpg","width":768,"height":577},{"@type":"BreadcrumbList","@id":"https:\/\/www.yucatanencorto.com\/noticias\/adultos-mayores-de-kanasin-reciben-apoyos-del-programa-de-asistencia-social\/#breadcrumb","itemListElement":[{"@type":"ListItem","position":1,"name":"Portada","item":"https:\/\/www.yucatanencorto.com\/noticias\/"},{"@type":"ListItem","position":2,"name":"Adultos Mayores de Kanas\u00edn reciben apoyos del Programa de Asistencia Social"}]},{"@type":"WebSite","@id":"https:\/\/www.yucatanencorto.com\/noticias\/#website","url":"https:\/\/www.yucatanencorto.com\/noticias\/","name":"Yucat\u00e1n en corto","description":"Noticias","potentialAction":[{"@type":"SearchAction","target":{"@type":"EntryPoint","urlTemplate":"https:\/\/www.yucatanencorto.com\/noticias\/?s={search_term_string}"},"query-input":{"@type":"PropertyValueSpecification","valueRequired":true,"valueName":"search_term_string"}}],"inLanguage":"es"},{"@type":"Person","@id":"https:\/\/www.yucatanencorto.com\/noticias\/#\/schema\/person\/e2fbdfaf30a07014a43940ce989f3119","name":"Redes","image":{"@type":"ImageObject","inLanguage":"es","@id":"https:\/\/secure.gravatar.com\/avatar\/5931a2d21dd7cc834f44c8c34fe56d90ed6d536ef452cbf870c7485b524dddd7?s=96&d=mm&r=g","url":"https:\/\/secure.gravatar.com\/avatar\/5931a2d21dd7cc834f44c8c34fe56d90ed6d536ef452cbf870c7485b524dddd7?s=96&d=mm&r=g","contentUrl":"https:\/\/secure.gravatar.com\/avatar\/5931a2d21dd7cc834f44c8c34fe56d90ed6d536ef452cbf870c7485b524dddd7?s=96&d=mm&r=g","caption":"Redes"},"url":"https:\/\/www.yucatanencorto.com\/noticias\/author\/redes\/"}]}},"_links":{"self":[{"href":"https:\/\/www.yucatanencorto.com\/noticias\/wp-json\/wp\/v2\/posts\/101492","targetHints":{"allow":["GET"]}}],"collection":[{"href":"https:\/\/www.yucatanencorto.com\/noticias\/wp-json\/wp\/v2\/posts"}],"about":[{"href":"https:\/\/www.yucatanencorto.com\/noticias\/wp-json\/wp\/v2\/types\/post"}],"author":[{"embeddable":true,"href":"https:\/\/www.yucatanencorto.com\/noticias\/wp-json\/wp\/v2\/users\/3"}],"replies":[{"embeddable":true,"href":"https:\/\/www.yucatanencorto.com\/noticias\/wp-json\/wp\/v2\/comments?post=101492"}],"version-history":[{"count":0,"href":"https:\/\/www.yucatanencorto.com\/noticias\/wp-json\/wp\/v2\/posts\/101492\/revisions"}],"wp:featuredmedia":[{"embeddable":true,"href":"https:\/\/www.yucatanencorto.com\/noticias\/wp-json\/wp\/v2\/media\/101493"}],"wp:attachment":[{"href":"https:\/\/www.yucatanencorto.com\/noticias\/wp-json\/wp\/v2\/media?parent=101492"}],"wp:term":[{"taxonomy":"category","embeddable":true,"href":"https:\/\/www.yucatanencorto.com\/noticias\/wp-json\/wp\/v2\/categories?post=101492"},{"taxonomy":"post_tag","embeddable":true,"href":"https:\/\/www.yucatanencorto.com\/noticias\/wp-json\/wp\/v2\/tags?post=101492"}],"curies":[{"name":"wp","href":"https:\/\/api.w.org\/{rel}","templated":true}]}}