{"id":101498,"date":"2023-12-11T18:09:21","date_gmt":"2023-12-12T00:09:21","guid":{"rendered":"https:\/\/www.yucatanencorto.com\/noticias\/?p=101498"},"modified":"2023-12-11T18:09:21","modified_gmt":"2023-12-12T00:09:21","slug":"mejora-salario-de-trabajadores-yucatecos-asegurados-ante-el-imss","status":"publish","type":"post","link":"https:\/\/www.yucatanencorto.com\/noticias\/mejora-salario-de-trabajadores-yucatecos-asegurados-ante-el-imss\/","title":{"rendered":"Mejora salario de trabajadores yucatecos asegurados ante el IMSS"},"content":{"rendered":"<p><img loading=\"lazy\" decoding=\"async\" class=\"alignnone size-full wp-image-101499\" src=\"https:\/\/www.yucatanencorto.com\/noticias\/wp-content\/uploads\/2023\/12\/IMG-20231211-WA0025-scaled.jpg\" alt=\"\" width=\"768\" height=\"549\" srcset=\"https:\/\/www.yucatanencorto.com\/noticias\/wp-content\/uploads\/2023\/12\/IMG-20231211-WA0025-scaled.jpg 768w, https:\/\/www.yucatanencorto.com\/noticias\/wp-content\/uploads\/2023\/12\/IMG-20231211-WA0025-150x107.jpg 150w, https:\/\/www.yucatanencorto.com\/noticias\/wp-content\/uploads\/2023\/12\/IMG-20231211-WA0025-300x215.jpg 300w, https:\/\/www.yucatanencorto.com\/noticias\/wp-content\/uploads\/2023\/12\/IMG-20231211-WA0025-696x498.jpg 696w, https:\/\/www.yucatanencorto.com\/noticias\/wp-content\/uploads\/2023\/12\/IMG-20231211-WA0025-1068x764.jpg 1068w\" sizes=\"auto, (max-width: 768px) 100vw, 768px\" \/><\/p>\n<p>M\u00e9rida, Yucat\u00e1n, 11 de diciembre de 2023.- En noviembre pasado, Yucat\u00e1n registr\u00f3 un salario asociado a trabajadores asegurados de 447.38 pesos, cifra m\u00e1xima hist\u00f3rica alcanzada en la entidad y que coloc\u00f3 al estado entre los de mayor valor salario en el pa\u00eds, producto del impulso que el Gobernador Mauricio Vila Dosal le hado a la atracci\u00f3n de inversiones que generen empleos mejor pagados para los yucatecos.<\/p>\n<p>&nbsp;<\/p>\n<p>&nbsp;<\/p>\n<p>De acuerdo con el indicador Salario Asociado a Trabajadores Asegurados que proporciona el Instituto Mexicano del Seguro Social (IMSS), esta cantidad alcanzada en las percepciones de los asalariados durante noviembre de este a\u00f1o representa un incremento del 10.4% respecto del mismo mes de 2022.<\/p>\n<p>&nbsp;<\/p>\n<p>&nbsp;<\/p>\n<p>&nbsp;<\/p>\n<p>Con base en el reporte del IMSS, durante los primeros 11 meses de 2023, Yucat\u00e1n registr\u00f3 un salario diario promedio de $440.95 pesos, siendo la cifra m\u00e1xima hist\u00f3rica. Lo anterior represent\u00f3 un incremento de 10.8% respecto al mismo lapso de 2022.<\/p>\n<p>&nbsp;<\/p>\n<p>&nbsp;<\/p>\n<p>Como se inform\u00f3, hace unos d\u00edas el mismo instituto report\u00f3 un nuevo registro hist\u00f3rico en generaci\u00f3n de fuentes de trabajo en noviembre, al alcanzar 440,985 trabajadores asegurados ante el IMSS, que se traduce en un crecimiento anual de 4.8% respecto al mismo mes de 2022, aumento que fue mayor al nacional de 3.2%, con lo que el estado se coloc\u00f3 en las primeras 6 posiciones a nivel nacional con mayor aumento.<\/p>\n<p>&nbsp;<\/p>\n<p>&nbsp;<\/p>\n<p>De tal manera que, durante la actual administraci\u00f3n de Vila Dosal, se han generado 71,445 nuevos empleos, con lo que Yucat\u00e1n se coloca entre los primeros once lugares con mayor generaci\u00f3n de empleos, cantidad que es mayor a la del promedio nacional de 69,260 y que se traduce en la generaci\u00f3n de 1,152 empleos mensuales.<\/p>\n<p>&nbsp;<\/p>\n<p>&nbsp;<\/p>\n<p>Cabe resaltar que, en Yucat\u00e1n, desde mayo de 2021, se han registrado 31 meses consecutivos de crecimiento anual en la cantidad de trabajadores afiliados al IMSS.<\/p>\n<p>&nbsp;<\/p>\n<p>&nbsp;<\/p>\n<p>Adem\u00e1s, esto significa que, entre noviembre de 2022 y 2023, 20,123 nuevas fuentes de empleo fueron creadas, mientras que, de enero a noviembre de este a\u00f1o, se registr\u00f3 un crecimiento de 6.4% en el n\u00famero de trabajadores asegurados, incremento mayor al nacional de 4.8%, con lo que la entidad se ubic\u00f3 entre los primeros ocho lugares con mayor crecimiento, lo que represent\u00f3 26,546 nuevos empleos en la entidad.<\/p>\n<p>&nbsp;<\/p>\n<p>&nbsp;<\/p>\n<p>Cabe recordar que las acciones impulsadas por el Gobernador para generar empleo en Yucat\u00e1n, han permitido atraer inversiones de todos los sectores econ\u00f3micos, con m\u00e1s de 350 proyectos de sectores como Tecnolog\u00edas de la Informaci\u00f3n, aeroespacial, inmobiliario, agroindustrial, construcci\u00f3n, log\u00edstica, entre otros con marcas de renombre internacional como Accenture, Airbus, Heineken, Uchiyama, Woodgenix, Preh y m\u00e1s.<\/p>\n<p>&nbsp;<\/p>\n<p>&nbsp;<\/p>\n<p>Muestra de ello, el primer Centro de Distribuci\u00f3n de Mercado Libre del sureste del pa\u00eds se instal\u00f3 en el estado, espec\u00edficamente en el municipio de Um\u00e1n, donde ya laboran 250 personas, con la proyecci\u00f3n de llegar a tener hasta 1,000 colaboradores. Esta inversi\u00f3n se suma a otras como la de Farmacias Similares, Amazon y Walmart.<\/p>\n<p>&nbsp;<\/p>\n<p>&nbsp;<\/p>\n<p>Es as\u00ed que la administraci\u00f3n de Vila Dosal reafirma su compromiso de continuar trabajando en equipo para beneficio de todas y todos los yucatecos a fin de seguir generando los empleos de calidad necesarios, impulsando de esta forma la econom\u00eda local y elevando la calidad de vida de las familias.<\/p>\n","protected":false},"excerpt":{"rendered":"<p>M\u00e9rida, Yucat\u00e1n, 11 de diciembre de 2023.- En noviembre pasado, Yucat\u00e1n registr\u00f3 un salario asociado a trabajadores asegurados de 447.38 pesos, cifra m\u00e1xima hist\u00f3rica alcanzada en la entidad y que coloc\u00f3 al estado entre los de mayor valor salario en el pa\u00eds, producto del impulso que el Gobernador Mauricio Vila Dosal le hado a la [&hellip;]<\/p>\n","protected":false},"author":3,"featured_media":101499,"comment_status":"closed","ping_status":"closed","sticky":false,"template":"","format":"standard","meta":{"footnotes":""},"categories":[3],"tags":[],"class_list":{"0":"post-101498","1":"post","2":"type-post","3":"status-publish","4":"format-standard","5":"has-post-thumbnail","7":"category-yucatan"},"yoast_head":"<!-- This site is optimized with the Yoast SEO plugin v27.4 - https:\/\/yoast.com\/product\/yoast-seo-wordpress\/ -->\n<title>Mejora salario de trabajadores yucatecos asegurados ante el IMSS - Yucat\u00e1n en corto<\/title>\n<meta name=\"robots\" content=\"index, follow, max-snippet:-1, max-image-preview:large, max-video-preview:-1\" \/>\n<link rel=\"canonical\" href=\"https:\/\/www.yucatanencorto.com\/noticias\/mejora-salario-de-trabajadores-yucatecos-asegurados-ante-el-imss\/\" \/>\n<meta property=\"og:locale\" content=\"es_ES\" \/>\n<meta property=\"og:type\" content=\"article\" \/>\n<meta property=\"og:title\" content=\"Mejora salario de trabajadores yucatecos asegurados ante el IMSS - Yucat\u00e1n en corto\" \/>\n<meta property=\"og:description\" content=\"M\u00e9rida, Yucat\u00e1n, 11 de diciembre de 2023.- En noviembre pasado, Yucat\u00e1n registr\u00f3 un salario asociado a trabajadores asegurados de 447.38 pesos, cifra m\u00e1xima hist\u00f3rica alcanzada en la entidad y que coloc\u00f3 al estado entre los de mayor valor salario en el pa\u00eds, producto del impulso que el Gobernador Mauricio Vila Dosal le hado a la [&hellip;]\" \/>\n<meta property=\"og:url\" content=\"https:\/\/www.yucatanencorto.com\/noticias\/mejora-salario-de-trabajadores-yucatecos-asegurados-ante-el-imss\/\" \/>\n<meta property=\"og:site_name\" content=\"Yucat\u00e1n en corto\" \/>\n<meta property=\"article:publisher\" content=\"http:\/\/www.facebook.com\/yucatanencorto\" \/>\n<meta property=\"article:published_time\" content=\"2023-12-12T00:09:21+00:00\" \/>\n<meta property=\"og:image\" content=\"https:\/\/www.yucatanencorto.com\/noticias\/wp-content\/uploads\/2023\/12\/IMG-20231211-WA0025-scaled.jpg\" \/>\n\t<meta property=\"og:image:width\" content=\"768\" \/>\n\t<meta property=\"og:image:height\" content=\"549\" \/>\n\t<meta property=\"og:image:type\" content=\"image\/jpeg\" \/>\n<meta name=\"author\" content=\"Redes\" \/>\n<meta name=\"twitter:card\" content=\"summary_large_image\" \/>\n<meta name=\"twitter:creator\" content=\"@yucatanencorto\" \/>\n<meta name=\"twitter:site\" content=\"@yucatanencorto\" \/>\n<meta name=\"twitter:label1\" content=\"Escrito por\" \/>\n\t<meta name=\"twitter:data1\" content=\"Redes\" \/>\n\t<meta name=\"twitter:label2\" content=\"Tiempo de lectura\" \/>\n\t<meta name=\"twitter:data2\" content=\"3 minutos\" \/>\n<script type=\"application\/ld+json\" class=\"yoast-schema-graph\">{\"@context\":\"https:\\\/\\\/schema.org\",\"@graph\":[{\"@type\":\"Article\",\"@id\":\"https:\\\/\\\/www.yucatanencorto.com\\\/noticias\\\/mejora-salario-de-trabajadores-yucatecos-asegurados-ante-el-imss\\\/#article\",\"isPartOf\":{\"@id\":\"https:\\\/\\\/www.yucatanencorto.com\\\/noticias\\\/mejora-salario-de-trabajadores-yucatecos-asegurados-ante-el-imss\\\/\"},\"author\":{\"name\":\"Redes\",\"@id\":\"https:\\\/\\\/www.yucatanencorto.com\\\/noticias\\\/#\\\/schema\\\/person\\\/e2fbdfaf30a07014a43940ce989f3119\"},\"headline\":\"Mejora salario de trabajadores yucatecos asegurados ante el IMSS\",\"datePublished\":\"2023-12-12T00:09:21+00:00\",\"mainEntityOfPage\":{\"@id\":\"https:\\\/\\\/www.yucatanencorto.com\\\/noticias\\\/mejora-salario-de-trabajadores-yucatecos-asegurados-ante-el-imss\\\/\"},\"wordCount\":570,\"image\":{\"@id\":\"https:\\\/\\\/www.yucatanencorto.com\\\/noticias\\\/mejora-salario-de-trabajadores-yucatecos-asegurados-ante-el-imss\\\/#primaryimage\"},\"thumbnailUrl\":\"https:\\\/\\\/www.yucatanencorto.com\\\/noticias\\\/wp-content\\\/uploads\\\/2023\\\/12\\\/IMG-20231211-WA0025-scaled.jpg\",\"articleSection\":[\"Yucat\u00e1n\"],\"inLanguage\":\"es\"},{\"@type\":\"WebPage\",\"@id\":\"https:\\\/\\\/www.yucatanencorto.com\\\/noticias\\\/mejora-salario-de-trabajadores-yucatecos-asegurados-ante-el-imss\\\/\",\"url\":\"https:\\\/\\\/www.yucatanencorto.com\\\/noticias\\\/mejora-salario-de-trabajadores-yucatecos-asegurados-ante-el-imss\\\/\",\"name\":\"Mejora salario de trabajadores yucatecos asegurados ante el IMSS - Yucat\u00e1n en corto\",\"isPartOf\":{\"@id\":\"https:\\\/\\\/www.yucatanencorto.com\\\/noticias\\\/#website\"},\"primaryImageOfPage\":{\"@id\":\"https:\\\/\\\/www.yucatanencorto.com\\\/noticias\\\/mejora-salario-de-trabajadores-yucatecos-asegurados-ante-el-imss\\\/#primaryimage\"},\"image\":{\"@id\":\"https:\\\/\\\/www.yucatanencorto.com\\\/noticias\\\/mejora-salario-de-trabajadores-yucatecos-asegurados-ante-el-imss\\\/#primaryimage\"},\"thumbnailUrl\":\"https:\\\/\\\/www.yucatanencorto.com\\\/noticias\\\/wp-content\\\/uploads\\\/2023\\\/12\\\/IMG-20231211-WA0025-scaled.jpg\",\"datePublished\":\"2023-12-12T00:09:21+00:00\",\"author\":{\"@id\":\"https:\\\/\\\/www.yucatanencorto.com\\\/noticias\\\/#\\\/schema\\\/person\\\/e2fbdfaf30a07014a43940ce989f3119\"},\"breadcrumb\":{\"@id\":\"https:\\\/\\\/www.yucatanencorto.com\\\/noticias\\\/mejora-salario-de-trabajadores-yucatecos-asegurados-ante-el-imss\\\/#breadcrumb\"},\"inLanguage\":\"es\",\"potentialAction\":[{\"@type\":\"ReadAction\",\"target\":[\"https:\\\/\\\/www.yucatanencorto.com\\\/noticias\\\/mejora-salario-de-trabajadores-yucatecos-asegurados-ante-el-imss\\\/\"]}]},{\"@type\":\"ImageObject\",\"inLanguage\":\"es\",\"@id\":\"https:\\\/\\\/www.yucatanencorto.com\\\/noticias\\\/mejora-salario-de-trabajadores-yucatecos-asegurados-ante-el-imss\\\/#primaryimage\",\"url\":\"https:\\\/\\\/www.yucatanencorto.com\\\/noticias\\\/wp-content\\\/uploads\\\/2023\\\/12\\\/IMG-20231211-WA0025-scaled.jpg\",\"contentUrl\":\"https:\\\/\\\/www.yucatanencorto.com\\\/noticias\\\/wp-content\\\/uploads\\\/2023\\\/12\\\/IMG-20231211-WA0025-scaled.jpg\",\"width\":768,\"height\":549},{\"@type\":\"BreadcrumbList\",\"@id\":\"https:\\\/\\\/www.yucatanencorto.com\\\/noticias\\\/mejora-salario-de-trabajadores-yucatecos-asegurados-ante-el-imss\\\/#breadcrumb\",\"itemListElement\":[{\"@type\":\"ListItem\",\"position\":1,\"name\":\"Portada\",\"item\":\"https:\\\/\\\/www.yucatanencorto.com\\\/noticias\\\/\"},{\"@type\":\"ListItem\",\"position\":2,\"name\":\"Mejora salario de trabajadores yucatecos asegurados ante el IMSS\"}]},{\"@type\":\"WebSite\",\"@id\":\"https:\\\/\\\/www.yucatanencorto.com\\\/noticias\\\/#website\",\"url\":\"https:\\\/\\\/www.yucatanencorto.com\\\/noticias\\\/\",\"name\":\"Yucat\u00e1n en corto\",\"description\":\"Noticias\",\"potentialAction\":[{\"@type\":\"SearchAction\",\"target\":{\"@type\":\"EntryPoint\",\"urlTemplate\":\"https:\\\/\\\/www.yucatanencorto.com\\\/noticias\\\/?s={search_term_string}\"},\"query-input\":{\"@type\":\"PropertyValueSpecification\",\"valueRequired\":true,\"valueName\":\"search_term_string\"}}],\"inLanguage\":\"es\"},{\"@type\":\"Person\",\"@id\":\"https:\\\/\\\/www.yucatanencorto.com\\\/noticias\\\/#\\\/schema\\\/person\\\/e2fbdfaf30a07014a43940ce989f3119\",\"name\":\"Redes\",\"image\":{\"@type\":\"ImageObject\",\"inLanguage\":\"es\",\"@id\":\"https:\\\/\\\/secure.gravatar.com\\\/avatar\\\/5931a2d21dd7cc834f44c8c34fe56d90ed6d536ef452cbf870c7485b524dddd7?s=96&d=mm&r=g\",\"url\":\"https:\\\/\\\/secure.gravatar.com\\\/avatar\\\/5931a2d21dd7cc834f44c8c34fe56d90ed6d536ef452cbf870c7485b524dddd7?s=96&d=mm&r=g\",\"contentUrl\":\"https:\\\/\\\/secure.gravatar.com\\\/avatar\\\/5931a2d21dd7cc834f44c8c34fe56d90ed6d536ef452cbf870c7485b524dddd7?s=96&d=mm&r=g\",\"caption\":\"Redes\"},\"url\":\"https:\\\/\\\/www.yucatanencorto.com\\\/noticias\\\/author\\\/redes\\\/\"}]}<\/script>\n<!-- \/ Yoast SEO plugin. -->","yoast_head_json":{"title":"Mejora salario de trabajadores yucatecos asegurados ante el IMSS - Yucat\u00e1n en corto","robots":{"index":"index","follow":"follow","max-snippet":"max-snippet:-1","max-image-preview":"max-image-preview:large","max-video-preview":"max-video-preview:-1"},"canonical":"https:\/\/www.yucatanencorto.com\/noticias\/mejora-salario-de-trabajadores-yucatecos-asegurados-ante-el-imss\/","og_locale":"es_ES","og_type":"article","og_title":"Mejora salario de trabajadores yucatecos asegurados ante el IMSS - Yucat\u00e1n en corto","og_description":"M\u00e9rida, Yucat\u00e1n, 11 de diciembre de 2023.- En noviembre pasado, Yucat\u00e1n registr\u00f3 un salario asociado a trabajadores asegurados de 447.38 pesos, cifra m\u00e1xima hist\u00f3rica alcanzada en la entidad y que coloc\u00f3 al estado entre los de mayor valor salario en el pa\u00eds, producto del impulso que el Gobernador Mauricio Vila Dosal le hado a la [&hellip;]","og_url":"https:\/\/www.yucatanencorto.com\/noticias\/mejora-salario-de-trabajadores-yucatecos-asegurados-ante-el-imss\/","og_site_name":"Yucat\u00e1n en corto","article_publisher":"http:\/\/www.facebook.com\/yucatanencorto","article_published_time":"2023-12-12T00:09:21+00:00","og_image":[{"width":768,"height":549,"url":"https:\/\/www.yucatanencorto.com\/noticias\/wp-content\/uploads\/2023\/12\/IMG-20231211-WA0025-scaled.jpg","type":"image\/jpeg"}],"author":"Redes","twitter_card":"summary_large_image","twitter_creator":"@yucatanencorto","twitter_site":"@yucatanencorto","twitter_misc":{"Escrito por":"Redes","Tiempo de lectura":"3 minutos"},"schema":{"@context":"https:\/\/schema.org","@graph":[{"@type":"Article","@id":"https:\/\/www.yucatanencorto.com\/noticias\/mejora-salario-de-trabajadores-yucatecos-asegurados-ante-el-imss\/#article","isPartOf":{"@id":"https:\/\/www.yucatanencorto.com\/noticias\/mejora-salario-de-trabajadores-yucatecos-asegurados-ante-el-imss\/"},"author":{"name":"Redes","@id":"https:\/\/www.yucatanencorto.com\/noticias\/#\/schema\/person\/e2fbdfaf30a07014a43940ce989f3119"},"headline":"Mejora salario de trabajadores yucatecos asegurados ante el IMSS","datePublished":"2023-12-12T00:09:21+00:00","mainEntityOfPage":{"@id":"https:\/\/www.yucatanencorto.com\/noticias\/mejora-salario-de-trabajadores-yucatecos-asegurados-ante-el-imss\/"},"wordCount":570,"image":{"@id":"https:\/\/www.yucatanencorto.com\/noticias\/mejora-salario-de-trabajadores-yucatecos-asegurados-ante-el-imss\/#primaryimage"},"thumbnailUrl":"https:\/\/www.yucatanencorto.com\/noticias\/wp-content\/uploads\/2023\/12\/IMG-20231211-WA0025-scaled.jpg","articleSection":["Yucat\u00e1n"],"inLanguage":"es"},{"@type":"WebPage","@id":"https:\/\/www.yucatanencorto.com\/noticias\/mejora-salario-de-trabajadores-yucatecos-asegurados-ante-el-imss\/","url":"https:\/\/www.yucatanencorto.com\/noticias\/mejora-salario-de-trabajadores-yucatecos-asegurados-ante-el-imss\/","name":"Mejora salario de trabajadores yucatecos asegurados ante el IMSS - Yucat\u00e1n en corto","isPartOf":{"@id":"https:\/\/www.yucatanencorto.com\/noticias\/#website"},"primaryImageOfPage":{"@id":"https:\/\/www.yucatanencorto.com\/noticias\/mejora-salario-de-trabajadores-yucatecos-asegurados-ante-el-imss\/#primaryimage"},"image":{"@id":"https:\/\/www.yucatanencorto.com\/noticias\/mejora-salario-de-trabajadores-yucatecos-asegurados-ante-el-imss\/#primaryimage"},"thumbnailUrl":"https:\/\/www.yucatanencorto.com\/noticias\/wp-content\/uploads\/2023\/12\/IMG-20231211-WA0025-scaled.jpg","datePublished":"2023-12-12T00:09:21+00:00","author":{"@id":"https:\/\/www.yucatanencorto.com\/noticias\/#\/schema\/person\/e2fbdfaf30a07014a43940ce989f3119"},"breadcrumb":{"@id":"https:\/\/www.yucatanencorto.com\/noticias\/mejora-salario-de-trabajadores-yucatecos-asegurados-ante-el-imss\/#breadcrumb"},"inLanguage":"es","potentialAction":[{"@type":"ReadAction","target":["https:\/\/www.yucatanencorto.com\/noticias\/mejora-salario-de-trabajadores-yucatecos-asegurados-ante-el-imss\/"]}]},{"@type":"ImageObject","inLanguage":"es","@id":"https:\/\/www.yucatanencorto.com\/noticias\/mejora-salario-de-trabajadores-yucatecos-asegurados-ante-el-imss\/#primaryimage","url":"https:\/\/www.yucatanencorto.com\/noticias\/wp-content\/uploads\/2023\/12\/IMG-20231211-WA0025-scaled.jpg","contentUrl":"https:\/\/www.yucatanencorto.com\/noticias\/wp-content\/uploads\/2023\/12\/IMG-20231211-WA0025-scaled.jpg","width":768,"height":549},{"@type":"BreadcrumbList","@id":"https:\/\/www.yucatanencorto.com\/noticias\/mejora-salario-de-trabajadores-yucatecos-asegurados-ante-el-imss\/#breadcrumb","itemListElement":[{"@type":"ListItem","position":1,"name":"Portada","item":"https:\/\/www.yucatanencorto.com\/noticias\/"},{"@type":"ListItem","position":2,"name":"Mejora salario de trabajadores yucatecos asegurados ante el IMSS"}]},{"@type":"WebSite","@id":"https:\/\/www.yucatanencorto.com\/noticias\/#website","url":"https:\/\/www.yucatanencorto.com\/noticias\/","name":"Yucat\u00e1n en corto","description":"Noticias","potentialAction":[{"@type":"SearchAction","target":{"@type":"EntryPoint","urlTemplate":"https:\/\/www.yucatanencorto.com\/noticias\/?s={search_term_string}"},"query-input":{"@type":"PropertyValueSpecification","valueRequired":true,"valueName":"search_term_string"}}],"inLanguage":"es"},{"@type":"Person","@id":"https:\/\/www.yucatanencorto.com\/noticias\/#\/schema\/person\/e2fbdfaf30a07014a43940ce989f3119","name":"Redes","image":{"@type":"ImageObject","inLanguage":"es","@id":"https:\/\/secure.gravatar.com\/avatar\/5931a2d21dd7cc834f44c8c34fe56d90ed6d536ef452cbf870c7485b524dddd7?s=96&d=mm&r=g","url":"https:\/\/secure.gravatar.com\/avatar\/5931a2d21dd7cc834f44c8c34fe56d90ed6d536ef452cbf870c7485b524dddd7?s=96&d=mm&r=g","contentUrl":"https:\/\/secure.gravatar.com\/avatar\/5931a2d21dd7cc834f44c8c34fe56d90ed6d536ef452cbf870c7485b524dddd7?s=96&d=mm&r=g","caption":"Redes"},"url":"https:\/\/www.yucatanencorto.com\/noticias\/author\/redes\/"}]}},"_links":{"self":[{"href":"https:\/\/www.yucatanencorto.com\/noticias\/wp-json\/wp\/v2\/posts\/101498","targetHints":{"allow":["GET"]}}],"collection":[{"href":"https:\/\/www.yucatanencorto.com\/noticias\/wp-json\/wp\/v2\/posts"}],"about":[{"href":"https:\/\/www.yucatanencorto.com\/noticias\/wp-json\/wp\/v2\/types\/post"}],"author":[{"embeddable":true,"href":"https:\/\/www.yucatanencorto.com\/noticias\/wp-json\/wp\/v2\/users\/3"}],"replies":[{"embeddable":true,"href":"https:\/\/www.yucatanencorto.com\/noticias\/wp-json\/wp\/v2\/comments?post=101498"}],"version-history":[{"count":0,"href":"https:\/\/www.yucatanencorto.com\/noticias\/wp-json\/wp\/v2\/posts\/101498\/revisions"}],"wp:featuredmedia":[{"embeddable":true,"href":"https:\/\/www.yucatanencorto.com\/noticias\/wp-json\/wp\/v2\/media\/101499"}],"wp:attachment":[{"href":"https:\/\/www.yucatanencorto.com\/noticias\/wp-json\/wp\/v2\/media?parent=101498"}],"wp:term":[{"taxonomy":"category","embeddable":true,"href":"https:\/\/www.yucatanencorto.com\/noticias\/wp-json\/wp\/v2\/categories?post=101498"},{"taxonomy":"post_tag","embeddable":true,"href":"https:\/\/www.yucatanencorto.com\/noticias\/wp-json\/wp\/v2\/tags?post=101498"}],"curies":[{"name":"wp","href":"https:\/\/api.w.org\/{rel}","templated":true}]}}