{"id":101501,"date":"2023-12-12T17:55:19","date_gmt":"2023-12-12T23:55:19","guid":{"rendered":"https:\/\/www.yucatanencorto.com\/noticias\/?p=101501"},"modified":"2023-12-12T17:55:19","modified_gmt":"2023-12-12T23:55:19","slug":"apoyan-a-pequenos-emprendedores","status":"publish","type":"post","link":"https:\/\/www.yucatanencorto.com\/noticias\/apoyan-a-pequenos-emprendedores\/","title":{"rendered":"Apoyan a peque\u00f1os emprendedores"},"content":{"rendered":"<p style=\"text-align: right;\"><img loading=\"lazy\" decoding=\"async\" class=\"alignnone size-full wp-image-101502\" src=\"https:\/\/www.yucatanencorto.com\/noticias\/wp-content\/uploads\/2023\/12\/Pinata3-scaled.jpeg\" alt=\"\" width=\"768\" height=\"512\" srcset=\"https:\/\/www.yucatanencorto.com\/noticias\/wp-content\/uploads\/2023\/12\/Pinata3-scaled.jpeg 768w, https:\/\/www.yucatanencorto.com\/noticias\/wp-content\/uploads\/2023\/12\/Pinata3-150x100.jpeg 150w, https:\/\/www.yucatanencorto.com\/noticias\/wp-content\/uploads\/2023\/12\/Pinata3-300x200.jpeg 300w, https:\/\/www.yucatanencorto.com\/noticias\/wp-content\/uploads\/2023\/12\/Pinata3-696x464.jpeg 696w, https:\/\/www.yucatanencorto.com\/noticias\/wp-content\/uploads\/2023\/12\/Pinata3-1068x712.jpeg 1068w\" sizes=\"auto, (max-width: 768px) 100vw, 768px\" \/><\/p>\n<p>M\u00e9rida, Yucat\u00e1n, 12 de diciembre de 2023.- En el Ayuntamiento llevamos a cabo acciones y programas sociales que contribuyen a mejorar la calidad de vida de las familias de M\u00e9rida y sus comisar\u00edas, especialmente de aquellas que viven en condiciones de rezago, indic\u00f3 el Alcalde Alejandro Ruz Castro.<\/p>\n<p>&nbsp;<\/p>\n<p>\u201cNuestro objetivo al impulsar este tipo de programas, es fortalecer la equidad y reducir las desigualdades apoyando a las familias m\u00e1s vulnerables brind\u00e1ndoles las herramientas que necesitan para que tengan mejores oportunidades de desarrollo econ\u00f3mico y puedan consolidar sus proyectos\u201d, abund\u00f3.<\/p>\n<p>&nbsp;<\/p>\n<p>En ese marco, el Presidente Municipal acudi\u00f3 a la colonia Nueva San Jos\u00e9 Tecoh, donde visit\u00f3 la casa de la se\u00f1ora Elda del Rosario Canch\u00e9 Puc, quien desde hace 35 a\u00f1os se dedica a la elaboraci\u00f3n de pi\u00f1atas, para entregarle nuevos insumos del programa de apoyos directos para el autoempleo, que le permitir\u00e1 dinamizar su proyecto econ\u00f3mico.<\/p>\n<p>&nbsp;<\/p>\n<p>Acompa\u00f1ado de Mar\u00eda Jos\u00e9 C\u00e1ceres Delgado, directora de Desarrollo Social, el Alcalde platic\u00f3 con la beneficiaria, quien le cont\u00f3 que esta actividad que naci\u00f3 de un pasatiempo posteriormente se convirti\u00f3 en un peque\u00f1o negocio familiar que le ha permitido sacar adelante a su familia y solventar la educaci\u00f3n de sus hijos.<\/p>\n<p>&nbsp;<\/p>\n<p>Rosario Canche coment\u00f3 que actualmente trabaja por encargo y vende las pi\u00f1atas en su domicilio, por lo que agradeci\u00f3 el apoyo recibido ya que eso le permitir\u00e1 aumentar su producci\u00f3n en esta temporada en la que las pi\u00f1atas tienen mayor demanda.<\/p>\n<p>&nbsp;<\/p>\n<p>\u201cAntes de tener el apoyo del Ayuntamiento, ten\u00edamos que comprar los materiales poco a poco o ver c\u00f3mo juntar un poco de dinero para ir a comprar lo que nos hac\u00eda falta, sacar el pedido y con el dinero que nos dejaba volver a invertir\u201d, explic\u00f3.<\/p>\n<p>&nbsp;<\/p>\n<p>Agreg\u00f3 que, gracias al material recibido, podr\u00e1 seguir trabajando en la elaboraci\u00f3n de pi\u00f1atas sin afectar la econom\u00eda familiar, por lo que agradeci\u00f3 al alcalde el que existan este tipo de programas sociales que permite a los peque\u00f1os negocios seguir creciendo.<\/p>\n<p>&nbsp;<\/p>\n<p>\u201cLa verdad no esper\u00e9 que la respuesta del Ayuntamiento fuera tan r\u00e1pida. Estoy contenta de haber acudido al Ayuntamiento porque los procesos son muy r\u00e1pidos y no te hacen dar tantas vueltas y si te apoyan\u201d coment\u00f3.<\/p>\n<p>&nbsp;<\/p>\n<p>En respuesta, Alejandro Ruz, mencion\u00f3 que en lo que va de la administraci\u00f3n se ha invertido un total 23 millones 793 mil 967.96 pesos, para otorgar 763 apoyos a proyectos productivos, 54 cr\u00e9ditos comerciales y agropecuarios beneficiado as\u00ed a 19,617 personas con diversos apoyos de gesti\u00f3n social.<\/p>\n<p>&nbsp;<\/p>\n<p>\u201cNuestros programas de apoyo social nos destacan como un Ayuntamiento solidario, humano, con una M\u00e9rida fuerte y un estado m\u00e1s justo donde se prioriza la calidad de vida de todas las familias que viven en el Municipio\u201d, expres\u00f3.<\/p>\n<p>&nbsp;<\/p>\n<p>Agreg\u00f3 que entre estos apoyos se incluyen: Accesorios de reposter\u00eda y kits de estilista, av\u00edcola, abarrotes, alba\u00f1iler\u00eda, carpinter\u00eda, costura, electricidad, jardiner\u00eda,<\/p>\n<p>&nbsp;<\/p>\n<p>Asimismo, ata\u00fades, fardos de l\u00e1mina, m\u00e1quinas de coser, bastidores, lentes, juguetes y apoyos navide\u00f1os.<\/p>\n<p>&nbsp;<\/p>\n<p>Finalmente, el Alcalde Alejandro Ruz Castro invit\u00f3 a la ciudadan\u00eda a apoyar este peque\u00f1o negocio comprando alguna pi\u00f1ata, las cuales pueden conseguir en el domicilio de do\u00f1a Elda ubicado en la calle 171 n\u00famero 422 por 72 y 189, en la colonia Nueva San Jos\u00e9 Tecoh, donde podr\u00e1n encontrar una gran variedad de pi\u00f1atas con la figura de estrellas, Santa Claus, renos, mu\u00f1ecos de nieve, entre otros.<\/p>\n","protected":false},"excerpt":{"rendered":"<p>M\u00e9rida, Yucat\u00e1n, 12 de diciembre de 2023.- En el Ayuntamiento llevamos a cabo acciones y programas sociales que contribuyen a mejorar la calidad de vida de las familias de M\u00e9rida y sus comisar\u00edas, especialmente de aquellas que viven en condiciones de rezago, indic\u00f3 el Alcalde Alejandro Ruz Castro. &nbsp; \u201cNuestro objetivo al impulsar este tipo [&hellip;]<\/p>\n","protected":false},"author":3,"featured_media":101502,"comment_status":"closed","ping_status":"closed","sticky":false,"template":"","format":"standard","meta":{"footnotes":""},"categories":[3],"tags":[],"class_list":{"0":"post-101501","1":"post","2":"type-post","3":"status-publish","4":"format-standard","5":"has-post-thumbnail","7":"category-yucatan"},"yoast_head":"<!-- This site is optimized with the Yoast SEO plugin v27.4 - https:\/\/yoast.com\/product\/yoast-seo-wordpress\/ -->\n<title>Apoyan a peque\u00f1os emprendedores - Yucat\u00e1n en corto<\/title>\n<meta name=\"robots\" content=\"index, follow, max-snippet:-1, max-image-preview:large, max-video-preview:-1\" \/>\n<link rel=\"canonical\" href=\"https:\/\/www.yucatanencorto.com\/noticias\/apoyan-a-pequenos-emprendedores\/\" \/>\n<meta property=\"og:locale\" content=\"es_ES\" \/>\n<meta property=\"og:type\" content=\"article\" \/>\n<meta property=\"og:title\" content=\"Apoyan a peque\u00f1os emprendedores - Yucat\u00e1n en corto\" \/>\n<meta property=\"og:description\" content=\"M\u00e9rida, Yucat\u00e1n, 12 de diciembre de 2023.- En el Ayuntamiento llevamos a cabo acciones y programas sociales que contribuyen a mejorar la calidad de vida de las familias de M\u00e9rida y sus comisar\u00edas, especialmente de aquellas que viven en condiciones de rezago, indic\u00f3 el Alcalde Alejandro Ruz Castro. &nbsp; \u201cNuestro objetivo al impulsar este tipo [&hellip;]\" \/>\n<meta property=\"og:url\" content=\"https:\/\/www.yucatanencorto.com\/noticias\/apoyan-a-pequenos-emprendedores\/\" \/>\n<meta property=\"og:site_name\" content=\"Yucat\u00e1n en corto\" \/>\n<meta property=\"article:publisher\" content=\"http:\/\/www.facebook.com\/yucatanencorto\" \/>\n<meta property=\"article:published_time\" content=\"2023-12-12T23:55:19+00:00\" \/>\n<meta property=\"og:image\" content=\"https:\/\/www.yucatanencorto.com\/noticias\/wp-content\/uploads\/2023\/12\/Pinata3-scaled.jpeg\" \/>\n\t<meta property=\"og:image:width\" content=\"768\" \/>\n\t<meta property=\"og:image:height\" content=\"512\" \/>\n\t<meta property=\"og:image:type\" content=\"image\/jpeg\" \/>\n<meta name=\"author\" content=\"Redes\" \/>\n<meta name=\"twitter:card\" content=\"summary_large_image\" \/>\n<meta name=\"twitter:creator\" content=\"@yucatanencorto\" \/>\n<meta name=\"twitter:site\" content=\"@yucatanencorto\" \/>\n<meta name=\"twitter:label1\" content=\"Escrito por\" \/>\n\t<meta name=\"twitter:data1\" content=\"Redes\" \/>\n\t<meta name=\"twitter:label2\" content=\"Tiempo de lectura\" \/>\n\t<meta name=\"twitter:data2\" content=\"3 minutos\" \/>\n<script type=\"application\/ld+json\" class=\"yoast-schema-graph\">{\"@context\":\"https:\\\/\\\/schema.org\",\"@graph\":[{\"@type\":\"Article\",\"@id\":\"https:\\\/\\\/www.yucatanencorto.com\\\/noticias\\\/apoyan-a-pequenos-emprendedores\\\/#article\",\"isPartOf\":{\"@id\":\"https:\\\/\\\/www.yucatanencorto.com\\\/noticias\\\/apoyan-a-pequenos-emprendedores\\\/\"},\"author\":{\"name\":\"Redes\",\"@id\":\"https:\\\/\\\/www.yucatanencorto.com\\\/noticias\\\/#\\\/schema\\\/person\\\/e2fbdfaf30a07014a43940ce989f3119\"},\"headline\":\"Apoyan a peque\u00f1os emprendedores\",\"datePublished\":\"2023-12-12T23:55:19+00:00\",\"mainEntityOfPage\":{\"@id\":\"https:\\\/\\\/www.yucatanencorto.com\\\/noticias\\\/apoyan-a-pequenos-emprendedores\\\/\"},\"wordCount\":606,\"image\":{\"@id\":\"https:\\\/\\\/www.yucatanencorto.com\\\/noticias\\\/apoyan-a-pequenos-emprendedores\\\/#primaryimage\"},\"thumbnailUrl\":\"https:\\\/\\\/www.yucatanencorto.com\\\/noticias\\\/wp-content\\\/uploads\\\/2023\\\/12\\\/Pinata3-scaled.jpeg\",\"articleSection\":[\"Yucat\u00e1n\"],\"inLanguage\":\"es\"},{\"@type\":\"WebPage\",\"@id\":\"https:\\\/\\\/www.yucatanencorto.com\\\/noticias\\\/apoyan-a-pequenos-emprendedores\\\/\",\"url\":\"https:\\\/\\\/www.yucatanencorto.com\\\/noticias\\\/apoyan-a-pequenos-emprendedores\\\/\",\"name\":\"Apoyan a peque\u00f1os emprendedores - Yucat\u00e1n en corto\",\"isPartOf\":{\"@id\":\"https:\\\/\\\/www.yucatanencorto.com\\\/noticias\\\/#website\"},\"primaryImageOfPage\":{\"@id\":\"https:\\\/\\\/www.yucatanencorto.com\\\/noticias\\\/apoyan-a-pequenos-emprendedores\\\/#primaryimage\"},\"image\":{\"@id\":\"https:\\\/\\\/www.yucatanencorto.com\\\/noticias\\\/apoyan-a-pequenos-emprendedores\\\/#primaryimage\"},\"thumbnailUrl\":\"https:\\\/\\\/www.yucatanencorto.com\\\/noticias\\\/wp-content\\\/uploads\\\/2023\\\/12\\\/Pinata3-scaled.jpeg\",\"datePublished\":\"2023-12-12T23:55:19+00:00\",\"author\":{\"@id\":\"https:\\\/\\\/www.yucatanencorto.com\\\/noticias\\\/#\\\/schema\\\/person\\\/e2fbdfaf30a07014a43940ce989f3119\"},\"breadcrumb\":{\"@id\":\"https:\\\/\\\/www.yucatanencorto.com\\\/noticias\\\/apoyan-a-pequenos-emprendedores\\\/#breadcrumb\"},\"inLanguage\":\"es\",\"potentialAction\":[{\"@type\":\"ReadAction\",\"target\":[\"https:\\\/\\\/www.yucatanencorto.com\\\/noticias\\\/apoyan-a-pequenos-emprendedores\\\/\"]}]},{\"@type\":\"ImageObject\",\"inLanguage\":\"es\",\"@id\":\"https:\\\/\\\/www.yucatanencorto.com\\\/noticias\\\/apoyan-a-pequenos-emprendedores\\\/#primaryimage\",\"url\":\"https:\\\/\\\/www.yucatanencorto.com\\\/noticias\\\/wp-content\\\/uploads\\\/2023\\\/12\\\/Pinata3-scaled.jpeg\",\"contentUrl\":\"https:\\\/\\\/www.yucatanencorto.com\\\/noticias\\\/wp-content\\\/uploads\\\/2023\\\/12\\\/Pinata3-scaled.jpeg\",\"width\":768,\"height\":512},{\"@type\":\"BreadcrumbList\",\"@id\":\"https:\\\/\\\/www.yucatanencorto.com\\\/noticias\\\/apoyan-a-pequenos-emprendedores\\\/#breadcrumb\",\"itemListElement\":[{\"@type\":\"ListItem\",\"position\":1,\"name\":\"Portada\",\"item\":\"https:\\\/\\\/www.yucatanencorto.com\\\/noticias\\\/\"},{\"@type\":\"ListItem\",\"position\":2,\"name\":\"Apoyan a peque\u00f1os emprendedores\"}]},{\"@type\":\"WebSite\",\"@id\":\"https:\\\/\\\/www.yucatanencorto.com\\\/noticias\\\/#website\",\"url\":\"https:\\\/\\\/www.yucatanencorto.com\\\/noticias\\\/\",\"name\":\"Yucat\u00e1n en corto\",\"description\":\"Noticias\",\"potentialAction\":[{\"@type\":\"SearchAction\",\"target\":{\"@type\":\"EntryPoint\",\"urlTemplate\":\"https:\\\/\\\/www.yucatanencorto.com\\\/noticias\\\/?s={search_term_string}\"},\"query-input\":{\"@type\":\"PropertyValueSpecification\",\"valueRequired\":true,\"valueName\":\"search_term_string\"}}],\"inLanguage\":\"es\"},{\"@type\":\"Person\",\"@id\":\"https:\\\/\\\/www.yucatanencorto.com\\\/noticias\\\/#\\\/schema\\\/person\\\/e2fbdfaf30a07014a43940ce989f3119\",\"name\":\"Redes\",\"image\":{\"@type\":\"ImageObject\",\"inLanguage\":\"es\",\"@id\":\"https:\\\/\\\/secure.gravatar.com\\\/avatar\\\/5931a2d21dd7cc834f44c8c34fe56d90ed6d536ef452cbf870c7485b524dddd7?s=96&d=mm&r=g\",\"url\":\"https:\\\/\\\/secure.gravatar.com\\\/avatar\\\/5931a2d21dd7cc834f44c8c34fe56d90ed6d536ef452cbf870c7485b524dddd7?s=96&d=mm&r=g\",\"contentUrl\":\"https:\\\/\\\/secure.gravatar.com\\\/avatar\\\/5931a2d21dd7cc834f44c8c34fe56d90ed6d536ef452cbf870c7485b524dddd7?s=96&d=mm&r=g\",\"caption\":\"Redes\"},\"url\":\"https:\\\/\\\/www.yucatanencorto.com\\\/noticias\\\/author\\\/redes\\\/\"}]}<\/script>\n<!-- \/ Yoast SEO plugin. -->","yoast_head_json":{"title":"Apoyan a peque\u00f1os emprendedores - Yucat\u00e1n en corto","robots":{"index":"index","follow":"follow","max-snippet":"max-snippet:-1","max-image-preview":"max-image-preview:large","max-video-preview":"max-video-preview:-1"},"canonical":"https:\/\/www.yucatanencorto.com\/noticias\/apoyan-a-pequenos-emprendedores\/","og_locale":"es_ES","og_type":"article","og_title":"Apoyan a peque\u00f1os emprendedores - Yucat\u00e1n en corto","og_description":"M\u00e9rida, Yucat\u00e1n, 12 de diciembre de 2023.- En el Ayuntamiento llevamos a cabo acciones y programas sociales que contribuyen a mejorar la calidad de vida de las familias de M\u00e9rida y sus comisar\u00edas, especialmente de aquellas que viven en condiciones de rezago, indic\u00f3 el Alcalde Alejandro Ruz Castro. &nbsp; \u201cNuestro objetivo al impulsar este tipo [&hellip;]","og_url":"https:\/\/www.yucatanencorto.com\/noticias\/apoyan-a-pequenos-emprendedores\/","og_site_name":"Yucat\u00e1n en corto","article_publisher":"http:\/\/www.facebook.com\/yucatanencorto","article_published_time":"2023-12-12T23:55:19+00:00","og_image":[{"width":768,"height":512,"url":"https:\/\/www.yucatanencorto.com\/noticias\/wp-content\/uploads\/2023\/12\/Pinata3-scaled.jpeg","type":"image\/jpeg"}],"author":"Redes","twitter_card":"summary_large_image","twitter_creator":"@yucatanencorto","twitter_site":"@yucatanencorto","twitter_misc":{"Escrito por":"Redes","Tiempo de lectura":"3 minutos"},"schema":{"@context":"https:\/\/schema.org","@graph":[{"@type":"Article","@id":"https:\/\/www.yucatanencorto.com\/noticias\/apoyan-a-pequenos-emprendedores\/#article","isPartOf":{"@id":"https:\/\/www.yucatanencorto.com\/noticias\/apoyan-a-pequenos-emprendedores\/"},"author":{"name":"Redes","@id":"https:\/\/www.yucatanencorto.com\/noticias\/#\/schema\/person\/e2fbdfaf30a07014a43940ce989f3119"},"headline":"Apoyan a peque\u00f1os emprendedores","datePublished":"2023-12-12T23:55:19+00:00","mainEntityOfPage":{"@id":"https:\/\/www.yucatanencorto.com\/noticias\/apoyan-a-pequenos-emprendedores\/"},"wordCount":606,"image":{"@id":"https:\/\/www.yucatanencorto.com\/noticias\/apoyan-a-pequenos-emprendedores\/#primaryimage"},"thumbnailUrl":"https:\/\/www.yucatanencorto.com\/noticias\/wp-content\/uploads\/2023\/12\/Pinata3-scaled.jpeg","articleSection":["Yucat\u00e1n"],"inLanguage":"es"},{"@type":"WebPage","@id":"https:\/\/www.yucatanencorto.com\/noticias\/apoyan-a-pequenos-emprendedores\/","url":"https:\/\/www.yucatanencorto.com\/noticias\/apoyan-a-pequenos-emprendedores\/","name":"Apoyan a peque\u00f1os emprendedores - Yucat\u00e1n en corto","isPartOf":{"@id":"https:\/\/www.yucatanencorto.com\/noticias\/#website"},"primaryImageOfPage":{"@id":"https:\/\/www.yucatanencorto.com\/noticias\/apoyan-a-pequenos-emprendedores\/#primaryimage"},"image":{"@id":"https:\/\/www.yucatanencorto.com\/noticias\/apoyan-a-pequenos-emprendedores\/#primaryimage"},"thumbnailUrl":"https:\/\/www.yucatanencorto.com\/noticias\/wp-content\/uploads\/2023\/12\/Pinata3-scaled.jpeg","datePublished":"2023-12-12T23:55:19+00:00","author":{"@id":"https:\/\/www.yucatanencorto.com\/noticias\/#\/schema\/person\/e2fbdfaf30a07014a43940ce989f3119"},"breadcrumb":{"@id":"https:\/\/www.yucatanencorto.com\/noticias\/apoyan-a-pequenos-emprendedores\/#breadcrumb"},"inLanguage":"es","potentialAction":[{"@type":"ReadAction","target":["https:\/\/www.yucatanencorto.com\/noticias\/apoyan-a-pequenos-emprendedores\/"]}]},{"@type":"ImageObject","inLanguage":"es","@id":"https:\/\/www.yucatanencorto.com\/noticias\/apoyan-a-pequenos-emprendedores\/#primaryimage","url":"https:\/\/www.yucatanencorto.com\/noticias\/wp-content\/uploads\/2023\/12\/Pinata3-scaled.jpeg","contentUrl":"https:\/\/www.yucatanencorto.com\/noticias\/wp-content\/uploads\/2023\/12\/Pinata3-scaled.jpeg","width":768,"height":512},{"@type":"BreadcrumbList","@id":"https:\/\/www.yucatanencorto.com\/noticias\/apoyan-a-pequenos-emprendedores\/#breadcrumb","itemListElement":[{"@type":"ListItem","position":1,"name":"Portada","item":"https:\/\/www.yucatanencorto.com\/noticias\/"},{"@type":"ListItem","position":2,"name":"Apoyan a peque\u00f1os emprendedores"}]},{"@type":"WebSite","@id":"https:\/\/www.yucatanencorto.com\/noticias\/#website","url":"https:\/\/www.yucatanencorto.com\/noticias\/","name":"Yucat\u00e1n en corto","description":"Noticias","potentialAction":[{"@type":"SearchAction","target":{"@type":"EntryPoint","urlTemplate":"https:\/\/www.yucatanencorto.com\/noticias\/?s={search_term_string}"},"query-input":{"@type":"PropertyValueSpecification","valueRequired":true,"valueName":"search_term_string"}}],"inLanguage":"es"},{"@type":"Person","@id":"https:\/\/www.yucatanencorto.com\/noticias\/#\/schema\/person\/e2fbdfaf30a07014a43940ce989f3119","name":"Redes","image":{"@type":"ImageObject","inLanguage":"es","@id":"https:\/\/secure.gravatar.com\/avatar\/5931a2d21dd7cc834f44c8c34fe56d90ed6d536ef452cbf870c7485b524dddd7?s=96&d=mm&r=g","url":"https:\/\/secure.gravatar.com\/avatar\/5931a2d21dd7cc834f44c8c34fe56d90ed6d536ef452cbf870c7485b524dddd7?s=96&d=mm&r=g","contentUrl":"https:\/\/secure.gravatar.com\/avatar\/5931a2d21dd7cc834f44c8c34fe56d90ed6d536ef452cbf870c7485b524dddd7?s=96&d=mm&r=g","caption":"Redes"},"url":"https:\/\/www.yucatanencorto.com\/noticias\/author\/redes\/"}]}},"_links":{"self":[{"href":"https:\/\/www.yucatanencorto.com\/noticias\/wp-json\/wp\/v2\/posts\/101501","targetHints":{"allow":["GET"]}}],"collection":[{"href":"https:\/\/www.yucatanencorto.com\/noticias\/wp-json\/wp\/v2\/posts"}],"about":[{"href":"https:\/\/www.yucatanencorto.com\/noticias\/wp-json\/wp\/v2\/types\/post"}],"author":[{"embeddable":true,"href":"https:\/\/www.yucatanencorto.com\/noticias\/wp-json\/wp\/v2\/users\/3"}],"replies":[{"embeddable":true,"href":"https:\/\/www.yucatanencorto.com\/noticias\/wp-json\/wp\/v2\/comments?post=101501"}],"version-history":[{"count":0,"href":"https:\/\/www.yucatanencorto.com\/noticias\/wp-json\/wp\/v2\/posts\/101501\/revisions"}],"wp:featuredmedia":[{"embeddable":true,"href":"https:\/\/www.yucatanencorto.com\/noticias\/wp-json\/wp\/v2\/media\/101502"}],"wp:attachment":[{"href":"https:\/\/www.yucatanencorto.com\/noticias\/wp-json\/wp\/v2\/media?parent=101501"}],"wp:term":[{"taxonomy":"category","embeddable":true,"href":"https:\/\/www.yucatanencorto.com\/noticias\/wp-json\/wp\/v2\/categories?post=101501"},{"taxonomy":"post_tag","embeddable":true,"href":"https:\/\/www.yucatanencorto.com\/noticias\/wp-json\/wp\/v2\/tags?post=101501"}],"curies":[{"name":"wp","href":"https:\/\/api.w.org\/{rel}","templated":true}]}}