{"id":101508,"date":"2023-12-12T22:53:13","date_gmt":"2023-12-13T04:53:13","guid":{"rendered":"https:\/\/www.yucatanencorto.com\/noticias\/?p=101508"},"modified":"2023-12-12T22:53:13","modified_gmt":"2023-12-13T04:53:13","slug":"aprueban-paquetes-presupuestales-de-los-municipios-de-yucatan-para-el-ejercicio-fiscal-2024","status":"publish","type":"post","link":"https:\/\/www.yucatanencorto.com\/noticias\/aprueban-paquetes-presupuestales-de-los-municipios-de-yucatan-para-el-ejercicio-fiscal-2024\/","title":{"rendered":"Aprueban Paquetes Presupuestales de los municipios de Yucat\u00e1n para el Ejercicio Fiscal 2024"},"content":{"rendered":"<p><img loading=\"lazy\" decoding=\"async\" class=\"alignnone size-full wp-image-101509\" src=\"https:\/\/www.yucatanencorto.com\/noticias\/wp-content\/uploads\/2023\/12\/IMG-20231212-WA0092-scaled.jpg\" alt=\"\" width=\"768\" height=\"512\" srcset=\"https:\/\/www.yucatanencorto.com\/noticias\/wp-content\/uploads\/2023\/12\/IMG-20231212-WA0092-scaled.jpg 768w, https:\/\/www.yucatanencorto.com\/noticias\/wp-content\/uploads\/2023\/12\/IMG-20231212-WA0092-150x100.jpg 150w, https:\/\/www.yucatanencorto.com\/noticias\/wp-content\/uploads\/2023\/12\/IMG-20231212-WA0092-300x200.jpg 300w, https:\/\/www.yucatanencorto.com\/noticias\/wp-content\/uploads\/2023\/12\/IMG-20231212-WA0092-696x464.jpg 696w, https:\/\/www.yucatanencorto.com\/noticias\/wp-content\/uploads\/2023\/12\/IMG-20231212-WA0092-1068x712.jpg 1068w\" sizes=\"auto, (max-width: 768px) 100vw, 768px\" \/><\/p>\n<p>&nbsp;<\/p>\n<p>M\u00e9rida, Yucat\u00e1n a 12 de diciembre de 2023<\/p>\n<p>&nbsp;<\/p>\n<p>&nbsp;<\/p>\n<p>En sesi\u00f3n plenaria, las y los legisladores aprobaron los paquetes presupuestales de los municipios del estado, para el Ejercicio Fiscal 2024.<\/p>\n<p>&nbsp;<\/p>\n<p>Los dict\u00e1menes aprobados de la comisi\u00f3n de Presupuesto, Patrimonio Estatal y Municipal corresponden a la expedici\u00f3n de Leyes de Hacienda de Conkal, Hunucm\u00e1, Ixil, Kanas\u00edn y Tixp\u00e9hual; las reformas a las Leyes de Hacienda de Chichimil\u00e1, Hocab\u00e1, Motul, Oxkutzcab, Sacalum, Temax y Valladolid; las Leyes de Ingresos de 105 municipios, as\u00ed como reformas a la Ley de Hacienda y la expedici\u00f3n de la Ley de Ingresos de M\u00e9rida, todos para el Ejercicio Fiscal 2024.<\/p>\n<p>&nbsp;<\/p>\n<p>En este punto, el diputado Jes\u00fas P\u00e9rez Ballote asegur\u00f3 que para la revisi\u00f3n se vigil\u00f3 a cabalidad la constitucionalidad, certeza jur\u00eddica, legalidad y proporcionalidad de las Leyes de Ingresos y de Hacienda de los 106 municipios, incluyendo reformas y la creaci\u00f3n de nuevos ordenamientos.<\/p>\n<p>&nbsp;<\/p>\n<p>\u201cEs importante destacar que el total de la asignaci\u00f3n presupuestaria a municipios ser\u00e1 de 9 mil 847 millones de pesos para 2024, de acuerdo con lo aprobado por esta Soberan\u00eda en d\u00edas pasados, por lo que, aunado a Leyes de Hacienda e Ingresos responsables y eficientes, se traducir\u00e1 en mejor calidad de vida y oportunidades para las y los habitantes de los 106 municipios de Yucat\u00e1n\u201d, dijo.<\/p>\n<p>&nbsp;<\/p>\n<p>P\u00e9rez Ballote reconoci\u00f3 la labor de los ayuntamientos al cumplir con los tiempos establecidos en el marco jur\u00eddico para entregar sus proyectos de reformas o creaciones de leyes, recibiendo de igual manera el apoyo del Congreso del Estado al disponer de mesas con personal capacitado para revisar la documentaci\u00f3n.<\/p>\n<p>&nbsp;<\/p>\n<p>La diputada Gabriela Gonz\u00e1lez Ojeda, al manifestarse en contra del presupuesto del Ayuntamiento de M\u00e9rida, asegur\u00f3 que el monto a autorizarse no est\u00e1 claro para qu\u00e9 se destinar\u00e1, \u201cmi voto ser\u00e1 en contra de financiar incrementos que no dan certeza a la poblaci\u00f3n de que sus demandas por tener servicios p\u00fablicos de calidad sean atendidas\u201d.<\/p>\n<p>&nbsp;<\/p>\n<p>Como parte del orden del d\u00eda, aprobaron los dict\u00e1menes de la comisi\u00f3n de Puntos Constitucionales y Gobernaci\u00f3n para modificar la Constituci\u00f3n estatal en materia de fortalecimiento de la Agencia de Transporte, as\u00ed como para expedir la Ley de la Agencia de Transporte y modificar la Ley de Movilidad y Seguridad Vial, todas de Yucat\u00e1n.<\/p>\n<p>&nbsp;<\/p>\n<p>La diputada Karla Franco Blanco expres\u00f3 que conf\u00eda en los resultados positivos que traer\u00e1 la Agencia de Transporte del Estado y se congratul\u00f3 con la inclusi\u00f3n de las propuestas hechas por la Fracci\u00f3n Legislativa del PRI, las cuales buscan combatir la corrupci\u00f3n y respetar el derecho humano a la buena administraci\u00f3n p\u00fablica.<\/p>\n<p>&nbsp;<\/p>\n<p>En el pleno se dio lectura al memorial enviado por la diputada Carmen Gonz\u00e1lez Mart\u00edn en el que solicita licencia por tiempo ilimitado para separarse del cargo de diputada propietaria y en su lugar rindi\u00f3 compromiso constitucional, Jasm\u00edn Itz\u00e1 Brice\u00f1o.<\/p>\n<p>&nbsp;<\/p>\n<p>Continuando con el orden, se aprob\u00f3 los dict\u00e1menes de la comisi\u00f3n de Justicia y Seguridad P\u00fablica para modificar la Ley Org\u00e1nica del Poder Judicial en materia de reorganizaci\u00f3n administrativa y las reformas a la Ley Org\u00e1nica del Tribunal de Justicia Administrativa, ambas del Estado.<\/p>\n<p>&nbsp;<\/p>\n<p>Rendici\u00f3n de compromiso de nuevos titulares<\/p>\n<p>&nbsp;<\/p>\n<p>Como parte del orden del d\u00eda, aprobaron el dictamen de la comisi\u00f3n de Vigilancia de la Cuenta P\u00fablica, Transparencia y Anticorrupci\u00f3n referente a la terna de candidatos para ocupar el cargo de titular de la Secretar\u00eda T\u00e9cnica de la Agencia de Inteligencia Patrimonial y Econ\u00f3mica del Estado. Posteriormente, se realiz\u00f3 la votaci\u00f3n y la rendici\u00f3n de compromiso constitucional de Mario Can Mar\u00edn como nuevo titular.<\/p>\n<p>&nbsp;<\/p>\n<p>Tambi\u00e9n, aprobaron el dictamen de la comisi\u00f3n citada anteriormente en el que se declara el cumplimiento de los requisitos constitucionales de parte del candidato propuesto para ocupar la titularidad de la Auditor\u00eda Superior del Estado.<\/p>\n<p>&nbsp;<\/p>\n<p>El diputado Erik Rihani Gonz\u00e1lez destac\u00f3 que el candidato propuesto para ocupar el cargo present\u00f3 ante las y los legisladores los argumentos, as\u00ed como su experiencia para recibir la titularidad, \u201clas tareas del auditor no son sencillas, demandan fortaleza para vencer presiones y la capacidad para convertirse en promotor de la modernizaci\u00f3n administrativa\u201d.<\/p>\n<p>&nbsp;<\/p>\n<p>A favor, el diputado Gaspar Quintal Parra expres\u00f3 que quien asuma la responsabilidad de dirigir la Auditor\u00eda Superior del Estado de Yucat\u00e1n (ASEY) tiene la tarea crucial de velar por la correcta fiscalizaci\u00f3n de los recursos p\u00fablicos, garantizando que se utilicen de manera eficiente, para los fines que son destinados, y en caso contrario, interponer denuncias ante cualquier il\u00edcito.<\/p>\n<p>&nbsp;<\/p>\n<p>Posteriormente, Rub\u00e9n Arjona Ortiz rindi\u00f3 compromiso constitucional como nuevo auditor.<\/p>\n<p>&nbsp;<\/p>\n<p>Continuando con el orden del d\u00eda, se present\u00f3 el dictamen de las comisiones unidas de Puntos Constitucionales y Gobernaci\u00f3n, y de Justicia y Seguridad P\u00fablica en el que se emite la terna de candidatos al cargo de magistrado del Tribunal Superior de Justicia del Poder Judicial y se vot\u00f3 por Armando Mendoza Casanova como nuevo magistrado.<\/p>\n<p>&nbsp;<\/p>\n<p>Por \u00faltimo, se aprob\u00f3 el dictamen de las comisiones unidas que contiene la terna de personas para ocupar el cargo de magistrada o magistrado del Tribunal Superior de Justicia del Poder Judicial. Luego se realiz\u00f3 el proceso de designaci\u00f3n y toma de compromiso de Jos\u00e9 Abreu Sacramento.<\/p>\n<p>&nbsp;<\/p>\n<p>Al t\u00e9rmino se aprob\u00f3 la realizaci\u00f3n de la siguiente sesi\u00f3n para el viernes 15 de diciembre a las 11 horas.<\/p>\n","protected":false},"excerpt":{"rendered":"<p>&nbsp; M\u00e9rida, Yucat\u00e1n a 12 de diciembre de 2023 &nbsp; &nbsp; En sesi\u00f3n plenaria, las y los legisladores aprobaron los paquetes presupuestales de los municipios del estado, para el Ejercicio Fiscal 2024. &nbsp; Los dict\u00e1menes aprobados de la comisi\u00f3n de Presupuesto, Patrimonio Estatal y Municipal corresponden a la expedici\u00f3n de Leyes de Hacienda de Conkal, [&hellip;]<\/p>\n","protected":false},"author":3,"featured_media":101509,"comment_status":"closed","ping_status":"closed","sticky":false,"template":"","format":"standard","meta":{"footnotes":""},"categories":[3],"tags":[],"class_list":{"0":"post-101508","1":"post","2":"type-post","3":"status-publish","4":"format-standard","5":"has-post-thumbnail","7":"category-yucatan"},"yoast_head":"<!-- This site is optimized with the Yoast SEO plugin v27.4 - https:\/\/yoast.com\/product\/yoast-seo-wordpress\/ -->\n<title>Aprueban Paquetes Presupuestales de los municipios de Yucat\u00e1n para el Ejercicio Fiscal 2024 - Yucat\u00e1n en corto<\/title>\n<meta name=\"robots\" content=\"index, follow, max-snippet:-1, max-image-preview:large, max-video-preview:-1\" \/>\n<link rel=\"canonical\" href=\"https:\/\/www.yucatanencorto.com\/noticias\/aprueban-paquetes-presupuestales-de-los-municipios-de-yucatan-para-el-ejercicio-fiscal-2024\/\" \/>\n<meta property=\"og:locale\" content=\"es_ES\" \/>\n<meta property=\"og:type\" content=\"article\" \/>\n<meta property=\"og:title\" content=\"Aprueban Paquetes Presupuestales de los municipios de Yucat\u00e1n para el Ejercicio Fiscal 2024 - Yucat\u00e1n en corto\" \/>\n<meta property=\"og:description\" content=\"&nbsp; M\u00e9rida, Yucat\u00e1n a 12 de diciembre de 2023 &nbsp; &nbsp; En sesi\u00f3n plenaria, las y los legisladores aprobaron los paquetes presupuestales de los municipios del estado, para el Ejercicio Fiscal 2024. &nbsp; Los dict\u00e1menes aprobados de la comisi\u00f3n de Presupuesto, Patrimonio Estatal y Municipal corresponden a la expedici\u00f3n de Leyes de Hacienda de Conkal, [&hellip;]\" \/>\n<meta property=\"og:url\" content=\"https:\/\/www.yucatanencorto.com\/noticias\/aprueban-paquetes-presupuestales-de-los-municipios-de-yucatan-para-el-ejercicio-fiscal-2024\/\" \/>\n<meta property=\"og:site_name\" content=\"Yucat\u00e1n en corto\" \/>\n<meta property=\"article:publisher\" content=\"http:\/\/www.facebook.com\/yucatanencorto\" \/>\n<meta property=\"article:published_time\" content=\"2023-12-13T04:53:13+00:00\" \/>\n<meta property=\"og:image\" content=\"https:\/\/www.yucatanencorto.com\/noticias\/wp-content\/uploads\/2023\/12\/IMG-20231212-WA0092-scaled.jpg\" \/>\n\t<meta property=\"og:image:width\" content=\"768\" \/>\n\t<meta property=\"og:image:height\" content=\"512\" \/>\n\t<meta property=\"og:image:type\" content=\"image\/jpeg\" \/>\n<meta name=\"author\" content=\"Redes\" \/>\n<meta name=\"twitter:card\" content=\"summary_large_image\" \/>\n<meta name=\"twitter:creator\" content=\"@yucatanencorto\" \/>\n<meta name=\"twitter:site\" content=\"@yucatanencorto\" \/>\n<meta name=\"twitter:label1\" content=\"Escrito por\" \/>\n\t<meta name=\"twitter:data1\" content=\"Redes\" \/>\n\t<meta name=\"twitter:label2\" content=\"Tiempo de lectura\" \/>\n\t<meta name=\"twitter:data2\" content=\"5 minutos\" \/>\n<script type=\"application\/ld+json\" class=\"yoast-schema-graph\">{\"@context\":\"https:\\\/\\\/schema.org\",\"@graph\":[{\"@type\":\"Article\",\"@id\":\"https:\\\/\\\/www.yucatanencorto.com\\\/noticias\\\/aprueban-paquetes-presupuestales-de-los-municipios-de-yucatan-para-el-ejercicio-fiscal-2024\\\/#article\",\"isPartOf\":{\"@id\":\"https:\\\/\\\/www.yucatanencorto.com\\\/noticias\\\/aprueban-paquetes-presupuestales-de-los-municipios-de-yucatan-para-el-ejercicio-fiscal-2024\\\/\"},\"author\":{\"name\":\"Redes\",\"@id\":\"https:\\\/\\\/www.yucatanencorto.com\\\/noticias\\\/#\\\/schema\\\/person\\\/e2fbdfaf30a07014a43940ce989f3119\"},\"headline\":\"Aprueban Paquetes Presupuestales de los municipios de Yucat\u00e1n para el Ejercicio Fiscal 2024\",\"datePublished\":\"2023-12-13T04:53:13+00:00\",\"mainEntityOfPage\":{\"@id\":\"https:\\\/\\\/www.yucatanencorto.com\\\/noticias\\\/aprueban-paquetes-presupuestales-de-los-municipios-de-yucatan-para-el-ejercicio-fiscal-2024\\\/\"},\"wordCount\":958,\"image\":{\"@id\":\"https:\\\/\\\/www.yucatanencorto.com\\\/noticias\\\/aprueban-paquetes-presupuestales-de-los-municipios-de-yucatan-para-el-ejercicio-fiscal-2024\\\/#primaryimage\"},\"thumbnailUrl\":\"https:\\\/\\\/www.yucatanencorto.com\\\/noticias\\\/wp-content\\\/uploads\\\/2023\\\/12\\\/IMG-20231212-WA0092-scaled.jpg\",\"articleSection\":[\"Yucat\u00e1n\"],\"inLanguage\":\"es\"},{\"@type\":\"WebPage\",\"@id\":\"https:\\\/\\\/www.yucatanencorto.com\\\/noticias\\\/aprueban-paquetes-presupuestales-de-los-municipios-de-yucatan-para-el-ejercicio-fiscal-2024\\\/\",\"url\":\"https:\\\/\\\/www.yucatanencorto.com\\\/noticias\\\/aprueban-paquetes-presupuestales-de-los-municipios-de-yucatan-para-el-ejercicio-fiscal-2024\\\/\",\"name\":\"Aprueban Paquetes Presupuestales de los municipios de Yucat\u00e1n para el Ejercicio Fiscal 2024 - Yucat\u00e1n en corto\",\"isPartOf\":{\"@id\":\"https:\\\/\\\/www.yucatanencorto.com\\\/noticias\\\/#website\"},\"primaryImageOfPage\":{\"@id\":\"https:\\\/\\\/www.yucatanencorto.com\\\/noticias\\\/aprueban-paquetes-presupuestales-de-los-municipios-de-yucatan-para-el-ejercicio-fiscal-2024\\\/#primaryimage\"},\"image\":{\"@id\":\"https:\\\/\\\/www.yucatanencorto.com\\\/noticias\\\/aprueban-paquetes-presupuestales-de-los-municipios-de-yucatan-para-el-ejercicio-fiscal-2024\\\/#primaryimage\"},\"thumbnailUrl\":\"https:\\\/\\\/www.yucatanencorto.com\\\/noticias\\\/wp-content\\\/uploads\\\/2023\\\/12\\\/IMG-20231212-WA0092-scaled.jpg\",\"datePublished\":\"2023-12-13T04:53:13+00:00\",\"author\":{\"@id\":\"https:\\\/\\\/www.yucatanencorto.com\\\/noticias\\\/#\\\/schema\\\/person\\\/e2fbdfaf30a07014a43940ce989f3119\"},\"breadcrumb\":{\"@id\":\"https:\\\/\\\/www.yucatanencorto.com\\\/noticias\\\/aprueban-paquetes-presupuestales-de-los-municipios-de-yucatan-para-el-ejercicio-fiscal-2024\\\/#breadcrumb\"},\"inLanguage\":\"es\",\"potentialAction\":[{\"@type\":\"ReadAction\",\"target\":[\"https:\\\/\\\/www.yucatanencorto.com\\\/noticias\\\/aprueban-paquetes-presupuestales-de-los-municipios-de-yucatan-para-el-ejercicio-fiscal-2024\\\/\"]}]},{\"@type\":\"ImageObject\",\"inLanguage\":\"es\",\"@id\":\"https:\\\/\\\/www.yucatanencorto.com\\\/noticias\\\/aprueban-paquetes-presupuestales-de-los-municipios-de-yucatan-para-el-ejercicio-fiscal-2024\\\/#primaryimage\",\"url\":\"https:\\\/\\\/www.yucatanencorto.com\\\/noticias\\\/wp-content\\\/uploads\\\/2023\\\/12\\\/IMG-20231212-WA0092-scaled.jpg\",\"contentUrl\":\"https:\\\/\\\/www.yucatanencorto.com\\\/noticias\\\/wp-content\\\/uploads\\\/2023\\\/12\\\/IMG-20231212-WA0092-scaled.jpg\",\"width\":768,\"height\":512},{\"@type\":\"BreadcrumbList\",\"@id\":\"https:\\\/\\\/www.yucatanencorto.com\\\/noticias\\\/aprueban-paquetes-presupuestales-de-los-municipios-de-yucatan-para-el-ejercicio-fiscal-2024\\\/#breadcrumb\",\"itemListElement\":[{\"@type\":\"ListItem\",\"position\":1,\"name\":\"Portada\",\"item\":\"https:\\\/\\\/www.yucatanencorto.com\\\/noticias\\\/\"},{\"@type\":\"ListItem\",\"position\":2,\"name\":\"Aprueban Paquetes Presupuestales de los municipios de Yucat\u00e1n para el Ejercicio Fiscal 2024\"}]},{\"@type\":\"WebSite\",\"@id\":\"https:\\\/\\\/www.yucatanencorto.com\\\/noticias\\\/#website\",\"url\":\"https:\\\/\\\/www.yucatanencorto.com\\\/noticias\\\/\",\"name\":\"Yucat\u00e1n en corto\",\"description\":\"Noticias\",\"potentialAction\":[{\"@type\":\"SearchAction\",\"target\":{\"@type\":\"EntryPoint\",\"urlTemplate\":\"https:\\\/\\\/www.yucatanencorto.com\\\/noticias\\\/?s={search_term_string}\"},\"query-input\":{\"@type\":\"PropertyValueSpecification\",\"valueRequired\":true,\"valueName\":\"search_term_string\"}}],\"inLanguage\":\"es\"},{\"@type\":\"Person\",\"@id\":\"https:\\\/\\\/www.yucatanencorto.com\\\/noticias\\\/#\\\/schema\\\/person\\\/e2fbdfaf30a07014a43940ce989f3119\",\"name\":\"Redes\",\"image\":{\"@type\":\"ImageObject\",\"inLanguage\":\"es\",\"@id\":\"https:\\\/\\\/secure.gravatar.com\\\/avatar\\\/5931a2d21dd7cc834f44c8c34fe56d90ed6d536ef452cbf870c7485b524dddd7?s=96&d=mm&r=g\",\"url\":\"https:\\\/\\\/secure.gravatar.com\\\/avatar\\\/5931a2d21dd7cc834f44c8c34fe56d90ed6d536ef452cbf870c7485b524dddd7?s=96&d=mm&r=g\",\"contentUrl\":\"https:\\\/\\\/secure.gravatar.com\\\/avatar\\\/5931a2d21dd7cc834f44c8c34fe56d90ed6d536ef452cbf870c7485b524dddd7?s=96&d=mm&r=g\",\"caption\":\"Redes\"},\"url\":\"https:\\\/\\\/www.yucatanencorto.com\\\/noticias\\\/author\\\/redes\\\/\"}]}<\/script>\n<!-- \/ Yoast SEO plugin. -->","yoast_head_json":{"title":"Aprueban Paquetes Presupuestales de los municipios de Yucat\u00e1n para el Ejercicio Fiscal 2024 - Yucat\u00e1n en corto","robots":{"index":"index","follow":"follow","max-snippet":"max-snippet:-1","max-image-preview":"max-image-preview:large","max-video-preview":"max-video-preview:-1"},"canonical":"https:\/\/www.yucatanencorto.com\/noticias\/aprueban-paquetes-presupuestales-de-los-municipios-de-yucatan-para-el-ejercicio-fiscal-2024\/","og_locale":"es_ES","og_type":"article","og_title":"Aprueban Paquetes Presupuestales de los municipios de Yucat\u00e1n para el Ejercicio Fiscal 2024 - Yucat\u00e1n en corto","og_description":"&nbsp; M\u00e9rida, Yucat\u00e1n a 12 de diciembre de 2023 &nbsp; &nbsp; En sesi\u00f3n plenaria, las y los legisladores aprobaron los paquetes presupuestales de los municipios del estado, para el Ejercicio Fiscal 2024. &nbsp; Los dict\u00e1menes aprobados de la comisi\u00f3n de Presupuesto, Patrimonio Estatal y Municipal corresponden a la expedici\u00f3n de Leyes de Hacienda de Conkal, [&hellip;]","og_url":"https:\/\/www.yucatanencorto.com\/noticias\/aprueban-paquetes-presupuestales-de-los-municipios-de-yucatan-para-el-ejercicio-fiscal-2024\/","og_site_name":"Yucat\u00e1n en corto","article_publisher":"http:\/\/www.facebook.com\/yucatanencorto","article_published_time":"2023-12-13T04:53:13+00:00","og_image":[{"width":768,"height":512,"url":"https:\/\/www.yucatanencorto.com\/noticias\/wp-content\/uploads\/2023\/12\/IMG-20231212-WA0092-scaled.jpg","type":"image\/jpeg"}],"author":"Redes","twitter_card":"summary_large_image","twitter_creator":"@yucatanencorto","twitter_site":"@yucatanencorto","twitter_misc":{"Escrito por":"Redes","Tiempo de lectura":"5 minutos"},"schema":{"@context":"https:\/\/schema.org","@graph":[{"@type":"Article","@id":"https:\/\/www.yucatanencorto.com\/noticias\/aprueban-paquetes-presupuestales-de-los-municipios-de-yucatan-para-el-ejercicio-fiscal-2024\/#article","isPartOf":{"@id":"https:\/\/www.yucatanencorto.com\/noticias\/aprueban-paquetes-presupuestales-de-los-municipios-de-yucatan-para-el-ejercicio-fiscal-2024\/"},"author":{"name":"Redes","@id":"https:\/\/www.yucatanencorto.com\/noticias\/#\/schema\/person\/e2fbdfaf30a07014a43940ce989f3119"},"headline":"Aprueban Paquetes Presupuestales de los municipios de Yucat\u00e1n para el Ejercicio Fiscal 2024","datePublished":"2023-12-13T04:53:13+00:00","mainEntityOfPage":{"@id":"https:\/\/www.yucatanencorto.com\/noticias\/aprueban-paquetes-presupuestales-de-los-municipios-de-yucatan-para-el-ejercicio-fiscal-2024\/"},"wordCount":958,"image":{"@id":"https:\/\/www.yucatanencorto.com\/noticias\/aprueban-paquetes-presupuestales-de-los-municipios-de-yucatan-para-el-ejercicio-fiscal-2024\/#primaryimage"},"thumbnailUrl":"https:\/\/www.yucatanencorto.com\/noticias\/wp-content\/uploads\/2023\/12\/IMG-20231212-WA0092-scaled.jpg","articleSection":["Yucat\u00e1n"],"inLanguage":"es"},{"@type":"WebPage","@id":"https:\/\/www.yucatanencorto.com\/noticias\/aprueban-paquetes-presupuestales-de-los-municipios-de-yucatan-para-el-ejercicio-fiscal-2024\/","url":"https:\/\/www.yucatanencorto.com\/noticias\/aprueban-paquetes-presupuestales-de-los-municipios-de-yucatan-para-el-ejercicio-fiscal-2024\/","name":"Aprueban Paquetes Presupuestales de los municipios de Yucat\u00e1n para el Ejercicio Fiscal 2024 - Yucat\u00e1n en corto","isPartOf":{"@id":"https:\/\/www.yucatanencorto.com\/noticias\/#website"},"primaryImageOfPage":{"@id":"https:\/\/www.yucatanencorto.com\/noticias\/aprueban-paquetes-presupuestales-de-los-municipios-de-yucatan-para-el-ejercicio-fiscal-2024\/#primaryimage"},"image":{"@id":"https:\/\/www.yucatanencorto.com\/noticias\/aprueban-paquetes-presupuestales-de-los-municipios-de-yucatan-para-el-ejercicio-fiscal-2024\/#primaryimage"},"thumbnailUrl":"https:\/\/www.yucatanencorto.com\/noticias\/wp-content\/uploads\/2023\/12\/IMG-20231212-WA0092-scaled.jpg","datePublished":"2023-12-13T04:53:13+00:00","author":{"@id":"https:\/\/www.yucatanencorto.com\/noticias\/#\/schema\/person\/e2fbdfaf30a07014a43940ce989f3119"},"breadcrumb":{"@id":"https:\/\/www.yucatanencorto.com\/noticias\/aprueban-paquetes-presupuestales-de-los-municipios-de-yucatan-para-el-ejercicio-fiscal-2024\/#breadcrumb"},"inLanguage":"es","potentialAction":[{"@type":"ReadAction","target":["https:\/\/www.yucatanencorto.com\/noticias\/aprueban-paquetes-presupuestales-de-los-municipios-de-yucatan-para-el-ejercicio-fiscal-2024\/"]}]},{"@type":"ImageObject","inLanguage":"es","@id":"https:\/\/www.yucatanencorto.com\/noticias\/aprueban-paquetes-presupuestales-de-los-municipios-de-yucatan-para-el-ejercicio-fiscal-2024\/#primaryimage","url":"https:\/\/www.yucatanencorto.com\/noticias\/wp-content\/uploads\/2023\/12\/IMG-20231212-WA0092-scaled.jpg","contentUrl":"https:\/\/www.yucatanencorto.com\/noticias\/wp-content\/uploads\/2023\/12\/IMG-20231212-WA0092-scaled.jpg","width":768,"height":512},{"@type":"BreadcrumbList","@id":"https:\/\/www.yucatanencorto.com\/noticias\/aprueban-paquetes-presupuestales-de-los-municipios-de-yucatan-para-el-ejercicio-fiscal-2024\/#breadcrumb","itemListElement":[{"@type":"ListItem","position":1,"name":"Portada","item":"https:\/\/www.yucatanencorto.com\/noticias\/"},{"@type":"ListItem","position":2,"name":"Aprueban Paquetes Presupuestales de los municipios de Yucat\u00e1n para el Ejercicio Fiscal 2024"}]},{"@type":"WebSite","@id":"https:\/\/www.yucatanencorto.com\/noticias\/#website","url":"https:\/\/www.yucatanencorto.com\/noticias\/","name":"Yucat\u00e1n en corto","description":"Noticias","potentialAction":[{"@type":"SearchAction","target":{"@type":"EntryPoint","urlTemplate":"https:\/\/www.yucatanencorto.com\/noticias\/?s={search_term_string}"},"query-input":{"@type":"PropertyValueSpecification","valueRequired":true,"valueName":"search_term_string"}}],"inLanguage":"es"},{"@type":"Person","@id":"https:\/\/www.yucatanencorto.com\/noticias\/#\/schema\/person\/e2fbdfaf30a07014a43940ce989f3119","name":"Redes","image":{"@type":"ImageObject","inLanguage":"es","@id":"https:\/\/secure.gravatar.com\/avatar\/5931a2d21dd7cc834f44c8c34fe56d90ed6d536ef452cbf870c7485b524dddd7?s=96&d=mm&r=g","url":"https:\/\/secure.gravatar.com\/avatar\/5931a2d21dd7cc834f44c8c34fe56d90ed6d536ef452cbf870c7485b524dddd7?s=96&d=mm&r=g","contentUrl":"https:\/\/secure.gravatar.com\/avatar\/5931a2d21dd7cc834f44c8c34fe56d90ed6d536ef452cbf870c7485b524dddd7?s=96&d=mm&r=g","caption":"Redes"},"url":"https:\/\/www.yucatanencorto.com\/noticias\/author\/redes\/"}]}},"_links":{"self":[{"href":"https:\/\/www.yucatanencorto.com\/noticias\/wp-json\/wp\/v2\/posts\/101508","targetHints":{"allow":["GET"]}}],"collection":[{"href":"https:\/\/www.yucatanencorto.com\/noticias\/wp-json\/wp\/v2\/posts"}],"about":[{"href":"https:\/\/www.yucatanencorto.com\/noticias\/wp-json\/wp\/v2\/types\/post"}],"author":[{"embeddable":true,"href":"https:\/\/www.yucatanencorto.com\/noticias\/wp-json\/wp\/v2\/users\/3"}],"replies":[{"embeddable":true,"href":"https:\/\/www.yucatanencorto.com\/noticias\/wp-json\/wp\/v2\/comments?post=101508"}],"version-history":[{"count":0,"href":"https:\/\/www.yucatanencorto.com\/noticias\/wp-json\/wp\/v2\/posts\/101508\/revisions"}],"wp:featuredmedia":[{"embeddable":true,"href":"https:\/\/www.yucatanencorto.com\/noticias\/wp-json\/wp\/v2\/media\/101509"}],"wp:attachment":[{"href":"https:\/\/www.yucatanencorto.com\/noticias\/wp-json\/wp\/v2\/media?parent=101508"}],"wp:term":[{"taxonomy":"category","embeddable":true,"href":"https:\/\/www.yucatanencorto.com\/noticias\/wp-json\/wp\/v2\/categories?post=101508"},{"taxonomy":"post_tag","embeddable":true,"href":"https:\/\/www.yucatanencorto.com\/noticias\/wp-json\/wp\/v2\/tags?post=101508"}],"curies":[{"name":"wp","href":"https:\/\/api.w.org\/{rel}","templated":true}]}}