{"id":101511,"date":"2023-12-13T16:17:09","date_gmt":"2023-12-13T22:17:09","guid":{"rendered":"https:\/\/www.yucatanencorto.com\/noticias\/?p=101511"},"modified":"2023-12-13T16:17:55","modified_gmt":"2023-12-13T22:17:55","slug":"se-realizo-la-sexta-sesion-del-consejo-consultivo-del-presupuesto-y-ejercicio-del-gasto-del-municipio","status":"publish","type":"post","link":"https:\/\/www.yucatanencorto.com\/noticias\/se-realizo-la-sexta-sesion-del-consejo-consultivo-del-presupuesto-y-ejercicio-del-gasto-del-municipio\/","title":{"rendered":"Se realiz\u00f3 la Sexta Sesi\u00f3n del Consejo Consultivo del Presupuesto y Ejercicio del Gasto del Municipio."},"content":{"rendered":"<p><img loading=\"lazy\" decoding=\"async\" class=\"alignnone size-full wp-image-101512\" src=\"https:\/\/www.yucatanencorto.com\/noticias\/wp-content\/uploads\/2023\/12\/Presupuesto-2-scaled.jpeg\" alt=\"\" width=\"768\" height=\"512\" srcset=\"https:\/\/www.yucatanencorto.com\/noticias\/wp-content\/uploads\/2023\/12\/Presupuesto-2-scaled.jpeg 768w, https:\/\/www.yucatanencorto.com\/noticias\/wp-content\/uploads\/2023\/12\/Presupuesto-2-150x100.jpeg 150w, https:\/\/www.yucatanencorto.com\/noticias\/wp-content\/uploads\/2023\/12\/Presupuesto-2-300x200.jpeg 300w, https:\/\/www.yucatanencorto.com\/noticias\/wp-content\/uploads\/2023\/12\/Presupuesto-2-696x464.jpeg 696w, https:\/\/www.yucatanencorto.com\/noticias\/wp-content\/uploads\/2023\/12\/Presupuesto-2-1068x712.jpeg 1068w\" sizes=\"auto, (max-width: 768px) 100vw, 768px\" \/><!--more--><\/p>\n<p>M\u00e9rida, Yucat\u00e1n 13 de diciembre de 2023.- Al asegurar que M\u00e9rida presenta solidez financiera y crediticia que permite adquirir compromisos que aceleren el desarrollo econ\u00f3mico en el municipio, el Alcalde Alejandro Ruz Castro presidi\u00f3 la Sexta Sesi\u00f3n del Consejo Consultivo del Presupuesto y Ejercicio del Gasto de M\u00e9rida 2021-2024.<\/p>\n<p>&nbsp;<\/p>\n<p>En el acto, que tuvo lugar en el Sal\u00f3n de Los Retratos del Centro Cultural \u201cOlimpo\u201d, el Alcalde dijo ante los representantes de c\u00e1maras empresariales y dependencias municipales que conforman el consejo, que las pol\u00edticas p\u00fablicas que impulsa el Ayuntamiento permiten construir un Municipio con transparencia, participaci\u00f3n ciudadana y rendici\u00f3n de cuentas.<\/p>\n<p>&nbsp;<\/p>\n<p>\u201cLa transparencia, mecanismos ciudadanos y rendici\u00f3n de cuentas, caracterizan las pol\u00edticas p\u00fablicas de este Ayuntamiento lo que nos coloca como referente a nivel nacional. Esta confianza es la misma que retribuimos con el compromiso de responder a todos los ciudadanos, mediante el manejo adecuado y transparente de los recursos p\u00fablicos que son de todas y todos los meridanos\u201d, dijo.<\/p>\n<p>&nbsp;<\/p>\n<p>En su mensaje, Ruz Castro agradeci\u00f3 el trabajo de las y los integrantes del Comit\u00e9, y resalt\u00f3 la importancia de que se encuentre conformado por funcionarios municipales y c\u00e1maras empresariales, a quienes a trav\u00e9s de estas sesiones que se realizan de manera peri\u00f3dica se les informa sobre los avances en el ejercicio del presupuesto.<\/p>\n<p>&nbsp;<\/p>\n<p>\u201cLa labor de quienes integran este Consejo de Presupuesto Municipal, es crucial para el avance conjunto en el manejo, aplicaci\u00f3n y cuidado de los recursos de M\u00e9rida. Por esa raz\u00f3n, agradecemos la confianza ciudadana depositada en nosotros al participar en este Consejo donde el 50% de sus integrantes son representantes de las C\u00e1maras, Colegios, Instituciones y desde luego la propia ciudadan\u00eda\u201d, mencion\u00f3.<\/p>\n<p>&nbsp;<\/p>\n<p>El Presidente Municipal asegur\u00f3 que los recursos se aplicar\u00e1n en materia de servicios p\u00fablicos de calidad para continuar siendo una ciudad funcional, con infraestructura, vialidades, becas, salud, atenci\u00f3n a adultos mayores, privilegiando siempre la responsabilidad ciudadana.<\/p>\n<p>&nbsp;<\/p>\n<p>De igual manera resalt\u00f3 que gracias al trabajo preciso y eficiente, la Comuna cuenta con finanzas sanas, colocando al Municipio como un referente nacional.<\/p>\n<p>&nbsp;<\/p>\n<p>\u201cLa calidad crediticia de M\u00e9rida nos otorga la oportunidad de ofrecer seguridad para el pago oportuno de obligaciones de deuda, y mantener un bajo riesgo crediticio bajo escenarios econ\u00f3micos adversos\u201d, manifest\u00f3.<\/p>\n<p>&nbsp;<\/p>\n<p>En su turno, Laura Mu\u00f1oz Molina, directora de Finanzas y Tesorer\u00eda Municipal, present\u00f3 un panorama general de la Ley de Hacienda 2024, la Ley de Ingresos Municipal 2024, el seguimiento al ejercicio del Presupuesto de Egresos 2023, el resumen por eje del Plan Municipal del Plan Municipal de Desarrollo, el Anteproyecto de Presupuesto de Egresos 2024 y la distribuci\u00f3n por per\u00edodo de la Administraci\u00f3n Municipal 2021-2024 \/ 2024-2027.<\/p>\n<p>Luego de la presentaci\u00f3n de los avances del ejercicio de presupuesto, los integrantes del Consejo reiteraron al Alcalde su compromiso para seguir acompa\u00f1ando el trabajo municipal, ofrecer puntos de vista para enriquecerlo y para programas el presupuesto de acuerdo a las necesidades de la poblaci\u00f3n y a las posibilidades financieras del Ayuntamiento, de manera que se sigan conservando las finanzas sanas que tiene hasta hoy.<\/p>\n<p>&nbsp;<\/p>\n<p>Finalmente en el evento participaron Diana Canto Moreno, S\u00edndico Municipal; Alejandro Guerrero Lozano, presidente del Consejo Coordinador Empresarial de Yucat\u00e1n (CCE); Beatriz G\u00f3mory Correa, presidenta de COPARMEX M\u00e9rida; Levy Abraham Macari, presidente de la CANACO SERVyTUR M\u00e9rida; V\u00edctor Jos\u00e9 Quijano Dur\u00e1n, presidente del Colegio de Contadores de Yucat\u00e1n; \u00c1lvaro Garza R. de la Gala, Sociedad Civil y Elsy Mezo Palma, directora general de Finanzas y Administraci\u00f3n de la UADY.<\/p>\n","protected":false},"excerpt":{"rendered":"","protected":false},"author":3,"featured_media":101512,"comment_status":"closed","ping_status":"closed","sticky":false,"template":"","format":"standard","meta":{"footnotes":""},"categories":[2],"tags":[],"class_list":{"0":"post-101511","1":"post","2":"type-post","3":"status-publish","4":"format-standard","5":"has-post-thumbnail","7":"category-merida"},"yoast_head":"<!-- This site is optimized with the Yoast SEO plugin v27.4 - https:\/\/yoast.com\/product\/yoast-seo-wordpress\/ -->\n<title>Se realiz\u00f3 la Sexta Sesi\u00f3n del Consejo Consultivo del Presupuesto y Ejercicio del Gasto del Municipio. - Yucat\u00e1n en corto<\/title>\n<meta name=\"robots\" content=\"index, follow, max-snippet:-1, max-image-preview:large, max-video-preview:-1\" \/>\n<link rel=\"canonical\" href=\"https:\/\/www.yucatanencorto.com\/noticias\/se-realizo-la-sexta-sesion-del-consejo-consultivo-del-presupuesto-y-ejercicio-del-gasto-del-municipio\/\" \/>\n<meta property=\"og:locale\" content=\"es_ES\" \/>\n<meta property=\"og:type\" content=\"article\" \/>\n<meta property=\"og:title\" content=\"Se realiz\u00f3 la Sexta Sesi\u00f3n del Consejo Consultivo del Presupuesto y Ejercicio del Gasto del Municipio. - Yucat\u00e1n en corto\" \/>\n<meta property=\"og:url\" content=\"https:\/\/www.yucatanencorto.com\/noticias\/se-realizo-la-sexta-sesion-del-consejo-consultivo-del-presupuesto-y-ejercicio-del-gasto-del-municipio\/\" \/>\n<meta property=\"og:site_name\" content=\"Yucat\u00e1n en corto\" \/>\n<meta property=\"article:publisher\" content=\"http:\/\/www.facebook.com\/yucatanencorto\" \/>\n<meta property=\"article:published_time\" content=\"2023-12-13T22:17:09+00:00\" \/>\n<meta property=\"article:modified_time\" content=\"2023-12-13T22:17:55+00:00\" \/>\n<meta property=\"og:image\" content=\"https:\/\/www.yucatanencorto.com\/noticias\/wp-content\/uploads\/2023\/12\/Presupuesto-2-scaled.jpeg\" \/>\n\t<meta property=\"og:image:width\" content=\"768\" \/>\n\t<meta property=\"og:image:height\" content=\"512\" \/>\n\t<meta property=\"og:image:type\" content=\"image\/jpeg\" \/>\n<meta name=\"author\" content=\"Redes\" \/>\n<meta name=\"twitter:card\" content=\"summary_large_image\" \/>\n<meta name=\"twitter:creator\" content=\"@yucatanencorto\" \/>\n<meta name=\"twitter:site\" content=\"@yucatanencorto\" \/>\n<meta name=\"twitter:label1\" content=\"Escrito por\" \/>\n\t<meta name=\"twitter:data1\" content=\"Redes\" \/>\n\t<meta name=\"twitter:label2\" content=\"Tiempo de lectura\" \/>\n\t<meta name=\"twitter:data2\" content=\"3 minutos\" \/>\n<script type=\"application\/ld+json\" class=\"yoast-schema-graph\">{\"@context\":\"https:\\\/\\\/schema.org\",\"@graph\":[{\"@type\":\"Article\",\"@id\":\"https:\\\/\\\/www.yucatanencorto.com\\\/noticias\\\/se-realizo-la-sexta-sesion-del-consejo-consultivo-del-presupuesto-y-ejercicio-del-gasto-del-municipio\\\/#article\",\"isPartOf\":{\"@id\":\"https:\\\/\\\/www.yucatanencorto.com\\\/noticias\\\/se-realizo-la-sexta-sesion-del-consejo-consultivo-del-presupuesto-y-ejercicio-del-gasto-del-municipio\\\/\"},\"author\":{\"name\":\"Redes\",\"@id\":\"https:\\\/\\\/www.yucatanencorto.com\\\/noticias\\\/#\\\/schema\\\/person\\\/e2fbdfaf30a07014a43940ce989f3119\"},\"headline\":\"Se realiz\u00f3 la Sexta Sesi\u00f3n del Consejo Consultivo del Presupuesto y Ejercicio del Gasto del Municipio.\",\"datePublished\":\"2023-12-13T22:17:09+00:00\",\"dateModified\":\"2023-12-13T22:17:55+00:00\",\"mainEntityOfPage\":{\"@id\":\"https:\\\/\\\/www.yucatanencorto.com\\\/noticias\\\/se-realizo-la-sexta-sesion-del-consejo-consultivo-del-presupuesto-y-ejercicio-del-gasto-del-municipio\\\/\"},\"wordCount\":634,\"image\":{\"@id\":\"https:\\\/\\\/www.yucatanencorto.com\\\/noticias\\\/se-realizo-la-sexta-sesion-del-consejo-consultivo-del-presupuesto-y-ejercicio-del-gasto-del-municipio\\\/#primaryimage\"},\"thumbnailUrl\":\"https:\\\/\\\/www.yucatanencorto.com\\\/noticias\\\/wp-content\\\/uploads\\\/2023\\\/12\\\/Presupuesto-2-scaled.jpeg\",\"articleSection\":[\"M\u00e9rida\"],\"inLanguage\":\"es\"},{\"@type\":\"WebPage\",\"@id\":\"https:\\\/\\\/www.yucatanencorto.com\\\/noticias\\\/se-realizo-la-sexta-sesion-del-consejo-consultivo-del-presupuesto-y-ejercicio-del-gasto-del-municipio\\\/\",\"url\":\"https:\\\/\\\/www.yucatanencorto.com\\\/noticias\\\/se-realizo-la-sexta-sesion-del-consejo-consultivo-del-presupuesto-y-ejercicio-del-gasto-del-municipio\\\/\",\"name\":\"Se realiz\u00f3 la Sexta Sesi\u00f3n del Consejo Consultivo del Presupuesto y Ejercicio del Gasto del Municipio. - Yucat\u00e1n en corto\",\"isPartOf\":{\"@id\":\"https:\\\/\\\/www.yucatanencorto.com\\\/noticias\\\/#website\"},\"primaryImageOfPage\":{\"@id\":\"https:\\\/\\\/www.yucatanencorto.com\\\/noticias\\\/se-realizo-la-sexta-sesion-del-consejo-consultivo-del-presupuesto-y-ejercicio-del-gasto-del-municipio\\\/#primaryimage\"},\"image\":{\"@id\":\"https:\\\/\\\/www.yucatanencorto.com\\\/noticias\\\/se-realizo-la-sexta-sesion-del-consejo-consultivo-del-presupuesto-y-ejercicio-del-gasto-del-municipio\\\/#primaryimage\"},\"thumbnailUrl\":\"https:\\\/\\\/www.yucatanencorto.com\\\/noticias\\\/wp-content\\\/uploads\\\/2023\\\/12\\\/Presupuesto-2-scaled.jpeg\",\"datePublished\":\"2023-12-13T22:17:09+00:00\",\"dateModified\":\"2023-12-13T22:17:55+00:00\",\"author\":{\"@id\":\"https:\\\/\\\/www.yucatanencorto.com\\\/noticias\\\/#\\\/schema\\\/person\\\/e2fbdfaf30a07014a43940ce989f3119\"},\"breadcrumb\":{\"@id\":\"https:\\\/\\\/www.yucatanencorto.com\\\/noticias\\\/se-realizo-la-sexta-sesion-del-consejo-consultivo-del-presupuesto-y-ejercicio-del-gasto-del-municipio\\\/#breadcrumb\"},\"inLanguage\":\"es\",\"potentialAction\":[{\"@type\":\"ReadAction\",\"target\":[\"https:\\\/\\\/www.yucatanencorto.com\\\/noticias\\\/se-realizo-la-sexta-sesion-del-consejo-consultivo-del-presupuesto-y-ejercicio-del-gasto-del-municipio\\\/\"]}]},{\"@type\":\"ImageObject\",\"inLanguage\":\"es\",\"@id\":\"https:\\\/\\\/www.yucatanencorto.com\\\/noticias\\\/se-realizo-la-sexta-sesion-del-consejo-consultivo-del-presupuesto-y-ejercicio-del-gasto-del-municipio\\\/#primaryimage\",\"url\":\"https:\\\/\\\/www.yucatanencorto.com\\\/noticias\\\/wp-content\\\/uploads\\\/2023\\\/12\\\/Presupuesto-2-scaled.jpeg\",\"contentUrl\":\"https:\\\/\\\/www.yucatanencorto.com\\\/noticias\\\/wp-content\\\/uploads\\\/2023\\\/12\\\/Presupuesto-2-scaled.jpeg\",\"width\":768,\"height\":512},{\"@type\":\"BreadcrumbList\",\"@id\":\"https:\\\/\\\/www.yucatanencorto.com\\\/noticias\\\/se-realizo-la-sexta-sesion-del-consejo-consultivo-del-presupuesto-y-ejercicio-del-gasto-del-municipio\\\/#breadcrumb\",\"itemListElement\":[{\"@type\":\"ListItem\",\"position\":1,\"name\":\"Portada\",\"item\":\"https:\\\/\\\/www.yucatanencorto.com\\\/noticias\\\/\"},{\"@type\":\"ListItem\",\"position\":2,\"name\":\"Se realiz\u00f3 la Sexta Sesi\u00f3n del Consejo Consultivo del Presupuesto y Ejercicio del Gasto del Municipio.\"}]},{\"@type\":\"WebSite\",\"@id\":\"https:\\\/\\\/www.yucatanencorto.com\\\/noticias\\\/#website\",\"url\":\"https:\\\/\\\/www.yucatanencorto.com\\\/noticias\\\/\",\"name\":\"Yucat\u00e1n en corto\",\"description\":\"Noticias\",\"potentialAction\":[{\"@type\":\"SearchAction\",\"target\":{\"@type\":\"EntryPoint\",\"urlTemplate\":\"https:\\\/\\\/www.yucatanencorto.com\\\/noticias\\\/?s={search_term_string}\"},\"query-input\":{\"@type\":\"PropertyValueSpecification\",\"valueRequired\":true,\"valueName\":\"search_term_string\"}}],\"inLanguage\":\"es\"},{\"@type\":\"Person\",\"@id\":\"https:\\\/\\\/www.yucatanencorto.com\\\/noticias\\\/#\\\/schema\\\/person\\\/e2fbdfaf30a07014a43940ce989f3119\",\"name\":\"Redes\",\"image\":{\"@type\":\"ImageObject\",\"inLanguage\":\"es\",\"@id\":\"https:\\\/\\\/secure.gravatar.com\\\/avatar\\\/5931a2d21dd7cc834f44c8c34fe56d90ed6d536ef452cbf870c7485b524dddd7?s=96&d=mm&r=g\",\"url\":\"https:\\\/\\\/secure.gravatar.com\\\/avatar\\\/5931a2d21dd7cc834f44c8c34fe56d90ed6d536ef452cbf870c7485b524dddd7?s=96&d=mm&r=g\",\"contentUrl\":\"https:\\\/\\\/secure.gravatar.com\\\/avatar\\\/5931a2d21dd7cc834f44c8c34fe56d90ed6d536ef452cbf870c7485b524dddd7?s=96&d=mm&r=g\",\"caption\":\"Redes\"},\"url\":\"https:\\\/\\\/www.yucatanencorto.com\\\/noticias\\\/author\\\/redes\\\/\"}]}<\/script>\n<!-- \/ Yoast SEO plugin. -->","yoast_head_json":{"title":"Se realiz\u00f3 la Sexta Sesi\u00f3n del Consejo Consultivo del Presupuesto y Ejercicio del Gasto del Municipio. - Yucat\u00e1n en corto","robots":{"index":"index","follow":"follow","max-snippet":"max-snippet:-1","max-image-preview":"max-image-preview:large","max-video-preview":"max-video-preview:-1"},"canonical":"https:\/\/www.yucatanencorto.com\/noticias\/se-realizo-la-sexta-sesion-del-consejo-consultivo-del-presupuesto-y-ejercicio-del-gasto-del-municipio\/","og_locale":"es_ES","og_type":"article","og_title":"Se realiz\u00f3 la Sexta Sesi\u00f3n del Consejo Consultivo del Presupuesto y Ejercicio del Gasto del Municipio. - Yucat\u00e1n en corto","og_url":"https:\/\/www.yucatanencorto.com\/noticias\/se-realizo-la-sexta-sesion-del-consejo-consultivo-del-presupuesto-y-ejercicio-del-gasto-del-municipio\/","og_site_name":"Yucat\u00e1n en corto","article_publisher":"http:\/\/www.facebook.com\/yucatanencorto","article_published_time":"2023-12-13T22:17:09+00:00","article_modified_time":"2023-12-13T22:17:55+00:00","og_image":[{"width":768,"height":512,"url":"https:\/\/www.yucatanencorto.com\/noticias\/wp-content\/uploads\/2023\/12\/Presupuesto-2-scaled.jpeg","type":"image\/jpeg"}],"author":"Redes","twitter_card":"summary_large_image","twitter_creator":"@yucatanencorto","twitter_site":"@yucatanencorto","twitter_misc":{"Escrito por":"Redes","Tiempo de lectura":"3 minutos"},"schema":{"@context":"https:\/\/schema.org","@graph":[{"@type":"Article","@id":"https:\/\/www.yucatanencorto.com\/noticias\/se-realizo-la-sexta-sesion-del-consejo-consultivo-del-presupuesto-y-ejercicio-del-gasto-del-municipio\/#article","isPartOf":{"@id":"https:\/\/www.yucatanencorto.com\/noticias\/se-realizo-la-sexta-sesion-del-consejo-consultivo-del-presupuesto-y-ejercicio-del-gasto-del-municipio\/"},"author":{"name":"Redes","@id":"https:\/\/www.yucatanencorto.com\/noticias\/#\/schema\/person\/e2fbdfaf30a07014a43940ce989f3119"},"headline":"Se realiz\u00f3 la Sexta Sesi\u00f3n del Consejo Consultivo del Presupuesto y Ejercicio del Gasto del Municipio.","datePublished":"2023-12-13T22:17:09+00:00","dateModified":"2023-12-13T22:17:55+00:00","mainEntityOfPage":{"@id":"https:\/\/www.yucatanencorto.com\/noticias\/se-realizo-la-sexta-sesion-del-consejo-consultivo-del-presupuesto-y-ejercicio-del-gasto-del-municipio\/"},"wordCount":634,"image":{"@id":"https:\/\/www.yucatanencorto.com\/noticias\/se-realizo-la-sexta-sesion-del-consejo-consultivo-del-presupuesto-y-ejercicio-del-gasto-del-municipio\/#primaryimage"},"thumbnailUrl":"https:\/\/www.yucatanencorto.com\/noticias\/wp-content\/uploads\/2023\/12\/Presupuesto-2-scaled.jpeg","articleSection":["M\u00e9rida"],"inLanguage":"es"},{"@type":"WebPage","@id":"https:\/\/www.yucatanencorto.com\/noticias\/se-realizo-la-sexta-sesion-del-consejo-consultivo-del-presupuesto-y-ejercicio-del-gasto-del-municipio\/","url":"https:\/\/www.yucatanencorto.com\/noticias\/se-realizo-la-sexta-sesion-del-consejo-consultivo-del-presupuesto-y-ejercicio-del-gasto-del-municipio\/","name":"Se realiz\u00f3 la Sexta Sesi\u00f3n del Consejo Consultivo del Presupuesto y Ejercicio del Gasto del Municipio. - Yucat\u00e1n en corto","isPartOf":{"@id":"https:\/\/www.yucatanencorto.com\/noticias\/#website"},"primaryImageOfPage":{"@id":"https:\/\/www.yucatanencorto.com\/noticias\/se-realizo-la-sexta-sesion-del-consejo-consultivo-del-presupuesto-y-ejercicio-del-gasto-del-municipio\/#primaryimage"},"image":{"@id":"https:\/\/www.yucatanencorto.com\/noticias\/se-realizo-la-sexta-sesion-del-consejo-consultivo-del-presupuesto-y-ejercicio-del-gasto-del-municipio\/#primaryimage"},"thumbnailUrl":"https:\/\/www.yucatanencorto.com\/noticias\/wp-content\/uploads\/2023\/12\/Presupuesto-2-scaled.jpeg","datePublished":"2023-12-13T22:17:09+00:00","dateModified":"2023-12-13T22:17:55+00:00","author":{"@id":"https:\/\/www.yucatanencorto.com\/noticias\/#\/schema\/person\/e2fbdfaf30a07014a43940ce989f3119"},"breadcrumb":{"@id":"https:\/\/www.yucatanencorto.com\/noticias\/se-realizo-la-sexta-sesion-del-consejo-consultivo-del-presupuesto-y-ejercicio-del-gasto-del-municipio\/#breadcrumb"},"inLanguage":"es","potentialAction":[{"@type":"ReadAction","target":["https:\/\/www.yucatanencorto.com\/noticias\/se-realizo-la-sexta-sesion-del-consejo-consultivo-del-presupuesto-y-ejercicio-del-gasto-del-municipio\/"]}]},{"@type":"ImageObject","inLanguage":"es","@id":"https:\/\/www.yucatanencorto.com\/noticias\/se-realizo-la-sexta-sesion-del-consejo-consultivo-del-presupuesto-y-ejercicio-del-gasto-del-municipio\/#primaryimage","url":"https:\/\/www.yucatanencorto.com\/noticias\/wp-content\/uploads\/2023\/12\/Presupuesto-2-scaled.jpeg","contentUrl":"https:\/\/www.yucatanencorto.com\/noticias\/wp-content\/uploads\/2023\/12\/Presupuesto-2-scaled.jpeg","width":768,"height":512},{"@type":"BreadcrumbList","@id":"https:\/\/www.yucatanencorto.com\/noticias\/se-realizo-la-sexta-sesion-del-consejo-consultivo-del-presupuesto-y-ejercicio-del-gasto-del-municipio\/#breadcrumb","itemListElement":[{"@type":"ListItem","position":1,"name":"Portada","item":"https:\/\/www.yucatanencorto.com\/noticias\/"},{"@type":"ListItem","position":2,"name":"Se realiz\u00f3 la Sexta Sesi\u00f3n del Consejo Consultivo del Presupuesto y Ejercicio del Gasto del Municipio."}]},{"@type":"WebSite","@id":"https:\/\/www.yucatanencorto.com\/noticias\/#website","url":"https:\/\/www.yucatanencorto.com\/noticias\/","name":"Yucat\u00e1n en corto","description":"Noticias","potentialAction":[{"@type":"SearchAction","target":{"@type":"EntryPoint","urlTemplate":"https:\/\/www.yucatanencorto.com\/noticias\/?s={search_term_string}"},"query-input":{"@type":"PropertyValueSpecification","valueRequired":true,"valueName":"search_term_string"}}],"inLanguage":"es"},{"@type":"Person","@id":"https:\/\/www.yucatanencorto.com\/noticias\/#\/schema\/person\/e2fbdfaf30a07014a43940ce989f3119","name":"Redes","image":{"@type":"ImageObject","inLanguage":"es","@id":"https:\/\/secure.gravatar.com\/avatar\/5931a2d21dd7cc834f44c8c34fe56d90ed6d536ef452cbf870c7485b524dddd7?s=96&d=mm&r=g","url":"https:\/\/secure.gravatar.com\/avatar\/5931a2d21dd7cc834f44c8c34fe56d90ed6d536ef452cbf870c7485b524dddd7?s=96&d=mm&r=g","contentUrl":"https:\/\/secure.gravatar.com\/avatar\/5931a2d21dd7cc834f44c8c34fe56d90ed6d536ef452cbf870c7485b524dddd7?s=96&d=mm&r=g","caption":"Redes"},"url":"https:\/\/www.yucatanencorto.com\/noticias\/author\/redes\/"}]}},"_links":{"self":[{"href":"https:\/\/www.yucatanencorto.com\/noticias\/wp-json\/wp\/v2\/posts\/101511","targetHints":{"allow":["GET"]}}],"collection":[{"href":"https:\/\/www.yucatanencorto.com\/noticias\/wp-json\/wp\/v2\/posts"}],"about":[{"href":"https:\/\/www.yucatanencorto.com\/noticias\/wp-json\/wp\/v2\/types\/post"}],"author":[{"embeddable":true,"href":"https:\/\/www.yucatanencorto.com\/noticias\/wp-json\/wp\/v2\/users\/3"}],"replies":[{"embeddable":true,"href":"https:\/\/www.yucatanencorto.com\/noticias\/wp-json\/wp\/v2\/comments?post=101511"}],"version-history":[{"count":0,"href":"https:\/\/www.yucatanencorto.com\/noticias\/wp-json\/wp\/v2\/posts\/101511\/revisions"}],"wp:featuredmedia":[{"embeddable":true,"href":"https:\/\/www.yucatanencorto.com\/noticias\/wp-json\/wp\/v2\/media\/101512"}],"wp:attachment":[{"href":"https:\/\/www.yucatanencorto.com\/noticias\/wp-json\/wp\/v2\/media?parent=101511"}],"wp:term":[{"taxonomy":"category","embeddable":true,"href":"https:\/\/www.yucatanencorto.com\/noticias\/wp-json\/wp\/v2\/categories?post=101511"},{"taxonomy":"post_tag","embeddable":true,"href":"https:\/\/www.yucatanencorto.com\/noticias\/wp-json\/wp\/v2\/tags?post=101511"}],"curies":[{"name":"wp","href":"https:\/\/api.w.org\/{rel}","templated":true}]}}